{"id":7545,"date":"2009-08-31T11:07:53","date_gmt":"2009-08-31T10:07:53","guid":{"rendered":"http:\/\/www.bellunopress.it\/?p=7545"},"modified":"2009-08-31T11:07:53","modified_gmt":"2009-08-31T10:07:53","slug":"corso-per-esperto-in-elaborazione-paghe","status":"publish","type":"post","link":"https:\/\/www.bellunopress.it\/fr\/2009\/08\/31\/corso-per-esperto-in-elaborazione-paghe\/","title":{"rendered":"Corso per esperto in elaborazione paghe"},"content":{"rendered":"<p>Feinar srl, da quasi quarant\u2019anni leader di mercato nell\u2019elaborazione paghe, in collaborazione con Confindustria Belluno Dolomiti, Reviviscar e Unione Artigiani e Piccola Industria di Belluno, organizza per il mese di ottobre 2009 la terza edizione del corso di formazione \u201cEsperto in elaborazione paghe\u201d. \u00a0<br \/>\nGratuito, aperto ai giovani in possesso di diploma di maturit\u00e0 scientifica, tecnica commerciale o professionale commerciale e ai laureati in materie economiche o giuridiche, il corso fornisce tutte le conoscenze teoriche e pratiche per diventare esperti nel settore dell\u2019amministrazione del personale. Con una prima parte dedicata all\u2019acquisizione delle conoscenze degli aspetti giuridici, fiscali e previdenziali del rapporto di lavoro e al ruolo degli istituti quali INPS, INAIL e una seconda parte dal carattere pi\u00f9 pratico, il corso d\u00e0 ai giovani una preparazione concreta al mondo del lavoro, insegnando una professione fra le pi\u00f9 richieste dalle aziende. C\u2019\u00e8 anche una possibilit\u00e0 in pi\u00f9 per i partecipanti: al termine del percorso, Feinar potr\u00e0 selezionare alcuni fra i candidati che si saranno maggiormente distinti per impegno e capacit\u00e0, e inserirli in stage presso i suoi uffici, valutandone un\u2019eventuale assunzione al termine del periodo stesso. Le lezioni si terranno dal 5 al 30 ottobre 2009, ogni giorno a tempo pieno dal luned\u00ec al venerd\u00ec per un totale di 160 ore di lezione, presso la sede di Confindustria Belluno Dolomiti (Palazzo Doglioni Dalmas, Via San Lucano 32 a Belluno). Il corso \u00e8 a numero chiuso. Per accedere alle selezioni, \u00e8 pertanto necessario inviare la domanda in carta semplice completa di curriculum vitae entro e non oltre il prossimo mercoled\u00ec 9 settembre a: FEINAR Ufficio Amministrazione &#8211; Rif. Corso di formazione esperto elaborazione paghe &#8211; Via San Lucano 36, 32100 Belluno. Tel 0437 2121, Fax 0437 26977, e-mail: <a href=\"mailto:segreteria.ammbl@feinar.it\">segreteria.ammbl@feinar.it<\/a> La valutazione prevede una selezione preliminare effettuata esclusivamente in base ai curricula inviati e successivamente, per i candidati ritenuti idonei, un colloquio conoscitivo che si svolger\u00e0 nei giorni dal 14 al 22 settembre presso la sede centrale di Feinar, in via San Lucano 36 a Belluno.<\/p>","protected":false},"excerpt":{"rendered":"<p>Feinar srl, da quasi quarant\u2019anni leader di mercato nell\u2019elaborazione paghe, in collaborazione con Confindustria Belluno Dolomiti, Reviviscar e Unione Artigiani e Piccola Industria di Belluno, organizza per il mese di ottobre 2009 la terza edizione del corso di formazione \u201cEsperto in elaborazione paghe\u201d. \u00a0 Gratuito, aperto ai giovani in possesso di diploma di maturit\u00e0 scientifica, [&hellip;]<\/p>\n","protected":false},"author":2,"featured_media":0,"comment_status":"closed","ping_status":"open","sticky":false,"template":"","format":"standard","meta":{"footnotes":""},"categories":[36,26],"tags":[139,63],"class_list":["post-7545","post","type-post","status-publish","format-standard","category-lavoro-economia","category-prima-pagina","tag-belluno","tag-dolomiti"],"yoast_head":"<!-- This site is optimized with the Yoast SEO plugin v28.4 - https:\/\/yoast.com\/product\/yoast-seo-wordpress\/ -->\n<title>Corso per esperto in elaborazione paghe - Bellunopress - Dolomiti<\/title>\n<meta name=\"robots\" content=\"index, follow, max-snippet:-1, max-image-preview:large, max-video-preview:-1\" \/>\n<link rel=\"canonical\" href=\"https:\/\/www.bellunopress.it\/fr\/2009\/08\/31\/corso-per-esperto-in-elaborazione-paghe\/\" \/>\n<meta property=\"og:locale\" content=\"fr_FR\" \/>\n<meta property=\"og:type\" content=\"article\" \/>\n<meta property=\"og:title\" content=\"Corso per esperto in elaborazione paghe - Bellunopress - Dolomiti\" \/>\n<meta property=\"og:description\" content=\"Feinar srl, da quasi quarant\u2019anni leader di mercato nell\u2019elaborazione paghe, in collaborazione con Confindustria Belluno Dolomiti, Reviviscar e Unione Artigiani e Piccola Industria di Belluno, organizza per il mese di ottobre 2009 la terza edizione del corso di formazione \u201cEsperto in elaborazione paghe\u201d. \u00a0 Gratuito, aperto ai giovani in possesso di diploma di maturit\u00e0 scientifica, [&hellip;]\" \/>\n<meta property=\"og:url\" content=\"https:\/\/www.bellunopress.it\/fr\/2009\/08\/31\/corso-per-esperto-in-elaborazione-paghe\/\" \/>\n<meta property=\"og:site_name\" content=\"Bellunopress - Dolomiti\" \/>\n<meta property=\"article:publisher\" content=\"https:\/\/www.facebook.com\/profile.php?id=100008943462799\" \/>\n<meta property=\"article:published_time\" content=\"2009-08-31T10:07:53+00:00\" \/>\n<meta property=\"og:image\" content=\"http:\/\/www.bellunopress.it\/wp-content\/uploads\/2012\/07\/logo-bellunopress-250x250-2012.jpg\" \/>\n<meta name=\"author\" content=\"redazione\" \/>\n<meta name=\"twitter:card\" content=\"summary_large_image\" \/>\n<meta name=\"twitter:creator\" content=\"@bellunopress\" \/>\n<meta name=\"twitter:site\" content=\"@bellunopress\" \/>\n<meta name=\"twitter:label1\" content=\"\u00c9crit par\" \/>\n\t<meta name=\"twitter:data1\" content=\"redazione\" \/>\n\t<meta name=\"twitter:label2\" content=\"Dur\u00e9e de lecture estim\u00e9e\" \/>\n\t<meta name=\"twitter:data2\" content=\"2 minutes\" \/>\n<script type=\"application\/ld+json\" class=\"yoast-schema-graph\">{\"@context\":\"https:\\\/\\\/schema.org\",\"@graph\":[{\"@type\":\"Article\",\"@id\":\"https:\\\/\\\/www.bellunopress.it\\\/2009\\\/08\\\/31\\\/corso-per-esperto-in-elaborazione-paghe\\\/#article\",\"isPartOf\":{\"@id\":\"https:\\\/\\\/www.bellunopress.it\\\/2009\\\/08\\\/31\\\/corso-per-esperto-in-elaborazione-paghe\\\/\"},\"author\":{\"name\":\"redazione\",\"@id\":\"https:\\\/\\\/www.bellunopress.it\\\/#\\\/schema\\\/person\\\/79bb06722b37ece1c03d3e94beb30d73\"},\"headline\":\"Corso per esperto in elaborazione paghe\",\"datePublished\":\"2009-08-31T10:07:53+00:00\",\"mainEntityOfPage\":{\"@id\":\"https:\\\/\\\/www.bellunopress.it\\\/2009\\\/08\\\/31\\\/corso-per-esperto-in-elaborazione-paghe\\\/\"},\"wordCount\":328,\"publisher\":{\"@id\":\"https:\\\/\\\/www.bellunopress.it\\\/#organization\"},\"keywords\":[\"Belluno\",\"Dolomiti\"],\"articleSection\":[\"Lavoro, Economia, Turismo\",\"Prima Pagina\"],\"inLanguage\":\"fr-FR\"},{\"@type\":\"WebPage\",\"@id\":\"https:\\\/\\\/www.bellunopress.it\\\/2009\\\/08\\\/31\\\/corso-per-esperto-in-elaborazione-paghe\\\/\",\"url\":\"https:\\\/\\\/www.bellunopress.it\\\/2009\\\/08\\\/31\\\/corso-per-esperto-in-elaborazione-paghe\\\/\",\"name\":\"Corso per esperto in elaborazione paghe - Bellunopress - Dolomiti\",\"isPartOf\":{\"@id\":\"https:\\\/\\\/www.bellunopress.it\\\/#website\"},\"datePublished\":\"2009-08-31T10:07:53+00:00\",\"breadcrumb\":{\"@id\":\"https:\\\/\\\/www.bellunopress.it\\\/2009\\\/08\\\/31\\\/corso-per-esperto-in-elaborazione-paghe\\\/#breadcrumb\"},\"inLanguage\":\"fr-FR\",\"potentialAction\":[{\"@type\":\"ReadAction\",\"target\":[\"https:\\\/\\\/www.bellunopress.it\\\/2009\\\/08\\\/31\\\/corso-per-esperto-in-elaborazione-paghe\\\/\"]}]},{\"@type\":\"BreadcrumbList\",\"@id\":\"https:\\\/\\\/www.bellunopress.it\\\/2009\\\/08\\\/31\\\/corso-per-esperto-in-elaborazione-paghe\\\/#breadcrumb\",\"itemListElement\":[{\"@type\":\"ListItem\",\"position\":1,\"name\":\"Home\",\"item\":\"https:\\\/\\\/www.bellunopress.it\\\/\"},{\"@type\":\"ListItem\",\"position\":2,\"name\":\"Corso per esperto in elaborazione paghe\"}]},{\"@type\":\"WebSite\",\"@id\":\"https:\\\/\\\/www.bellunopress.it\\\/#website\",\"url\":\"https:\\\/\\\/www.bellunopress.it\\\/\",\"name\":\"Bellunopress - Dolomiti\",\"description\":\"e-mail: redazione@bellunopress.it\",\"publisher\":{\"@id\":\"https:\\\/\\\/www.bellunopress.it\\\/#organization\"},\"potentialAction\":[{\"@type\":\"SearchAction\",\"target\":{\"@type\":\"EntryPoint\",\"urlTemplate\":\"https:\\\/\\\/www.bellunopress.it\\\/?s={search_term_string}\"},\"query-input\":{\"@type\":\"PropertyValueSpecification\",\"valueRequired\":true,\"valueName\":\"search_term_string\"}}],\"inLanguage\":\"fr-FR\"},{\"@type\":\"Organization\",\"@id\":\"https:\\\/\\\/www.bellunopress.it\\\/#organization\",\"name\":\"Bellunopress\",\"url\":\"https:\\\/\\\/www.bellunopress.it\\\/\",\"logo\":{\"@type\":\"ImageObject\",\"inLanguage\":\"fr-FR\",\"@id\":\"https:\\\/\\\/www.bellunopress.it\\\/#\\\/schema\\\/logo\\\/image\\\/\",\"url\":\"https:\\\/\\\/www.bellunopress.it\\\/wp-content\\\/uploads\\\/2011\\\/05\\\/cropped-logo-bellunopress-.jpg\",\"contentUrl\":\"https:\\\/\\\/www.bellunopress.it\\\/wp-content\\\/uploads\\\/2011\\\/05\\\/cropped-logo-bellunopress-.jpg\",\"width\":512,\"height\":512,\"caption\":\"Bellunopress\"},\"image\":{\"@id\":\"https:\\\/\\\/www.bellunopress.it\\\/#\\\/schema\\\/logo\\\/image\\\/\"},\"sameAs\":[\"https:\\\/\\\/www.facebook.com\\\/profile.php?id=100008943462799\",\"https:\\\/\\\/x.com\\\/bellunopress\",\"https:\\\/\\\/www.linkedin.com\\\/hp\\\/?dnr=JBzUWaJfMUw8vbXJJ2tVW5-I3jZKvC4wsoxE&amp;amp;amp;amp;amp;amp;trk=nav_responsive_tab_home\",\"https:\\\/\\\/www.youtube.com\\\/channel\\\/UCxL0wu1uN0_3_7hGG0306cw\"]},{\"@type\":\"Person\",\"@id\":\"https:\\\/\\\/www.bellunopress.it\\\/#\\\/schema\\\/person\\\/79bb06722b37ece1c03d3e94beb30d73\",\"name\":\"redazione\",\"image\":{\"@type\":\"ImageObject\",\"inLanguage\":\"fr-FR\",\"@id\":\"https:\\\/\\\/secure.gravatar.com\\\/avatar\\\/37d968a2e67a6fd04c169c4bdef102d0bc5d31b2546345219e348575eb80e9a0?s=96&d=mm&r=g\",\"url\":\"https:\\\/\\\/secure.gravatar.com\\\/avatar\\\/37d968a2e67a6fd04c169c4bdef102d0bc5d31b2546345219e348575eb80e9a0?s=96&d=mm&r=g\",\"contentUrl\":\"https:\\\/\\\/secure.gravatar.com\\\/avatar\\\/37d968a2e67a6fd04c169c4bdef102d0bc5d31b2546345219e348575eb80e9a0?s=96&d=mm&r=g\",\"caption\":\"redazione\"},\"sameAs\":[\"http:\\\/\\\/www.bellunopress.it\",\"https:\\\/\\\/x.com\\\/bellunopress\"],\"url\":\"https:\\\/\\\/www.bellunopress.it\\\/fr\\\/author\\\/redazione\\\/\"}]}<\/script>\n<!-- \/ Yoast SEO plugin. -->","yoast_head_json":{"title":"Corso per esperto in elaborazione paghe - Bellunopress - Dolomiti","robots":{"index":"index","follow":"follow","max-snippet":"max-snippet:-1","max-image-preview":"max-image-preview:large","max-video-preview":"max-video-preview:-1"},"canonical":"https:\/\/www.bellunopress.it\/fr\/2009\/08\/31\/corso-per-esperto-in-elaborazione-paghe\/","og_locale":"fr_FR","og_type":"article","og_title":"Corso per esperto in elaborazione paghe - Bellunopress - Dolomiti","og_description":"Feinar srl, da quasi quarant\u2019anni leader di mercato nell\u2019elaborazione paghe, in collaborazione con Confindustria Belluno Dolomiti, Reviviscar e Unione Artigiani e Piccola Industria di Belluno, organizza per il mese di ottobre 2009 la terza edizione del corso di formazione \u201cEsperto in elaborazione paghe\u201d. \u00a0 Gratuito, aperto ai giovani in possesso di diploma di maturit\u00e0 scientifica, [&hellip;]","og_url":"https:\/\/www.bellunopress.it\/fr\/2009\/08\/31\/corso-per-esperto-in-elaborazione-paghe\/","og_site_name":"Bellunopress - Dolomiti","article_publisher":"https:\/\/www.facebook.com\/profile.php?id=100008943462799","article_published_time":"2009-08-31T10:07:53+00:00","og_image":[{"url":"http:\/\/www.bellunopress.it\/wp-content\/uploads\/2012\/07\/logo-bellunopress-250x250-2012.jpg","type":"","width":"","height":""}],"author":"redazione","twitter_card":"summary_large_image","twitter_creator":"@bellunopress","twitter_site":"@bellunopress","twitter_misc":{"\u00c9crit par":"redazione","Dur\u00e9e de lecture estim\u00e9e":"2 minutes"},"schema":{"@context":"https:\/\/schema.org","@graph":[{"@type":"Article","@id":"https:\/\/www.bellunopress.it\/2009\/08\/31\/corso-per-esperto-in-elaborazione-paghe\/#article","isPartOf":{"@id":"https:\/\/www.bellunopress.it\/2009\/08\/31\/corso-per-esperto-in-elaborazione-paghe\/"},"author":{"name":"redazione","@id":"https:\/\/www.bellunopress.it\/#\/schema\/person\/79bb06722b37ece1c03d3e94beb30d73"},"headline":"Corso per esperto in elaborazione paghe","datePublished":"2009-08-31T10:07:53+00:00","mainEntityOfPage":{"@id":"https:\/\/www.bellunopress.it\/2009\/08\/31\/corso-per-esperto-in-elaborazione-paghe\/"},"wordCount":328,"publisher":{"@id":"https:\/\/www.bellunopress.it\/#organization"},"keywords":["Belluno","Dolomiti"],"articleSection":["Lavoro, Economia, Turismo","Prima Pagina"],"inLanguage":"fr-FR"},{"@type":"WebPage","@id":"https:\/\/www.bellunopress.it\/2009\/08\/31\/corso-per-esperto-in-elaborazione-paghe\/","url":"https:\/\/www.bellunopress.it\/2009\/08\/31\/corso-per-esperto-in-elaborazione-paghe\/","name":"Corso per esperto in elaborazione paghe - Bellunopress - Dolomiti","isPartOf":{"@id":"https:\/\/www.bellunopress.it\/#website"},"datePublished":"2009-08-31T10:07:53+00:00","breadcrumb":{"@id":"https:\/\/www.bellunopress.it\/2009\/08\/31\/corso-per-esperto-in-elaborazione-paghe\/#breadcrumb"},"inLanguage":"fr-FR","potentialAction":[{"@type":"ReadAction","target":["https:\/\/www.bellunopress.it\/2009\/08\/31\/corso-per-esperto-in-elaborazione-paghe\/"]}]},{"@type":"BreadcrumbList","@id":"https:\/\/www.bellunopress.it\/2009\/08\/31\/corso-per-esperto-in-elaborazione-paghe\/#breadcrumb","itemListElement":[{"@type":"ListItem","position":1,"name":"Home","item":"https:\/\/www.bellunopress.it\/"},{"@type":"ListItem","position":2,"name":"Corso per esperto in elaborazione paghe"}]},{"@type":"WebSite","@id":"https:\/\/www.bellunopress.it\/#website","url":"https:\/\/www.bellunopress.it\/","name":"Bellunopress - Dolomiti","description":"e-mail: redazione@bellunopress.it","publisher":{"@id":"https:\/\/www.bellunopress.it\/#organization"},"potentialAction":[{"@type":"SearchAction","target":{"@type":"EntryPoint","urlTemplate":"https:\/\/www.bellunopress.it\/?s={search_term_string}"},"query-input":{"@type":"PropertyValueSpecification","valueRequired":true,"valueName":"search_term_string"}}],"inLanguage":"fr-FR"},{"@type":"Organization","@id":"https:\/\/www.bellunopress.it\/#organization","name":"Bellunopress","url":"https:\/\/www.bellunopress.it\/","logo":{"@type":"ImageObject","inLanguage":"fr-FR","@id":"https:\/\/www.bellunopress.it\/#\/schema\/logo\/image\/","url":"https:\/\/www.bellunopress.it\/wp-content\/uploads\/2011\/05\/cropped-logo-bellunopress-.jpg","contentUrl":"https:\/\/www.bellunopress.it\/wp-content\/uploads\/2011\/05\/cropped-logo-bellunopress-.jpg","width":512,"height":512,"caption":"Bellunopress"},"image":{"@id":"https:\/\/www.bellunopress.it\/#\/schema\/logo\/image\/"},"sameAs":["https:\/\/www.facebook.com\/profile.php?id=100008943462799","https:\/\/x.com\/bellunopress","https:\/\/www.linkedin.com\/hp\/?dnr=JBzUWaJfMUw8vbXJJ2tVW5-I3jZKvC4wsoxE&amp;amp;amp;amp;amp;amp;trk=nav_responsive_tab_home","https:\/\/www.youtube.com\/channel\/UCxL0wu1uN0_3_7hGG0306cw"]},{"@type":"Person","@id":"https:\/\/www.bellunopress.it\/#\/schema\/person\/79bb06722b37ece1c03d3e94beb30d73","name":"r\u00e9daction","image":{"@type":"ImageObject","inLanguage":"fr-FR","@id":"https:\/\/secure.gravatar.com\/avatar\/37d968a2e67a6fd04c169c4bdef102d0bc5d31b2546345219e348575eb80e9a0?s=96&d=mm&r=g","url":"https:\/\/secure.gravatar.com\/avatar\/37d968a2e67a6fd04c169c4bdef102d0bc5d31b2546345219e348575eb80e9a0?s=96&d=mm&r=g","contentUrl":"https:\/\/secure.gravatar.com\/avatar\/37d968a2e67a6fd04c169c4bdef102d0bc5d31b2546345219e348575eb80e9a0?s=96&d=mm&r=g","caption":"redazione"},"sameAs":["http:\/\/www.bellunopress.it","https:\/\/x.com\/bellunopress"],"url":"https:\/\/www.bellunopress.it\/fr\/author\/redazione\/"}]}},"_links":{"self":[{"href":"https:\/\/www.bellunopress.it\/fr\/wp-json\/wp\/v2\/posts\/7545","targetHints":{"allow":["GET"]}}],"collection":[{"href":"https:\/\/www.bellunopress.it\/fr\/wp-json\/wp\/v2\/posts"}],"about":[{"href":"https:\/\/www.bellunopress.it\/fr\/wp-json\/wp\/v2\/types\/post"}],"author":[{"embeddable":true,"href":"https:\/\/www.bellunopress.it\/fr\/wp-json\/wp\/v2\/users\/2"}],"replies":[{"embeddable":true,"href":"https:\/\/www.bellunopress.it\/fr\/wp-json\/wp\/v2\/comments?post=7545"}],"version-history":[{"count":1,"href":"https:\/\/www.bellunopress.it\/fr\/wp-json\/wp\/v2\/posts\/7545\/revisions"}],"predecessor-version":[{"id":7547,"href":"https:\/\/www.bellunopress.it\/fr\/wp-json\/wp\/v2\/posts\/7545\/revisions\/7547"}],"wp:attachment":[{"href":"https:\/\/www.bellunopress.it\/fr\/wp-json\/wp\/v2\/media?parent=7545"}],"wp:term":[{"taxonomy":"category","embeddable":true,"href":"https:\/\/www.bellunopress.it\/fr\/wp-json\/wp\/v2\/categories?post=7545"},{"taxonomy":"post_tag","embeddable":true,"href":"https:\/\/www.bellunopress.it\/fr\/wp-json\/wp\/v2\/tags?post=7545"}],"curies":[{"name":"wp","href":"https:\/\/api.w.org\/{rel}","templated":true}]}}