{"id":7541,"date":"2009-08-31T10:14:25","date_gmt":"2009-08-31T09:14:25","guid":{"rendered":"http:\/\/www.bellunopress.it\/?p=7541"},"modified":"2009-08-31T10:14:25","modified_gmt":"2009-08-31T09:14:25","slug":"vino-manzato-valorizzare-la-qualita-della-produzione-veneta-per-tuterare-le-aziende","status":"publish","type":"post","link":"https:\/\/www.bellunopress.it\/fr\/2009\/08\/31\/vino-manzato-valorizzare-la-qualita-della-produzione-veneta-per-tuterare-le-aziende\/","title":{"rendered":"Vino. Manzato: valorizzare la qualit\u00e0 della produzione veneta per tuterare le aziende"},"content":{"rendered":"<p>\u201cLa Regione \u00e8 a fianco della sua filiera vitivinicola per valorizzare e riposizionare pi\u00f9 in alto la qualit\u00e0 della produzione enologica del Veneto, in modo da assicurare redditivit\u00e0 e futuro alle aziende produttrici, professionalmente al massimo livello e che svolgono un ruolo fondamentale per la tutela e il miglioramento del paesaggio veneto\u201d. Lo ha affermato il vicepresidente della giunta regionale Franco Manzato, alla vigilia della presentazione delle prime stime sulla produzione di vino nel Est, in programma domani alla Corte Benedettina di Legnaro da parte di Veneto Agricoltura.<br \/>\n\u201cQuantit\u00e0 di prodotto e qualit\u00e0 della vendemmia sono elementi importanti per capire come potr\u00e0 andare il mercato conseguente \u2013 ha fatto presente Manzato \u2013 ma l\u2019elemento fondamentale per il settore \u00e8 la redditivit\u00e0 delle aziende, oggi messa in discussione da un mercato del vino sempre pi\u00f9 difficile a livello mondiale, reso da quest\u2019anno ancor pi\u00f9 complicato dalle ulteriori incertezze conseguenti alla nuova Organizzazione Comune di Mercato che di fatto valorizza quelli che erano i vini da tavola da monovitigno rispetto ai vini del territorio, che sono uno dei nostri maggiori punti di forza. L\u2019obiettivo, che abbiamo fatto nostro dalla filiera, \u00e8 di accompagnare tutto il comparto vitivinicolo veneto al di l\u00e0 di questa difficile fase, potendo contare su qualit\u00e0, variet\u00e0, quantit\u00e0 e prezzo competitivo, ma non sempre sulla giusta conoscenza e sul giusto posizionamento nell\u2019immaginario del consumatore internazionale. Il nostro vino non \u00e8 solo Amarone n\u00e9 solo Prosecco, ma \u00e8 tutto di buono o ottimo livello\u201d. \u201cDa questo punto di vista \u2013 ha sottolineato Manzato \u2013 il Veneto \u00e8 laboratorio di innovazione nel prodotto e di organizzazione aziendale, capace di far crescere imprese anche di grandi dimensioni ed ambizioni e di affrontare le distorsioni della nuova politica europea decisa sostanzialmente dai paesi non produttori. Stiamo analizzando quale sar\u00e0 l\u2019impatto dei vini varietali sul mercato, che vedr\u00e0 Merlot, Chardonnay e cos\u00ec via, prodotti senza regole e senza limiti, a fianco dei vini da monovitigno che da noi sottostanno alle regole, ai vincoli e ai controlli delle DOC. Intendiamo mettere a punto una strategia per salvaguardare questi vini di qualit\u00e0, consapevoli della confusione che le novit\u00e0 europee indurranno nei consumatori e del fatto che, come spesso succede in questi casi, rischia di prevalere il prodotto al minor prezzo rispetto a quello migliore\u201d.<\/p>","protected":false},"excerpt":{"rendered":"<p>\u201cLa Regione \u00e8 a fianco della sua filiera vitivinicola per valorizzare e riposizionare pi\u00f9 in alto la qualit\u00e0 della produzione enologica del Veneto, in modo da assicurare redditivit\u00e0 e futuro alle aziende produttrici, professionalmente al massimo livello e che svolgono un ruolo fondamentale per la tutela e il miglioramento del paesaggio veneto\u201d. Lo ha affermato [&hellip;]<\/p>\n","protected":false},"author":2,"featured_media":0,"comment_status":"closed","ping_status":"open","sticky":false,"template":"","format":"standard","meta":{"footnotes":""},"categories":[5,26],"tags":[],"class_list":["post-7541","post","type-post","status-publish","format-standard","category-cronaca","category-prima-pagina"],"yoast_head":"<!-- This site is optimized with the Yoast SEO plugin v28.4 - https:\/\/yoast.com\/product\/yoast-seo-wordpress\/ -->\n<title>Vino. Manzato: valorizzare la qualit\u00e0 della produzione veneta per tuterare le aziende - Bellunopress - Dolomiti<\/title>\n<meta name=\"robots\" content=\"index, follow, max-snippet:-1, max-image-preview:large, max-video-preview:-1\" \/>\n<link rel=\"canonical\" href=\"https:\/\/www.bellunopress.it\/fr\/2009\/08\/31\/vino-manzato-valorizzare-la-qualita-della-produzione-veneta-per-tuterare-le-aziende\/\" \/>\n<meta property=\"og:locale\" content=\"fr_FR\" \/>\n<meta property=\"og:type\" content=\"article\" \/>\n<meta property=\"og:title\" content=\"Vino. Manzato: valorizzare la qualit\u00e0 della produzione veneta per tuterare le aziende - Bellunopress - Dolomiti\" \/>\n<meta property=\"og:description\" content=\"\u201cLa Regione \u00e8 a fianco della sua filiera vitivinicola per valorizzare e riposizionare pi\u00f9 in alto la qualit\u00e0 della produzione enologica del Veneto, in modo da assicurare redditivit\u00e0 e futuro alle aziende produttrici, professionalmente al massimo livello e che svolgono un ruolo fondamentale per la tutela e il miglioramento del paesaggio veneto\u201d. Lo ha affermato [&hellip;]\" \/>\n<meta property=\"og:url\" content=\"https:\/\/www.bellunopress.it\/fr\/2009\/08\/31\/vino-manzato-valorizzare-la-qualita-della-produzione-veneta-per-tuterare-le-aziende\/\" \/>\n<meta property=\"og:site_name\" content=\"Bellunopress - Dolomiti\" \/>\n<meta property=\"article:publisher\" content=\"https:\/\/www.facebook.com\/profile.php?id=100008943462799\" \/>\n<meta property=\"article:published_time\" content=\"2009-08-31T09:14:25+00:00\" \/>\n<meta property=\"og:image\" content=\"http:\/\/www.bellunopress.it\/wp-content\/uploads\/2012\/07\/logo-bellunopress-250x250-2012.jpg\" \/>\n<meta name=\"author\" content=\"redazione\" \/>\n<meta name=\"twitter:card\" content=\"summary_large_image\" \/>\n<meta name=\"twitter:creator\" content=\"@bellunopress\" \/>\n<meta name=\"twitter:site\" content=\"@bellunopress\" \/>\n<meta name=\"twitter:label1\" content=\"\u00c9crit par\" \/>\n\t<meta name=\"twitter:data1\" content=\"redazione\" \/>\n\t<meta name=\"twitter:label2\" content=\"Dur\u00e9e de lecture estim\u00e9e\" \/>\n\t<meta name=\"twitter:data2\" content=\"2 minutes\" \/>\n<script type=\"application\/ld+json\" class=\"yoast-schema-graph\">{\"@context\":\"https:\\\/\\\/schema.org\",\"@graph\":[{\"@type\":\"Article\",\"@id\":\"https:\\\/\\\/www.bellunopress.it\\\/2009\\\/08\\\/31\\\/vino-manzato-valorizzare-la-qualita-della-produzione-veneta-per-tuterare-le-aziende\\\/#article\",\"isPartOf\":{\"@id\":\"https:\\\/\\\/www.bellunopress.it\\\/2009\\\/08\\\/31\\\/vino-manzato-valorizzare-la-qualita-della-produzione-veneta-per-tuterare-le-aziende\\\/\"},\"author\":{\"name\":\"redazione\",\"@id\":\"https:\\\/\\\/www.bellunopress.it\\\/#\\\/schema\\\/person\\\/79bb06722b37ece1c03d3e94beb30d73\"},\"headline\":\"Vino. Manzato: valorizzare la qualit\u00e0 della produzione veneta per tuterare le aziende\",\"datePublished\":\"2009-08-31T09:14:25+00:00\",\"mainEntityOfPage\":{\"@id\":\"https:\\\/\\\/www.bellunopress.it\\\/2009\\\/08\\\/31\\\/vino-manzato-valorizzare-la-qualita-della-produzione-veneta-per-tuterare-le-aziende\\\/\"},\"wordCount\":385,\"publisher\":{\"@id\":\"https:\\\/\\\/www.bellunopress.it\\\/#organization\"},\"articleSection\":[\"Cronaca\\\/Politica\",\"Prima Pagina\"],\"inLanguage\":\"fr-FR\"},{\"@type\":\"WebPage\",\"@id\":\"https:\\\/\\\/www.bellunopress.it\\\/2009\\\/08\\\/31\\\/vino-manzato-valorizzare-la-qualita-della-produzione-veneta-per-tuterare-le-aziende\\\/\",\"url\":\"https:\\\/\\\/www.bellunopress.it\\\/2009\\\/08\\\/31\\\/vino-manzato-valorizzare-la-qualita-della-produzione-veneta-per-tuterare-le-aziende\\\/\",\"name\":\"Vino. Manzato: valorizzare la qualit\u00e0 della produzione veneta per tuterare le aziende - Bellunopress - Dolomiti\",\"isPartOf\":{\"@id\":\"https:\\\/\\\/www.bellunopress.it\\\/#website\"},\"datePublished\":\"2009-08-31T09:14:25+00:00\",\"breadcrumb\":{\"@id\":\"https:\\\/\\\/www.bellunopress.it\\\/2009\\\/08\\\/31\\\/vino-manzato-valorizzare-la-qualita-della-produzione-veneta-per-tuterare-le-aziende\\\/#breadcrumb\"},\"inLanguage\":\"fr-FR\",\"potentialAction\":[{\"@type\":\"ReadAction\",\"target\":[\"https:\\\/\\\/www.bellunopress.it\\\/2009\\\/08\\\/31\\\/vino-manzato-valorizzare-la-qualita-della-produzione-veneta-per-tuterare-le-aziende\\\/\"]}]},{\"@type\":\"BreadcrumbList\",\"@id\":\"https:\\\/\\\/www.bellunopress.it\\\/2009\\\/08\\\/31\\\/vino-manzato-valorizzare-la-qualita-della-produzione-veneta-per-tuterare-le-aziende\\\/#breadcrumb\",\"itemListElement\":[{\"@type\":\"ListItem\",\"position\":1,\"name\":\"Home\",\"item\":\"https:\\\/\\\/www.bellunopress.it\\\/\"},{\"@type\":\"ListItem\",\"position\":2,\"name\":\"Vino. Manzato: valorizzare la qualit\u00e0 della produzione veneta per tuterare le aziende\"}]},{\"@type\":\"WebSite\",\"@id\":\"https:\\\/\\\/www.bellunopress.it\\\/#website\",\"url\":\"https:\\\/\\\/www.bellunopress.it\\\/\",\"name\":\"Bellunopress - Dolomiti\",\"description\":\"e-mail: redazione@bellunopress.it\",\"publisher\":{\"@id\":\"https:\\\/\\\/www.bellunopress.it\\\/#organization\"},\"potentialAction\":[{\"@type\":\"SearchAction\",\"target\":{\"@type\":\"EntryPoint\",\"urlTemplate\":\"https:\\\/\\\/www.bellunopress.it\\\/?s={search_term_string}\"},\"query-input\":{\"@type\":\"PropertyValueSpecification\",\"valueRequired\":true,\"valueName\":\"search_term_string\"}}],\"inLanguage\":\"fr-FR\"},{\"@type\":\"Organization\",\"@id\":\"https:\\\/\\\/www.bellunopress.it\\\/#organization\",\"name\":\"Bellunopress\",\"url\":\"https:\\\/\\\/www.bellunopress.it\\\/\",\"logo\":{\"@type\":\"ImageObject\",\"inLanguage\":\"fr-FR\",\"@id\":\"https:\\\/\\\/www.bellunopress.it\\\/#\\\/schema\\\/logo\\\/image\\\/\",\"url\":\"https:\\\/\\\/www.bellunopress.it\\\/wp-content\\\/uploads\\\/2011\\\/05\\\/cropped-logo-bellunopress-.jpg\",\"contentUrl\":\"https:\\\/\\\/www.bellunopress.it\\\/wp-content\\\/uploads\\\/2011\\\/05\\\/cropped-logo-bellunopress-.jpg\",\"width\":512,\"height\":512,\"caption\":\"Bellunopress\"},\"image\":{\"@id\":\"https:\\\/\\\/www.bellunopress.it\\\/#\\\/schema\\\/logo\\\/image\\\/\"},\"sameAs\":[\"https:\\\/\\\/www.facebook.com\\\/profile.php?id=100008943462799\",\"https:\\\/\\\/x.com\\\/bellunopress\",\"https:\\\/\\\/www.linkedin.com\\\/hp\\\/?dnr=JBzUWaJfMUw8vbXJJ2tVW5-I3jZKvC4wsoxE&amp;amp;amp;amp;amp;amp;trk=nav_responsive_tab_home\",\"https:\\\/\\\/www.youtube.com\\\/channel\\\/UCxL0wu1uN0_3_7hGG0306cw\"]},{\"@type\":\"Person\",\"@id\":\"https:\\\/\\\/www.bellunopress.it\\\/#\\\/schema\\\/person\\\/79bb06722b37ece1c03d3e94beb30d73\",\"name\":\"redazione\",\"image\":{\"@type\":\"ImageObject\",\"inLanguage\":\"fr-FR\",\"@id\":\"https:\\\/\\\/secure.gravatar.com\\\/avatar\\\/37d968a2e67a6fd04c169c4bdef102d0bc5d31b2546345219e348575eb80e9a0?s=96&d=mm&r=g\",\"url\":\"https:\\\/\\\/secure.gravatar.com\\\/avatar\\\/37d968a2e67a6fd04c169c4bdef102d0bc5d31b2546345219e348575eb80e9a0?s=96&d=mm&r=g\",\"contentUrl\":\"https:\\\/\\\/secure.gravatar.com\\\/avatar\\\/37d968a2e67a6fd04c169c4bdef102d0bc5d31b2546345219e348575eb80e9a0?s=96&d=mm&r=g\",\"caption\":\"redazione\"},\"sameAs\":[\"http:\\\/\\\/www.bellunopress.it\",\"https:\\\/\\\/x.com\\\/bellunopress\"],\"url\":\"https:\\\/\\\/www.bellunopress.it\\\/fr\\\/author\\\/redazione\\\/\"}]}<\/script>\n<!-- \/ Yoast SEO plugin. -->","yoast_head_json":{"title":"Vino. Manzato: valorizzare la qualit\u00e0 della produzione veneta per tuterare le aziende - Bellunopress - Dolomiti","robots":{"index":"index","follow":"follow","max-snippet":"max-snippet:-1","max-image-preview":"max-image-preview:large","max-video-preview":"max-video-preview:-1"},"canonical":"https:\/\/www.bellunopress.it\/fr\/2009\/08\/31\/vino-manzato-valorizzare-la-qualita-della-produzione-veneta-per-tuterare-le-aziende\/","og_locale":"fr_FR","og_type":"article","og_title":"Vino. Manzato: valorizzare la qualit\u00e0 della produzione veneta per tuterare le aziende - Bellunopress - Dolomiti","og_description":"\u201cLa Regione \u00e8 a fianco della sua filiera vitivinicola per valorizzare e riposizionare pi\u00f9 in alto la qualit\u00e0 della produzione enologica del Veneto, in modo da assicurare redditivit\u00e0 e futuro alle aziende produttrici, professionalmente al massimo livello e che svolgono un ruolo fondamentale per la tutela e il miglioramento del paesaggio veneto\u201d. Lo ha affermato [&hellip;]","og_url":"https:\/\/www.bellunopress.it\/fr\/2009\/08\/31\/vino-manzato-valorizzare-la-qualita-della-produzione-veneta-per-tuterare-le-aziende\/","og_site_name":"Bellunopress - Dolomiti","article_publisher":"https:\/\/www.facebook.com\/profile.php?id=100008943462799","article_published_time":"2009-08-31T09:14:25+00:00","og_image":[{"url":"http:\/\/www.bellunopress.it\/wp-content\/uploads\/2012\/07\/logo-bellunopress-250x250-2012.jpg","type":"","width":"","height":""}],"author":"redazione","twitter_card":"summary_large_image","twitter_creator":"@bellunopress","twitter_site":"@bellunopress","twitter_misc":{"\u00c9crit par":"redazione","Dur\u00e9e de lecture estim\u00e9e":"2 minutes"},"schema":{"@context":"https:\/\/schema.org","@graph":[{"@type":"Article","@id":"https:\/\/www.bellunopress.it\/2009\/08\/31\/vino-manzato-valorizzare-la-qualita-della-produzione-veneta-per-tuterare-le-aziende\/#article","isPartOf":{"@id":"https:\/\/www.bellunopress.it\/2009\/08\/31\/vino-manzato-valorizzare-la-qualita-della-produzione-veneta-per-tuterare-le-aziende\/"},"author":{"name":"redazione","@id":"https:\/\/www.bellunopress.it\/#\/schema\/person\/79bb06722b37ece1c03d3e94beb30d73"},"headline":"Vino. Manzato: valorizzare la qualit\u00e0 della produzione veneta per tuterare le aziende","datePublished":"2009-08-31T09:14:25+00:00","mainEntityOfPage":{"@id":"https:\/\/www.bellunopress.it\/2009\/08\/31\/vino-manzato-valorizzare-la-qualita-della-produzione-veneta-per-tuterare-le-aziende\/"},"wordCount":385,"publisher":{"@id":"https:\/\/www.bellunopress.it\/#organization"},"articleSection":["Cronaca\/Politica","Prima Pagina"],"inLanguage":"fr-FR"},{"@type":"WebPage","@id":"https:\/\/www.bellunopress.it\/2009\/08\/31\/vino-manzato-valorizzare-la-qualita-della-produzione-veneta-per-tuterare-le-aziende\/","url":"https:\/\/www.bellunopress.it\/2009\/08\/31\/vino-manzato-valorizzare-la-qualita-della-produzione-veneta-per-tuterare-le-aziende\/","name":"Vino. Manzato: valorizzare la qualit\u00e0 della produzione veneta per tuterare le aziende - Bellunopress - Dolomiti","isPartOf":{"@id":"https:\/\/www.bellunopress.it\/#website"},"datePublished":"2009-08-31T09:14:25+00:00","breadcrumb":{"@id":"https:\/\/www.bellunopress.it\/2009\/08\/31\/vino-manzato-valorizzare-la-qualita-della-produzione-veneta-per-tuterare-le-aziende\/#breadcrumb"},"inLanguage":"fr-FR","potentialAction":[{"@type":"ReadAction","target":["https:\/\/www.bellunopress.it\/2009\/08\/31\/vino-manzato-valorizzare-la-qualita-della-produzione-veneta-per-tuterare-le-aziende\/"]}]},{"@type":"BreadcrumbList","@id":"https:\/\/www.bellunopress.it\/2009\/08\/31\/vino-manzato-valorizzare-la-qualita-della-produzione-veneta-per-tuterare-le-aziende\/#breadcrumb","itemListElement":[{"@type":"ListItem","position":1,"name":"Home","item":"https:\/\/www.bellunopress.it\/"},{"@type":"ListItem","position":2,"name":"Vino. Manzato: valorizzare la qualit\u00e0 della produzione veneta per tuterare le aziende"}]},{"@type":"WebSite","@id":"https:\/\/www.bellunopress.it\/#website","url":"https:\/\/www.bellunopress.it\/","name":"Bellunopress - Dolomiti","description":"e-mail: redazione@bellunopress.it","publisher":{"@id":"https:\/\/www.bellunopress.it\/#organization"},"potentialAction":[{"@type":"SearchAction","target":{"@type":"EntryPoint","urlTemplate":"https:\/\/www.bellunopress.it\/?s={search_term_string}"},"query-input":{"@type":"PropertyValueSpecification","valueRequired":true,"valueName":"search_term_string"}}],"inLanguage":"fr-FR"},{"@type":"Organization","@id":"https:\/\/www.bellunopress.it\/#organization","name":"Bellunopress","url":"https:\/\/www.bellunopress.it\/","logo":{"@type":"ImageObject","inLanguage":"fr-FR","@id":"https:\/\/www.bellunopress.it\/#\/schema\/logo\/image\/","url":"https:\/\/www.bellunopress.it\/wp-content\/uploads\/2011\/05\/cropped-logo-bellunopress-.jpg","contentUrl":"https:\/\/www.bellunopress.it\/wp-content\/uploads\/2011\/05\/cropped-logo-bellunopress-.jpg","width":512,"height":512,"caption":"Bellunopress"},"image":{"@id":"https:\/\/www.bellunopress.it\/#\/schema\/logo\/image\/"},"sameAs":["https:\/\/www.facebook.com\/profile.php?id=100008943462799","https:\/\/x.com\/bellunopress","https:\/\/www.linkedin.com\/hp\/?dnr=JBzUWaJfMUw8vbXJJ2tVW5-I3jZKvC4wsoxE&amp;amp;amp;amp;amp;amp;trk=nav_responsive_tab_home","https:\/\/www.youtube.com\/channel\/UCxL0wu1uN0_3_7hGG0306cw"]},{"@type":"Person","@id":"https:\/\/www.bellunopress.it\/#\/schema\/person\/79bb06722b37ece1c03d3e94beb30d73","name":"r\u00e9daction","image":{"@type":"ImageObject","inLanguage":"fr-FR","@id":"https:\/\/secure.gravatar.com\/avatar\/37d968a2e67a6fd04c169c4bdef102d0bc5d31b2546345219e348575eb80e9a0?s=96&d=mm&r=g","url":"https:\/\/secure.gravatar.com\/avatar\/37d968a2e67a6fd04c169c4bdef102d0bc5d31b2546345219e348575eb80e9a0?s=96&d=mm&r=g","contentUrl":"https:\/\/secure.gravatar.com\/avatar\/37d968a2e67a6fd04c169c4bdef102d0bc5d31b2546345219e348575eb80e9a0?s=96&d=mm&r=g","caption":"redazione"},"sameAs":["http:\/\/www.bellunopress.it","https:\/\/x.com\/bellunopress"],"url":"https:\/\/www.bellunopress.it\/fr\/author\/redazione\/"}]}},"_links":{"self":[{"href":"https:\/\/www.bellunopress.it\/fr\/wp-json\/wp\/v2\/posts\/7541","targetHints":{"allow":["GET"]}}],"collection":[{"href":"https:\/\/www.bellunopress.it\/fr\/wp-json\/wp\/v2\/posts"}],"about":[{"href":"https:\/\/www.bellunopress.it\/fr\/wp-json\/wp\/v2\/types\/post"}],"author":[{"embeddable":true,"href":"https:\/\/www.bellunopress.it\/fr\/wp-json\/wp\/v2\/users\/2"}],"replies":[{"embeddable":true,"href":"https:\/\/www.bellunopress.it\/fr\/wp-json\/wp\/v2\/comments?post=7541"}],"version-history":[{"count":1,"href":"https:\/\/www.bellunopress.it\/fr\/wp-json\/wp\/v2\/posts\/7541\/revisions"}],"predecessor-version":[{"id":7542,"href":"https:\/\/www.bellunopress.it\/fr\/wp-json\/wp\/v2\/posts\/7541\/revisions\/7542"}],"wp:attachment":[{"href":"https:\/\/www.bellunopress.it\/fr\/wp-json\/wp\/v2\/media?parent=7541"}],"wp:term":[{"taxonomy":"category","embeddable":true,"href":"https:\/\/www.bellunopress.it\/fr\/wp-json\/wp\/v2\/categories?post=7541"},{"taxonomy":"post_tag","embeddable":true,"href":"https:\/\/www.bellunopress.it\/fr\/wp-json\/wp\/v2\/tags?post=7541"}],"curies":[{"name":"wp","href":"https:\/\/api.w.org\/{rel}","templated":true}]}}