{"id":7489,"date":"2009-08-29T09:15:53","date_gmt":"2009-08-29T08:15:53","guid":{"rendered":"http:\/\/www.bellunopress.it\/?p=7489"},"modified":"2010-02-19T15:48:05","modified_gmt":"2010-02-19T14:48:05","slug":"il-fallito-attentato-a-mussolini-di-angelo-sbardellotto-lanarchico-originario-di-villa-di-villa-fucilato-a-roma-nel-1932","status":"publish","type":"post","link":"https:\/\/www.bellunopress.it\/fr\/2009\/08\/29\/il-fallito-attentato-a-mussolini-di-angelo-sbardellotto-lanarchico-originario-di-villa-di-villa-fucilato-a-roma-nel-1932\/","title":{"rendered":"Il fallito attentato a Mussolini di Angelo Sbardellotto, l&#8217;anarchico originario di Villa di Villa fucilato a Roma nel 1932"},"content":{"rendered":"<p><a href=\"http:\/\/www.bellunopress.it\/wp-content\/uploads\/2009\/08\/angelo-sbardellotto.jpg\"><img loading=\"lazy\" decoding=\"async\" class=\"alignleft size-medium wp-image-7490\" title=\"angelo-sbardellotto\" src=\"http:\/\/www.bellunopress.it\/wp-content\/uploads\/2009\/08\/angelo-sbardellotto.jpg\" alt=\"\" width=\"162\" height=\"280\" \/><\/a>Proseguiamo gli Speciali di Bellunopress con la storia dell&#8217;anarchico Sbardellotto, fucilato per aver progettato di uccidere Mussolini.\u00a0Il pomeriggio del 4 giugno del 1932 a Roma, in Piazza Venezia lungo il marciapiede tra Corso Umberto e Vicolo Mancino, il 24enne anarchico Angelo Pellegrino Sbardellotto nato a Villa di Villa (Mel &#8211; Belluno), viene fermato da due agenti di polizia in borghese. <a href=\"http:\/\/www.bellunopress.it\/wp-content\/uploads\/2009\/08\/angelo-sbardellotto-leggerissima.jpg\"><img loading=\"lazy\" decoding=\"async\" class=\"alignright size-medium wp-image-7493\" title=\"angelo-sbardellotto-leggerissima\" src=\"http:\/\/www.bellunopress.it\/wp-content\/uploads\/2009\/08\/angelo-sbardellotto-leggerissima.jpg\" alt=\"\" width=\"92\" height=\"130\" \/><\/a>Sbardellotto esibisce loro un passaporto falso intestato ad Angelo Galvini, commerciante svizzero di Bellinzona, ma poich\u00e9 era sprovvisto del permesso di soggiorno, viene arrestato ed accompagnato a Palazzo Buonaparte dove viene perquisito. Gli vengono trovati addosso una pistola francese Mab (Manufacture d\u2019armes de Bayonne) calibro 6.35 e due bombe artigianali, una fiaschetta con 80 grammi di cheddite e miccia ed un tubo piegato con 400 grammi di dinamite e miccia. Sbardellotto dichiara allora la sua vera identit\u00e0 e l\u2019intenzione di uccidere Mussolini (dichiarer\u00e0 anche che era al suo terzo tentativo). Seguono gli interrogatori in questura e due giorni dopo un\u00a0 memoriale (quasi certamente falsificato dalla polizia fascista ed attribuitogli) dove l\u2019arrestato dichiara i nomi dei suoi complici: Vittorio Cantarelli, compagno anarchico residente a Bruxelles, Emidio Recchioni o \u201cNemo\u201d residente a Londra e Alberto Tarchiani del movimento \u201cGiustizia e libert\u00e0\u201d. La mattina del 16 giugno, dopo una breve istruttoria del procuratore generale, il presidente del Tribunale speciale Guido Cristini pronuncia la sentenza di condanna a morte \u201cmediante fucilazione alla schiena in quanto responsabile dei delitti di cui agli articoli 305 e 280 del Codice penale per aver con altri attentato alla vita di S.E. il Capo del Governo\u201d. Angelo Sbardellotto non presenta alcuna richiesta di grazia, anzi, dichiara fieramente all\u2019avvocato d\u2019ufficio \u201cMa ch\u00e9 pentito e pentito, io rimpiango solo di non averlo ammazzato\u201d! Alle 5.45 del 17 giugno 1932 avviene la fucilazione a Forte Bravetta (dal 1931 al 1945 verranno eseguite un totale di 115 esecuzioni). Questi i fatti. Ora qualche retroscena. Quinto di undici figli, Angelo faceva lo stalliere all\u2019albergo Cappello di Mel, finch\u00e9, compiuti 17 anni emigra in Francia, poi in Lussemburgo e Belgio dove lavora come operaio meccanico e minatore e matura un profondo antifascismo, tale da fargli abbracciare gl\u2019ideali anarchici. Nel \u201928 la madre Giovanna Dall\u2019Omo, analfabeta, con l\u2019aiuto della maestra del paese gli scrive per avvisarlo della cartolina di chiamata alle armi e per convincerlo a ritornare. Angelo risponde proclamandosi anarchico, precisando il suo rifiuto ad indossare la divisa. La madre, che era di mentalit\u00e0 tradizionalista e cattolica osservante, rimane sconcertata e chiede aiuto al parroco del paese. Ebbene, la maestra o pi\u00f9 probabilmente il parroco (che nella messa celebrata il giorno dopo la fucilazione ebbe a dire \u201cl\u2019anima di Angelo \u00e8 finita certamente all\u2019inferno, perch\u00e9 aveva osato attentare alla vita dell\u2019Uomo della provvidenza\u201d), informano le autorit\u00e0 del contenuto della lettera. Angelo Sbardellotto viene cos\u00ec iscritto al registro dei renitenti alla leva, oltre che schedato tra i 269 antifascisti pi\u00f9 pericolosi del Belgio, sorvegliato dalla polizia politica a Seraing in provincia di Liegi, dove lavorava nella miniera di carbone di Ougrer Marihai. Questo spiegherebbe anche la facilit\u00e0 della cattura a Roma, in quanto l\u2019Ovra, la polizia segreta fascista, gi\u00e0 da tempo conosceva e seguiva\u00a0 gli spostamenti della cellula anarchica italo-belga. Olivo, fratello di Angelo, classe 1915, da me intervistato qualche tempo fa, non ne sa nulla di quella lettera e della conseguente nota informativa che dalla Prefettura di Belluno raggiunge il Casellario politico centrale di Roma. Nel 1932 Olivo aveva 16 anni e faceva il garzone nel panificio di Mel, il padre costruiva cesti e la mamma era casalinga. Tutti i suoi fratelli, tranne la sorella minore Anna di 10 anni (morta alcuni anni fa) erano emigrati all\u2019estero. \u201cDue giorni dopo l\u2019arresto di Angelo &#8211; racconta Olivo &#8211; i miei genitori ed io siamo stati portati nelle carceri di Belluno e Anna venne affidata alla maestra. Una volta accertata la nostra estraneit\u00e0 all\u2019attentato (dopo 8 giorni), ci lasciarono tornare a casa e la vita riprese normalmente, salvo la presenza dei carabinieri che vigilavano la nostra casa, per evitare ritorsioni dei fascisti pi\u00f9 scalmanati\u201d. Olivo, in seguito frequenter\u00e0 la Scuola sottufficiali, da dove uscir\u00e0 col grado di sergente maggiore degli alpini. Concludo con un\u2019annotazione personale di carattere storico-politico. Qualche tempo fa, Giuseppe Galzerano, autore del libro \u201cVita, processo e morte dell\u2019emigrante anarchico fucilato per l\u2019intenzione di uccidere Mussolini\u201d si \u00e8 dato un gran da fare affinch\u00e9 il Comune di Mel intitoli una via ad Angelo Sbardellotto. Indubbiamente, la figura Angelo Sbardellotto minatore autodidatta, che paga con la vita la sua utopia anarchica, rifiutando di firmare la domanda di grazia (che sicuramente sarebbe stata accolta), esercita un forte fascino. Ma non \u00e8 consentito ad uno storico ragionare sui fatti di ieri alla luce di ci\u00f2 che sappiamo oggi. E allora dobbiamo chiederci: chi era Benito Mussolini nel 1932? A dircelo \u00e8 il Segretario di Stato americano Henry L.Stimson in visita a Roma il 9 luglio del \u201931: \u201cCi vorrebbe anche per l\u2019America un Mussolini\u201d. Dunque, Mussolini nel \u201932 godeva della stima e dell\u2019ammirazione dei politici internazionali. Addirittura l\u20198 settembre del \u201837 il Duce \u00e8 insignito della laurea honoris causa dalla Facolt\u00e0 di legge dell\u2019Universit\u00e0 di Losanna. Bench\u00e9 l\u2019anno prima l\u2019Italia fosse stata punita dalla Societ\u00e0 delle nazioni proprio con sede a Losanna, per l\u2019aggressione all\u2019Etiopia. Ci\u00f2 dimostra lo straordinario potere d\u2019attrazione del regime su una parte dell\u2019intellighenzia europea che ancora esercitava. E se il Re Umberto I, assegnando la Croce dell\u2019Ordine militare di Savoia al generale Bava Beccaris che nel maggio del 1898 a Milano prese a cannonate il popolo (80 morti e 450 feriti), firm\u00f2 la sua condanna a morte eseguita poi nel luglio del 1900 per mano dall\u2019anarchico Gaetano Bresci, con tre colpi calibro 9 esplosi con il revolver Massachusetts (della Harrington &amp; Richards). Per Mussolini non valevano le stesse ragioni, visto che nel \u201932 non aveva mai applaudito a simili violenze sul popolo e, agli occhi del mondo, non appariva certo come un uomo da sopprimere. N\u00e9, del resto, nessuno all\u2019epoca poteva prevedere la futura catastrofe nella quale ci avrebbe trascinato.<br \/>\n<strong>Nel 2005 il Comune di Mel gli dedica un monumento<br \/>\n<\/strong><a href=\"http:\/\/www.bellunopress.it\/wp-content\/uploads\/2009\/08\/monumento-sbardellotto.jpg\"><img loading=\"lazy\" decoding=\"async\" class=\"alignleft size-medium wp-image-7491\" title=\"monumento-sbardellotto\" src=\"http:\/\/www.bellunopress.it\/wp-content\/uploads\/2009\/08\/monumento-sbardellotto.jpg\" alt=\"\" width=\"240\" height=\"180\" \/><\/a>Fa ancora discutere la decisione del Comune di Mel che il16 ottobre 2005 ha inaugurato il monumento al Parco della Giazera di Mel in memoria di Angelo Sbardellotto, il giovane anarchico originario di Villa di Villa fucilato per aver progettato di uccidere Mussolini. Partiamo da quel giorno, il 4 giugno 1932,\u00a0 quando il 24enne Angelo Pellegrino Sbardellotto viene fermato da due agenti di polizia in borghese a Roma, in Piazza Venezia. Sbardellotto esibisce un passaporto falso intestato ad Angelo Galvini, commerciante svizzero di Bellinzona. Ma essendo sprovvisto del permesso di soggiorno viene arrestato ed accompagnato a Palazzo Buonaparte dove avviene la perquisizione. Gli vengono trovati una pistola francese Mab calibro 6.35, due bombe artigianali, una fiaschetta con 80 grammi di cheddite e miccia ed un tubo con 400 grammi di dinamite e miccia. A quel punto Sbardellotto rivela la sua vera identit\u00e0 e l\u2019intenzione di uccidere Mussolini. Seguono gli interrogatori in questura e due giorni dopo appare un memoriale, quasi certamente falsificato dalla polizia fascista, dove l\u2019arrestato fa i nomi dei suoi complici: Vittorio Cantarelli residente a Bruxelles, Emidio Recchioni o \u201cNemo\u201d residente a Londra e Alberto Tarchiani del movimento \u201cGiustizia e libert\u00e0\u201d. La mattina del 16 giugno, dopo una breve istruttoria del procuratore generale, il presidente del Tribunale speciale Guido Cristini pronuncia la sentenza di condanna a morte \u201cmediante fucilazione alla schiena in quanto responsabile dei delitti di cui agli articoli 305 e 280 del Codice penale per aver con altri attentato alla vita di S.E. il Capo del Governo Benito Mussolini\u201d. Angelo Sbardellotto non presenta alcuna richiesta di grazia, anzi, dichiara fieramente:\u00a0 \u201cMa ch\u00e9 pentito e pentito, io rimpiango solo di non averlo ammazzato\u201d! Alle 5.45 del 17 giugno 1932 avviene la fucilazione a Forte Bravetta.<\/p>\n<p><strong>Le ragioni per sostenere la sua riabilitazione<\/strong><br \/>\n<a href=\"http:\/\/www.bellunopress.it\/wp-content\/uploads\/2009\/08\/monumento-sbardellotto-4.jpg\"><img loading=\"lazy\" decoding=\"async\" class=\"alignleft size-medium wp-image-7492\" title=\"monumento-sbardellotto-4\" src=\"http:\/\/www.bellunopress.it\/wp-content\/uploads\/2009\/08\/monumento-sbardellotto-4.jpg\" alt=\"\" width=\"240\" height=\"197\" \/><\/a>Passiamo ora alle ragioni che hanno indotto il Comune di Mel ad intitolargli il monumento. Non c\u2019\u00e8 alcun dubbio, Angelo Sbardellotto pag\u00f2 un prezzo sproporzionato il suo progetto di uccidere Mussolini. Ed anche il processo che sub\u00ec fu una farsa: in 10 minuti di Camera di consiglio viene pronunciata la sentenza di condanna a morte, senza che fossero garantiti gli elementari diritti di difesa e manomettendo a piene mani i documenti, anche in modo grossolano, dai quali emergerebbe un\u2019improbabile delazione di Sbardellotto, che spiffera i nomi dei suoi compagni anarchici. Perch\u00e9 mai l\u2019avrebbe fatto? Se rifiut\u00f2 di chiedere la grazia dichiarando addirittura che il suo unico pentimento \u00e8 quello di avere fallito l\u2019attentato! E\u2019 evidente che quest\u2019infamia non regge. Lo stile di scrittura nel memoriale attribuito a Sbardellotto, inoltre, non gli appartiene. Frasi sgrammaticate che non hanno nulla a che vedere con le eleganti corrispondenze che Angelo Sbardellotto inviava alle donne che aveva amato. Dunque, un processo ed una condanna a morte illegittima perch\u00e9 fondata su un procedimento ampiamente manovrato dal quale l\u2019imputato doveva uscire solo cadavere. Motivi per la riabilitazione ce ne sono, dunque. Del resto, per un caso simile successo ad un altro bellunese, il conte Carlo Rudio, che fece parte del complotto che attent\u00f2 alla vita di Napoleone III a Parigi il 14 gennaio del 1858 con Felice Orsini ed Antonio Gomez, la giustizia dell\u2019epoca commut\u00f2 la ghigliottina in carcere a vita. A chiedere che oggi sia fatta giustizia, sia pur tardiva, e che sia riabilitato il nome di Angelo Sbardellotto con una via che lo ricordi, \u00e8 in primo luogo il professor Giuseppe Galzerano, autore del libro \u201cAngelo Sbardellotto. Vita, processo e morte dell\u2019emigrante anarchico fucilato per l\u2019intenzione di uccidere Mussolini\u201d. Oltre al Circolo anarchico \u201dA.Sbardellotto\u201d di Belluno.<\/p>\n<p><strong>Le ragioni per non dedicargli il monumento<br \/>\n<\/strong>Indubbiamente, la figura Angelo Sbardellotto minatore autodidatta, che paga con la vita la sua utopia anarchica, rifiutando di firmare la domanda di grazia (che quasi sicuramente gli sarebbe stata accordata da Mussolini), esercita un forte fascino. Evoca, insomma, quell\u2019immagine dell\u2019eroe che sfida la morte per una giusta causa. Ma non \u00e8 consentito misurare il passato con il metro del presente. Troppo facile: oggi sappiamo tutti della catastrofe nella quale ci avrebbe trascinati Mussolini. Ma la domanda alla quale ci si deve attenere \u00e8: chi era Benito Mussolini nel 1932 quando Sbardellotto progett\u00f2 l\u2019attentato? A dircelo \u00e8 il Segretario di Stato americano Henry L.Stimson in visita a Roma il 9 luglio del \u201931: \u201cCi vorrebbe anche per l\u2019America un Mussolini\u201d. E ancora. Winston Churchill, cancelliere britannico, che il 15 Gennaio del \u201926 incontra il Duce esprimendo grande stima ed ammirazione nella stampa dell\u2019epoca. Oltre ad intervenire in suo favore con la riduzione del debito italiano nei confronti della Gran Bretagna da 600 a 200 milioni di sterline, dovuti per gli aiuti ricevuti in sostegno alla Prima guerra mondiale. Dunque, Mussolini in quegli anni godeva della stima e dell\u2019ammirazione dei politici internazionali. Addirittura l\u20198 settembre del \u201837 il Duce \u00e8 insignito della laurea honoris causa dalla Facolt\u00e0 di legge dell\u2019Universit\u00e0 di Losanna. Bench\u00e9 l\u2019anno prima l\u2019Italia fosse stata punita dalla Societ\u00e0 delle nazioni proprio con sede a Losanna, per l\u2019aggressione all\u2019Etiopia. Ci\u00f2 dimostra lo straordinario potere d\u2019attrazione del regime su una parte dell\u2019intellighenzia europea che ancora esercitava. E se l\u2019anarchico Gaetano Bresci oggi pu\u00f2 vantare delle targhe che lo ricordano, pur avendo ucciso con tre colpi di revolver calibro 9 il Re Umberto I nel luglio del 1900. Non dimentichiamo che, in quel caso, fu il sovrano stesso a macchiarsi d\u2019indegnit\u00e0 assegnando la Croce dell\u2019Ordine militare di Savoia al generale Bava Beccaris che nel maggio del 1898 a Milano prese a cannonate il popolo (80 morti e 450 feriti). Nella vicenda di Sbardellotto non ricorrono certamente siffatti presupposti. Mussolini fino al 1932 non aveva mai applaudito a simili violenze sul popolo e, agli occhi del mondo, non appariva certo come un uomo da sopprimere.<br \/>\n\u00a0(Roberto De Nart)<\/p>","protected":false},"excerpt":{"rendered":"<p>Proseguiamo gli Speciali di Bellunopress con la storia dell&#8217;anarchico Sbardellotto, fucilato per aver progettato di uccidere Mussolini.\u00a0Il pomeriggio del 4 giugno del 1932 a Roma, in Piazza Venezia lungo il marciapiede tra Corso Umberto e Vicolo Mancino, il 24enne anarchico Angelo Pellegrino Sbardellotto nato a Villa di Villa (Mel &#8211; Belluno), viene fermato da due [&hellip;]<\/p>\n","protected":false},"author":2,"featured_media":0,"comment_status":"closed","ping_status":"open","sticky":false,"template":"","format":"standard","meta":{"footnotes":""},"categories":[49,26],"tags":[199,201,102,200,203,202,100],"class_list":["post-7489","post","type-post","status-publish","format-standard","category-speciali","category-prima-pagina","tag-angelo-pellegrino-sbardellotto","tag-emidio-recchioni","tag-fallito-attentato-mussolini","tag-forte-bravetta","tag-giuseppe-galzerano","tag-giustizia-e-liberta","tag-roberto-de-nart"],"yoast_head":"<!-- This site is optimized with the Yoast SEO plugin v28.4 - https:\/\/yoast.com\/product\/yoast-seo-wordpress\/ -->\n<title>Il fallito attentato a Mussolini di Angelo Sbardellotto, l&#039;anarchico originario di Villa di Villa fucilato a Roma nel 1932  - Bellunopress - Dolomiti<\/title>\n<meta name=\"robots\" content=\"index, follow, max-snippet:-1, max-image-preview:large, max-video-preview:-1\" \/>\n<link rel=\"canonical\" href=\"https:\/\/www.bellunopress.it\/fr\/2009\/08\/29\/il-fallito-attentato-a-mussolini-di-angelo-sbardellotto-lanarchico-originario-di-villa-di-villa-fucilato-a-roma-nel-1932\/\" \/>\n<meta property=\"og:locale\" content=\"fr_FR\" \/>\n<meta property=\"og:type\" content=\"article\" \/>\n<meta property=\"og:title\" content=\"Il fallito attentato a Mussolini di Angelo Sbardellotto, l&#039;anarchico originario di Villa di Villa fucilato a Roma nel 1932  - Bellunopress - Dolomiti\" \/>\n<meta property=\"og:description\" content=\"Proseguiamo gli Speciali di Bellunopress con la storia dell&#8217;anarchico Sbardellotto, fucilato per aver progettato di uccidere Mussolini.\u00a0Il pomeriggio del 4 giugno del 1932 a Roma, in Piazza Venezia lungo il marciapiede tra Corso Umberto e Vicolo Mancino, il 24enne anarchico Angelo Pellegrino Sbardellotto nato a Villa di Villa (Mel &#8211; Belluno), viene fermato da due [&hellip;]\" \/>\n<meta property=\"og:url\" content=\"https:\/\/www.bellunopress.it\/fr\/2009\/08\/29\/il-fallito-attentato-a-mussolini-di-angelo-sbardellotto-lanarchico-originario-di-villa-di-villa-fucilato-a-roma-nel-1932\/\" \/>\n<meta property=\"og:site_name\" content=\"Bellunopress - Dolomiti\" \/>\n<meta property=\"article:publisher\" content=\"https:\/\/www.facebook.com\/profile.php?id=100008943462799\" \/>\n<meta property=\"article:published_time\" content=\"2009-08-29T08:15:53+00:00\" \/>\n<meta property=\"article:modified_time\" content=\"2010-02-19T14:48:05+00:00\" \/>\n<meta property=\"og:image\" content=\"http:\/\/www.bellunopress.it\/wp-content\/uploads\/2009\/08\/angelo-sbardellotto.jpg\" \/>\n<meta name=\"author\" content=\"redazione\" \/>\n<meta name=\"twitter:card\" content=\"summary_large_image\" \/>\n<meta name=\"twitter:creator\" content=\"@bellunopress\" \/>\n<meta name=\"twitter:site\" content=\"@bellunopress\" \/>\n<meta name=\"twitter:label1\" content=\"\u00c9crit par\" \/>\n\t<meta name=\"twitter:data1\" content=\"redazione\" \/>\n\t<meta name=\"twitter:label2\" content=\"Dur\u00e9e de lecture estim\u00e9e\" \/>\n\t<meta name=\"twitter:data2\" content=\"10 minutes\" \/>\n<script type=\"application\/ld+json\" class=\"yoast-schema-graph\">{\"@context\":\"https:\\\/\\\/schema.org\",\"@graph\":[{\"@type\":\"Article\",\"@id\":\"https:\\\/\\\/www.bellunopress.it\\\/2009\\\/08\\\/29\\\/il-fallito-attentato-a-mussolini-di-angelo-sbardellotto-lanarchico-originario-di-villa-di-villa-fucilato-a-roma-nel-1932\\\/#article\",\"isPartOf\":{\"@id\":\"https:\\\/\\\/www.bellunopress.it\\\/2009\\\/08\\\/29\\\/il-fallito-attentato-a-mussolini-di-angelo-sbardellotto-lanarchico-originario-di-villa-di-villa-fucilato-a-roma-nel-1932\\\/\"},\"author\":{\"name\":\"redazione\",\"@id\":\"https:\\\/\\\/www.bellunopress.it\\\/#\\\/schema\\\/person\\\/79bb06722b37ece1c03d3e94beb30d73\"},\"headline\":\"Il fallito attentato a Mussolini di Angelo Sbardellotto, l&#8217;anarchico originario di Villa di Villa fucilato a Roma nel 1932\",\"datePublished\":\"2009-08-29T08:15:53+00:00\",\"dateModified\":\"2010-02-19T14:48:05+00:00\",\"mainEntityOfPage\":{\"@id\":\"https:\\\/\\\/www.bellunopress.it\\\/2009\\\/08\\\/29\\\/il-fallito-attentato-a-mussolini-di-angelo-sbardellotto-lanarchico-originario-di-villa-di-villa-fucilato-a-roma-nel-1932\\\/\"},\"wordCount\":1964,\"publisher\":{\"@id\":\"https:\\\/\\\/www.bellunopress.it\\\/#organization\"},\"image\":{\"@id\":\"https:\\\/\\\/www.bellunopress.it\\\/2009\\\/08\\\/29\\\/il-fallito-attentato-a-mussolini-di-angelo-sbardellotto-lanarchico-originario-di-villa-di-villa-fucilato-a-roma-nel-1932\\\/#primaryimage\"},\"thumbnailUrl\":\"http:\\\/\\\/www.bellunopress.it\\\/wp-content\\\/uploads\\\/2009\\\/08\\\/angelo-sbardellotto.jpg\",\"keywords\":[\"angelo pellegrino sbardellotto\",\"Emidio Recchioni\",\"fallito attentato Mussolini\",\"Forte Bravetta\",\"Giuseppe Galzerano\",\"Giustizia e Libert\u00e0\",\"Roberto De Nart\"],\"articleSection\":[\"Gli speciali di Bellunopress\",\"Prima Pagina\"],\"inLanguage\":\"fr-FR\"},{\"@type\":\"WebPage\",\"@id\":\"https:\\\/\\\/www.bellunopress.it\\\/2009\\\/08\\\/29\\\/il-fallito-attentato-a-mussolini-di-angelo-sbardellotto-lanarchico-originario-di-villa-di-villa-fucilato-a-roma-nel-1932\\\/\",\"url\":\"https:\\\/\\\/www.bellunopress.it\\\/2009\\\/08\\\/29\\\/il-fallito-attentato-a-mussolini-di-angelo-sbardellotto-lanarchico-originario-di-villa-di-villa-fucilato-a-roma-nel-1932\\\/\",\"name\":\"Il fallito attentato a Mussolini di Angelo Sbardellotto, l'anarchico originario di Villa di Villa fucilato a Roma nel 1932 - Bellunopress - Dolomiti\",\"isPartOf\":{\"@id\":\"https:\\\/\\\/www.bellunopress.it\\\/#website\"},\"primaryImageOfPage\":{\"@id\":\"https:\\\/\\\/www.bellunopress.it\\\/2009\\\/08\\\/29\\\/il-fallito-attentato-a-mussolini-di-angelo-sbardellotto-lanarchico-originario-di-villa-di-villa-fucilato-a-roma-nel-1932\\\/#primaryimage\"},\"image\":{\"@id\":\"https:\\\/\\\/www.bellunopress.it\\\/2009\\\/08\\\/29\\\/il-fallito-attentato-a-mussolini-di-angelo-sbardellotto-lanarchico-originario-di-villa-di-villa-fucilato-a-roma-nel-1932\\\/#primaryimage\"},\"thumbnailUrl\":\"http:\\\/\\\/www.bellunopress.it\\\/wp-content\\\/uploads\\\/2009\\\/08\\\/angelo-sbardellotto.jpg\",\"datePublished\":\"2009-08-29T08:15:53+00:00\",\"dateModified\":\"2010-02-19T14:48:05+00:00\",\"breadcrumb\":{\"@id\":\"https:\\\/\\\/www.bellunopress.it\\\/2009\\\/08\\\/29\\\/il-fallito-attentato-a-mussolini-di-angelo-sbardellotto-lanarchico-originario-di-villa-di-villa-fucilato-a-roma-nel-1932\\\/#breadcrumb\"},\"inLanguage\":\"fr-FR\",\"potentialAction\":[{\"@type\":\"ReadAction\",\"target\":[\"https:\\\/\\\/www.bellunopress.it\\\/2009\\\/08\\\/29\\\/il-fallito-attentato-a-mussolini-di-angelo-sbardellotto-lanarchico-originario-di-villa-di-villa-fucilato-a-roma-nel-1932\\\/\"]}]},{\"@type\":\"ImageObject\",\"inLanguage\":\"fr-FR\",\"@id\":\"https:\\\/\\\/www.bellunopress.it\\\/2009\\\/08\\\/29\\\/il-fallito-attentato-a-mussolini-di-angelo-sbardellotto-lanarchico-originario-di-villa-di-villa-fucilato-a-roma-nel-1932\\\/#primaryimage\",\"url\":\"http:\\\/\\\/www.bellunopress.it\\\/wp-content\\\/uploads\\\/2009\\\/08\\\/angelo-sbardellotto.jpg\",\"contentUrl\":\"http:\\\/\\\/www.bellunopress.it\\\/wp-content\\\/uploads\\\/2009\\\/08\\\/angelo-sbardellotto.jpg\"},{\"@type\":\"BreadcrumbList\",\"@id\":\"https:\\\/\\\/www.bellunopress.it\\\/2009\\\/08\\\/29\\\/il-fallito-attentato-a-mussolini-di-angelo-sbardellotto-lanarchico-originario-di-villa-di-villa-fucilato-a-roma-nel-1932\\\/#breadcrumb\",\"itemListElement\":[{\"@type\":\"ListItem\",\"position\":1,\"name\":\"Home\",\"item\":\"https:\\\/\\\/www.bellunopress.it\\\/\"},{\"@type\":\"ListItem\",\"position\":2,\"name\":\"Il fallito attentato a Mussolini di Angelo Sbardellotto, l&#8217;anarchico originario di Villa di Villa fucilato a Roma nel 1932\"}]},{\"@type\":\"WebSite\",\"@id\":\"https:\\\/\\\/www.bellunopress.it\\\/#website\",\"url\":\"https:\\\/\\\/www.bellunopress.it\\\/\",\"name\":\"Bellunopress - Dolomiti\",\"description\":\"e-mail: redazione@bellunopress.it\",\"publisher\":{\"@id\":\"https:\\\/\\\/www.bellunopress.it\\\/#organization\"},\"potentialAction\":[{\"@type\":\"SearchAction\",\"target\":{\"@type\":\"EntryPoint\",\"urlTemplate\":\"https:\\\/\\\/www.bellunopress.it\\\/?s={search_term_string}\"},\"query-input\":{\"@type\":\"PropertyValueSpecification\",\"valueRequired\":true,\"valueName\":\"search_term_string\"}}],\"inLanguage\":\"fr-FR\"},{\"@type\":\"Organization\",\"@id\":\"https:\\\/\\\/www.bellunopress.it\\\/#organization\",\"name\":\"Bellunopress\",\"url\":\"https:\\\/\\\/www.bellunopress.it\\\/\",\"logo\":{\"@type\":\"ImageObject\",\"inLanguage\":\"fr-FR\",\"@id\":\"https:\\\/\\\/www.bellunopress.it\\\/#\\\/schema\\\/logo\\\/image\\\/\",\"url\":\"https:\\\/\\\/www.bellunopress.it\\\/wp-content\\\/uploads\\\/2011\\\/05\\\/cropped-logo-bellunopress-.jpg\",\"contentUrl\":\"https:\\\/\\\/www.bellunopress.it\\\/wp-content\\\/uploads\\\/2011\\\/05\\\/cropped-logo-bellunopress-.jpg\",\"width\":512,\"height\":512,\"caption\":\"Bellunopress\"},\"image\":{\"@id\":\"https:\\\/\\\/www.bellunopress.it\\\/#\\\/schema\\\/logo\\\/image\\\/\"},\"sameAs\":[\"https:\\\/\\\/www.facebook.com\\\/profile.php?id=100008943462799\",\"https:\\\/\\\/x.com\\\/bellunopress\",\"https:\\\/\\\/www.linkedin.com\\\/hp\\\/?dnr=JBzUWaJfMUw8vbXJJ2tVW5-I3jZKvC4wsoxE&amp;amp;amp;amp;amp;amp;trk=nav_responsive_tab_home\",\"https:\\\/\\\/www.youtube.com\\\/channel\\\/UCxL0wu1uN0_3_7hGG0306cw\"]},{\"@type\":\"Person\",\"@id\":\"https:\\\/\\\/www.bellunopress.it\\\/#\\\/schema\\\/person\\\/79bb06722b37ece1c03d3e94beb30d73\",\"name\":\"redazione\",\"image\":{\"@type\":\"ImageObject\",\"inLanguage\":\"fr-FR\",\"@id\":\"https:\\\/\\\/secure.gravatar.com\\\/avatar\\\/37d968a2e67a6fd04c169c4bdef102d0bc5d31b2546345219e348575eb80e9a0?s=96&d=mm&r=g\",\"url\":\"https:\\\/\\\/secure.gravatar.com\\\/avatar\\\/37d968a2e67a6fd04c169c4bdef102d0bc5d31b2546345219e348575eb80e9a0?s=96&d=mm&r=g\",\"contentUrl\":\"https:\\\/\\\/secure.gravatar.com\\\/avatar\\\/37d968a2e67a6fd04c169c4bdef102d0bc5d31b2546345219e348575eb80e9a0?s=96&d=mm&r=g\",\"caption\":\"redazione\"},\"sameAs\":[\"http:\\\/\\\/www.bellunopress.it\",\"https:\\\/\\\/x.com\\\/bellunopress\"],\"url\":\"https:\\\/\\\/www.bellunopress.it\\\/fr\\\/author\\\/redazione\\\/\"}]}<\/script>\n<!-- \/ Yoast SEO plugin. -->","yoast_head_json":{"title":"Il fallito attentato a Mussolini di Angelo Sbardellotto, l'anarchico originario di Villa di Villa fucilato a Roma nel 1932  - Bellunopress - Dolomiti","robots":{"index":"index","follow":"follow","max-snippet":"max-snippet:-1","max-image-preview":"max-image-preview:large","max-video-preview":"max-video-preview:-1"},"canonical":"https:\/\/www.bellunopress.it\/fr\/2009\/08\/29\/il-fallito-attentato-a-mussolini-di-angelo-sbardellotto-lanarchico-originario-di-villa-di-villa-fucilato-a-roma-nel-1932\/","og_locale":"fr_FR","og_type":"article","og_title":"Il fallito attentato a Mussolini di Angelo Sbardellotto, l'anarchico originario di Villa di Villa fucilato a Roma nel 1932  - Bellunopress - Dolomiti","og_description":"Proseguiamo gli Speciali di Bellunopress con la storia dell&#8217;anarchico Sbardellotto, fucilato per aver progettato di uccidere Mussolini.\u00a0Il pomeriggio del 4 giugno del 1932 a Roma, in Piazza Venezia lungo il marciapiede tra Corso Umberto e Vicolo Mancino, il 24enne anarchico Angelo Pellegrino Sbardellotto nato a Villa di Villa (Mel &#8211; Belluno), viene fermato da due [&hellip;]","og_url":"https:\/\/www.bellunopress.it\/fr\/2009\/08\/29\/il-fallito-attentato-a-mussolini-di-angelo-sbardellotto-lanarchico-originario-di-villa-di-villa-fucilato-a-roma-nel-1932\/","og_site_name":"Bellunopress - Dolomiti","article_publisher":"https:\/\/www.facebook.com\/profile.php?id=100008943462799","article_published_time":"2009-08-29T08:15:53+00:00","article_modified_time":"2010-02-19T14:48:05+00:00","og_image":[{"url":"http:\/\/www.bellunopress.it\/wp-content\/uploads\/2009\/08\/angelo-sbardellotto.jpg","type":"","width":"","height":""}],"author":"redazione","twitter_card":"summary_large_image","twitter_creator":"@bellunopress","twitter_site":"@bellunopress","twitter_misc":{"\u00c9crit par":"redazione","Dur\u00e9e de lecture estim\u00e9e":"10 minutes"},"schema":{"@context":"https:\/\/schema.org","@graph":[{"@type":"Article","@id":"https:\/\/www.bellunopress.it\/2009\/08\/29\/il-fallito-attentato-a-mussolini-di-angelo-sbardellotto-lanarchico-originario-di-villa-di-villa-fucilato-a-roma-nel-1932\/#article","isPartOf":{"@id":"https:\/\/www.bellunopress.it\/2009\/08\/29\/il-fallito-attentato-a-mussolini-di-angelo-sbardellotto-lanarchico-originario-di-villa-di-villa-fucilato-a-roma-nel-1932\/"},"author":{"name":"redazione","@id":"https:\/\/www.bellunopress.it\/#\/schema\/person\/79bb06722b37ece1c03d3e94beb30d73"},"headline":"Il fallito attentato a Mussolini di Angelo Sbardellotto, l&#8217;anarchico originario di Villa di Villa fucilato a Roma nel 1932","datePublished":"2009-08-29T08:15:53+00:00","dateModified":"2010-02-19T14:48:05+00:00","mainEntityOfPage":{"@id":"https:\/\/www.bellunopress.it\/2009\/08\/29\/il-fallito-attentato-a-mussolini-di-angelo-sbardellotto-lanarchico-originario-di-villa-di-villa-fucilato-a-roma-nel-1932\/"},"wordCount":1964,"publisher":{"@id":"https:\/\/www.bellunopress.it\/#organization"},"image":{"@id":"https:\/\/www.bellunopress.it\/2009\/08\/29\/il-fallito-attentato-a-mussolini-di-angelo-sbardellotto-lanarchico-originario-di-villa-di-villa-fucilato-a-roma-nel-1932\/#primaryimage"},"thumbnailUrl":"http:\/\/www.bellunopress.it\/wp-content\/uploads\/2009\/08\/angelo-sbardellotto.jpg","keywords":["angelo pellegrino sbardellotto","Emidio Recchioni","fallito attentato Mussolini","Forte Bravetta","Giuseppe Galzerano","Giustizia e Libert\u00e0","Roberto De Nart"],"articleSection":["Gli speciali di Bellunopress","Prima Pagina"],"inLanguage":"fr-FR"},{"@type":"WebPage","@id":"https:\/\/www.bellunopress.it\/2009\/08\/29\/il-fallito-attentato-a-mussolini-di-angelo-sbardellotto-lanarchico-originario-di-villa-di-villa-fucilato-a-roma-nel-1932\/","url":"https:\/\/www.bellunopress.it\/2009\/08\/29\/il-fallito-attentato-a-mussolini-di-angelo-sbardellotto-lanarchico-originario-di-villa-di-villa-fucilato-a-roma-nel-1932\/","name":"Il fallito attentato a Mussolini di Angelo Sbardellotto, l'anarchico originario di Villa di Villa fucilato a Roma nel 1932 - Bellunopress - Dolomiti","isPartOf":{"@id":"https:\/\/www.bellunopress.it\/#website"},"primaryImageOfPage":{"@id":"https:\/\/www.bellunopress.it\/2009\/08\/29\/il-fallito-attentato-a-mussolini-di-angelo-sbardellotto-lanarchico-originario-di-villa-di-villa-fucilato-a-roma-nel-1932\/#primaryimage"},"image":{"@id":"https:\/\/www.bellunopress.it\/2009\/08\/29\/il-fallito-attentato-a-mussolini-di-angelo-sbardellotto-lanarchico-originario-di-villa-di-villa-fucilato-a-roma-nel-1932\/#primaryimage"},"thumbnailUrl":"http:\/\/www.bellunopress.it\/wp-content\/uploads\/2009\/08\/angelo-sbardellotto.jpg","datePublished":"2009-08-29T08:15:53+00:00","dateModified":"2010-02-19T14:48:05+00:00","breadcrumb":{"@id":"https:\/\/www.bellunopress.it\/2009\/08\/29\/il-fallito-attentato-a-mussolini-di-angelo-sbardellotto-lanarchico-originario-di-villa-di-villa-fucilato-a-roma-nel-1932\/#breadcrumb"},"inLanguage":"fr-FR","potentialAction":[{"@type":"ReadAction","target":["https:\/\/www.bellunopress.it\/2009\/08\/29\/il-fallito-attentato-a-mussolini-di-angelo-sbardellotto-lanarchico-originario-di-villa-di-villa-fucilato-a-roma-nel-1932\/"]}]},{"@type":"ImageObject","inLanguage":"fr-FR","@id":"https:\/\/www.bellunopress.it\/2009\/08\/29\/il-fallito-attentato-a-mussolini-di-angelo-sbardellotto-lanarchico-originario-di-villa-di-villa-fucilato-a-roma-nel-1932\/#primaryimage","url":"http:\/\/www.bellunopress.it\/wp-content\/uploads\/2009\/08\/angelo-sbardellotto.jpg","contentUrl":"http:\/\/www.bellunopress.it\/wp-content\/uploads\/2009\/08\/angelo-sbardellotto.jpg"},{"@type":"BreadcrumbList","@id":"https:\/\/www.bellunopress.it\/2009\/08\/29\/il-fallito-attentato-a-mussolini-di-angelo-sbardellotto-lanarchico-originario-di-villa-di-villa-fucilato-a-roma-nel-1932\/#breadcrumb","itemListElement":[{"@type":"ListItem","position":1,"name":"Home","item":"https:\/\/www.bellunopress.it\/"},{"@type":"ListItem","position":2,"name":"Il fallito attentato a Mussolini di Angelo Sbardellotto, l&#8217;anarchico originario di Villa di Villa fucilato a Roma nel 1932"}]},{"@type":"WebSite","@id":"https:\/\/www.bellunopress.it\/#website","url":"https:\/\/www.bellunopress.it\/","name":"Bellunopress - Dolomiti","description":"e-mail: redazione@bellunopress.it","publisher":{"@id":"https:\/\/www.bellunopress.it\/#organization"},"potentialAction":[{"@type":"SearchAction","target":{"@type":"EntryPoint","urlTemplate":"https:\/\/www.bellunopress.it\/?s={search_term_string}"},"query-input":{"@type":"PropertyValueSpecification","valueRequired":true,"valueName":"search_term_string"}}],"inLanguage":"fr-FR"},{"@type":"Organization","@id":"https:\/\/www.bellunopress.it\/#organization","name":"Bellunopress","url":"https:\/\/www.bellunopress.it\/","logo":{"@type":"ImageObject","inLanguage":"fr-FR","@id":"https:\/\/www.bellunopress.it\/#\/schema\/logo\/image\/","url":"https:\/\/www.bellunopress.it\/wp-content\/uploads\/2011\/05\/cropped-logo-bellunopress-.jpg","contentUrl":"https:\/\/www.bellunopress.it\/wp-content\/uploads\/2011\/05\/cropped-logo-bellunopress-.jpg","width":512,"height":512,"caption":"Bellunopress"},"image":{"@id":"https:\/\/www.bellunopress.it\/#\/schema\/logo\/image\/"},"sameAs":["https:\/\/www.facebook.com\/profile.php?id=100008943462799","https:\/\/x.com\/bellunopress","https:\/\/www.linkedin.com\/hp\/?dnr=JBzUWaJfMUw8vbXJJ2tVW5-I3jZKvC4wsoxE&amp;amp;amp;amp;amp;amp;trk=nav_responsive_tab_home","https:\/\/www.youtube.com\/channel\/UCxL0wu1uN0_3_7hGG0306cw"]},{"@type":"Person","@id":"https:\/\/www.bellunopress.it\/#\/schema\/person\/79bb06722b37ece1c03d3e94beb30d73","name":"r\u00e9daction","image":{"@type":"ImageObject","inLanguage":"fr-FR","@id":"https:\/\/secure.gravatar.com\/avatar\/37d968a2e67a6fd04c169c4bdef102d0bc5d31b2546345219e348575eb80e9a0?s=96&d=mm&r=g","url":"https:\/\/secure.gravatar.com\/avatar\/37d968a2e67a6fd04c169c4bdef102d0bc5d31b2546345219e348575eb80e9a0?s=96&d=mm&r=g","contentUrl":"https:\/\/secure.gravatar.com\/avatar\/37d968a2e67a6fd04c169c4bdef102d0bc5d31b2546345219e348575eb80e9a0?s=96&d=mm&r=g","caption":"redazione"},"sameAs":["http:\/\/www.bellunopress.it","https:\/\/x.com\/bellunopress"],"url":"https:\/\/www.bellunopress.it\/fr\/author\/redazione\/"}]}},"_links":{"self":[{"href":"https:\/\/www.bellunopress.it\/fr\/wp-json\/wp\/v2\/posts\/7489","targetHints":{"allow":["GET"]}}],"collection":[{"href":"https:\/\/www.bellunopress.it\/fr\/wp-json\/wp\/v2\/posts"}],"about":[{"href":"https:\/\/www.bellunopress.it\/fr\/wp-json\/wp\/v2\/types\/post"}],"author":[{"embeddable":true,"href":"https:\/\/www.bellunopress.it\/fr\/wp-json\/wp\/v2\/users\/2"}],"replies":[{"embeddable":true,"href":"https:\/\/www.bellunopress.it\/fr\/wp-json\/wp\/v2\/comments?post=7489"}],"version-history":[{"count":6,"href":"https:\/\/www.bellunopress.it\/fr\/wp-json\/wp\/v2\/posts\/7489\/revisions"}],"predecessor-version":[{"id":7495,"href":"https:\/\/www.bellunopress.it\/fr\/wp-json\/wp\/v2\/posts\/7489\/revisions\/7495"}],"wp:attachment":[{"href":"https:\/\/www.bellunopress.it\/fr\/wp-json\/wp\/v2\/media?parent=7489"}],"wp:term":[{"taxonomy":"category","embeddable":true,"href":"https:\/\/www.bellunopress.it\/fr\/wp-json\/wp\/v2\/categories?post=7489"},{"taxonomy":"post_tag","embeddable":true,"href":"https:\/\/www.bellunopress.it\/fr\/wp-json\/wp\/v2\/tags?post=7489"}],"curies":[{"name":"wp","href":"https:\/\/api.w.org\/{rel}","templated":true}]}}