{"id":7486,"date":"2009-08-29T08:31:48","date_gmt":"2009-08-29T07:31:48","guid":{"rendered":"http:\/\/www.bellunopress.it\/?p=7486"},"modified":"2009-08-29T14:27:34","modified_gmt":"2009-08-29T13:27:34","slug":"evasione-fiscale-elusione-falsi-poveri-ecco-il-bilancio-dellestate-2009-delle-fiamme-gialle-venete","status":"publish","type":"post","link":"https:\/\/www.bellunopress.it\/fr\/2009\/08\/29\/evasione-fiscale-elusione-falsi-poveri-ecco-il-bilancio-dellestate-2009-delle-fiamme-gialle-venete\/","title":{"rendered":"Evasione fiscale, elusione, falsi poveri, ecco il bilancio dell&#8217;estate 2009 delle Fiamme gialle venete"},"content":{"rendered":"<p><strong>Fiscalit\u00e0 e controlli estivi. <\/strong>Proseguono senza sosta, anche in periodo di vacanze, i controlli \u201cantievasione\u201d dei finanzieri del Comando Regionale Veneto, retto dal Gen. B. Mario D\u2019Alonzo. Sulla scorta delle direttive impartite dal Ministro dell\u2019Economia e delle Finanze, il Corpo sta dando attuazione ad un\u2019incisiva azione di contrasto\u00a0 all\u2019illegalit\u00e0 fiscale ed economica, che ha impresso un forte impulso all\u2019attivit\u00e0 ispettiva delle ultime settimane. I risultati si sono subito visti. Ampiamente positivo \u00e8 il bilancio per le Fiamme Gialle venete che, nel corso dell\u2019estate, hanno scoperto redditi sottratti a tassazione per 640 milioni di euro ed un\u2019IVA evasa pari a 148 milioni di euro. Si tratta di importi che vanno a sommarsi ai recuperi finora operati e che, per i primi sette mesi dell\u2019anno, ammontano a cifre ragguardevoli: circa 2,4 miliardi di euro di base imponibile non dichiarata (pi\u00f9 150 % rispetto allo stesso periodo del 2008) e 470 milioni di euro di IVA evasa (pi\u00f9 140 %) . Sul fronte del sommerso, a partire dal mese di giugno,\u00a0 sono stati verificati 154 soggetti tra evasori totali (completamente sconosciuti al fisco) e paratotali (che hanno presentato dichiarazioni con imponibili inferiori alla met\u00e0 di quelle effettivamente realizzate). Per quanto riguarda il sommerso \u201cda lavoro\u201d, sono stati individuati ben 466 lavoratori \u201cin nero\u201d o irregolari . Da gennaio, sono stati scoperti complessivamente 448 evasori totali\/paratotali e 1.800 lavoratori \u201cin nero\u201d\/irregolari. I finanzieri del Veneto, nelle ultime settimane, hanno riservato particolare attenzione alle attivit\u00e0 tipiche della stagione estiva quali alberghi, ristoranti e pizzerie, bar e gelaterie, stabilimenti balneari, discoteche e strutture ricettive, effettuando controlli nelle localit\u00e0 di maggior richiamo per i turisti, dove sono scattati 5800 controlli per riscontrare il rispetto degli obblighi in materia di scontrini e ricevute fiscali: 1270 sono stati quelli irregolari (nel 22% dei casi non \u00e8 stato emesso il documento fiscale). Dall\u2019inizio dell\u2019anno, i controlli della specie sono stati oltre 17.000 in tutta la regione.<\/p>\n<p><strong>2.\u00a0 Indici di capacit\u00e0 contributiva.<br \/>\n<\/strong>Di non poco conto anche la ricerca degli \u201cindici di capacit\u00e0 contributiva\u201d, espletata, a partire da quest\u2019anno, nei confronti dei contribuenti che manifestano una \u201cricchezza\u201d elevata rispetto al contenuto delle dichiarazioni fiscali presentate.<br \/>\nFiniscono sotto la lente della Guardia di Finanza autovetture di lusso, imbarcazioni da diporto, aeromobili, campers, motocicli, roulottes, residenze principali e secondarie, collaboratori familiari, cavalli da corsa, assicurazioni o ancora viaggi costosi, beauty farm e circoli esclusivi. A partire da tali beni e servizi, i militari risalgono ai contribuenti che dichiarano redditi insufficienti a sostenere il proprio tenore di vita; come conseguenza, le evidenti diston\u00ece emerse comportano, in presenza di taluni presupposti, l\u2019avvio di verifiche fiscali che consentiranno la ricostruzione della reale situazione reddituale del soggetto o pi\u00f9 semplicemente l\u2019applicazione del \u201credditometro\u201d (che \u00e8 una tipologia di accertamento che permette di determinare, presuntivamente e in modo automatico, maggiori redditi sulla base alle spese sostenute, espressive di capacit\u00e0 contributiva). Ad oggi, il Comando Regionale Veneto ha concentrato l\u2019attenzione su 840 posizioni (1500 quelle da vagliare entro l\u2019anno), che sono state inserite in un\u2019applicativo informatico (C.E.TE) che permette &#8211; mediante l\u2019incrocio con varie banche dati &#8211; di attribuire ad ogni soggetto un \u201cindice di rischio\u201d, utile ad orientare i reparti sulla portata dell\u2019intervento da operare. A questo si ricollega il fenomeno dei \u201cfinti poveri\u201d. Numerosi quelli scoperti a condurre una vita molto agiata (perch\u00e9 proprietari di abitazioni secondarie di pregio o di automobili fuoriserie) e che, tuttavia, beneficiavano di \u201cprestazioni sociali agevolate\u201d (ad esempio, assegni per nuclei familiari numerosi, agevolazioni per iscrizioni agli asili d\u2019infanzia, esenzioni da ticket per prestazioni sanitarie, assegnazioni di alloggi di edilizia residenziale pubblica), ossia quei servizi o benefici socio-assistenziali erogati da taluni enti, in favore di soggetti che versano in determinate condizioni economiche, misurate dall\u2019I.S.E.E. (indicatore che valuta in maniera sintetica le condizioni economiche delle famiglie, sulla base delle autocertificazioni prodotte). Recentemente, taluni casi eclatanti sono stati individuati a Padova, dove sono stati individuati 58 \u201cfalsi poveri\u201d. Tra questi ve ne sono alcuni assegnatari di alloggi di Edilizia Residenziale Pubblica che, nonostante gli esigui redditi dichiarati, hanno in uso anche automobili di gran lusso, quali PORSCHE e JAGUAR (un imprenditore che ha dichiarato in media 2.500 euro l\u2019anno \u00e8 risultato proprietario di una villa in citt\u00e0, una in Sardegna e di una PORSCHE \u201cCARRERA 911\u201d).\u00a0 A Treviso, sono stati individuati 168 proprietari di \u201cseconde abitazioni\u201d sul litorale Jesolano che hanno dichiarato redditi inferiori ai 10.000 euro e altri 43, sempre con seconda casa al mare, che non hanno presentato alcuna dichiarazione dei redditi.<\/p>\n<p><strong>3. \u00a0\u201cFalso e made in Italy\u201d.<br \/>\n<\/strong>Altro fronte che vede fortemente impegnata la Guardia di Finanza \u00e8 quello del commercio abusivo di false griffe, di prodotti venduti come falsi \u201cmade in Italy\u201d o di prodotti non sicuri. Lungo i litorali veneti (marini e lacustri), in luglio ed agosto, sono stati svolti 139 controlli con numerosi sequestri. Dall\u2019inizio dell\u2019anno, la lotta alla contraffazione ed alla commercializzazione di prodotti non sicuri \u00e8 stata condotta con particolare vigore da tutti i reparti e lo testimoniano i numeri: 7 milioni i pezzi sequestrati, risultato di ben dodici volte superiore a quello conseguito nello stesso periodo del 2008. I sequestri pi\u00f9 importanti hanno riguardato cosmetici, capi e accessori per l\u2019abbigliamento, giocattoli, occhiali e calzature. In proposito, si ricorda che, a partire dallo scorso 15 agosto, la\u00a0 c.d. \u201clegge Sviluppo\u201d (legge n. 99 del 23 luglio scorso) ha previsto un inasprimento delle sanzioni per contrastrare la contraffazione\u00a0 e per la tutela del \u201cmade in Italy\u201d ed ha esteso a questo comparto tecniche d\u2019indagine pi\u00f9 incisive, con l\u2019obiettivo finale di risalire la \u201cfiliera falso\u201d, fino ai livelli pi\u00f9 alti dei centri decisionali. Tale legge prevede, tra le tante novit\u00e0, un alleggerimento delle sanzioni amministrative per gli acquirenti finali di prodotti contraffatti o usurpativi del \u201cmade in Italy\u201d (per i cosiddetti acquisti \u201cda spiaggia\u201d); ove invece gli acquirenti siano anche operatori commerciali, la situazione cambia poich\u00e9 alla sanzione amministrativa pecuniaria si aggiunge la confisca amministrativa dei locali di vendita o deposito (salvo che il fatto non sia perseguibile penalmente).<\/p>\n<p><strong>4.\u00a0Contrasto ai paradisi fiscali e scudo fiscale.<br \/>\n<\/strong>Le recenti misure varate dal <a href=\"http:\/\/www.bellunopress.it\/wp-content\/uploads\/2009\/08\/guardia-di-finanza-sequestro-merce.jpg\"><img loading=\"lazy\" decoding=\"async\" class=\"alignleft size-medium wp-image-7487\" title=\"guardia-di-finanza-sequestro-merce\" src=\"http:\/\/www.bellunopress.it\/wp-content\/uploads\/2009\/08\/guardia-di-finanza-sequestro-merce.jpg\" alt=\"\" width=\"180\" height=\"240\" \/><\/a>Governo &#8211; il c.d. \u201cdecreto anticrisi\u201d &#8211; hanno spostato il \u201cbaricentro\u201d dei controlli verso forme di evasione e di elusione legate alla fiscalit\u00e0 internazionale, realizzate mediante le fittizie residenze all\u2019estero, con l\u2019unico scopo di sottrarre alla tassazione in Italia materia imponibile, beneficiando di un\u2019imposizione molto pi\u00f9 favorevole in \u201cparadisi fiscali\u201d. Fruttuosa, anche sotto questo aspetto, l\u2019attivit\u00e0 della Guardia di Finanza veneta che, a Verona, Venezia e Vicenza, ha individuato circa 100 milioni di redditi e 23 milioni di IVA sottratti al Fisco nazionale. Lo stesso decreto reca, inoltre, norme che investono il fronte degli investimenti e delle attivit\u00e0 finanziarie all\u2019estero e lo \u201cscudo fiscale\u201d. Infatti, per prevenire e reprimere l\u2019illecito trasferimento di capitali da e per l\u2019estero ed incoraggiare, al contempo, il rientro di quelli detenuti e trasferiti all\u2019estero da soggetti residenti, sono state inasprite le sanzioni per la violazione degli obblighi di dichiarazione (le sanzioni sono raddoppiate: dal 120% al 240% dell\u2019imposta dovuta in caso di omissione di dichiarazione).In pi\u00f9, \u00e8 stata introdotta &#8211; in favore dei controllori del Fisco &#8211; una presunzione legale in forza della quale gli investimenti ed attivit\u00e0 finanziarie detenuti in Paesi \u201cblack list\u201d &#8211; in violazione degli obblighi dichiarativi \u2013 sono considerati redditi sottratti a tassazione. In proposito, le violazioni alla normativa sul \u201cmonitoraggio fiscale\u201d dei capitali, nel corso del 2009, sono state complessivamente 259 (30 in pi\u00f9 rispetto all\u2019analogo periodo del 2008). L\u2019esperienza operativa ha dimostrato che sono ancora numerosi i casi di soggetti che, passando attraverso porti e aeroporti veneti, tentano di trasferire all\u2019estero denaro contante, magari occultato sulla persona, cercando di confondersi nel flusso dei turisti. E\u2019 di questi giorni l\u2019intervento operato all\u2019aeroporto di Verona, dove i finanzieri hanno controllato un soggetto intento ad imbarcarsi su un volo internazionale, con al seguito la somma di 100.000 euro in\u00a0 banconote, nascoste all\u2019interno dei propri bagagli. In tema di elusione fiscale internazionale, l\u2019esperienza operativa dei Reparti del Corpo ha permesso di risalire anche ad alcune societ\u00e0 venete che hanno aggirato la normativa nazionale attraverso la costituzione di stabili organizzazioni all\u2019estero, beneficiando \u2013 indebitamente \u2013 di vantaggi fiscali in Italia.<\/p>","protected":false},"excerpt":{"rendered":"<p>Fiscalit\u00e0 e controlli estivi. Proseguono senza sosta, anche in periodo di vacanze, i controlli \u201cantievasione\u201d dei finanzieri del Comando Regionale Veneto, retto dal Gen. B. Mario D\u2019Alonzo. Sulla scorta delle direttive impartite dal Ministro dell\u2019Economia e delle Finanze, il Corpo sta dando attuazione ad un\u2019incisiva azione di contrasto\u00a0 all\u2019illegalit\u00e0 fiscale ed economica, che ha impresso [&hellip;]<\/p>\n","protected":false},"author":2,"featured_media":0,"comment_status":"closed","ping_status":"open","sticky":false,"template":"","format":"standard","meta":{"footnotes":""},"categories":[36,26],"tags":[139],"class_list":["post-7486","post","type-post","status-publish","format-standard","category-lavoro-economia","category-prima-pagina","tag-belluno"],"yoast_head":"<!-- This site is optimized with the Yoast SEO plugin v28.4 - https:\/\/yoast.com\/product\/yoast-seo-wordpress\/ -->\n<title>Evasione fiscale, elusione, falsi poveri, ecco il bilancio dell&#039;estate 2009 delle Fiamme gialle venete - Bellunopress - Dolomiti<\/title>\n<meta name=\"robots\" content=\"index, follow, max-snippet:-1, max-image-preview:large, max-video-preview:-1\" \/>\n<link rel=\"canonical\" href=\"https:\/\/www.bellunopress.it\/fr\/2009\/08\/29\/evasione-fiscale-elusione-falsi-poveri-ecco-il-bilancio-dellestate-2009-delle-fiamme-gialle-venete\/\" \/>\n<meta property=\"og:locale\" content=\"fr_FR\" \/>\n<meta property=\"og:type\" content=\"article\" \/>\n<meta property=\"og:title\" content=\"Evasione fiscale, elusione, falsi poveri, ecco il bilancio dell&#039;estate 2009 delle Fiamme gialle venete - Bellunopress - Dolomiti\" \/>\n<meta property=\"og:description\" content=\"Fiscalit\u00e0 e controlli estivi. Proseguono senza sosta, anche in periodo di vacanze, i controlli \u201cantievasione\u201d dei finanzieri del Comando Regionale Veneto, retto dal Gen. B. Mario D\u2019Alonzo. Sulla scorta delle direttive impartite dal Ministro dell\u2019Economia e delle Finanze, il Corpo sta dando attuazione ad un\u2019incisiva azione di contrasto\u00a0 all\u2019illegalit\u00e0 fiscale ed economica, che ha impresso [&hellip;]\" \/>\n<meta property=\"og:url\" content=\"https:\/\/www.bellunopress.it\/fr\/2009\/08\/29\/evasione-fiscale-elusione-falsi-poveri-ecco-il-bilancio-dellestate-2009-delle-fiamme-gialle-venete\/\" \/>\n<meta property=\"og:site_name\" content=\"Bellunopress - Dolomiti\" \/>\n<meta property=\"article:publisher\" content=\"https:\/\/www.facebook.com\/profile.php?id=100008943462799\" \/>\n<meta property=\"article:published_time\" content=\"2009-08-29T07:31:48+00:00\" \/>\n<meta property=\"article:modified_time\" content=\"2009-08-29T13:27:34+00:00\" \/>\n<meta property=\"og:image\" content=\"http:\/\/www.bellunopress.it\/wp-content\/uploads\/2009\/08\/guardia-di-finanza-sequestro-merce.jpg\" \/>\n<meta name=\"author\" content=\"redazione\" \/>\n<meta name=\"twitter:card\" content=\"summary_large_image\" \/>\n<meta name=\"twitter:creator\" content=\"@bellunopress\" \/>\n<meta name=\"twitter:site\" content=\"@bellunopress\" \/>\n<meta name=\"twitter:label1\" content=\"\u00c9crit par\" \/>\n\t<meta name=\"twitter:data1\" content=\"redazione\" \/>\n\t<meta name=\"twitter:label2\" content=\"Dur\u00e9e de lecture estim\u00e9e\" \/>\n\t<meta name=\"twitter:data2\" content=\"7 minutes\" \/>\n<script type=\"application\/ld+json\" class=\"yoast-schema-graph\">{\"@context\":\"https:\\\/\\\/schema.org\",\"@graph\":[{\"@type\":\"Article\",\"@id\":\"https:\\\/\\\/www.bellunopress.it\\\/2009\\\/08\\\/29\\\/evasione-fiscale-elusione-falsi-poveri-ecco-il-bilancio-dellestate-2009-delle-fiamme-gialle-venete\\\/#article\",\"isPartOf\":{\"@id\":\"https:\\\/\\\/www.bellunopress.it\\\/2009\\\/08\\\/29\\\/evasione-fiscale-elusione-falsi-poveri-ecco-il-bilancio-dellestate-2009-delle-fiamme-gialle-venete\\\/\"},\"author\":{\"name\":\"redazione\",\"@id\":\"https:\\\/\\\/www.bellunopress.it\\\/#\\\/schema\\\/person\\\/79bb06722b37ece1c03d3e94beb30d73\"},\"headline\":\"Evasione fiscale, elusione, falsi poveri, ecco il bilancio dell&#8217;estate 2009 delle Fiamme gialle venete\",\"datePublished\":\"2009-08-29T07:31:48+00:00\",\"dateModified\":\"2009-08-29T13:27:34+00:00\",\"mainEntityOfPage\":{\"@id\":\"https:\\\/\\\/www.bellunopress.it\\\/2009\\\/08\\\/29\\\/evasione-fiscale-elusione-falsi-poveri-ecco-il-bilancio-dellestate-2009-delle-fiamme-gialle-venete\\\/\"},\"wordCount\":1363,\"publisher\":{\"@id\":\"https:\\\/\\\/www.bellunopress.it\\\/#organization\"},\"image\":{\"@id\":\"https:\\\/\\\/www.bellunopress.it\\\/2009\\\/08\\\/29\\\/evasione-fiscale-elusione-falsi-poveri-ecco-il-bilancio-dellestate-2009-delle-fiamme-gialle-venete\\\/#primaryimage\"},\"thumbnailUrl\":\"http:\\\/\\\/www.bellunopress.it\\\/wp-content\\\/uploads\\\/2009\\\/08\\\/guardia-di-finanza-sequestro-merce.jpg\",\"keywords\":[\"Belluno\"],\"articleSection\":[\"Lavoro, Economia, Turismo\",\"Prima Pagina\"],\"inLanguage\":\"fr-FR\"},{\"@type\":\"WebPage\",\"@id\":\"https:\\\/\\\/www.bellunopress.it\\\/2009\\\/08\\\/29\\\/evasione-fiscale-elusione-falsi-poveri-ecco-il-bilancio-dellestate-2009-delle-fiamme-gialle-venete\\\/\",\"url\":\"https:\\\/\\\/www.bellunopress.it\\\/2009\\\/08\\\/29\\\/evasione-fiscale-elusione-falsi-poveri-ecco-il-bilancio-dellestate-2009-delle-fiamme-gialle-venete\\\/\",\"name\":\"Evasione fiscale, elusione, falsi poveri, ecco il bilancio dell'estate 2009 delle Fiamme gialle venete - Bellunopress - Dolomiti\",\"isPartOf\":{\"@id\":\"https:\\\/\\\/www.bellunopress.it\\\/#website\"},\"primaryImageOfPage\":{\"@id\":\"https:\\\/\\\/www.bellunopress.it\\\/2009\\\/08\\\/29\\\/evasione-fiscale-elusione-falsi-poveri-ecco-il-bilancio-dellestate-2009-delle-fiamme-gialle-venete\\\/#primaryimage\"},\"image\":{\"@id\":\"https:\\\/\\\/www.bellunopress.it\\\/2009\\\/08\\\/29\\\/evasione-fiscale-elusione-falsi-poveri-ecco-il-bilancio-dellestate-2009-delle-fiamme-gialle-venete\\\/#primaryimage\"},\"thumbnailUrl\":\"http:\\\/\\\/www.bellunopress.it\\\/wp-content\\\/uploads\\\/2009\\\/08\\\/guardia-di-finanza-sequestro-merce.jpg\",\"datePublished\":\"2009-08-29T07:31:48+00:00\",\"dateModified\":\"2009-08-29T13:27:34+00:00\",\"breadcrumb\":{\"@id\":\"https:\\\/\\\/www.bellunopress.it\\\/2009\\\/08\\\/29\\\/evasione-fiscale-elusione-falsi-poveri-ecco-il-bilancio-dellestate-2009-delle-fiamme-gialle-venete\\\/#breadcrumb\"},\"inLanguage\":\"fr-FR\",\"potentialAction\":[{\"@type\":\"ReadAction\",\"target\":[\"https:\\\/\\\/www.bellunopress.it\\\/2009\\\/08\\\/29\\\/evasione-fiscale-elusione-falsi-poveri-ecco-il-bilancio-dellestate-2009-delle-fiamme-gialle-venete\\\/\"]}]},{\"@type\":\"ImageObject\",\"inLanguage\":\"fr-FR\",\"@id\":\"https:\\\/\\\/www.bellunopress.it\\\/2009\\\/08\\\/29\\\/evasione-fiscale-elusione-falsi-poveri-ecco-il-bilancio-dellestate-2009-delle-fiamme-gialle-venete\\\/#primaryimage\",\"url\":\"http:\\\/\\\/www.bellunopress.it\\\/wp-content\\\/uploads\\\/2009\\\/08\\\/guardia-di-finanza-sequestro-merce.jpg\",\"contentUrl\":\"http:\\\/\\\/www.bellunopress.it\\\/wp-content\\\/uploads\\\/2009\\\/08\\\/guardia-di-finanza-sequestro-merce.jpg\"},{\"@type\":\"BreadcrumbList\",\"@id\":\"https:\\\/\\\/www.bellunopress.it\\\/2009\\\/08\\\/29\\\/evasione-fiscale-elusione-falsi-poveri-ecco-il-bilancio-dellestate-2009-delle-fiamme-gialle-venete\\\/#breadcrumb\",\"itemListElement\":[{\"@type\":\"ListItem\",\"position\":1,\"name\":\"Home\",\"item\":\"https:\\\/\\\/www.bellunopress.it\\\/\"},{\"@type\":\"ListItem\",\"position\":2,\"name\":\"Evasione fiscale, elusione, falsi poveri, ecco il bilancio dell&#8217;estate 2009 delle Fiamme gialle venete\"}]},{\"@type\":\"WebSite\",\"@id\":\"https:\\\/\\\/www.bellunopress.it\\\/#website\",\"url\":\"https:\\\/\\\/www.bellunopress.it\\\/\",\"name\":\"Bellunopress - Dolomiti\",\"description\":\"e-mail: redazione@bellunopress.it\",\"publisher\":{\"@id\":\"https:\\\/\\\/www.bellunopress.it\\\/#organization\"},\"potentialAction\":[{\"@type\":\"SearchAction\",\"target\":{\"@type\":\"EntryPoint\",\"urlTemplate\":\"https:\\\/\\\/www.bellunopress.it\\\/?s={search_term_string}\"},\"query-input\":{\"@type\":\"PropertyValueSpecification\",\"valueRequired\":true,\"valueName\":\"search_term_string\"}}],\"inLanguage\":\"fr-FR\"},{\"@type\":\"Organization\",\"@id\":\"https:\\\/\\\/www.bellunopress.it\\\/#organization\",\"name\":\"Bellunopress\",\"url\":\"https:\\\/\\\/www.bellunopress.it\\\/\",\"logo\":{\"@type\":\"ImageObject\",\"inLanguage\":\"fr-FR\",\"@id\":\"https:\\\/\\\/www.bellunopress.it\\\/#\\\/schema\\\/logo\\\/image\\\/\",\"url\":\"https:\\\/\\\/www.bellunopress.it\\\/wp-content\\\/uploads\\\/2011\\\/05\\\/cropped-logo-bellunopress-.jpg\",\"contentUrl\":\"https:\\\/\\\/www.bellunopress.it\\\/wp-content\\\/uploads\\\/2011\\\/05\\\/cropped-logo-bellunopress-.jpg\",\"width\":512,\"height\":512,\"caption\":\"Bellunopress\"},\"image\":{\"@id\":\"https:\\\/\\\/www.bellunopress.it\\\/#\\\/schema\\\/logo\\\/image\\\/\"},\"sameAs\":[\"https:\\\/\\\/www.facebook.com\\\/profile.php?id=100008943462799\",\"https:\\\/\\\/x.com\\\/bellunopress\",\"https:\\\/\\\/www.linkedin.com\\\/hp\\\/?dnr=JBzUWaJfMUw8vbXJJ2tVW5-I3jZKvC4wsoxE&amp;amp;amp;amp;amp;amp;trk=nav_responsive_tab_home\",\"https:\\\/\\\/www.youtube.com\\\/channel\\\/UCxL0wu1uN0_3_7hGG0306cw\"]},{\"@type\":\"Person\",\"@id\":\"https:\\\/\\\/www.bellunopress.it\\\/#\\\/schema\\\/person\\\/79bb06722b37ece1c03d3e94beb30d73\",\"name\":\"redazione\",\"image\":{\"@type\":\"ImageObject\",\"inLanguage\":\"fr-FR\",\"@id\":\"https:\\\/\\\/secure.gravatar.com\\\/avatar\\\/37d968a2e67a6fd04c169c4bdef102d0bc5d31b2546345219e348575eb80e9a0?s=96&d=mm&r=g\",\"url\":\"https:\\\/\\\/secure.gravatar.com\\\/avatar\\\/37d968a2e67a6fd04c169c4bdef102d0bc5d31b2546345219e348575eb80e9a0?s=96&d=mm&r=g\",\"contentUrl\":\"https:\\\/\\\/secure.gravatar.com\\\/avatar\\\/37d968a2e67a6fd04c169c4bdef102d0bc5d31b2546345219e348575eb80e9a0?s=96&d=mm&r=g\",\"caption\":\"redazione\"},\"sameAs\":[\"http:\\\/\\\/www.bellunopress.it\",\"https:\\\/\\\/x.com\\\/bellunopress\"],\"url\":\"https:\\\/\\\/www.bellunopress.it\\\/fr\\\/author\\\/redazione\\\/\"}]}<\/script>\n<!-- \/ Yoast SEO plugin. -->","yoast_head_json":{"title":"Evasione fiscale, elusione, falsi poveri, ecco il bilancio dell'estate 2009 delle Fiamme gialle venete - Bellunopress - Dolomiti","robots":{"index":"index","follow":"follow","max-snippet":"max-snippet:-1","max-image-preview":"max-image-preview:large","max-video-preview":"max-video-preview:-1"},"canonical":"https:\/\/www.bellunopress.it\/fr\/2009\/08\/29\/evasione-fiscale-elusione-falsi-poveri-ecco-il-bilancio-dellestate-2009-delle-fiamme-gialle-venete\/","og_locale":"fr_FR","og_type":"article","og_title":"Evasione fiscale, elusione, falsi poveri, ecco il bilancio dell'estate 2009 delle Fiamme gialle venete - Bellunopress - Dolomiti","og_description":"Fiscalit\u00e0 e controlli estivi. Proseguono senza sosta, anche in periodo di vacanze, i controlli \u201cantievasione\u201d dei finanzieri del Comando Regionale Veneto, retto dal Gen. B. Mario D\u2019Alonzo. Sulla scorta delle direttive impartite dal Ministro dell\u2019Economia e delle Finanze, il Corpo sta dando attuazione ad un\u2019incisiva azione di contrasto\u00a0 all\u2019illegalit\u00e0 fiscale ed economica, che ha impresso [&hellip;]","og_url":"https:\/\/www.bellunopress.it\/fr\/2009\/08\/29\/evasione-fiscale-elusione-falsi-poveri-ecco-il-bilancio-dellestate-2009-delle-fiamme-gialle-venete\/","og_site_name":"Bellunopress - Dolomiti","article_publisher":"https:\/\/www.facebook.com\/profile.php?id=100008943462799","article_published_time":"2009-08-29T07:31:48+00:00","article_modified_time":"2009-08-29T13:27:34+00:00","og_image":[{"url":"http:\/\/www.bellunopress.it\/wp-content\/uploads\/2009\/08\/guardia-di-finanza-sequestro-merce.jpg","type":"","width":"","height":""}],"author":"redazione","twitter_card":"summary_large_image","twitter_creator":"@bellunopress","twitter_site":"@bellunopress","twitter_misc":{"\u00c9crit par":"redazione","Dur\u00e9e de lecture estim\u00e9e":"7 minutes"},"schema":{"@context":"https:\/\/schema.org","@graph":[{"@type":"Article","@id":"https:\/\/www.bellunopress.it\/2009\/08\/29\/evasione-fiscale-elusione-falsi-poveri-ecco-il-bilancio-dellestate-2009-delle-fiamme-gialle-venete\/#article","isPartOf":{"@id":"https:\/\/www.bellunopress.it\/2009\/08\/29\/evasione-fiscale-elusione-falsi-poveri-ecco-il-bilancio-dellestate-2009-delle-fiamme-gialle-venete\/"},"author":{"name":"redazione","@id":"https:\/\/www.bellunopress.it\/#\/schema\/person\/79bb06722b37ece1c03d3e94beb30d73"},"headline":"Evasione fiscale, elusione, falsi poveri, ecco il bilancio dell&#8217;estate 2009 delle Fiamme gialle venete","datePublished":"2009-08-29T07:31:48+00:00","dateModified":"2009-08-29T13:27:34+00:00","mainEntityOfPage":{"@id":"https:\/\/www.bellunopress.it\/2009\/08\/29\/evasione-fiscale-elusione-falsi-poveri-ecco-il-bilancio-dellestate-2009-delle-fiamme-gialle-venete\/"},"wordCount":1363,"publisher":{"@id":"https:\/\/www.bellunopress.it\/#organization"},"image":{"@id":"https:\/\/www.bellunopress.it\/2009\/08\/29\/evasione-fiscale-elusione-falsi-poveri-ecco-il-bilancio-dellestate-2009-delle-fiamme-gialle-venete\/#primaryimage"},"thumbnailUrl":"http:\/\/www.bellunopress.it\/wp-content\/uploads\/2009\/08\/guardia-di-finanza-sequestro-merce.jpg","keywords":["Belluno"],"articleSection":["Lavoro, Economia, Turismo","Prima Pagina"],"inLanguage":"fr-FR"},{"@type":"WebPage","@id":"https:\/\/www.bellunopress.it\/2009\/08\/29\/evasione-fiscale-elusione-falsi-poveri-ecco-il-bilancio-dellestate-2009-delle-fiamme-gialle-venete\/","url":"https:\/\/www.bellunopress.it\/2009\/08\/29\/evasione-fiscale-elusione-falsi-poveri-ecco-il-bilancio-dellestate-2009-delle-fiamme-gialle-venete\/","name":"Evasione fiscale, elusione, falsi poveri, ecco il bilancio dell'estate 2009 delle Fiamme gialle venete - Bellunopress - Dolomiti","isPartOf":{"@id":"https:\/\/www.bellunopress.it\/#website"},"primaryImageOfPage":{"@id":"https:\/\/www.bellunopress.it\/2009\/08\/29\/evasione-fiscale-elusione-falsi-poveri-ecco-il-bilancio-dellestate-2009-delle-fiamme-gialle-venete\/#primaryimage"},"image":{"@id":"https:\/\/www.bellunopress.it\/2009\/08\/29\/evasione-fiscale-elusione-falsi-poveri-ecco-il-bilancio-dellestate-2009-delle-fiamme-gialle-venete\/#primaryimage"},"thumbnailUrl":"http:\/\/www.bellunopress.it\/wp-content\/uploads\/2009\/08\/guardia-di-finanza-sequestro-merce.jpg","datePublished":"2009-08-29T07:31:48+00:00","dateModified":"2009-08-29T13:27:34+00:00","breadcrumb":{"@id":"https:\/\/www.bellunopress.it\/2009\/08\/29\/evasione-fiscale-elusione-falsi-poveri-ecco-il-bilancio-dellestate-2009-delle-fiamme-gialle-venete\/#breadcrumb"},"inLanguage":"fr-FR","potentialAction":[{"@type":"ReadAction","target":["https:\/\/www.bellunopress.it\/2009\/08\/29\/evasione-fiscale-elusione-falsi-poveri-ecco-il-bilancio-dellestate-2009-delle-fiamme-gialle-venete\/"]}]},{"@type":"ImageObject","inLanguage":"fr-FR","@id":"https:\/\/www.bellunopress.it\/2009\/08\/29\/evasione-fiscale-elusione-falsi-poveri-ecco-il-bilancio-dellestate-2009-delle-fiamme-gialle-venete\/#primaryimage","url":"http:\/\/www.bellunopress.it\/wp-content\/uploads\/2009\/08\/guardia-di-finanza-sequestro-merce.jpg","contentUrl":"http:\/\/www.bellunopress.it\/wp-content\/uploads\/2009\/08\/guardia-di-finanza-sequestro-merce.jpg"},{"@type":"BreadcrumbList","@id":"https:\/\/www.bellunopress.it\/2009\/08\/29\/evasione-fiscale-elusione-falsi-poveri-ecco-il-bilancio-dellestate-2009-delle-fiamme-gialle-venete\/#breadcrumb","itemListElement":[{"@type":"ListItem","position":1,"name":"Home","item":"https:\/\/www.bellunopress.it\/"},{"@type":"ListItem","position":2,"name":"Evasione fiscale, elusione, falsi poveri, ecco il bilancio dell&#8217;estate 2009 delle Fiamme gialle venete"}]},{"@type":"WebSite","@id":"https:\/\/www.bellunopress.it\/#website","url":"https:\/\/www.bellunopress.it\/","name":"Bellunopress - Dolomiti","description":"e-mail: redazione@bellunopress.it","publisher":{"@id":"https:\/\/www.bellunopress.it\/#organization"},"potentialAction":[{"@type":"SearchAction","target":{"@type":"EntryPoint","urlTemplate":"https:\/\/www.bellunopress.it\/?s={search_term_string}"},"query-input":{"@type":"PropertyValueSpecification","valueRequired":true,"valueName":"search_term_string"}}],"inLanguage":"fr-FR"},{"@type":"Organization","@id":"https:\/\/www.bellunopress.it\/#organization","name":"Bellunopress","url":"https:\/\/www.bellunopress.it\/","logo":{"@type":"ImageObject","inLanguage":"fr-FR","@id":"https:\/\/www.bellunopress.it\/#\/schema\/logo\/image\/","url":"https:\/\/www.bellunopress.it\/wp-content\/uploads\/2011\/05\/cropped-logo-bellunopress-.jpg","contentUrl":"https:\/\/www.bellunopress.it\/wp-content\/uploads\/2011\/05\/cropped-logo-bellunopress-.jpg","width":512,"height":512,"caption":"Bellunopress"},"image":{"@id":"https:\/\/www.bellunopress.it\/#\/schema\/logo\/image\/"},"sameAs":["https:\/\/www.facebook.com\/profile.php?id=100008943462799","https:\/\/x.com\/bellunopress","https:\/\/www.linkedin.com\/hp\/?dnr=JBzUWaJfMUw8vbXJJ2tVW5-I3jZKvC4wsoxE&amp;amp;amp;amp;amp;amp;trk=nav_responsive_tab_home","https:\/\/www.youtube.com\/channel\/UCxL0wu1uN0_3_7hGG0306cw"]},{"@type":"Person","@id":"https:\/\/www.bellunopress.it\/#\/schema\/person\/79bb06722b37ece1c03d3e94beb30d73","name":"r\u00e9daction","image":{"@type":"ImageObject","inLanguage":"fr-FR","@id":"https:\/\/secure.gravatar.com\/avatar\/37d968a2e67a6fd04c169c4bdef102d0bc5d31b2546345219e348575eb80e9a0?s=96&d=mm&r=g","url":"https:\/\/secure.gravatar.com\/avatar\/37d968a2e67a6fd04c169c4bdef102d0bc5d31b2546345219e348575eb80e9a0?s=96&d=mm&r=g","contentUrl":"https:\/\/secure.gravatar.com\/avatar\/37d968a2e67a6fd04c169c4bdef102d0bc5d31b2546345219e348575eb80e9a0?s=96&d=mm&r=g","caption":"redazione"},"sameAs":["http:\/\/www.bellunopress.it","https:\/\/x.com\/bellunopress"],"url":"https:\/\/www.bellunopress.it\/fr\/author\/redazione\/"}]}},"_links":{"self":[{"href":"https:\/\/www.bellunopress.it\/fr\/wp-json\/wp\/v2\/posts\/7486","targetHints":{"allow":["GET"]}}],"collection":[{"href":"https:\/\/www.bellunopress.it\/fr\/wp-json\/wp\/v2\/posts"}],"about":[{"href":"https:\/\/www.bellunopress.it\/fr\/wp-json\/wp\/v2\/types\/post"}],"author":[{"embeddable":true,"href":"https:\/\/www.bellunopress.it\/fr\/wp-json\/wp\/v2\/users\/2"}],"replies":[{"embeddable":true,"href":"https:\/\/www.bellunopress.it\/fr\/wp-json\/wp\/v2\/comments?post=7486"}],"version-history":[{"count":2,"href":"https:\/\/www.bellunopress.it\/fr\/wp-json\/wp\/v2\/posts\/7486\/revisions"}],"predecessor-version":[{"id":7522,"href":"https:\/\/www.bellunopress.it\/fr\/wp-json\/wp\/v2\/posts\/7486\/revisions\/7522"}],"wp:attachment":[{"href":"https:\/\/www.bellunopress.it\/fr\/wp-json\/wp\/v2\/media?parent=7486"}],"wp:term":[{"taxonomy":"category","embeddable":true,"href":"https:\/\/www.bellunopress.it\/fr\/wp-json\/wp\/v2\/categories?post=7486"},{"taxonomy":"post_tag","embeddable":true,"href":"https:\/\/www.bellunopress.it\/fr\/wp-json\/wp\/v2\/tags?post=7486"}],"curies":[{"name":"wp","href":"https:\/\/api.w.org\/{rel}","templated":true}]}}