{"id":7475,"date":"2009-08-28T19:27:34","date_gmt":"2009-08-28T18:27:34","guid":{"rendered":"http:\/\/www.bellunopress.it\/?p=7475"},"modified":"2009-08-28T19:27:34","modified_gmt":"2009-08-28T18:27:34","slug":"e-qui-la-festa-iii-raduno-della-brigata-alpina-cadore","status":"publish","type":"post","link":"https:\/\/www.bellunopress.it\/fr\/2009\/08\/28\/e-qui-la-festa-iii-raduno-della-brigata-alpina-cadore\/","title":{"rendered":"E&#8217; qui la festa: III Raduno della Brigata Alpina Cadore"},"content":{"rendered":"<p><a href=\"http:\/\/www.bellunopress.it\/wp-content\/uploads\/2009\/08\/fantuzzi.jpg\"><img loading=\"lazy\" decoding=\"async\" class=\"alignleft size-medium wp-image-7262\" title=\"fantuzzi\" src=\"http:\/\/www.bellunopress.it\/wp-content\/uploads\/2009\/08\/fantuzzi.jpg\" alt=\"\" width=\"290\" height=\"206\" \/><\/a>Belluno \u00e8 pronta per la pacifica invasione delle penne nere. Oggi pomeriggio alle 18 alla caserma Fantuzzi \u00e8 stata inaugurata la mostra Omaggio ad Arturo Andreoletti\u201d e alle 20.30 al Teatro Giovanni 23mo verr\u00e0 proiettato il filmato &#8220;La Brigata di ieri, gli Alpini di oggi\u201da cura di Giorgio Cassiadoro e Dino Bridda. Si prosegue domani sabato 29 con la cerimonia al Sacrario di Col Visentin in omaggio ai Caduti del 5\u00b0 Art. Alpina e del Gruppo \u201cVal Piave\u201d; dalle 14.00 alle 16.00 Visita alla Caserma \u201cSalsa-D\u2019Angelo\u201dcon Onore ai Caduti al monumento del 7\u00b0 Rgt. Alpini, Onore ai Caduti alla stele di viale Fantuzzi, Alzabandiera in piazza dei Martiri. Alle 17.00 in Municipio di Belluno la cerimonia di conferimento della cittadinanza onoraria all\u2019Ana, alle 18.00 in piazza dei Martiri Carosello della Fanfara \u201cCongedati della Brigata Alpina Cadore\u201d; alle 18.30 Basilica minore di S.Martino la messa. Alle 20.30 al palazzetto \u201cSPES ARENA\u201dil concerto con la partecipazione della Fanfara e Coro\u201cCongedati Brigata Cadore\u201d. Domenica la messa per i Caduti di Russia al Tempio Ossario di Mussoi. Alle 9.15 Alzabandiera in piazza dei Martiri, quindi alle 9.30 ammassamento in piazzale della Resistenza con gli Onori al Labaro dell\u2019Ana e alla Bandiera di Guerra del 7\u00b0 Rgt. Alpini e alle 10.30 l&#8217;inizio sfilata per le vie della citt\u00e0 con scioglimento in piazzale della Stazione. Nel cortile della caserma \u201cFantuzzi\u201d sar\u00e0 in funzione la cucina aperta al pubblico da venerd\u00ec sera a domenica.<\/p>","protected":false},"excerpt":{"rendered":"<p>Belluno \u00e8 pronta per la pacifica invasione delle penne nere. Oggi pomeriggio alle 18 alla caserma Fantuzzi \u00e8 stata inaugurata la mostra Omaggio ad Arturo Andreoletti\u201d e alle 20.30 al Teatro Giovanni 23mo verr\u00e0 proiettato il filmato &#8220;La Brigata di ieri, gli Alpini di oggi\u201da cura di Giorgio Cassiadoro e Dino Bridda. Si prosegue domani [&hellip;]<\/p>\n","protected":false},"author":2,"featured_media":0,"comment_status":"closed","ping_status":"open","sticky":false,"template":"","format":"standard","meta":{"footnotes":""},"categories":[27,25],"tags":[139,151],"class_list":["post-7475","post","type-post","status-publish","format-standard","category-appuntamenti","category-pausa-caffe","tag-belluno","tag-cadore"],"yoast_head":"<!-- This site is optimized with the Yoast SEO plugin v28.4 - https:\/\/yoast.com\/product\/yoast-seo-wordpress\/ -->\n<title>E&#039; qui la festa: III Raduno della Brigata Alpina Cadore - Bellunopress - Dolomiti<\/title>\n<meta name=\"robots\" content=\"index, follow, max-snippet:-1, max-image-preview:large, max-video-preview:-1\" \/>\n<link rel=\"canonical\" href=\"https:\/\/www.bellunopress.it\/fr\/2009\/08\/28\/e-qui-la-festa-iii-raduno-della-brigata-alpina-cadore\/\" \/>\n<meta property=\"og:locale\" content=\"fr_FR\" \/>\n<meta property=\"og:type\" content=\"article\" \/>\n<meta property=\"og:title\" content=\"E&#039; qui la festa: III Raduno della Brigata Alpina Cadore - Bellunopress - Dolomiti\" \/>\n<meta property=\"og:description\" content=\"Belluno \u00e8 pronta per la pacifica invasione delle penne nere. Oggi pomeriggio alle 18 alla caserma Fantuzzi \u00e8 stata inaugurata la mostra Omaggio ad Arturo Andreoletti\u201d e alle 20.30 al Teatro Giovanni 23mo verr\u00e0 proiettato il filmato &#8220;La Brigata di ieri, gli Alpini di oggi\u201da cura di Giorgio Cassiadoro e Dino Bridda. Si prosegue domani [&hellip;]\" \/>\n<meta property=\"og:url\" content=\"https:\/\/www.bellunopress.it\/fr\/2009\/08\/28\/e-qui-la-festa-iii-raduno-della-brigata-alpina-cadore\/\" \/>\n<meta property=\"og:site_name\" content=\"Bellunopress - Dolomiti\" \/>\n<meta property=\"article:publisher\" content=\"https:\/\/www.facebook.com\/profile.php?id=100008943462799\" \/>\n<meta property=\"article:published_time\" content=\"2009-08-28T18:27:34+00:00\" \/>\n<meta property=\"og:image\" content=\"http:\/\/www.bellunopress.it\/wp-content\/uploads\/2009\/08\/fantuzzi.jpg\" \/>\n<meta name=\"author\" content=\"redazione\" \/>\n<meta name=\"twitter:card\" content=\"summary_large_image\" \/>\n<meta name=\"twitter:creator\" content=\"@bellunopress\" \/>\n<meta name=\"twitter:site\" content=\"@bellunopress\" \/>\n<meta name=\"twitter:label1\" content=\"\u00c9crit par\" \/>\n\t<meta name=\"twitter:data1\" content=\"redazione\" \/>\n\t<meta name=\"twitter:label2\" content=\"Dur\u00e9e de lecture estim\u00e9e\" \/>\n\t<meta name=\"twitter:data2\" content=\"1 minute\" \/>\n<script type=\"application\/ld+json\" class=\"yoast-schema-graph\">{\"@context\":\"https:\\\/\\\/schema.org\",\"@graph\":[{\"@type\":\"Article\",\"@id\":\"https:\\\/\\\/www.bellunopress.it\\\/2009\\\/08\\\/28\\\/e-qui-la-festa-iii-raduno-della-brigata-alpina-cadore\\\/#article\",\"isPartOf\":{\"@id\":\"https:\\\/\\\/www.bellunopress.it\\\/2009\\\/08\\\/28\\\/e-qui-la-festa-iii-raduno-della-brigata-alpina-cadore\\\/\"},\"author\":{\"name\":\"redazione\",\"@id\":\"https:\\\/\\\/www.bellunopress.it\\\/#\\\/schema\\\/person\\\/79bb06722b37ece1c03d3e94beb30d73\"},\"headline\":\"E&#8217; qui la festa: III Raduno della Brigata Alpina Cadore\",\"datePublished\":\"2009-08-28T18:27:34+00:00\",\"mainEntityOfPage\":{\"@id\":\"https:\\\/\\\/www.bellunopress.it\\\/2009\\\/08\\\/28\\\/e-qui-la-festa-iii-raduno-della-brigata-alpina-cadore\\\/\"},\"wordCount\":239,\"publisher\":{\"@id\":\"https:\\\/\\\/www.bellunopress.it\\\/#organization\"},\"image\":{\"@id\":\"https:\\\/\\\/www.bellunopress.it\\\/2009\\\/08\\\/28\\\/e-qui-la-festa-iii-raduno-della-brigata-alpina-cadore\\\/#primaryimage\"},\"thumbnailUrl\":\"http:\\\/\\\/www.bellunopress.it\\\/wp-content\\\/uploads\\\/2009\\\/08\\\/fantuzzi.jpg\",\"keywords\":[\"Belluno\",\"Cadore\"],\"articleSection\":[\"Appuntamenti, Eventi\",\"Pausa Caff\u00e8\"],\"inLanguage\":\"fr-FR\"},{\"@type\":\"WebPage\",\"@id\":\"https:\\\/\\\/www.bellunopress.it\\\/2009\\\/08\\\/28\\\/e-qui-la-festa-iii-raduno-della-brigata-alpina-cadore\\\/\",\"url\":\"https:\\\/\\\/www.bellunopress.it\\\/2009\\\/08\\\/28\\\/e-qui-la-festa-iii-raduno-della-brigata-alpina-cadore\\\/\",\"name\":\"E' qui la festa: III Raduno della Brigata Alpina Cadore - Bellunopress - Dolomiti\",\"isPartOf\":{\"@id\":\"https:\\\/\\\/www.bellunopress.it\\\/#website\"},\"primaryImageOfPage\":{\"@id\":\"https:\\\/\\\/www.bellunopress.it\\\/2009\\\/08\\\/28\\\/e-qui-la-festa-iii-raduno-della-brigata-alpina-cadore\\\/#primaryimage\"},\"image\":{\"@id\":\"https:\\\/\\\/www.bellunopress.it\\\/2009\\\/08\\\/28\\\/e-qui-la-festa-iii-raduno-della-brigata-alpina-cadore\\\/#primaryimage\"},\"thumbnailUrl\":\"http:\\\/\\\/www.bellunopress.it\\\/wp-content\\\/uploads\\\/2009\\\/08\\\/fantuzzi.jpg\",\"datePublished\":\"2009-08-28T18:27:34+00:00\",\"breadcrumb\":{\"@id\":\"https:\\\/\\\/www.bellunopress.it\\\/2009\\\/08\\\/28\\\/e-qui-la-festa-iii-raduno-della-brigata-alpina-cadore\\\/#breadcrumb\"},\"inLanguage\":\"fr-FR\",\"potentialAction\":[{\"@type\":\"ReadAction\",\"target\":[\"https:\\\/\\\/www.bellunopress.it\\\/2009\\\/08\\\/28\\\/e-qui-la-festa-iii-raduno-della-brigata-alpina-cadore\\\/\"]}]},{\"@type\":\"ImageObject\",\"inLanguage\":\"fr-FR\",\"@id\":\"https:\\\/\\\/www.bellunopress.it\\\/2009\\\/08\\\/28\\\/e-qui-la-festa-iii-raduno-della-brigata-alpina-cadore\\\/#primaryimage\",\"url\":\"http:\\\/\\\/www.bellunopress.it\\\/wp-content\\\/uploads\\\/2009\\\/08\\\/fantuzzi.jpg\",\"contentUrl\":\"http:\\\/\\\/www.bellunopress.it\\\/wp-content\\\/uploads\\\/2009\\\/08\\\/fantuzzi.jpg\"},{\"@type\":\"BreadcrumbList\",\"@id\":\"https:\\\/\\\/www.bellunopress.it\\\/2009\\\/08\\\/28\\\/e-qui-la-festa-iii-raduno-della-brigata-alpina-cadore\\\/#breadcrumb\",\"itemListElement\":[{\"@type\":\"ListItem\",\"position\":1,\"name\":\"Home\",\"item\":\"https:\\\/\\\/www.bellunopress.it\\\/\"},{\"@type\":\"ListItem\",\"position\":2,\"name\":\"E&#8217; qui la festa: III Raduno della Brigata Alpina Cadore\"}]},{\"@type\":\"WebSite\",\"@id\":\"https:\\\/\\\/www.bellunopress.it\\\/#website\",\"url\":\"https:\\\/\\\/www.bellunopress.it\\\/\",\"name\":\"Bellunopress - Dolomiti\",\"description\":\"e-mail: redazione@bellunopress.it\",\"publisher\":{\"@id\":\"https:\\\/\\\/www.bellunopress.it\\\/#organization\"},\"potentialAction\":[{\"@type\":\"SearchAction\",\"target\":{\"@type\":\"EntryPoint\",\"urlTemplate\":\"https:\\\/\\\/www.bellunopress.it\\\/?s={search_term_string}\"},\"query-input\":{\"@type\":\"PropertyValueSpecification\",\"valueRequired\":true,\"valueName\":\"search_term_string\"}}],\"inLanguage\":\"fr-FR\"},{\"@type\":\"Organization\",\"@id\":\"https:\\\/\\\/www.bellunopress.it\\\/#organization\",\"name\":\"Bellunopress\",\"url\":\"https:\\\/\\\/www.bellunopress.it\\\/\",\"logo\":{\"@type\":\"ImageObject\",\"inLanguage\":\"fr-FR\",\"@id\":\"https:\\\/\\\/www.bellunopress.it\\\/#\\\/schema\\\/logo\\\/image\\\/\",\"url\":\"https:\\\/\\\/www.bellunopress.it\\\/wp-content\\\/uploads\\\/2011\\\/05\\\/cropped-logo-bellunopress-.jpg\",\"contentUrl\":\"https:\\\/\\\/www.bellunopress.it\\\/wp-content\\\/uploads\\\/2011\\\/05\\\/cropped-logo-bellunopress-.jpg\",\"width\":512,\"height\":512,\"caption\":\"Bellunopress\"},\"image\":{\"@id\":\"https:\\\/\\\/www.bellunopress.it\\\/#\\\/schema\\\/logo\\\/image\\\/\"},\"sameAs\":[\"https:\\\/\\\/www.facebook.com\\\/profile.php?id=100008943462799\",\"https:\\\/\\\/x.com\\\/bellunopress\",\"https:\\\/\\\/www.linkedin.com\\\/hp\\\/?dnr=JBzUWaJfMUw8vbXJJ2tVW5-I3jZKvC4wsoxE&amp;amp;amp;amp;amp;amp;trk=nav_responsive_tab_home\",\"https:\\\/\\\/www.youtube.com\\\/channel\\\/UCxL0wu1uN0_3_7hGG0306cw\"]},{\"@type\":\"Person\",\"@id\":\"https:\\\/\\\/www.bellunopress.it\\\/#\\\/schema\\\/person\\\/79bb06722b37ece1c03d3e94beb30d73\",\"name\":\"redazione\",\"image\":{\"@type\":\"ImageObject\",\"inLanguage\":\"fr-FR\",\"@id\":\"https:\\\/\\\/secure.gravatar.com\\\/avatar\\\/37d968a2e67a6fd04c169c4bdef102d0bc5d31b2546345219e348575eb80e9a0?s=96&d=mm&r=g\",\"url\":\"https:\\\/\\\/secure.gravatar.com\\\/avatar\\\/37d968a2e67a6fd04c169c4bdef102d0bc5d31b2546345219e348575eb80e9a0?s=96&d=mm&r=g\",\"contentUrl\":\"https:\\\/\\\/secure.gravatar.com\\\/avatar\\\/37d968a2e67a6fd04c169c4bdef102d0bc5d31b2546345219e348575eb80e9a0?s=96&d=mm&r=g\",\"caption\":\"redazione\"},\"sameAs\":[\"http:\\\/\\\/www.bellunopress.it\",\"https:\\\/\\\/x.com\\\/bellunopress\"],\"url\":\"https:\\\/\\\/www.bellunopress.it\\\/fr\\\/author\\\/redazione\\\/\"}]}<\/script>\n<!-- \/ Yoast SEO plugin. -->","yoast_head_json":{"title":"E' qui la festa: III Raduno della Brigata Alpina Cadore - Bellunopress - Dolomiti","robots":{"index":"index","follow":"follow","max-snippet":"max-snippet:-1","max-image-preview":"max-image-preview:large","max-video-preview":"max-video-preview:-1"},"canonical":"https:\/\/www.bellunopress.it\/fr\/2009\/08\/28\/e-qui-la-festa-iii-raduno-della-brigata-alpina-cadore\/","og_locale":"fr_FR","og_type":"article","og_title":"E' qui la festa: III Raduno della Brigata Alpina Cadore - Bellunopress - Dolomiti","og_description":"Belluno \u00e8 pronta per la pacifica invasione delle penne nere. Oggi pomeriggio alle 18 alla caserma Fantuzzi \u00e8 stata inaugurata la mostra Omaggio ad Arturo Andreoletti\u201d e alle 20.30 al Teatro Giovanni 23mo verr\u00e0 proiettato il filmato &#8220;La Brigata di ieri, gli Alpini di oggi\u201da cura di Giorgio Cassiadoro e Dino Bridda. Si prosegue domani [&hellip;]","og_url":"https:\/\/www.bellunopress.it\/fr\/2009\/08\/28\/e-qui-la-festa-iii-raduno-della-brigata-alpina-cadore\/","og_site_name":"Bellunopress - Dolomiti","article_publisher":"https:\/\/www.facebook.com\/profile.php?id=100008943462799","article_published_time":"2009-08-28T18:27:34+00:00","og_image":[{"url":"http:\/\/www.bellunopress.it\/wp-content\/uploads\/2009\/08\/fantuzzi.jpg","type":"","width":"","height":""}],"author":"redazione","twitter_card":"summary_large_image","twitter_creator":"@bellunopress","twitter_site":"@bellunopress","twitter_misc":{"\u00c9crit par":"redazione","Dur\u00e9e de lecture estim\u00e9e":"1 minute"},"schema":{"@context":"https:\/\/schema.org","@graph":[{"@type":"Article","@id":"https:\/\/www.bellunopress.it\/2009\/08\/28\/e-qui-la-festa-iii-raduno-della-brigata-alpina-cadore\/#article","isPartOf":{"@id":"https:\/\/www.bellunopress.it\/2009\/08\/28\/e-qui-la-festa-iii-raduno-della-brigata-alpina-cadore\/"},"author":{"name":"redazione","@id":"https:\/\/www.bellunopress.it\/#\/schema\/person\/79bb06722b37ece1c03d3e94beb30d73"},"headline":"E&#8217; qui la festa: III Raduno della Brigata Alpina Cadore","datePublished":"2009-08-28T18:27:34+00:00","mainEntityOfPage":{"@id":"https:\/\/www.bellunopress.it\/2009\/08\/28\/e-qui-la-festa-iii-raduno-della-brigata-alpina-cadore\/"},"wordCount":239,"publisher":{"@id":"https:\/\/www.bellunopress.it\/#organization"},"image":{"@id":"https:\/\/www.bellunopress.it\/2009\/08\/28\/e-qui-la-festa-iii-raduno-della-brigata-alpina-cadore\/#primaryimage"},"thumbnailUrl":"http:\/\/www.bellunopress.it\/wp-content\/uploads\/2009\/08\/fantuzzi.jpg","keywords":["Belluno","Cadore"],"articleSection":["Appuntamenti, Eventi","Pausa Caff\u00e8"],"inLanguage":"fr-FR"},{"@type":"WebPage","@id":"https:\/\/www.bellunopress.it\/2009\/08\/28\/e-qui-la-festa-iii-raduno-della-brigata-alpina-cadore\/","url":"https:\/\/www.bellunopress.it\/2009\/08\/28\/e-qui-la-festa-iii-raduno-della-brigata-alpina-cadore\/","name":"E' qui la festa: III Raduno della Brigata Alpina Cadore - Bellunopress - Dolomiti","isPartOf":{"@id":"https:\/\/www.bellunopress.it\/#website"},"primaryImageOfPage":{"@id":"https:\/\/www.bellunopress.it\/2009\/08\/28\/e-qui-la-festa-iii-raduno-della-brigata-alpina-cadore\/#primaryimage"},"image":{"@id":"https:\/\/www.bellunopress.it\/2009\/08\/28\/e-qui-la-festa-iii-raduno-della-brigata-alpina-cadore\/#primaryimage"},"thumbnailUrl":"http:\/\/www.bellunopress.it\/wp-content\/uploads\/2009\/08\/fantuzzi.jpg","datePublished":"2009-08-28T18:27:34+00:00","breadcrumb":{"@id":"https:\/\/www.bellunopress.it\/2009\/08\/28\/e-qui-la-festa-iii-raduno-della-brigata-alpina-cadore\/#breadcrumb"},"inLanguage":"fr-FR","potentialAction":[{"@type":"ReadAction","target":["https:\/\/www.bellunopress.it\/2009\/08\/28\/e-qui-la-festa-iii-raduno-della-brigata-alpina-cadore\/"]}]},{"@type":"ImageObject","inLanguage":"fr-FR","@id":"https:\/\/www.bellunopress.it\/2009\/08\/28\/e-qui-la-festa-iii-raduno-della-brigata-alpina-cadore\/#primaryimage","url":"http:\/\/www.bellunopress.it\/wp-content\/uploads\/2009\/08\/fantuzzi.jpg","contentUrl":"http:\/\/www.bellunopress.it\/wp-content\/uploads\/2009\/08\/fantuzzi.jpg"},{"@type":"BreadcrumbList","@id":"https:\/\/www.bellunopress.it\/2009\/08\/28\/e-qui-la-festa-iii-raduno-della-brigata-alpina-cadore\/#breadcrumb","itemListElement":[{"@type":"ListItem","position":1,"name":"Home","item":"https:\/\/www.bellunopress.it\/"},{"@type":"ListItem","position":2,"name":"E&#8217; qui la festa: III Raduno della Brigata Alpina Cadore"}]},{"@type":"WebSite","@id":"https:\/\/www.bellunopress.it\/#website","url":"https:\/\/www.bellunopress.it\/","name":"Bellunopress - Dolomiti","description":"e-mail: redazione@bellunopress.it","publisher":{"@id":"https:\/\/www.bellunopress.it\/#organization"},"potentialAction":[{"@type":"SearchAction","target":{"@type":"EntryPoint","urlTemplate":"https:\/\/www.bellunopress.it\/?s={search_term_string}"},"query-input":{"@type":"PropertyValueSpecification","valueRequired":true,"valueName":"search_term_string"}}],"inLanguage":"fr-FR"},{"@type":"Organization","@id":"https:\/\/www.bellunopress.it\/#organization","name":"Bellunopress","url":"https:\/\/www.bellunopress.it\/","logo":{"@type":"ImageObject","inLanguage":"fr-FR","@id":"https:\/\/www.bellunopress.it\/#\/schema\/logo\/image\/","url":"https:\/\/www.bellunopress.it\/wp-content\/uploads\/2011\/05\/cropped-logo-bellunopress-.jpg","contentUrl":"https:\/\/www.bellunopress.it\/wp-content\/uploads\/2011\/05\/cropped-logo-bellunopress-.jpg","width":512,"height":512,"caption":"Bellunopress"},"image":{"@id":"https:\/\/www.bellunopress.it\/#\/schema\/logo\/image\/"},"sameAs":["https:\/\/www.facebook.com\/profile.php?id=100008943462799","https:\/\/x.com\/bellunopress","https:\/\/www.linkedin.com\/hp\/?dnr=JBzUWaJfMUw8vbXJJ2tVW5-I3jZKvC4wsoxE&amp;amp;amp;amp;amp;amp;trk=nav_responsive_tab_home","https:\/\/www.youtube.com\/channel\/UCxL0wu1uN0_3_7hGG0306cw"]},{"@type":"Person","@id":"https:\/\/www.bellunopress.it\/#\/schema\/person\/79bb06722b37ece1c03d3e94beb30d73","name":"r\u00e9daction","image":{"@type":"ImageObject","inLanguage":"fr-FR","@id":"https:\/\/secure.gravatar.com\/avatar\/37d968a2e67a6fd04c169c4bdef102d0bc5d31b2546345219e348575eb80e9a0?s=96&d=mm&r=g","url":"https:\/\/secure.gravatar.com\/avatar\/37d968a2e67a6fd04c169c4bdef102d0bc5d31b2546345219e348575eb80e9a0?s=96&d=mm&r=g","contentUrl":"https:\/\/secure.gravatar.com\/avatar\/37d968a2e67a6fd04c169c4bdef102d0bc5d31b2546345219e348575eb80e9a0?s=96&d=mm&r=g","caption":"redazione"},"sameAs":["http:\/\/www.bellunopress.it","https:\/\/x.com\/bellunopress"],"url":"https:\/\/www.bellunopress.it\/fr\/author\/redazione\/"}]}},"_links":{"self":[{"href":"https:\/\/www.bellunopress.it\/fr\/wp-json\/wp\/v2\/posts\/7475","targetHints":{"allow":["GET"]}}],"collection":[{"href":"https:\/\/www.bellunopress.it\/fr\/wp-json\/wp\/v2\/posts"}],"about":[{"href":"https:\/\/www.bellunopress.it\/fr\/wp-json\/wp\/v2\/types\/post"}],"author":[{"embeddable":true,"href":"https:\/\/www.bellunopress.it\/fr\/wp-json\/wp\/v2\/users\/2"}],"replies":[{"embeddable":true,"href":"https:\/\/www.bellunopress.it\/fr\/wp-json\/wp\/v2\/comments?post=7475"}],"version-history":[{"count":1,"href":"https:\/\/www.bellunopress.it\/fr\/wp-json\/wp\/v2\/posts\/7475\/revisions"}],"predecessor-version":[{"id":7476,"href":"https:\/\/www.bellunopress.it\/fr\/wp-json\/wp\/v2\/posts\/7475\/revisions\/7476"}],"wp:attachment":[{"href":"https:\/\/www.bellunopress.it\/fr\/wp-json\/wp\/v2\/media?parent=7475"}],"wp:term":[{"taxonomy":"category","embeddable":true,"href":"https:\/\/www.bellunopress.it\/fr\/wp-json\/wp\/v2\/categories?post=7475"},{"taxonomy":"post_tag","embeddable":true,"href":"https:\/\/www.bellunopress.it\/fr\/wp-json\/wp\/v2\/tags?post=7475"}],"curies":[{"name":"wp","href":"https:\/\/api.w.org\/{rel}","templated":true}]}}