{"id":74507,"date":"2016-01-08T11:29:25","date_gmt":"2016-01-08T10:29:25","guid":{"rendered":"http:\/\/www.bellunopress.it\/?p=74507"},"modified":"2016-01-08T11:29:25","modified_gmt":"2016-01-08T10:29:25","slug":"stop-a-reato-dimmigrazione-clandestina-zaia-il-governo-fuori-dalla-storia-dalla-cronaca-e-lontano-dal-popolo","status":"publish","type":"post","link":"https:\/\/www.bellunopress.it\/fr\/2016\/01\/08\/stop-a-reato-dimmigrazione-clandestina-zaia-il-governo-fuori-dalla-storia-dalla-cronaca-e-lontano-dal-popolo\/","title":{"rendered":"Stop a reato d&#8217;immigrazione clandestina. Zaia: &#8220;Il governo fuori dalla storia, dalla cronaca e lontano dal popolo&#8221;"},"content":{"rendered":"<figure id=\"attachment_21185\" aria-describedby=\"caption-attachment-21185\" style=\"width: 233px\" class=\"wp-caption alignleft\"><a href=\"http:\/\/www.bellunopress.it\/wp-content\/uploads\/2010\/11\/zaia-300x220.jpg\" rel=\"attachment wp-att-21185\"><img loading=\"lazy\" decoding=\"async\" class=\"size-full wp-image-21185\" src=\"http:\/\/www.bellunopress.it\/wp-content\/uploads\/2010\/11\/zaia-300x220.jpg\" alt=\"Luca Zaia\" width=\"233\" height=\"300\" \/><\/a><figcaption id=\"caption-attachment-21185\" class=\"wp-caption-text\">Luca Zaia<\/figcaption><\/figure>\n<p><span style=\"line-height: 1.5;\">\u201cIl governo italiano si pone direttamente fuori dalla storia. Come un elefante in cristalleria, nel momento in cui centinaia di donne vengono palpeggiate da bande di immigrati in Germania, mentre Svezia e Danimarca chiudono i confini, mentre la Slovacchia dice addirittura no ai musulmani e le donne di tutto il mondo insorgono contro la concezione violenta e sopraffattoria che certe culture hanno dell\u2019universo femminile, l\u2019unica pensata del governo \u00e8 abolire il reato di clandestinit\u00e0\u201d.<\/span><\/p>\n<p>Il Presidente del Veneto, Luca Zaia, critica l\u2019intenzione del governo di cancellare il reato di immigrazione clandestina.<\/p>\n<p>\u201cMa vi pare normale che mentre il popolo italiano chiede sicurezza, certezza delle pene, identificazioni certe degli stranieri sul territorio, non vuole pi\u00f9 vedere fantasmi senza identit\u00e0 che girano nei territori (11 mila soltanto in Veneto) \u2013 si chiede Zaia &#8211; il governo abolisca uno dei pochi capisaldi posti dalla legislazione a garanzia e tutela delle comunit\u00e0? Piuttosto che potenziare gli strumenti legislativi e concessi dal diritto, li si abolisce\u201d.<\/p>\n<p>\u201cChi voleva la dimostrazione dello scollamento fra popolo e politica, tra buon senso e azione di governo, ne ha ora la prova \u2013 conclude Zaia. Come nel Titanic l\u2019orchestrina continuava a suonare mentre il transatlantico affondava, il Palazzo continua nei suoi riti incomprensibili mentre il popolo continua ad aver paura e sempre meno fiducia nelle istituzioni. Che segnale diamo al terrorismo e a chi viene qui soltanto per delinquere? Il segnale di uno Stato imbelle\u201d.<\/p>","protected":false},"excerpt":{"rendered":"<p>\u201cIl governo italiano si pone direttamente fuori dalla storia. Come un elefante in cristalleria, nel momento in cui centinaia di donne vengono palpeggiate da bande di immigrati in Germania, mentre Svezia e Danimarca chiudono i confini, mentre la Slovacchia dice addirittura no ai musulmani e le donne di tutto il mondo insorgono contro la concezione [&hellip;]<\/p>\n","protected":false},"author":2,"featured_media":0,"comment_status":"closed","ping_status":"open","sticky":false,"template":"","format":"standard","meta":{"footnotes":""},"categories":[5,26],"tags":[],"class_list":["post-74507","post","type-post","status-publish","format-standard","category-cronaca","category-prima-pagina"],"yoast_head":"<!-- This site is optimized with the Yoast SEO plugin v28.4 - https:\/\/yoast.com\/product\/yoast-seo-wordpress\/ -->\n<title>Stop a reato d&#039;immigrazione clandestina. Zaia: &quot;Il governo fuori dalla storia, dalla cronaca e lontano dal popolo&quot; - Bellunopress - Dolomiti<\/title>\n<meta name=\"robots\" content=\"index, follow, max-snippet:-1, max-image-preview:large, max-video-preview:-1\" \/>\n<link rel=\"canonical\" href=\"https:\/\/www.bellunopress.it\/fr\/2016\/01\/08\/stop-a-reato-dimmigrazione-clandestina-zaia-il-governo-fuori-dalla-storia-dalla-cronaca-e-lontano-dal-popolo\/\" \/>\n<meta property=\"og:locale\" content=\"fr_FR\" \/>\n<meta property=\"og:type\" content=\"article\" \/>\n<meta property=\"og:title\" content=\"Stop a reato d&#039;immigrazione clandestina. Zaia: &quot;Il governo fuori dalla storia, dalla cronaca e lontano dal popolo&quot; - Bellunopress - Dolomiti\" \/>\n<meta property=\"og:description\" content=\"\u201cIl governo italiano si pone direttamente fuori dalla storia. Come un elefante in cristalleria, nel momento in cui centinaia di donne vengono palpeggiate da bande di immigrati in Germania, mentre Svezia e Danimarca chiudono i confini, mentre la Slovacchia dice addirittura no ai musulmani e le donne di tutto il mondo insorgono contro la concezione [&hellip;]\" \/>\n<meta property=\"og:url\" content=\"https:\/\/www.bellunopress.it\/fr\/2016\/01\/08\/stop-a-reato-dimmigrazione-clandestina-zaia-il-governo-fuori-dalla-storia-dalla-cronaca-e-lontano-dal-popolo\/\" \/>\n<meta property=\"og:site_name\" content=\"Bellunopress - Dolomiti\" \/>\n<meta property=\"article:publisher\" content=\"https:\/\/www.facebook.com\/profile.php?id=100008943462799\" \/>\n<meta property=\"article:published_time\" content=\"2016-01-08T10:29:25+00:00\" \/>\n<meta property=\"og:image\" content=\"http:\/\/www.bellunopress.it\/wp-content\/uploads\/2010\/11\/zaia-300x220.jpg\" \/>\n<meta name=\"author\" content=\"redazione\" \/>\n<meta name=\"twitter:card\" content=\"summary_large_image\" \/>\n<meta name=\"twitter:creator\" content=\"@bellunopress\" \/>\n<meta name=\"twitter:site\" content=\"@bellunopress\" \/>\n<meta name=\"twitter:label1\" content=\"\u00c9crit par\" \/>\n\t<meta name=\"twitter:data1\" content=\"redazione\" \/>\n\t<meta name=\"twitter:label2\" content=\"Dur\u00e9e de lecture estim\u00e9e\" \/>\n\t<meta name=\"twitter:data2\" content=\"1 minute\" \/>\n<script type=\"application\/ld+json\" class=\"yoast-schema-graph\">{\"@context\":\"https:\\\/\\\/schema.org\",\"@graph\":[{\"@type\":\"Article\",\"@id\":\"https:\\\/\\\/www.bellunopress.it\\\/2016\\\/01\\\/08\\\/stop-a-reato-dimmigrazione-clandestina-zaia-il-governo-fuori-dalla-storia-dalla-cronaca-e-lontano-dal-popolo\\\/#article\",\"isPartOf\":{\"@id\":\"https:\\\/\\\/www.bellunopress.it\\\/2016\\\/01\\\/08\\\/stop-a-reato-dimmigrazione-clandestina-zaia-il-governo-fuori-dalla-storia-dalla-cronaca-e-lontano-dal-popolo\\\/\"},\"author\":{\"name\":\"redazione\",\"@id\":\"https:\\\/\\\/www.bellunopress.it\\\/#\\\/schema\\\/person\\\/79bb06722b37ece1c03d3e94beb30d73\"},\"headline\":\"Stop a reato d&#8217;immigrazione clandestina. Zaia: &#8220;Il governo fuori dalla storia, dalla cronaca e lontano dal popolo&#8221;\",\"datePublished\":\"2016-01-08T10:29:25+00:00\",\"mainEntityOfPage\":{\"@id\":\"https:\\\/\\\/www.bellunopress.it\\\/2016\\\/01\\\/08\\\/stop-a-reato-dimmigrazione-clandestina-zaia-il-governo-fuori-dalla-storia-dalla-cronaca-e-lontano-dal-popolo\\\/\"},\"wordCount\":263,\"publisher\":{\"@id\":\"https:\\\/\\\/www.bellunopress.it\\\/#organization\"},\"image\":{\"@id\":\"https:\\\/\\\/www.bellunopress.it\\\/2016\\\/01\\\/08\\\/stop-a-reato-dimmigrazione-clandestina-zaia-il-governo-fuori-dalla-storia-dalla-cronaca-e-lontano-dal-popolo\\\/#primaryimage\"},\"thumbnailUrl\":\"http:\\\/\\\/www.bellunopress.it\\\/wp-content\\\/uploads\\\/2010\\\/11\\\/zaia-300x220.jpg\",\"articleSection\":[\"Cronaca\\\/Politica\",\"Prima Pagina\"],\"inLanguage\":\"fr-FR\"},{\"@type\":\"WebPage\",\"@id\":\"https:\\\/\\\/www.bellunopress.it\\\/2016\\\/01\\\/08\\\/stop-a-reato-dimmigrazione-clandestina-zaia-il-governo-fuori-dalla-storia-dalla-cronaca-e-lontano-dal-popolo\\\/\",\"url\":\"https:\\\/\\\/www.bellunopress.it\\\/2016\\\/01\\\/08\\\/stop-a-reato-dimmigrazione-clandestina-zaia-il-governo-fuori-dalla-storia-dalla-cronaca-e-lontano-dal-popolo\\\/\",\"name\":\"Stop a reato d'immigrazione clandestina. Zaia: \\\"Il governo fuori dalla storia, dalla cronaca e lontano dal popolo\\\" - Bellunopress - Dolomiti\",\"isPartOf\":{\"@id\":\"https:\\\/\\\/www.bellunopress.it\\\/#website\"},\"primaryImageOfPage\":{\"@id\":\"https:\\\/\\\/www.bellunopress.it\\\/2016\\\/01\\\/08\\\/stop-a-reato-dimmigrazione-clandestina-zaia-il-governo-fuori-dalla-storia-dalla-cronaca-e-lontano-dal-popolo\\\/#primaryimage\"},\"image\":{\"@id\":\"https:\\\/\\\/www.bellunopress.it\\\/2016\\\/01\\\/08\\\/stop-a-reato-dimmigrazione-clandestina-zaia-il-governo-fuori-dalla-storia-dalla-cronaca-e-lontano-dal-popolo\\\/#primaryimage\"},\"thumbnailUrl\":\"http:\\\/\\\/www.bellunopress.it\\\/wp-content\\\/uploads\\\/2010\\\/11\\\/zaia-300x220.jpg\",\"datePublished\":\"2016-01-08T10:29:25+00:00\",\"breadcrumb\":{\"@id\":\"https:\\\/\\\/www.bellunopress.it\\\/2016\\\/01\\\/08\\\/stop-a-reato-dimmigrazione-clandestina-zaia-il-governo-fuori-dalla-storia-dalla-cronaca-e-lontano-dal-popolo\\\/#breadcrumb\"},\"inLanguage\":\"fr-FR\",\"potentialAction\":[{\"@type\":\"ReadAction\",\"target\":[\"https:\\\/\\\/www.bellunopress.it\\\/2016\\\/01\\\/08\\\/stop-a-reato-dimmigrazione-clandestina-zaia-il-governo-fuori-dalla-storia-dalla-cronaca-e-lontano-dal-popolo\\\/\"]}]},{\"@type\":\"ImageObject\",\"inLanguage\":\"fr-FR\",\"@id\":\"https:\\\/\\\/www.bellunopress.it\\\/2016\\\/01\\\/08\\\/stop-a-reato-dimmigrazione-clandestina-zaia-il-governo-fuori-dalla-storia-dalla-cronaca-e-lontano-dal-popolo\\\/#primaryimage\",\"url\":\"http:\\\/\\\/www.bellunopress.it\\\/wp-content\\\/uploads\\\/2010\\\/11\\\/zaia-300x220.jpg\",\"contentUrl\":\"http:\\\/\\\/www.bellunopress.it\\\/wp-content\\\/uploads\\\/2010\\\/11\\\/zaia-300x220.jpg\"},{\"@type\":\"BreadcrumbList\",\"@id\":\"https:\\\/\\\/www.bellunopress.it\\\/2016\\\/01\\\/08\\\/stop-a-reato-dimmigrazione-clandestina-zaia-il-governo-fuori-dalla-storia-dalla-cronaca-e-lontano-dal-popolo\\\/#breadcrumb\",\"itemListElement\":[{\"@type\":\"ListItem\",\"position\":1,\"name\":\"Home\",\"item\":\"https:\\\/\\\/www.bellunopress.it\\\/\"},{\"@type\":\"ListItem\",\"position\":2,\"name\":\"Stop a reato d&#8217;immigrazione clandestina. Zaia: &#8220;Il governo fuori dalla storia, dalla cronaca e lontano dal popolo&#8221;\"}]},{\"@type\":\"WebSite\",\"@id\":\"https:\\\/\\\/www.bellunopress.it\\\/#website\",\"url\":\"https:\\\/\\\/www.bellunopress.it\\\/\",\"name\":\"Bellunopress - Dolomiti\",\"description\":\"e-mail: redazione@bellunopress.it\",\"publisher\":{\"@id\":\"https:\\\/\\\/www.bellunopress.it\\\/#organization\"},\"potentialAction\":[{\"@type\":\"SearchAction\",\"target\":{\"@type\":\"EntryPoint\",\"urlTemplate\":\"https:\\\/\\\/www.bellunopress.it\\\/?s={search_term_string}\"},\"query-input\":{\"@type\":\"PropertyValueSpecification\",\"valueRequired\":true,\"valueName\":\"search_term_string\"}}],\"inLanguage\":\"fr-FR\"},{\"@type\":\"Organization\",\"@id\":\"https:\\\/\\\/www.bellunopress.it\\\/#organization\",\"name\":\"Bellunopress\",\"url\":\"https:\\\/\\\/www.bellunopress.it\\\/\",\"logo\":{\"@type\":\"ImageObject\",\"inLanguage\":\"fr-FR\",\"@id\":\"https:\\\/\\\/www.bellunopress.it\\\/#\\\/schema\\\/logo\\\/image\\\/\",\"url\":\"https:\\\/\\\/www.bellunopress.it\\\/wp-content\\\/uploads\\\/2011\\\/05\\\/cropped-logo-bellunopress-.jpg\",\"contentUrl\":\"https:\\\/\\\/www.bellunopress.it\\\/wp-content\\\/uploads\\\/2011\\\/05\\\/cropped-logo-bellunopress-.jpg\",\"width\":512,\"height\":512,\"caption\":\"Bellunopress\"},\"image\":{\"@id\":\"https:\\\/\\\/www.bellunopress.it\\\/#\\\/schema\\\/logo\\\/image\\\/\"},\"sameAs\":[\"https:\\\/\\\/www.facebook.com\\\/profile.php?id=100008943462799\",\"https:\\\/\\\/x.com\\\/bellunopress\",\"https:\\\/\\\/www.linkedin.com\\\/hp\\\/?dnr=JBzUWaJfMUw8vbXJJ2tVW5-I3jZKvC4wsoxE&amp;amp;amp;amp;amp;amp;trk=nav_responsive_tab_home\",\"https:\\\/\\\/www.youtube.com\\\/channel\\\/UCxL0wu1uN0_3_7hGG0306cw\"]},{\"@type\":\"Person\",\"@id\":\"https:\\\/\\\/www.bellunopress.it\\\/#\\\/schema\\\/person\\\/79bb06722b37ece1c03d3e94beb30d73\",\"name\":\"redazione\",\"image\":{\"@type\":\"ImageObject\",\"inLanguage\":\"fr-FR\",\"@id\":\"https:\\\/\\\/secure.gravatar.com\\\/avatar\\\/37d968a2e67a6fd04c169c4bdef102d0bc5d31b2546345219e348575eb80e9a0?s=96&d=mm&r=g\",\"url\":\"https:\\\/\\\/secure.gravatar.com\\\/avatar\\\/37d968a2e67a6fd04c169c4bdef102d0bc5d31b2546345219e348575eb80e9a0?s=96&d=mm&r=g\",\"contentUrl\":\"https:\\\/\\\/secure.gravatar.com\\\/avatar\\\/37d968a2e67a6fd04c169c4bdef102d0bc5d31b2546345219e348575eb80e9a0?s=96&d=mm&r=g\",\"caption\":\"redazione\"},\"sameAs\":[\"http:\\\/\\\/www.bellunopress.it\",\"https:\\\/\\\/x.com\\\/bellunopress\"],\"url\":\"https:\\\/\\\/www.bellunopress.it\\\/fr\\\/author\\\/redazione\\\/\"}]}<\/script>\n<!-- \/ Yoast SEO plugin. -->","yoast_head_json":{"title":"Stop a reato d'immigrazione clandestina. Zaia: \"Il governo fuori dalla storia, dalla cronaca e lontano dal popolo\" - Bellunopress - Dolomiti","robots":{"index":"index","follow":"follow","max-snippet":"max-snippet:-1","max-image-preview":"max-image-preview:large","max-video-preview":"max-video-preview:-1"},"canonical":"https:\/\/www.bellunopress.it\/fr\/2016\/01\/08\/stop-a-reato-dimmigrazione-clandestina-zaia-il-governo-fuori-dalla-storia-dalla-cronaca-e-lontano-dal-popolo\/","og_locale":"fr_FR","og_type":"article","og_title":"Stop a reato d'immigrazione clandestina. Zaia: \"Il governo fuori dalla storia, dalla cronaca e lontano dal popolo\" - Bellunopress - Dolomiti","og_description":"\u201cIl governo italiano si pone direttamente fuori dalla storia. Come un elefante in cristalleria, nel momento in cui centinaia di donne vengono palpeggiate da bande di immigrati in Germania, mentre Svezia e Danimarca chiudono i confini, mentre la Slovacchia dice addirittura no ai musulmani e le donne di tutto il mondo insorgono contro la concezione [&hellip;]","og_url":"https:\/\/www.bellunopress.it\/fr\/2016\/01\/08\/stop-a-reato-dimmigrazione-clandestina-zaia-il-governo-fuori-dalla-storia-dalla-cronaca-e-lontano-dal-popolo\/","og_site_name":"Bellunopress - Dolomiti","article_publisher":"https:\/\/www.facebook.com\/profile.php?id=100008943462799","article_published_time":"2016-01-08T10:29:25+00:00","og_image":[{"url":"http:\/\/www.bellunopress.it\/wp-content\/uploads\/2010\/11\/zaia-300x220.jpg","type":"","width":"","height":""}],"author":"redazione","twitter_card":"summary_large_image","twitter_creator":"@bellunopress","twitter_site":"@bellunopress","twitter_misc":{"\u00c9crit par":"redazione","Dur\u00e9e de lecture estim\u00e9e":"1 minute"},"schema":{"@context":"https:\/\/schema.org","@graph":[{"@type":"Article","@id":"https:\/\/www.bellunopress.it\/2016\/01\/08\/stop-a-reato-dimmigrazione-clandestina-zaia-il-governo-fuori-dalla-storia-dalla-cronaca-e-lontano-dal-popolo\/#article","isPartOf":{"@id":"https:\/\/www.bellunopress.it\/2016\/01\/08\/stop-a-reato-dimmigrazione-clandestina-zaia-il-governo-fuori-dalla-storia-dalla-cronaca-e-lontano-dal-popolo\/"},"author":{"name":"redazione","@id":"https:\/\/www.bellunopress.it\/#\/schema\/person\/79bb06722b37ece1c03d3e94beb30d73"},"headline":"Stop a reato d&#8217;immigrazione clandestina. Zaia: &#8220;Il governo fuori dalla storia, dalla cronaca e lontano dal popolo&#8221;","datePublished":"2016-01-08T10:29:25+00:00","mainEntityOfPage":{"@id":"https:\/\/www.bellunopress.it\/2016\/01\/08\/stop-a-reato-dimmigrazione-clandestina-zaia-il-governo-fuori-dalla-storia-dalla-cronaca-e-lontano-dal-popolo\/"},"wordCount":263,"publisher":{"@id":"https:\/\/www.bellunopress.it\/#organization"},"image":{"@id":"https:\/\/www.bellunopress.it\/2016\/01\/08\/stop-a-reato-dimmigrazione-clandestina-zaia-il-governo-fuori-dalla-storia-dalla-cronaca-e-lontano-dal-popolo\/#primaryimage"},"thumbnailUrl":"http:\/\/www.bellunopress.it\/wp-content\/uploads\/2010\/11\/zaia-300x220.jpg","articleSection":["Cronaca\/Politica","Prima Pagina"],"inLanguage":"fr-FR"},{"@type":"WebPage","@id":"https:\/\/www.bellunopress.it\/2016\/01\/08\/stop-a-reato-dimmigrazione-clandestina-zaia-il-governo-fuori-dalla-storia-dalla-cronaca-e-lontano-dal-popolo\/","url":"https:\/\/www.bellunopress.it\/2016\/01\/08\/stop-a-reato-dimmigrazione-clandestina-zaia-il-governo-fuori-dalla-storia-dalla-cronaca-e-lontano-dal-popolo\/","name":"Stop a reato d'immigrazione clandestina. Zaia: \"Il governo fuori dalla storia, dalla cronaca e lontano dal popolo\" - Bellunopress - Dolomiti","isPartOf":{"@id":"https:\/\/www.bellunopress.it\/#website"},"primaryImageOfPage":{"@id":"https:\/\/www.bellunopress.it\/2016\/01\/08\/stop-a-reato-dimmigrazione-clandestina-zaia-il-governo-fuori-dalla-storia-dalla-cronaca-e-lontano-dal-popolo\/#primaryimage"},"image":{"@id":"https:\/\/www.bellunopress.it\/2016\/01\/08\/stop-a-reato-dimmigrazione-clandestina-zaia-il-governo-fuori-dalla-storia-dalla-cronaca-e-lontano-dal-popolo\/#primaryimage"},"thumbnailUrl":"http:\/\/www.bellunopress.it\/wp-content\/uploads\/2010\/11\/zaia-300x220.jpg","datePublished":"2016-01-08T10:29:25+00:00","breadcrumb":{"@id":"https:\/\/www.bellunopress.it\/2016\/01\/08\/stop-a-reato-dimmigrazione-clandestina-zaia-il-governo-fuori-dalla-storia-dalla-cronaca-e-lontano-dal-popolo\/#breadcrumb"},"inLanguage":"fr-FR","potentialAction":[{"@type":"ReadAction","target":["https:\/\/www.bellunopress.it\/2016\/01\/08\/stop-a-reato-dimmigrazione-clandestina-zaia-il-governo-fuori-dalla-storia-dalla-cronaca-e-lontano-dal-popolo\/"]}]},{"@type":"ImageObject","inLanguage":"fr-FR","@id":"https:\/\/www.bellunopress.it\/2016\/01\/08\/stop-a-reato-dimmigrazione-clandestina-zaia-il-governo-fuori-dalla-storia-dalla-cronaca-e-lontano-dal-popolo\/#primaryimage","url":"http:\/\/www.bellunopress.it\/wp-content\/uploads\/2010\/11\/zaia-300x220.jpg","contentUrl":"http:\/\/www.bellunopress.it\/wp-content\/uploads\/2010\/11\/zaia-300x220.jpg"},{"@type":"BreadcrumbList","@id":"https:\/\/www.bellunopress.it\/2016\/01\/08\/stop-a-reato-dimmigrazione-clandestina-zaia-il-governo-fuori-dalla-storia-dalla-cronaca-e-lontano-dal-popolo\/#breadcrumb","itemListElement":[{"@type":"ListItem","position":1,"name":"Home","item":"https:\/\/www.bellunopress.it\/"},{"@type":"ListItem","position":2,"name":"Stop a reato d&#8217;immigrazione clandestina. Zaia: &#8220;Il governo fuori dalla storia, dalla cronaca e lontano dal popolo&#8221;"}]},{"@type":"WebSite","@id":"https:\/\/www.bellunopress.it\/#website","url":"https:\/\/www.bellunopress.it\/","name":"Bellunopress - Dolomiti","description":"e-mail: redazione@bellunopress.it","publisher":{"@id":"https:\/\/www.bellunopress.it\/#organization"},"potentialAction":[{"@type":"SearchAction","target":{"@type":"EntryPoint","urlTemplate":"https:\/\/www.bellunopress.it\/?s={search_term_string}"},"query-input":{"@type":"PropertyValueSpecification","valueRequired":true,"valueName":"search_term_string"}}],"inLanguage":"fr-FR"},{"@type":"Organization","@id":"https:\/\/www.bellunopress.it\/#organization","name":"Bellunopress","url":"https:\/\/www.bellunopress.it\/","logo":{"@type":"ImageObject","inLanguage":"fr-FR","@id":"https:\/\/www.bellunopress.it\/#\/schema\/logo\/image\/","url":"https:\/\/www.bellunopress.it\/wp-content\/uploads\/2011\/05\/cropped-logo-bellunopress-.jpg","contentUrl":"https:\/\/www.bellunopress.it\/wp-content\/uploads\/2011\/05\/cropped-logo-bellunopress-.jpg","width":512,"height":512,"caption":"Bellunopress"},"image":{"@id":"https:\/\/www.bellunopress.it\/#\/schema\/logo\/image\/"},"sameAs":["https:\/\/www.facebook.com\/profile.php?id=100008943462799","https:\/\/x.com\/bellunopress","https:\/\/www.linkedin.com\/hp\/?dnr=JBzUWaJfMUw8vbXJJ2tVW5-I3jZKvC4wsoxE&amp;amp;amp;amp;amp;amp;trk=nav_responsive_tab_home","https:\/\/www.youtube.com\/channel\/UCxL0wu1uN0_3_7hGG0306cw"]},{"@type":"Person","@id":"https:\/\/www.bellunopress.it\/#\/schema\/person\/79bb06722b37ece1c03d3e94beb30d73","name":"r\u00e9daction","image":{"@type":"ImageObject","inLanguage":"fr-FR","@id":"https:\/\/secure.gravatar.com\/avatar\/37d968a2e67a6fd04c169c4bdef102d0bc5d31b2546345219e348575eb80e9a0?s=96&d=mm&r=g","url":"https:\/\/secure.gravatar.com\/avatar\/37d968a2e67a6fd04c169c4bdef102d0bc5d31b2546345219e348575eb80e9a0?s=96&d=mm&r=g","contentUrl":"https:\/\/secure.gravatar.com\/avatar\/37d968a2e67a6fd04c169c4bdef102d0bc5d31b2546345219e348575eb80e9a0?s=96&d=mm&r=g","caption":"redazione"},"sameAs":["http:\/\/www.bellunopress.it","https:\/\/x.com\/bellunopress"],"url":"https:\/\/www.bellunopress.it\/fr\/author\/redazione\/"}]}},"_links":{"self":[{"href":"https:\/\/www.bellunopress.it\/fr\/wp-json\/wp\/v2\/posts\/74507","targetHints":{"allow":["GET"]}}],"collection":[{"href":"https:\/\/www.bellunopress.it\/fr\/wp-json\/wp\/v2\/posts"}],"about":[{"href":"https:\/\/www.bellunopress.it\/fr\/wp-json\/wp\/v2\/types\/post"}],"author":[{"embeddable":true,"href":"https:\/\/www.bellunopress.it\/fr\/wp-json\/wp\/v2\/users\/2"}],"replies":[{"embeddable":true,"href":"https:\/\/www.bellunopress.it\/fr\/wp-json\/wp\/v2\/comments?post=74507"}],"version-history":[{"count":1,"href":"https:\/\/www.bellunopress.it\/fr\/wp-json\/wp\/v2\/posts\/74507\/revisions"}],"predecessor-version":[{"id":74508,"href":"https:\/\/www.bellunopress.it\/fr\/wp-json\/wp\/v2\/posts\/74507\/revisions\/74508"}],"wp:attachment":[{"href":"https:\/\/www.bellunopress.it\/fr\/wp-json\/wp\/v2\/media?parent=74507"}],"wp:term":[{"taxonomy":"category","embeddable":true,"href":"https:\/\/www.bellunopress.it\/fr\/wp-json\/wp\/v2\/categories?post=74507"},{"taxonomy":"post_tag","embeddable":true,"href":"https:\/\/www.bellunopress.it\/fr\/wp-json\/wp\/v2\/tags?post=74507"}],"curies":[{"name":"wp","href":"https:\/\/api.w.org\/{rel}","templated":true}]}}