{"id":7448,"date":"2009-08-27T17:23:55","date_gmt":"2009-08-27T16:23:55","guid":{"rendered":"http:\/\/www.bellunopress.it\/?p=7448"},"modified":"2009-08-27T17:23:55","modified_gmt":"2009-08-27T16:23:55","slug":"cera-una-volta-a-cortina-e-ce-ancora-successo-per-il-primo-summer-party","status":"publish","type":"post","link":"https:\/\/www.bellunopress.it\/fr\/2009\/08\/27\/cera-una-volta-a-cortina-e-ce-ancora-successo-per-il-primo-summer-party\/","title":{"rendered":"C&#8217;era una volta a Cortina&#8230; e c&#8217;\u00e8 ancora. Successo per il primo Summer party"},"content":{"rendered":"<p>Cortina d\u2019Ampezzo 27 agosto 2009\u00a0 Ritorno al passato, ai mitici party di Marta Marzotto e di Ascanio Palchetti, alle tante cacce al tesoro e pic nic che negli anni \u201970 hanno rallegrato le estati ampezzane. E\u2019 stato vissuto cos\u00ec, con la gioia di aver ritrovato usi e costumi che fanno parte del dna di Cortina d\u2019Ampezzo, il Cortina Summer Party promosso dal Cortina Polo Club in collaborazione con il Cortina Car Club e Cortina Turismo.<a href=\"http:\/\/www.bellunopress.it\/wp-content\/uploads\/2009\/08\/lideatore-del-cortina-summer-party-maurizio-zuliani-sx-con-carlo-marcati-dx.jpg\"><img loading=\"lazy\" decoding=\"async\" class=\"alignleft size-medium wp-image-7447\" title=\"lideatore-del-cortina-summer-party-maurizio-zuliani-sx-con-carlo-marcati-dx\" src=\"http:\/\/www.bellunopress.it\/wp-content\/uploads\/2009\/08\/lideatore-del-cortina-summer-party-maurizio-zuliani-sx-con-carlo-marcati-dx.jpg\" alt=\"\" width=\"270\" height=\"202\" \/><\/a> Nato da un\u2019idea di Maurizio Zuliani (nella foto con Carlo Marcati), patron del Polo invernale di Cortina e del circuito Polo Gold Cup, l\u2019evento \u00e8 di quelli che si ricorderanno e si ripeteranno. Per la sua formula che ha riportato per un giorno Cortina a tempi che non aveva dimenticato. E che anzi attendeva con ansia. Per riconfermare la sua natura di Regina di una mondanit\u00e0 sottovoce ma decisamente di sostanza. Oltre 400 gli ospiti, tra grande imprenditoria, nobilt\u00e0 e perch\u00e9 no, pure un po\u2019 di spettacolo. C\u2019erano i Don\u00e0 delle Rose e i Barilla, i principi di Torlonia, il presidente dello Sci Club 18 Alvise Alver\u00e0 e Rolly Marchi: il tutto miscelato in uno straordinario mix generazionale. Heritage il concetto attorno a cui tutto ha roteato, la parola chiave che sta alla base delle strategie di comunicazione e promozione di una localit\u00e0 come Cortina che guarda al futuro avendo ben chiaro che il valore aggiunto \u00e8 saper coniugare in ogni suo evento tradizione e innovazione. Sul prato di Malga Pezi\u00e8 de Par\u00f9 i pi\u00f9 blasonati ristoranti di Cortina d\u2019Ampezzo \u2013 dal Tivoli, al Toul\u00e0, al ristorante del Cristallo Palace &amp; Spa, il Meloncino al Camineto, Hotel de La Poste \u2013 hanno allestito stand gastronomici capaci di soddisfare i palati pi\u00f9 esigenti. E a corredo musica e giochi. Con tanto di importantissimi premi. Sei marenghi d\u2019oro offerti da Julius Bar, un corso di guida sicura in Finlandia di Audi, champagne magnum in prestigiosi cofanetti Laurent Perrier, i primi tre premi in palio. Randy Ingerman ha fatto di tutto per aggiudicarsi il premio. Non ce l\u2019ha fatta ma ha detto che questa Cortina le piace e che ha gi\u00e0 una bella idea per un film da girare nella conca ampezzana. Massimiliano Ossini, il noto conduttore di Linea Verde, ha particolarmente apprezzato l\u2019invito: \u00e8 un affezionato di Malga Pezi\u00e8 de Par\u00f9 che ha visto trasformarsi in uno straordinario contenitore di eventi. Fabiana Balestra, la figlia di Renato Balestra, ha osservato con grande attenzione la bellezza delle tante signore che sfoggiavano \u2018dindle tirolesi\u2019. Nuove suggestioni per future collezioni? Antonio Cerlenizza di Audi \u00e8 stato letteralmente assalito dalla gioia della fanciulla che si \u00e8 aggiudicata il premio Audi. Aleksandra Dubrova, ad di Colony Inc. si \u00e8 lungamente intrattenuta con Stefano Illing, il presidente del Consorzio Cortina Turismo. Che stiano studiando nuove partnership tra localit\u00e0 di lusso? Fabrizio Rindi presidente di Julius Bar ha dovuto dividere in due il bottino del primo premio: 3 marenghi a testa per i due occhi di lince che hanno indovinato il numero di borlotti all\u2019interno dell\u2019ampolla delle meraviglie. Grande soddisfazione per Claudio Giorgiutti, altra anima del circuito Polo Gold Cup, che ha intrattenuto gli ospiti per tutta la giornata con la sua energia. Una partecipazione corale del Cortina Car Club, il neonato circolo di appassionati di auto storiche che ad appena cinque mesi dalla sua nascita annovera gi\u00e0 i sessanta collezionisti italiani pi\u00f9 importanti. E che ha approfittato dell\u2019occasione per fare socio onorario del Club, il campione Giacomo Agostini. Hanno richiesto a gran voce il bis per il prossimo anno, tra gli altri, Nicola e Donatella Cristiani, il professor Draghi, l\u2019imprenditore padovano Alberto del Biondi, Diego Gianaroli, Carlo e Marina Iori, Paola e Gianni Gamba, Francesco Ponzellini, Filippo Bruno di Tornaforte. L\u2019evento \u00e8 stato il risultato di un autentico lavoro di gruppo che ha visto collaborare Antica Tostatura Triestina, Paolo Caccese, Enoteca Brio di Vino, Enoteca Cortina, Forst, Moser, Grappa Maschio Prime Uve, La Suite, LP26 DOk Dall\u2019Ava, Nikolaihof Wachau, Valsana, Vip Club Hotel Europa, Zaovini, Vectorgroup e Gis per gli allestimenti.<\/p>","protected":false},"excerpt":{"rendered":"<p>Cortina d\u2019Ampezzo 27 agosto 2009\u00a0 Ritorno al passato, ai mitici party di Marta Marzotto e di Ascanio Palchetti, alle tante cacce al tesoro e pic nic che negli anni \u201970 hanno rallegrato le estati ampezzane. E\u2019 stato vissuto cos\u00ec, con la gioia di aver ritrovato usi e costumi che fanno parte del dna di Cortina [&hellip;]<\/p>\n","protected":false},"author":2,"featured_media":0,"comment_status":"closed","ping_status":"open","sticky":false,"template":"","format":"standard","meta":{"footnotes":""},"categories":[3,25],"tags":[139],"class_list":["post-7448","post","type-post","status-publish","format-standard","category-arte-cultura-spettacoli-scienza-archivi","category-pausa-caffe","tag-belluno"],"yoast_head":"<!-- This site is optimized with the Yoast SEO plugin v28.4 - https:\/\/yoast.com\/product\/yoast-seo-wordpress\/ -->\n<title>C&#039;era una volta a Cortina... e c&#039;\u00e8 ancora. Successo per il primo Summer party - Bellunopress - Dolomiti<\/title>\n<meta name=\"robots\" content=\"index, follow, max-snippet:-1, max-image-preview:large, max-video-preview:-1\" \/>\n<link rel=\"canonical\" href=\"https:\/\/www.bellunopress.it\/fr\/2009\/08\/27\/cera-una-volta-a-cortina-e-ce-ancora-successo-per-il-primo-summer-party\/\" \/>\n<meta property=\"og:locale\" content=\"fr_FR\" \/>\n<meta property=\"og:type\" content=\"article\" \/>\n<meta property=\"og:title\" content=\"C&#039;era una volta a Cortina... e c&#039;\u00e8 ancora. Successo per il primo Summer party - Bellunopress - Dolomiti\" \/>\n<meta property=\"og:description\" content=\"Cortina d\u2019Ampezzo 27 agosto 2009\u00a0 Ritorno al passato, ai mitici party di Marta Marzotto e di Ascanio Palchetti, alle tante cacce al tesoro e pic nic che negli anni \u201970 hanno rallegrato le estati ampezzane. E\u2019 stato vissuto cos\u00ec, con la gioia di aver ritrovato usi e costumi che fanno parte del dna di Cortina [&hellip;]\" \/>\n<meta property=\"og:url\" content=\"https:\/\/www.bellunopress.it\/fr\/2009\/08\/27\/cera-una-volta-a-cortina-e-ce-ancora-successo-per-il-primo-summer-party\/\" \/>\n<meta property=\"og:site_name\" content=\"Bellunopress - Dolomiti\" \/>\n<meta property=\"article:publisher\" content=\"https:\/\/www.facebook.com\/profile.php?id=100008943462799\" \/>\n<meta property=\"article:published_time\" content=\"2009-08-27T16:23:55+00:00\" \/>\n<meta property=\"og:image\" content=\"http:\/\/www.bellunopress.it\/wp-content\/uploads\/2009\/08\/lideatore-del-cortina-summer-party-maurizio-zuliani-sx-con-carlo-marcati-dx.jpg\" \/>\n<meta name=\"author\" content=\"redazione\" \/>\n<meta name=\"twitter:card\" content=\"summary_large_image\" \/>\n<meta name=\"twitter:creator\" content=\"@bellunopress\" \/>\n<meta name=\"twitter:site\" content=\"@bellunopress\" \/>\n<meta name=\"twitter:label1\" content=\"\u00c9crit par\" \/>\n\t<meta name=\"twitter:data1\" content=\"redazione\" \/>\n\t<meta name=\"twitter:label2\" content=\"Dur\u00e9e de lecture estim\u00e9e\" \/>\n\t<meta name=\"twitter:data2\" content=\"3 minutes\" \/>\n<script type=\"application\/ld+json\" class=\"yoast-schema-graph\">{\"@context\":\"https:\\\/\\\/schema.org\",\"@graph\":[{\"@type\":\"Article\",\"@id\":\"https:\\\/\\\/www.bellunopress.it\\\/2009\\\/08\\\/27\\\/cera-una-volta-a-cortina-e-ce-ancora-successo-per-il-primo-summer-party\\\/#article\",\"isPartOf\":{\"@id\":\"https:\\\/\\\/www.bellunopress.it\\\/2009\\\/08\\\/27\\\/cera-una-volta-a-cortina-e-ce-ancora-successo-per-il-primo-summer-party\\\/\"},\"author\":{\"name\":\"redazione\",\"@id\":\"https:\\\/\\\/www.bellunopress.it\\\/#\\\/schema\\\/person\\\/79bb06722b37ece1c03d3e94beb30d73\"},\"headline\":\"C&#8217;era una volta a Cortina&#8230; e c&#8217;\u00e8 ancora. Successo per il primo Summer party\",\"datePublished\":\"2009-08-27T16:23:55+00:00\",\"mainEntityOfPage\":{\"@id\":\"https:\\\/\\\/www.bellunopress.it\\\/2009\\\/08\\\/27\\\/cera-una-volta-a-cortina-e-ce-ancora-successo-per-il-primo-summer-party\\\/\"},\"wordCount\":683,\"publisher\":{\"@id\":\"https:\\\/\\\/www.bellunopress.it\\\/#organization\"},\"image\":{\"@id\":\"https:\\\/\\\/www.bellunopress.it\\\/2009\\\/08\\\/27\\\/cera-una-volta-a-cortina-e-ce-ancora-successo-per-il-primo-summer-party\\\/#primaryimage\"},\"thumbnailUrl\":\"http:\\\/\\\/www.bellunopress.it\\\/wp-content\\\/uploads\\\/2009\\\/08\\\/lideatore-del-cortina-summer-party-maurizio-zuliani-sx-con-carlo-marcati-dx.jpg\",\"keywords\":[\"Belluno\"],\"articleSection\":[\"Arte, Cultura, Spettacoli, Scienza\",\"Pausa Caff\u00e8\"],\"inLanguage\":\"fr-FR\"},{\"@type\":\"WebPage\",\"@id\":\"https:\\\/\\\/www.bellunopress.it\\\/2009\\\/08\\\/27\\\/cera-una-volta-a-cortina-e-ce-ancora-successo-per-il-primo-summer-party\\\/\",\"url\":\"https:\\\/\\\/www.bellunopress.it\\\/2009\\\/08\\\/27\\\/cera-una-volta-a-cortina-e-ce-ancora-successo-per-il-primo-summer-party\\\/\",\"name\":\"C'era una volta a Cortina... e c'\u00e8 ancora. Successo per il primo Summer party - Bellunopress - Dolomiti\",\"isPartOf\":{\"@id\":\"https:\\\/\\\/www.bellunopress.it\\\/#website\"},\"primaryImageOfPage\":{\"@id\":\"https:\\\/\\\/www.bellunopress.it\\\/2009\\\/08\\\/27\\\/cera-una-volta-a-cortina-e-ce-ancora-successo-per-il-primo-summer-party\\\/#primaryimage\"},\"image\":{\"@id\":\"https:\\\/\\\/www.bellunopress.it\\\/2009\\\/08\\\/27\\\/cera-una-volta-a-cortina-e-ce-ancora-successo-per-il-primo-summer-party\\\/#primaryimage\"},\"thumbnailUrl\":\"http:\\\/\\\/www.bellunopress.it\\\/wp-content\\\/uploads\\\/2009\\\/08\\\/lideatore-del-cortina-summer-party-maurizio-zuliani-sx-con-carlo-marcati-dx.jpg\",\"datePublished\":\"2009-08-27T16:23:55+00:00\",\"breadcrumb\":{\"@id\":\"https:\\\/\\\/www.bellunopress.it\\\/2009\\\/08\\\/27\\\/cera-una-volta-a-cortina-e-ce-ancora-successo-per-il-primo-summer-party\\\/#breadcrumb\"},\"inLanguage\":\"fr-FR\",\"potentialAction\":[{\"@type\":\"ReadAction\",\"target\":[\"https:\\\/\\\/www.bellunopress.it\\\/2009\\\/08\\\/27\\\/cera-una-volta-a-cortina-e-ce-ancora-successo-per-il-primo-summer-party\\\/\"]}]},{\"@type\":\"ImageObject\",\"inLanguage\":\"fr-FR\",\"@id\":\"https:\\\/\\\/www.bellunopress.it\\\/2009\\\/08\\\/27\\\/cera-una-volta-a-cortina-e-ce-ancora-successo-per-il-primo-summer-party\\\/#primaryimage\",\"url\":\"http:\\\/\\\/www.bellunopress.it\\\/wp-content\\\/uploads\\\/2009\\\/08\\\/lideatore-del-cortina-summer-party-maurizio-zuliani-sx-con-carlo-marcati-dx.jpg\",\"contentUrl\":\"http:\\\/\\\/www.bellunopress.it\\\/wp-content\\\/uploads\\\/2009\\\/08\\\/lideatore-del-cortina-summer-party-maurizio-zuliani-sx-con-carlo-marcati-dx.jpg\"},{\"@type\":\"BreadcrumbList\",\"@id\":\"https:\\\/\\\/www.bellunopress.it\\\/2009\\\/08\\\/27\\\/cera-una-volta-a-cortina-e-ce-ancora-successo-per-il-primo-summer-party\\\/#breadcrumb\",\"itemListElement\":[{\"@type\":\"ListItem\",\"position\":1,\"name\":\"Home\",\"item\":\"https:\\\/\\\/www.bellunopress.it\\\/\"},{\"@type\":\"ListItem\",\"position\":2,\"name\":\"C&#8217;era una volta a Cortina&#8230; e c&#8217;\u00e8 ancora. Successo per il primo Summer party\"}]},{\"@type\":\"WebSite\",\"@id\":\"https:\\\/\\\/www.bellunopress.it\\\/#website\",\"url\":\"https:\\\/\\\/www.bellunopress.it\\\/\",\"name\":\"Bellunopress - Dolomiti\",\"description\":\"e-mail: redazione@bellunopress.it\",\"publisher\":{\"@id\":\"https:\\\/\\\/www.bellunopress.it\\\/#organization\"},\"potentialAction\":[{\"@type\":\"SearchAction\",\"target\":{\"@type\":\"EntryPoint\",\"urlTemplate\":\"https:\\\/\\\/www.bellunopress.it\\\/?s={search_term_string}\"},\"query-input\":{\"@type\":\"PropertyValueSpecification\",\"valueRequired\":true,\"valueName\":\"search_term_string\"}}],\"inLanguage\":\"fr-FR\"},{\"@type\":\"Organization\",\"@id\":\"https:\\\/\\\/www.bellunopress.it\\\/#organization\",\"name\":\"Bellunopress\",\"url\":\"https:\\\/\\\/www.bellunopress.it\\\/\",\"logo\":{\"@type\":\"ImageObject\",\"inLanguage\":\"fr-FR\",\"@id\":\"https:\\\/\\\/www.bellunopress.it\\\/#\\\/schema\\\/logo\\\/image\\\/\",\"url\":\"https:\\\/\\\/www.bellunopress.it\\\/wp-content\\\/uploads\\\/2011\\\/05\\\/cropped-logo-bellunopress-.jpg\",\"contentUrl\":\"https:\\\/\\\/www.bellunopress.it\\\/wp-content\\\/uploads\\\/2011\\\/05\\\/cropped-logo-bellunopress-.jpg\",\"width\":512,\"height\":512,\"caption\":\"Bellunopress\"},\"image\":{\"@id\":\"https:\\\/\\\/www.bellunopress.it\\\/#\\\/schema\\\/logo\\\/image\\\/\"},\"sameAs\":[\"https:\\\/\\\/www.facebook.com\\\/profile.php?id=100008943462799\",\"https:\\\/\\\/x.com\\\/bellunopress\",\"https:\\\/\\\/www.linkedin.com\\\/hp\\\/?dnr=JBzUWaJfMUw8vbXJJ2tVW5-I3jZKvC4wsoxE&amp;amp;amp;amp;amp;amp;trk=nav_responsive_tab_home\",\"https:\\\/\\\/www.youtube.com\\\/channel\\\/UCxL0wu1uN0_3_7hGG0306cw\"]},{\"@type\":\"Person\",\"@id\":\"https:\\\/\\\/www.bellunopress.it\\\/#\\\/schema\\\/person\\\/79bb06722b37ece1c03d3e94beb30d73\",\"name\":\"redazione\",\"image\":{\"@type\":\"ImageObject\",\"inLanguage\":\"fr-FR\",\"@id\":\"https:\\\/\\\/secure.gravatar.com\\\/avatar\\\/37d968a2e67a6fd04c169c4bdef102d0bc5d31b2546345219e348575eb80e9a0?s=96&d=mm&r=g\",\"url\":\"https:\\\/\\\/secure.gravatar.com\\\/avatar\\\/37d968a2e67a6fd04c169c4bdef102d0bc5d31b2546345219e348575eb80e9a0?s=96&d=mm&r=g\",\"contentUrl\":\"https:\\\/\\\/secure.gravatar.com\\\/avatar\\\/37d968a2e67a6fd04c169c4bdef102d0bc5d31b2546345219e348575eb80e9a0?s=96&d=mm&r=g\",\"caption\":\"redazione\"},\"sameAs\":[\"http:\\\/\\\/www.bellunopress.it\",\"https:\\\/\\\/x.com\\\/bellunopress\"],\"url\":\"https:\\\/\\\/www.bellunopress.it\\\/fr\\\/author\\\/redazione\\\/\"}]}<\/script>\n<!-- \/ Yoast SEO plugin. -->","yoast_head_json":{"title":"C'era una volta a Cortina... e c'\u00e8 ancora. Successo per il primo Summer party - Bellunopress - Dolomiti","robots":{"index":"index","follow":"follow","max-snippet":"max-snippet:-1","max-image-preview":"max-image-preview:large","max-video-preview":"max-video-preview:-1"},"canonical":"https:\/\/www.bellunopress.it\/fr\/2009\/08\/27\/cera-una-volta-a-cortina-e-ce-ancora-successo-per-il-primo-summer-party\/","og_locale":"fr_FR","og_type":"article","og_title":"C'era una volta a Cortina... e c'\u00e8 ancora. Successo per il primo Summer party - Bellunopress - Dolomiti","og_description":"Cortina d\u2019Ampezzo 27 agosto 2009\u00a0 Ritorno al passato, ai mitici party di Marta Marzotto e di Ascanio Palchetti, alle tante cacce al tesoro e pic nic che negli anni \u201970 hanno rallegrato le estati ampezzane. E\u2019 stato vissuto cos\u00ec, con la gioia di aver ritrovato usi e costumi che fanno parte del dna di Cortina [&hellip;]","og_url":"https:\/\/www.bellunopress.it\/fr\/2009\/08\/27\/cera-una-volta-a-cortina-e-ce-ancora-successo-per-il-primo-summer-party\/","og_site_name":"Bellunopress - Dolomiti","article_publisher":"https:\/\/www.facebook.com\/profile.php?id=100008943462799","article_published_time":"2009-08-27T16:23:55+00:00","og_image":[{"url":"http:\/\/www.bellunopress.it\/wp-content\/uploads\/2009\/08\/lideatore-del-cortina-summer-party-maurizio-zuliani-sx-con-carlo-marcati-dx.jpg","type":"","width":"","height":""}],"author":"redazione","twitter_card":"summary_large_image","twitter_creator":"@bellunopress","twitter_site":"@bellunopress","twitter_misc":{"\u00c9crit par":"redazione","Dur\u00e9e de lecture estim\u00e9e":"3 minutes"},"schema":{"@context":"https:\/\/schema.org","@graph":[{"@type":"Article","@id":"https:\/\/www.bellunopress.it\/2009\/08\/27\/cera-una-volta-a-cortina-e-ce-ancora-successo-per-il-primo-summer-party\/#article","isPartOf":{"@id":"https:\/\/www.bellunopress.it\/2009\/08\/27\/cera-una-volta-a-cortina-e-ce-ancora-successo-per-il-primo-summer-party\/"},"author":{"name":"redazione","@id":"https:\/\/www.bellunopress.it\/#\/schema\/person\/79bb06722b37ece1c03d3e94beb30d73"},"headline":"C&#8217;era una volta a Cortina&#8230; e c&#8217;\u00e8 ancora. Successo per il primo Summer party","datePublished":"2009-08-27T16:23:55+00:00","mainEntityOfPage":{"@id":"https:\/\/www.bellunopress.it\/2009\/08\/27\/cera-una-volta-a-cortina-e-ce-ancora-successo-per-il-primo-summer-party\/"},"wordCount":683,"publisher":{"@id":"https:\/\/www.bellunopress.it\/#organization"},"image":{"@id":"https:\/\/www.bellunopress.it\/2009\/08\/27\/cera-una-volta-a-cortina-e-ce-ancora-successo-per-il-primo-summer-party\/#primaryimage"},"thumbnailUrl":"http:\/\/www.bellunopress.it\/wp-content\/uploads\/2009\/08\/lideatore-del-cortina-summer-party-maurizio-zuliani-sx-con-carlo-marcati-dx.jpg","keywords":["Belluno"],"articleSection":["Arte, Cultura, Spettacoli, Scienza","Pausa Caff\u00e8"],"inLanguage":"fr-FR"},{"@type":"WebPage","@id":"https:\/\/www.bellunopress.it\/2009\/08\/27\/cera-una-volta-a-cortina-e-ce-ancora-successo-per-il-primo-summer-party\/","url":"https:\/\/www.bellunopress.it\/2009\/08\/27\/cera-una-volta-a-cortina-e-ce-ancora-successo-per-il-primo-summer-party\/","name":"C'era una volta a Cortina... e c'\u00e8 ancora. Successo per il primo Summer party - Bellunopress - Dolomiti","isPartOf":{"@id":"https:\/\/www.bellunopress.it\/#website"},"primaryImageOfPage":{"@id":"https:\/\/www.bellunopress.it\/2009\/08\/27\/cera-una-volta-a-cortina-e-ce-ancora-successo-per-il-primo-summer-party\/#primaryimage"},"image":{"@id":"https:\/\/www.bellunopress.it\/2009\/08\/27\/cera-una-volta-a-cortina-e-ce-ancora-successo-per-il-primo-summer-party\/#primaryimage"},"thumbnailUrl":"http:\/\/www.bellunopress.it\/wp-content\/uploads\/2009\/08\/lideatore-del-cortina-summer-party-maurizio-zuliani-sx-con-carlo-marcati-dx.jpg","datePublished":"2009-08-27T16:23:55+00:00","breadcrumb":{"@id":"https:\/\/www.bellunopress.it\/2009\/08\/27\/cera-una-volta-a-cortina-e-ce-ancora-successo-per-il-primo-summer-party\/#breadcrumb"},"inLanguage":"fr-FR","potentialAction":[{"@type":"ReadAction","target":["https:\/\/www.bellunopress.it\/2009\/08\/27\/cera-una-volta-a-cortina-e-ce-ancora-successo-per-il-primo-summer-party\/"]}]},{"@type":"ImageObject","inLanguage":"fr-FR","@id":"https:\/\/www.bellunopress.it\/2009\/08\/27\/cera-una-volta-a-cortina-e-ce-ancora-successo-per-il-primo-summer-party\/#primaryimage","url":"http:\/\/www.bellunopress.it\/wp-content\/uploads\/2009\/08\/lideatore-del-cortina-summer-party-maurizio-zuliani-sx-con-carlo-marcati-dx.jpg","contentUrl":"http:\/\/www.bellunopress.it\/wp-content\/uploads\/2009\/08\/lideatore-del-cortina-summer-party-maurizio-zuliani-sx-con-carlo-marcati-dx.jpg"},{"@type":"BreadcrumbList","@id":"https:\/\/www.bellunopress.it\/2009\/08\/27\/cera-una-volta-a-cortina-e-ce-ancora-successo-per-il-primo-summer-party\/#breadcrumb","itemListElement":[{"@type":"ListItem","position":1,"name":"Home","item":"https:\/\/www.bellunopress.it\/"},{"@type":"ListItem","position":2,"name":"C&#8217;era una volta a Cortina&#8230; e c&#8217;\u00e8 ancora. Successo per il primo Summer party"}]},{"@type":"WebSite","@id":"https:\/\/www.bellunopress.it\/#website","url":"https:\/\/www.bellunopress.it\/","name":"Bellunopress - Dolomiti","description":"e-mail: redazione@bellunopress.it","publisher":{"@id":"https:\/\/www.bellunopress.it\/#organization"},"potentialAction":[{"@type":"SearchAction","target":{"@type":"EntryPoint","urlTemplate":"https:\/\/www.bellunopress.it\/?s={search_term_string}"},"query-input":{"@type":"PropertyValueSpecification","valueRequired":true,"valueName":"search_term_string"}}],"inLanguage":"fr-FR"},{"@type":"Organization","@id":"https:\/\/www.bellunopress.it\/#organization","name":"Bellunopress","url":"https:\/\/www.bellunopress.it\/","logo":{"@type":"ImageObject","inLanguage":"fr-FR","@id":"https:\/\/www.bellunopress.it\/#\/schema\/logo\/image\/","url":"https:\/\/www.bellunopress.it\/wp-content\/uploads\/2011\/05\/cropped-logo-bellunopress-.jpg","contentUrl":"https:\/\/www.bellunopress.it\/wp-content\/uploads\/2011\/05\/cropped-logo-bellunopress-.jpg","width":512,"height":512,"caption":"Bellunopress"},"image":{"@id":"https:\/\/www.bellunopress.it\/#\/schema\/logo\/image\/"},"sameAs":["https:\/\/www.facebook.com\/profile.php?id=100008943462799","https:\/\/x.com\/bellunopress","https:\/\/www.linkedin.com\/hp\/?dnr=JBzUWaJfMUw8vbXJJ2tVW5-I3jZKvC4wsoxE&amp;amp;amp;amp;amp;amp;trk=nav_responsive_tab_home","https:\/\/www.youtube.com\/channel\/UCxL0wu1uN0_3_7hGG0306cw"]},{"@type":"Person","@id":"https:\/\/www.bellunopress.it\/#\/schema\/person\/79bb06722b37ece1c03d3e94beb30d73","name":"r\u00e9daction","image":{"@type":"ImageObject","inLanguage":"fr-FR","@id":"https:\/\/secure.gravatar.com\/avatar\/37d968a2e67a6fd04c169c4bdef102d0bc5d31b2546345219e348575eb80e9a0?s=96&d=mm&r=g","url":"https:\/\/secure.gravatar.com\/avatar\/37d968a2e67a6fd04c169c4bdef102d0bc5d31b2546345219e348575eb80e9a0?s=96&d=mm&r=g","contentUrl":"https:\/\/secure.gravatar.com\/avatar\/37d968a2e67a6fd04c169c4bdef102d0bc5d31b2546345219e348575eb80e9a0?s=96&d=mm&r=g","caption":"redazione"},"sameAs":["http:\/\/www.bellunopress.it","https:\/\/x.com\/bellunopress"],"url":"https:\/\/www.bellunopress.it\/fr\/author\/redazione\/"}]}},"_links":{"self":[{"href":"https:\/\/www.bellunopress.it\/fr\/wp-json\/wp\/v2\/posts\/7448","targetHints":{"allow":["GET"]}}],"collection":[{"href":"https:\/\/www.bellunopress.it\/fr\/wp-json\/wp\/v2\/posts"}],"about":[{"href":"https:\/\/www.bellunopress.it\/fr\/wp-json\/wp\/v2\/types\/post"}],"author":[{"embeddable":true,"href":"https:\/\/www.bellunopress.it\/fr\/wp-json\/wp\/v2\/users\/2"}],"replies":[{"embeddable":true,"href":"https:\/\/www.bellunopress.it\/fr\/wp-json\/wp\/v2\/comments?post=7448"}],"version-history":[{"count":1,"href":"https:\/\/www.bellunopress.it\/fr\/wp-json\/wp\/v2\/posts\/7448\/revisions"}],"predecessor-version":[{"id":7449,"href":"https:\/\/www.bellunopress.it\/fr\/wp-json\/wp\/v2\/posts\/7448\/revisions\/7449"}],"wp:attachment":[{"href":"https:\/\/www.bellunopress.it\/fr\/wp-json\/wp\/v2\/media?parent=7448"}],"wp:term":[{"taxonomy":"category","embeddable":true,"href":"https:\/\/www.bellunopress.it\/fr\/wp-json\/wp\/v2\/categories?post=7448"},{"taxonomy":"post_tag","embeddable":true,"href":"https:\/\/www.bellunopress.it\/fr\/wp-json\/wp\/v2\/tags?post=7448"}],"curies":[{"name":"wp","href":"https:\/\/api.w.org\/{rel}","templated":true}]}}