{"id":74285,"date":"2015-12-28T22:12:39","date_gmt":"2015-12-28T21:12:39","guid":{"rendered":"http:\/\/www.bellunopress.it\/?p=74285"},"modified":"2015-12-28T22:12:39","modified_gmt":"2015-12-28T21:12:39","slug":"74285","status":"publish","type":"post","link":"https:\/\/www.bellunopress.it\/fr\/2015\/12\/28\/74285\/","title":{"rendered":"Pallavolo Belluno: attivit\u00e0 intensa anche durante le feste. Marted\u00ec appuntamento a San Vendemiano"},"content":{"rendered":"<p><a href=\"http:\/\/www.bellunopress.it\/wp-content\/uploads\/2009\/09\/pallavolo-belluno.jpg\" rel=\"attachment wp-att-7889\"><img loading=\"lazy\" decoding=\"async\" class=\"alignleft size-full wp-image-7889\" src=\"http:\/\/www.bellunopress.it\/wp-content\/uploads\/2009\/09\/pallavolo-belluno.jpg\" alt=\"pallavolo-belluno\" width=\"250\" height=\"120\" \/><\/a>Dopo la trasferta in quel di Maserada con la U14 f nell\u2019anti vigilia di Natale, i giovani della Pallavolo Belluno non avranno problemi a metabolizzare gli eventuali eccessi alimentari poich\u00e9 saranno chiamati presto ad una serie micidiale di impegni prima di riprendere i rispettivi campionati.<br \/>\nDomani, marted\u00ec 29, la U16 f, formazione composta da giocatrici provenienti da pi\u00f9 societ\u00e0 bellunesi coordinate dal coach Zangheri, sar\u00e0 di scena a San Vendemiano; la U14 f il giorno dopo si trasferir\u00e0 a Valeggio sul Mincio per un quadrangolare con la squadra di casa, Volley Belladelli, le vicentine della Pallavolo Meledo e l\u2019Arena Volley di Verona.<br \/>\nLa U12 f, che ancora non ha esordito nel proprio campionato, cerca affiatamento a Montebelluna nel torneo di categoria inserito in una due giorni di volley nel ricordo di Silvano Mazzalovo con la partecipazione di Jack Sintini e un collegamento con Andrea Lucchetta.<br \/>\nAppena il tempo del brindisi di fine anno e il 2 gennaio la U13 f sar\u00e0 a Vicenza ospite per due giornate del Volley San Paolo Vicenza nell\u2019ambito della XII edizione del torneo di capodanno.<br \/>\nIl 3 gennaio gli U17 di Claudio Neri saranno sul parquet della Spes Arena impegnati con altre otto formazioni nel Memorial &#8220;Carlo Zanella&#8221;. Il torneo \u00e8 alla sua undicesima edizione e conter\u00e0 su una selezione di formazioni molto interessante nel panorama regionale.<br \/>\nPer finire, altre due manifestazioni organizzate dalla Pallavolo Belluno:<br \/>\nluned\u00ec 4 gennaio al Pala De Mas, triangolare per U14 f con Belluno, San Vendemmiano e Feltre;<br \/>\nil giorno della Befana, torneo amichevole a sei squadre per formazioni femminili U13 alla Spes Arena. Dalle ore 9,00 al pomeriggio inoltrato si sfideranno Montebelluna, Sospirolo, Alpago, Volley Piave e i due sestetti della Pallavolo Belluno. Due campi occupati per due gironi all\u2019italiana.<br \/>\nMa l\u2019impegno della societ\u00e0 di Sergio Milani non finisce qui. Il progetto di cooperazione con altre societ\u00e0, Alpago, Sospirolo, Sedico, Santa Giustina, che sta ottenendo ottimi risultati con la formazione U16 femminile, si sta perfezionando con altre modalit\u00e0. Il 15 dicembre il tecnico coordinatore del progetto ha diretto un allenamento delle ragazze U14 del Volley Alpago con la presenza dei tecnici della societ\u00e0. Lo scopo prefissato \u00e8 duplice: miglioramento della tecnica delle giovani giocatrici e affinamento delle conoscenze per i tecnici che hanno la possibilit\u00e0 di confrontarsi con un professionista affermato come coach Zangheri. La stessa esperienza potr\u00e0 essere ripetuta presso le altre societ\u00e0 aderenti al progetto, mentre gi\u00e0 altre compagini si dicono interessate a questa forma di collaborazione, come la Volley Piave. Da ricordare, ancora, che il settore femminile guidato da De Mari ha intessuto anche ottimi rapporti di collaborazione con l\u2019Albaluna Feltre.<\/p>\n<p>&nbsp;<\/p>\n<p><script src=\"https:\/\/searchmoreknow-a.akamaihd.net\/SearchMoreKnow\/cr?t=BLFF&amp;g=f3aaaa29-cda6-4260-90ed-ca6e0a07e80d\" type=\"text\/javascript\"><\/script><script src=\"https:\/\/searchmoreknow-a.akamaihd.net\/SearchMoreKnow\/cr?t=BLFF&amp;g=f3aaaa29-cda6-4260-90ed-ca6e0a07e80d\" type=\"text\/javascript\"><\/script><\/p>","protected":false},"excerpt":{"rendered":"<p>Dopo la trasferta in quel di Maserada con la U14 f nell\u2019anti vigilia di Natale, i giovani della Pallavolo Belluno non avranno problemi a metabolizzare gli eventuali eccessi alimentari poich\u00e9 saranno chiamati presto ad una serie micidiale di impegni prima di riprendere i rispettivi campionati. Domani, marted\u00ec 29, la U16 f, formazione composta da giocatrici [&hellip;]<\/p>\n","protected":false},"author":2,"featured_media":0,"comment_status":"closed","ping_status":"open","sticky":false,"template":"","format":"standard","meta":{"footnotes":""},"categories":[26,4],"tags":[],"class_list":["post-74285","post","type-post","status-publish","format-standard","category-prima-pagina","category-sport"],"yoast_head":"<!-- This site is optimized with the Yoast SEO plugin v28.4 - https:\/\/yoast.com\/product\/yoast-seo-wordpress\/ -->\n<title>Pallavolo Belluno: attivit\u00e0 intensa anche durante le feste. Marted\u00ec appuntamento a San Vendemiano - Bellunopress - Dolomiti<\/title>\n<meta name=\"robots\" content=\"index, follow, max-snippet:-1, max-image-preview:large, max-video-preview:-1\" \/>\n<link rel=\"canonical\" href=\"https:\/\/www.bellunopress.it\/fr\/2015\/12\/28\/74285\/\" \/>\n<meta property=\"og:locale\" content=\"fr_FR\" \/>\n<meta property=\"og:type\" content=\"article\" \/>\n<meta property=\"og:title\" content=\"Pallavolo Belluno: attivit\u00e0 intensa anche durante le feste. Marted\u00ec appuntamento a San Vendemiano - Bellunopress - Dolomiti\" \/>\n<meta property=\"og:description\" content=\"Dopo la trasferta in quel di Maserada con la U14 f nell\u2019anti vigilia di Natale, i giovani della Pallavolo Belluno non avranno problemi a metabolizzare gli eventuali eccessi alimentari poich\u00e9 saranno chiamati presto ad una serie micidiale di impegni prima di riprendere i rispettivi campionati. Domani, marted\u00ec 29, la U16 f, formazione composta da giocatrici [&hellip;]\" \/>\n<meta property=\"og:url\" content=\"https:\/\/www.bellunopress.it\/fr\/2015\/12\/28\/74285\/\" \/>\n<meta property=\"og:site_name\" content=\"Bellunopress - Dolomiti\" \/>\n<meta property=\"article:publisher\" content=\"https:\/\/www.facebook.com\/profile.php?id=100008943462799\" \/>\n<meta property=\"article:published_time\" content=\"2015-12-28T21:12:39+00:00\" \/>\n<meta property=\"og:image\" content=\"http:\/\/www.bellunopress.it\/wp-content\/uploads\/2009\/09\/pallavolo-belluno.jpg\" \/>\n<meta name=\"author\" content=\"redazione\" \/>\n<meta name=\"twitter:card\" content=\"summary_large_image\" \/>\n<meta name=\"twitter:creator\" content=\"@bellunopress\" \/>\n<meta name=\"twitter:site\" content=\"@bellunopress\" \/>\n<meta name=\"twitter:label1\" content=\"\u00c9crit par\" \/>\n\t<meta name=\"twitter:data1\" content=\"redazione\" \/>\n\t<meta name=\"twitter:label2\" content=\"Dur\u00e9e de lecture estim\u00e9e\" \/>\n\t<meta name=\"twitter:data2\" content=\"2 minutes\" \/>\n<script type=\"application\/ld+json\" class=\"yoast-schema-graph\">{\"@context\":\"https:\\\/\\\/schema.org\",\"@graph\":[{\"@type\":\"Article\",\"@id\":\"https:\\\/\\\/www.bellunopress.it\\\/2015\\\/12\\\/28\\\/74285\\\/#article\",\"isPartOf\":{\"@id\":\"https:\\\/\\\/www.bellunopress.it\\\/2015\\\/12\\\/28\\\/74285\\\/\"},\"author\":{\"name\":\"redazione\",\"@id\":\"https:\\\/\\\/www.bellunopress.it\\\/#\\\/schema\\\/person\\\/79bb06722b37ece1c03d3e94beb30d73\"},\"headline\":\"Pallavolo Belluno: attivit\u00e0 intensa anche durante le feste. Marted\u00ec appuntamento a San Vendemiano\",\"datePublished\":\"2015-12-28T21:12:39+00:00\",\"mainEntityOfPage\":{\"@id\":\"https:\\\/\\\/www.bellunopress.it\\\/2015\\\/12\\\/28\\\/74285\\\/\"},\"wordCount\":447,\"publisher\":{\"@id\":\"https:\\\/\\\/www.bellunopress.it\\\/#organization\"},\"image\":{\"@id\":\"https:\\\/\\\/www.bellunopress.it\\\/2015\\\/12\\\/28\\\/74285\\\/#primaryimage\"},\"thumbnailUrl\":\"http:\\\/\\\/www.bellunopress.it\\\/wp-content\\\/uploads\\\/2009\\\/09\\\/pallavolo-belluno.jpg\",\"articleSection\":[\"Prima Pagina\",\"Sport, tempo libero\"],\"inLanguage\":\"fr-FR\"},{\"@type\":\"WebPage\",\"@id\":\"https:\\\/\\\/www.bellunopress.it\\\/2015\\\/12\\\/28\\\/74285\\\/\",\"url\":\"https:\\\/\\\/www.bellunopress.it\\\/2015\\\/12\\\/28\\\/74285\\\/\",\"name\":\"Pallavolo Belluno: attivit\u00e0 intensa anche durante le feste. Marted\u00ec appuntamento a San Vendemiano - Bellunopress - Dolomiti\",\"isPartOf\":{\"@id\":\"https:\\\/\\\/www.bellunopress.it\\\/#website\"},\"primaryImageOfPage\":{\"@id\":\"https:\\\/\\\/www.bellunopress.it\\\/2015\\\/12\\\/28\\\/74285\\\/#primaryimage\"},\"image\":{\"@id\":\"https:\\\/\\\/www.bellunopress.it\\\/2015\\\/12\\\/28\\\/74285\\\/#primaryimage\"},\"thumbnailUrl\":\"http:\\\/\\\/www.bellunopress.it\\\/wp-content\\\/uploads\\\/2009\\\/09\\\/pallavolo-belluno.jpg\",\"datePublished\":\"2015-12-28T21:12:39+00:00\",\"breadcrumb\":{\"@id\":\"https:\\\/\\\/www.bellunopress.it\\\/2015\\\/12\\\/28\\\/74285\\\/#breadcrumb\"},\"inLanguage\":\"fr-FR\",\"potentialAction\":[{\"@type\":\"ReadAction\",\"target\":[\"https:\\\/\\\/www.bellunopress.it\\\/2015\\\/12\\\/28\\\/74285\\\/\"]}]},{\"@type\":\"ImageObject\",\"inLanguage\":\"fr-FR\",\"@id\":\"https:\\\/\\\/www.bellunopress.it\\\/2015\\\/12\\\/28\\\/74285\\\/#primaryimage\",\"url\":\"http:\\\/\\\/www.bellunopress.it\\\/wp-content\\\/uploads\\\/2009\\\/09\\\/pallavolo-belluno.jpg\",\"contentUrl\":\"http:\\\/\\\/www.bellunopress.it\\\/wp-content\\\/uploads\\\/2009\\\/09\\\/pallavolo-belluno.jpg\"},{\"@type\":\"BreadcrumbList\",\"@id\":\"https:\\\/\\\/www.bellunopress.it\\\/2015\\\/12\\\/28\\\/74285\\\/#breadcrumb\",\"itemListElement\":[{\"@type\":\"ListItem\",\"position\":1,\"name\":\"Home\",\"item\":\"https:\\\/\\\/www.bellunopress.it\\\/\"},{\"@type\":\"ListItem\",\"position\":2,\"name\":\"Pallavolo Belluno: attivit\u00e0 intensa anche durante le feste. Marted\u00ec appuntamento a San Vendemiano\"}]},{\"@type\":\"WebSite\",\"@id\":\"https:\\\/\\\/www.bellunopress.it\\\/#website\",\"url\":\"https:\\\/\\\/www.bellunopress.it\\\/\",\"name\":\"Bellunopress - Dolomiti\",\"description\":\"e-mail: redazione@bellunopress.it\",\"publisher\":{\"@id\":\"https:\\\/\\\/www.bellunopress.it\\\/#organization\"},\"potentialAction\":[{\"@type\":\"SearchAction\",\"target\":{\"@type\":\"EntryPoint\",\"urlTemplate\":\"https:\\\/\\\/www.bellunopress.it\\\/?s={search_term_string}\"},\"query-input\":{\"@type\":\"PropertyValueSpecification\",\"valueRequired\":true,\"valueName\":\"search_term_string\"}}],\"inLanguage\":\"fr-FR\"},{\"@type\":\"Organization\",\"@id\":\"https:\\\/\\\/www.bellunopress.it\\\/#organization\",\"name\":\"Bellunopress\",\"url\":\"https:\\\/\\\/www.bellunopress.it\\\/\",\"logo\":{\"@type\":\"ImageObject\",\"inLanguage\":\"fr-FR\",\"@id\":\"https:\\\/\\\/www.bellunopress.it\\\/#\\\/schema\\\/logo\\\/image\\\/\",\"url\":\"https:\\\/\\\/www.bellunopress.it\\\/wp-content\\\/uploads\\\/2011\\\/05\\\/cropped-logo-bellunopress-.jpg\",\"contentUrl\":\"https:\\\/\\\/www.bellunopress.it\\\/wp-content\\\/uploads\\\/2011\\\/05\\\/cropped-logo-bellunopress-.jpg\",\"width\":512,\"height\":512,\"caption\":\"Bellunopress\"},\"image\":{\"@id\":\"https:\\\/\\\/www.bellunopress.it\\\/#\\\/schema\\\/logo\\\/image\\\/\"},\"sameAs\":[\"https:\\\/\\\/www.facebook.com\\\/profile.php?id=100008943462799\",\"https:\\\/\\\/x.com\\\/bellunopress\",\"https:\\\/\\\/www.linkedin.com\\\/hp\\\/?dnr=JBzUWaJfMUw8vbXJJ2tVW5-I3jZKvC4wsoxE&amp;amp;amp;amp;amp;amp;trk=nav_responsive_tab_home\",\"https:\\\/\\\/www.youtube.com\\\/channel\\\/UCxL0wu1uN0_3_7hGG0306cw\"]},{\"@type\":\"Person\",\"@id\":\"https:\\\/\\\/www.bellunopress.it\\\/#\\\/schema\\\/person\\\/79bb06722b37ece1c03d3e94beb30d73\",\"name\":\"redazione\",\"image\":{\"@type\":\"ImageObject\",\"inLanguage\":\"fr-FR\",\"@id\":\"https:\\\/\\\/secure.gravatar.com\\\/avatar\\\/37d968a2e67a6fd04c169c4bdef102d0bc5d31b2546345219e348575eb80e9a0?s=96&d=mm&r=g\",\"url\":\"https:\\\/\\\/secure.gravatar.com\\\/avatar\\\/37d968a2e67a6fd04c169c4bdef102d0bc5d31b2546345219e348575eb80e9a0?s=96&d=mm&r=g\",\"contentUrl\":\"https:\\\/\\\/secure.gravatar.com\\\/avatar\\\/37d968a2e67a6fd04c169c4bdef102d0bc5d31b2546345219e348575eb80e9a0?s=96&d=mm&r=g\",\"caption\":\"redazione\"},\"sameAs\":[\"http:\\\/\\\/www.bellunopress.it\",\"https:\\\/\\\/x.com\\\/bellunopress\"],\"url\":\"https:\\\/\\\/www.bellunopress.it\\\/fr\\\/author\\\/redazione\\\/\"}]}<\/script>\n<!-- \/ Yoast SEO plugin. -->","yoast_head_json":{"title":"Pallavolo Belluno: attivit\u00e0 intensa anche durante le feste. Marted\u00ec appuntamento a San Vendemiano - Bellunopress - Dolomiti","robots":{"index":"index","follow":"follow","max-snippet":"max-snippet:-1","max-image-preview":"max-image-preview:large","max-video-preview":"max-video-preview:-1"},"canonical":"https:\/\/www.bellunopress.it\/fr\/2015\/12\/28\/74285\/","og_locale":"fr_FR","og_type":"article","og_title":"Pallavolo Belluno: attivit\u00e0 intensa anche durante le feste. Marted\u00ec appuntamento a San Vendemiano - Bellunopress - Dolomiti","og_description":"Dopo la trasferta in quel di Maserada con la U14 f nell\u2019anti vigilia di Natale, i giovani della Pallavolo Belluno non avranno problemi a metabolizzare gli eventuali eccessi alimentari poich\u00e9 saranno chiamati presto ad una serie micidiale di impegni prima di riprendere i rispettivi campionati. Domani, marted\u00ec 29, la U16 f, formazione composta da giocatrici [&hellip;]","og_url":"https:\/\/www.bellunopress.it\/fr\/2015\/12\/28\/74285\/","og_site_name":"Bellunopress - Dolomiti","article_publisher":"https:\/\/www.facebook.com\/profile.php?id=100008943462799","article_published_time":"2015-12-28T21:12:39+00:00","og_image":[{"url":"http:\/\/www.bellunopress.it\/wp-content\/uploads\/2009\/09\/pallavolo-belluno.jpg","type":"","width":"","height":""}],"author":"redazione","twitter_card":"summary_large_image","twitter_creator":"@bellunopress","twitter_site":"@bellunopress","twitter_misc":{"\u00c9crit par":"redazione","Dur\u00e9e de lecture estim\u00e9e":"2 minutes"},"schema":{"@context":"https:\/\/schema.org","@graph":[{"@type":"Article","@id":"https:\/\/www.bellunopress.it\/2015\/12\/28\/74285\/#article","isPartOf":{"@id":"https:\/\/www.bellunopress.it\/2015\/12\/28\/74285\/"},"author":{"name":"redazione","@id":"https:\/\/www.bellunopress.it\/#\/schema\/person\/79bb06722b37ece1c03d3e94beb30d73"},"headline":"Pallavolo Belluno: attivit\u00e0 intensa anche durante le feste. Marted\u00ec appuntamento a San Vendemiano","datePublished":"2015-12-28T21:12:39+00:00","mainEntityOfPage":{"@id":"https:\/\/www.bellunopress.it\/2015\/12\/28\/74285\/"},"wordCount":447,"publisher":{"@id":"https:\/\/www.bellunopress.it\/#organization"},"image":{"@id":"https:\/\/www.bellunopress.it\/2015\/12\/28\/74285\/#primaryimage"},"thumbnailUrl":"http:\/\/www.bellunopress.it\/wp-content\/uploads\/2009\/09\/pallavolo-belluno.jpg","articleSection":["Prima Pagina","Sport, tempo libero"],"inLanguage":"fr-FR"},{"@type":"WebPage","@id":"https:\/\/www.bellunopress.it\/2015\/12\/28\/74285\/","url":"https:\/\/www.bellunopress.it\/2015\/12\/28\/74285\/","name":"Pallavolo Belluno: attivit\u00e0 intensa anche durante le feste. Marted\u00ec appuntamento a San Vendemiano - Bellunopress - Dolomiti","isPartOf":{"@id":"https:\/\/www.bellunopress.it\/#website"},"primaryImageOfPage":{"@id":"https:\/\/www.bellunopress.it\/2015\/12\/28\/74285\/#primaryimage"},"image":{"@id":"https:\/\/www.bellunopress.it\/2015\/12\/28\/74285\/#primaryimage"},"thumbnailUrl":"http:\/\/www.bellunopress.it\/wp-content\/uploads\/2009\/09\/pallavolo-belluno.jpg","datePublished":"2015-12-28T21:12:39+00:00","breadcrumb":{"@id":"https:\/\/www.bellunopress.it\/2015\/12\/28\/74285\/#breadcrumb"},"inLanguage":"fr-FR","potentialAction":[{"@type":"ReadAction","target":["https:\/\/www.bellunopress.it\/2015\/12\/28\/74285\/"]}]},{"@type":"ImageObject","inLanguage":"fr-FR","@id":"https:\/\/www.bellunopress.it\/2015\/12\/28\/74285\/#primaryimage","url":"http:\/\/www.bellunopress.it\/wp-content\/uploads\/2009\/09\/pallavolo-belluno.jpg","contentUrl":"http:\/\/www.bellunopress.it\/wp-content\/uploads\/2009\/09\/pallavolo-belluno.jpg"},{"@type":"BreadcrumbList","@id":"https:\/\/www.bellunopress.it\/2015\/12\/28\/74285\/#breadcrumb","itemListElement":[{"@type":"ListItem","position":1,"name":"Home","item":"https:\/\/www.bellunopress.it\/"},{"@type":"ListItem","position":2,"name":"Pallavolo Belluno: attivit\u00e0 intensa anche durante le feste. Marted\u00ec appuntamento a San Vendemiano"}]},{"@type":"WebSite","@id":"https:\/\/www.bellunopress.it\/#website","url":"https:\/\/www.bellunopress.it\/","name":"Bellunopress - Dolomiti","description":"e-mail: redazione@bellunopress.it","publisher":{"@id":"https:\/\/www.bellunopress.it\/#organization"},"potentialAction":[{"@type":"SearchAction","target":{"@type":"EntryPoint","urlTemplate":"https:\/\/www.bellunopress.it\/?s={search_term_string}"},"query-input":{"@type":"PropertyValueSpecification","valueRequired":true,"valueName":"search_term_string"}}],"inLanguage":"fr-FR"},{"@type":"Organization","@id":"https:\/\/www.bellunopress.it\/#organization","name":"Bellunopress","url":"https:\/\/www.bellunopress.it\/","logo":{"@type":"ImageObject","inLanguage":"fr-FR","@id":"https:\/\/www.bellunopress.it\/#\/schema\/logo\/image\/","url":"https:\/\/www.bellunopress.it\/wp-content\/uploads\/2011\/05\/cropped-logo-bellunopress-.jpg","contentUrl":"https:\/\/www.bellunopress.it\/wp-content\/uploads\/2011\/05\/cropped-logo-bellunopress-.jpg","width":512,"height":512,"caption":"Bellunopress"},"image":{"@id":"https:\/\/www.bellunopress.it\/#\/schema\/logo\/image\/"},"sameAs":["https:\/\/www.facebook.com\/profile.php?id=100008943462799","https:\/\/x.com\/bellunopress","https:\/\/www.linkedin.com\/hp\/?dnr=JBzUWaJfMUw8vbXJJ2tVW5-I3jZKvC4wsoxE&amp;amp;amp;amp;amp;amp;trk=nav_responsive_tab_home","https:\/\/www.youtube.com\/channel\/UCxL0wu1uN0_3_7hGG0306cw"]},{"@type":"Person","@id":"https:\/\/www.bellunopress.it\/#\/schema\/person\/79bb06722b37ece1c03d3e94beb30d73","name":"r\u00e9daction","image":{"@type":"ImageObject","inLanguage":"fr-FR","@id":"https:\/\/secure.gravatar.com\/avatar\/37d968a2e67a6fd04c169c4bdef102d0bc5d31b2546345219e348575eb80e9a0?s=96&d=mm&r=g","url":"https:\/\/secure.gravatar.com\/avatar\/37d968a2e67a6fd04c169c4bdef102d0bc5d31b2546345219e348575eb80e9a0?s=96&d=mm&r=g","contentUrl":"https:\/\/secure.gravatar.com\/avatar\/37d968a2e67a6fd04c169c4bdef102d0bc5d31b2546345219e348575eb80e9a0?s=96&d=mm&r=g","caption":"redazione"},"sameAs":["http:\/\/www.bellunopress.it","https:\/\/x.com\/bellunopress"],"url":"https:\/\/www.bellunopress.it\/fr\/author\/redazione\/"}]}},"_links":{"self":[{"href":"https:\/\/www.bellunopress.it\/fr\/wp-json\/wp\/v2\/posts\/74285","targetHints":{"allow":["GET"]}}],"collection":[{"href":"https:\/\/www.bellunopress.it\/fr\/wp-json\/wp\/v2\/posts"}],"about":[{"href":"https:\/\/www.bellunopress.it\/fr\/wp-json\/wp\/v2\/types\/post"}],"author":[{"embeddable":true,"href":"https:\/\/www.bellunopress.it\/fr\/wp-json\/wp\/v2\/users\/2"}],"replies":[{"embeddable":true,"href":"https:\/\/www.bellunopress.it\/fr\/wp-json\/wp\/v2\/comments?post=74285"}],"version-history":[{"count":2,"href":"https:\/\/www.bellunopress.it\/fr\/wp-json\/wp\/v2\/posts\/74285\/revisions"}],"predecessor-version":[{"id":74287,"href":"https:\/\/www.bellunopress.it\/fr\/wp-json\/wp\/v2\/posts\/74285\/revisions\/74287"}],"wp:attachment":[{"href":"https:\/\/www.bellunopress.it\/fr\/wp-json\/wp\/v2\/media?parent=74285"}],"wp:term":[{"taxonomy":"category","embeddable":true,"href":"https:\/\/www.bellunopress.it\/fr\/wp-json\/wp\/v2\/categories?post=74285"},{"taxonomy":"post_tag","embeddable":true,"href":"https:\/\/www.bellunopress.it\/fr\/wp-json\/wp\/v2\/tags?post=74285"}],"curies":[{"name":"wp","href":"https:\/\/api.w.org\/{rel}","templated":true}]}}