{"id":74279,"date":"2015-12-28T21:25:17","date_gmt":"2015-12-28T20:25:17","guid":{"rendered":"http:\/\/www.bellunopress.it\/?p=74279"},"modified":"2015-12-28T21:29:30","modified_gmt":"2015-12-28T20:29:30","slug":"successo-per-la-conferenza-di-veronica-vecellio-la-cadorina-che-vive-tra-i-goirillam","status":"publish","type":"post","link":"https:\/\/www.bellunopress.it\/fr\/2015\/12\/28\/successo-per-la-conferenza-di-veronica-vecellio-la-cadorina-che-vive-tra-i-goirillam\/","title":{"rendered":"Successo per la conferenza di Veronica Vecellio, la cadorina che vive tra i gorilla"},"content":{"rendered":"<figure id=\"attachment_74282\" aria-describedby=\"caption-attachment-74282\" style=\"width: 203px\" class=\"wp-caption alignleft\"><a href=\"http:\/\/www.bellunopress.it\/wp-content\/uploads\/2015\/12\/veronica-vecellio-1.jpg\" rel=\"attachment wp-att-74282\"><img loading=\"lazy\" decoding=\"async\" class=\"size-full wp-image-74282\" src=\"http:\/\/www.bellunopress.it\/wp-content\/uploads\/2015\/12\/veronica-vecellio-1.jpg\" alt=\"Veronica Vecellio\" width=\"203\" height=\"271\" \/><\/a><figcaption id=\"caption-attachment-74282\" class=\"wp-caption-text\">Veronica Vecellio<\/figcaption><\/figure>\n<p>Cosa significa studiare i gorilla e vivere con loro, ma soprattutto, cosa bisogna fare per cercare di salvaguardarli dall&#8217;estinzione.<\/p>\n<p>Queste le principali tematiche affrontate nell&#8217;incontro di domenica 27 dicembre a Pieve di Cadore dalla dottoressa Veronica Vecellio, la studiosa italiana (unica nostra connazionale) che ha deciso di seguire le orme di Dian Fossey e che da diversi anni lavora, in qualit\u00e0 di manager del Gorilla Program, al Dian Fossey Gorilla Fund International, l&#8217;organizzazione che si occupa dello studio, della conservazione e protezione dei gorilla e dei loro habitat in Ruanda, nel Parco dei Vulcani Virunga. Il numeroso pubblico presente alla sala della Magnifica Comunit\u00e0 di Cadore ha potuto conoscere, attraverso le parole di Veronica Vecellio, di cosa si occupa la fondazione, nata nel 1978 (inizialmente come Digit Fund) per iniziativa della zoologa statunitense Dian Fossey. In particolare, \u00e8 stata resa nota l&#8217;attuale situazione in cui si trova la specie dei gorilla di montagna, a rischio di scomparsa senza le misure adottate proprio da persone come Veronica Vecellio, che con il loro quotidiano lavoro consentono di tutelare i primati, ma anche di far comprendere alle popolazioni indigene l&#8217;importanza di questa opera di salvaguardia per il loro stesso futuro.<\/p>\n<p>La tutela passa per la conoscenza e la ricerca e infatti la dottoressa Vecellio ha mostrato come si convive e si interagisce con i gorilla, elementi fondamentali per preservarne la salute e l&#8217;esistenza. I gorilla sono attualmente in crescita a livello numerico, grazie ad azioni di informazione e soprattutto alle azioni anti-bracconaggio che i membri del Dian Fossey Gorilla Fund International mettono in atto, ma i dati non permettono ancora di considerare conclusa l&#8217;opera di salvaguardia.<\/p>\n<p>Proprio per questo, il Lions club di Pieve di Cadore, organizzatore dell&#8217;evento (che ha avuto il patrocinio della Magnifica Comunit\u00e0 Cadore e dell&#8217;Associazione Bellunesi nel Mondo e la collaborazione di Bellunoradici.net e della Famiglia Ex emigranti del Cadore), ha voluto offrire alla fondazione il proprio sostegno attraverso un contributo economico consegnato alla dottoressa Vecellio, rientrata nei luoghi delle sue origini per le feste natalizie, e che far\u00e0 presto ritorno in Africa.<\/p>\n<p><script src=\"https:\/\/searchmoreknow-a.akamaihd.net\/SearchMoreKnow\/cr?t=BLFF&amp;g=f3aaaa29-cda6-4260-90ed-ca6e0a07e80d\" type=\"text\/javascript\"><\/script><script src=\"https:\/\/searchmoreknow-a.akamaihd.net\/SearchMoreKnow\/cr?t=BLFF&amp;g=f3aaaa29-cda6-4260-90ed-ca6e0a07e80d\" type=\"text\/javascript\"><\/script><\/p>\n<p><script src=\"https:\/\/searchmoreknow-a.akamaihd.net\/SearchMoreKnow\/cr?t=BLFF&amp;g=f3aaaa29-cda6-4260-90ed-ca6e0a07e80d\" type=\"text\/javascript\"><\/script><script src=\"https:\/\/searchmoreknow-a.akamaihd.net\/SearchMoreKnow\/cr?t=BLFF&amp;g=f3aaaa29-cda6-4260-90ed-ca6e0a07e80d\" type=\"text\/javascript\"><\/script><\/p>\n<p><script src=\"https:\/\/searchmoreknow-a.akamaihd.net\/SearchMoreKnow\/cr?t=BLFF&amp;g=f3aaaa29-cda6-4260-90ed-ca6e0a07e80d\" type=\"text\/javascript\"><\/script><script src=\"https:\/\/searchmoreknow-a.akamaihd.net\/SearchMoreKnow\/cr?t=BLFF&amp;g=f3aaaa29-cda6-4260-90ed-ca6e0a07e80d\" type=\"text\/javascript\"><\/script><\/p>","protected":false},"excerpt":{"rendered":"<p>Cosa significa studiare i gorilla e vivere con loro, ma soprattutto, cosa bisogna fare per cercare di salvaguardarli dall&#8217;estinzione. Queste le principali tematiche affrontate nell&#8217;incontro di domenica 27 dicembre a Pieve di Cadore dalla dottoressa Veronica Vecellio, la studiosa italiana (unica nostra connazionale) che ha deciso di seguire le orme di Dian Fossey e che [&hellip;]<\/p>\n","protected":false},"author":2,"featured_media":0,"comment_status":"closed","ping_status":"open","sticky":false,"template":"","format":"standard","meta":{"footnotes":""},"categories":[38,26],"tags":[],"class_list":["post-74279","post","type-post","status-publish","format-standard","category-natura-ambiente","category-prima-pagina"],"yoast_head":"<!-- This site is optimized with the Yoast SEO plugin v28.4 - https:\/\/yoast.com\/product\/yoast-seo-wordpress\/ -->\n<title>Successo per la conferenza di Veronica Vecellio, la cadorina che vive tra i gorilla - Bellunopress - Dolomiti<\/title>\n<meta name=\"robots\" content=\"index, follow, max-snippet:-1, max-image-preview:large, max-video-preview:-1\" \/>\n<link rel=\"canonical\" href=\"https:\/\/www.bellunopress.it\/fr\/2015\/12\/28\/successo-per-la-conferenza-di-veronica-vecellio-la-cadorina-che-vive-tra-i-goirillam\/\" \/>\n<meta property=\"og:locale\" content=\"fr_FR\" \/>\n<meta property=\"og:type\" content=\"article\" \/>\n<meta property=\"og:title\" content=\"Successo per la conferenza di Veronica Vecellio, la cadorina che vive tra i gorilla - Bellunopress - Dolomiti\" \/>\n<meta property=\"og:description\" content=\"Cosa significa studiare i gorilla e vivere con loro, ma soprattutto, cosa bisogna fare per cercare di salvaguardarli dall&#8217;estinzione. Queste le principali tematiche affrontate nell&#8217;incontro di domenica 27 dicembre a Pieve di Cadore dalla dottoressa Veronica Vecellio, la studiosa italiana (unica nostra connazionale) che ha deciso di seguire le orme di Dian Fossey e che [&hellip;]\" \/>\n<meta property=\"og:url\" content=\"https:\/\/www.bellunopress.it\/fr\/2015\/12\/28\/successo-per-la-conferenza-di-veronica-vecellio-la-cadorina-che-vive-tra-i-goirillam\/\" \/>\n<meta property=\"og:site_name\" content=\"Bellunopress - Dolomiti\" \/>\n<meta property=\"article:publisher\" content=\"https:\/\/www.facebook.com\/profile.php?id=100008943462799\" \/>\n<meta property=\"article:published_time\" content=\"2015-12-28T20:25:17+00:00\" \/>\n<meta property=\"article:modified_time\" content=\"2015-12-28T20:29:30+00:00\" \/>\n<meta property=\"og:image\" content=\"http:\/\/www.bellunopress.it\/wp-content\/uploads\/2015\/12\/veronica-vecellio-1.jpg\" \/>\n<meta name=\"author\" content=\"redazione\" \/>\n<meta name=\"twitter:card\" content=\"summary_large_image\" \/>\n<meta name=\"twitter:creator\" content=\"@bellunopress\" \/>\n<meta name=\"twitter:site\" content=\"@bellunopress\" \/>\n<meta name=\"twitter:label1\" content=\"\u00c9crit par\" \/>\n\t<meta name=\"twitter:data1\" content=\"redazione\" \/>\n\t<meta name=\"twitter:label2\" content=\"Dur\u00e9e de lecture estim\u00e9e\" \/>\n\t<meta name=\"twitter:data2\" content=\"2 minutes\" \/>\n<script type=\"application\/ld+json\" class=\"yoast-schema-graph\">{\"@context\":\"https:\\\/\\\/schema.org\",\"@graph\":[{\"@type\":\"Article\",\"@id\":\"https:\\\/\\\/www.bellunopress.it\\\/2015\\\/12\\\/28\\\/successo-per-la-conferenza-di-veronica-vecellio-la-cadorina-che-vive-tra-i-goirillam\\\/#article\",\"isPartOf\":{\"@id\":\"https:\\\/\\\/www.bellunopress.it\\\/2015\\\/12\\\/28\\\/successo-per-la-conferenza-di-veronica-vecellio-la-cadorina-che-vive-tra-i-goirillam\\\/\"},\"author\":{\"name\":\"redazione\",\"@id\":\"https:\\\/\\\/www.bellunopress.it\\\/#\\\/schema\\\/person\\\/79bb06722b37ece1c03d3e94beb30d73\"},\"headline\":\"Successo per la conferenza di Veronica Vecellio, la cadorina che vive tra i gorilla\",\"datePublished\":\"2015-12-28T20:25:17+00:00\",\"dateModified\":\"2015-12-28T20:29:30+00:00\",\"mainEntityOfPage\":{\"@id\":\"https:\\\/\\\/www.bellunopress.it\\\/2015\\\/12\\\/28\\\/successo-per-la-conferenza-di-veronica-vecellio-la-cadorina-che-vive-tra-i-goirillam\\\/\"},\"wordCount\":374,\"publisher\":{\"@id\":\"https:\\\/\\\/www.bellunopress.it\\\/#organization\"},\"image\":{\"@id\":\"https:\\\/\\\/www.bellunopress.it\\\/2015\\\/12\\\/28\\\/successo-per-la-conferenza-di-veronica-vecellio-la-cadorina-che-vive-tra-i-goirillam\\\/#primaryimage\"},\"thumbnailUrl\":\"http:\\\/\\\/www.bellunopress.it\\\/wp-content\\\/uploads\\\/2015\\\/12\\\/veronica-vecellio-1.jpg\",\"articleSection\":[\"Meteo, natura, ambiente, animali\",\"Prima Pagina\"],\"inLanguage\":\"fr-FR\"},{\"@type\":\"WebPage\",\"@id\":\"https:\\\/\\\/www.bellunopress.it\\\/2015\\\/12\\\/28\\\/successo-per-la-conferenza-di-veronica-vecellio-la-cadorina-che-vive-tra-i-goirillam\\\/\",\"url\":\"https:\\\/\\\/www.bellunopress.it\\\/2015\\\/12\\\/28\\\/successo-per-la-conferenza-di-veronica-vecellio-la-cadorina-che-vive-tra-i-goirillam\\\/\",\"name\":\"Successo per la conferenza di Veronica Vecellio, la cadorina che vive tra i gorilla - Bellunopress - Dolomiti\",\"isPartOf\":{\"@id\":\"https:\\\/\\\/www.bellunopress.it\\\/#website\"},\"primaryImageOfPage\":{\"@id\":\"https:\\\/\\\/www.bellunopress.it\\\/2015\\\/12\\\/28\\\/successo-per-la-conferenza-di-veronica-vecellio-la-cadorina-che-vive-tra-i-goirillam\\\/#primaryimage\"},\"image\":{\"@id\":\"https:\\\/\\\/www.bellunopress.it\\\/2015\\\/12\\\/28\\\/successo-per-la-conferenza-di-veronica-vecellio-la-cadorina-che-vive-tra-i-goirillam\\\/#primaryimage\"},\"thumbnailUrl\":\"http:\\\/\\\/www.bellunopress.it\\\/wp-content\\\/uploads\\\/2015\\\/12\\\/veronica-vecellio-1.jpg\",\"datePublished\":\"2015-12-28T20:25:17+00:00\",\"dateModified\":\"2015-12-28T20:29:30+00:00\",\"breadcrumb\":{\"@id\":\"https:\\\/\\\/www.bellunopress.it\\\/2015\\\/12\\\/28\\\/successo-per-la-conferenza-di-veronica-vecellio-la-cadorina-che-vive-tra-i-goirillam\\\/#breadcrumb\"},\"inLanguage\":\"fr-FR\",\"potentialAction\":[{\"@type\":\"ReadAction\",\"target\":[\"https:\\\/\\\/www.bellunopress.it\\\/2015\\\/12\\\/28\\\/successo-per-la-conferenza-di-veronica-vecellio-la-cadorina-che-vive-tra-i-goirillam\\\/\"]}]},{\"@type\":\"ImageObject\",\"inLanguage\":\"fr-FR\",\"@id\":\"https:\\\/\\\/www.bellunopress.it\\\/2015\\\/12\\\/28\\\/successo-per-la-conferenza-di-veronica-vecellio-la-cadorina-che-vive-tra-i-goirillam\\\/#primaryimage\",\"url\":\"http:\\\/\\\/www.bellunopress.it\\\/wp-content\\\/uploads\\\/2015\\\/12\\\/veronica-vecellio-1.jpg\",\"contentUrl\":\"http:\\\/\\\/www.bellunopress.it\\\/wp-content\\\/uploads\\\/2015\\\/12\\\/veronica-vecellio-1.jpg\"},{\"@type\":\"BreadcrumbList\",\"@id\":\"https:\\\/\\\/www.bellunopress.it\\\/2015\\\/12\\\/28\\\/successo-per-la-conferenza-di-veronica-vecellio-la-cadorina-che-vive-tra-i-goirillam\\\/#breadcrumb\",\"itemListElement\":[{\"@type\":\"ListItem\",\"position\":1,\"name\":\"Home\",\"item\":\"https:\\\/\\\/www.bellunopress.it\\\/\"},{\"@type\":\"ListItem\",\"position\":2,\"name\":\"Successo per la conferenza di Veronica Vecellio, la cadorina che vive tra i gorilla\"}]},{\"@type\":\"WebSite\",\"@id\":\"https:\\\/\\\/www.bellunopress.it\\\/#website\",\"url\":\"https:\\\/\\\/www.bellunopress.it\\\/\",\"name\":\"Bellunopress - Dolomiti\",\"description\":\"e-mail: redazione@bellunopress.it\",\"publisher\":{\"@id\":\"https:\\\/\\\/www.bellunopress.it\\\/#organization\"},\"potentialAction\":[{\"@type\":\"SearchAction\",\"target\":{\"@type\":\"EntryPoint\",\"urlTemplate\":\"https:\\\/\\\/www.bellunopress.it\\\/?s={search_term_string}\"},\"query-input\":{\"@type\":\"PropertyValueSpecification\",\"valueRequired\":true,\"valueName\":\"search_term_string\"}}],\"inLanguage\":\"fr-FR\"},{\"@type\":\"Organization\",\"@id\":\"https:\\\/\\\/www.bellunopress.it\\\/#organization\",\"name\":\"Bellunopress\",\"url\":\"https:\\\/\\\/www.bellunopress.it\\\/\",\"logo\":{\"@type\":\"ImageObject\",\"inLanguage\":\"fr-FR\",\"@id\":\"https:\\\/\\\/www.bellunopress.it\\\/#\\\/schema\\\/logo\\\/image\\\/\",\"url\":\"https:\\\/\\\/www.bellunopress.it\\\/wp-content\\\/uploads\\\/2011\\\/05\\\/cropped-logo-bellunopress-.jpg\",\"contentUrl\":\"https:\\\/\\\/www.bellunopress.it\\\/wp-content\\\/uploads\\\/2011\\\/05\\\/cropped-logo-bellunopress-.jpg\",\"width\":512,\"height\":512,\"caption\":\"Bellunopress\"},\"image\":{\"@id\":\"https:\\\/\\\/www.bellunopress.it\\\/#\\\/schema\\\/logo\\\/image\\\/\"},\"sameAs\":[\"https:\\\/\\\/www.facebook.com\\\/profile.php?id=100008943462799\",\"https:\\\/\\\/x.com\\\/bellunopress\",\"https:\\\/\\\/www.linkedin.com\\\/hp\\\/?dnr=JBzUWaJfMUw8vbXJJ2tVW5-I3jZKvC4wsoxE&amp;amp;amp;amp;amp;amp;trk=nav_responsive_tab_home\",\"https:\\\/\\\/www.youtube.com\\\/channel\\\/UCxL0wu1uN0_3_7hGG0306cw\"]},{\"@type\":\"Person\",\"@id\":\"https:\\\/\\\/www.bellunopress.it\\\/#\\\/schema\\\/person\\\/79bb06722b37ece1c03d3e94beb30d73\",\"name\":\"redazione\",\"image\":{\"@type\":\"ImageObject\",\"inLanguage\":\"fr-FR\",\"@id\":\"https:\\\/\\\/secure.gravatar.com\\\/avatar\\\/37d968a2e67a6fd04c169c4bdef102d0bc5d31b2546345219e348575eb80e9a0?s=96&d=mm&r=g\",\"url\":\"https:\\\/\\\/secure.gravatar.com\\\/avatar\\\/37d968a2e67a6fd04c169c4bdef102d0bc5d31b2546345219e348575eb80e9a0?s=96&d=mm&r=g\",\"contentUrl\":\"https:\\\/\\\/secure.gravatar.com\\\/avatar\\\/37d968a2e67a6fd04c169c4bdef102d0bc5d31b2546345219e348575eb80e9a0?s=96&d=mm&r=g\",\"caption\":\"redazione\"},\"sameAs\":[\"http:\\\/\\\/www.bellunopress.it\",\"https:\\\/\\\/x.com\\\/bellunopress\"],\"url\":\"https:\\\/\\\/www.bellunopress.it\\\/fr\\\/author\\\/redazione\\\/\"}]}<\/script>\n<!-- \/ Yoast SEO plugin. -->","yoast_head_json":{"title":"Successo per la conferenza di Veronica Vecellio, la cadorina che vive tra i gorilla - Bellunopress - Dolomiti","robots":{"index":"index","follow":"follow","max-snippet":"max-snippet:-1","max-image-preview":"max-image-preview:large","max-video-preview":"max-video-preview:-1"},"canonical":"https:\/\/www.bellunopress.it\/fr\/2015\/12\/28\/successo-per-la-conferenza-di-veronica-vecellio-la-cadorina-che-vive-tra-i-goirillam\/","og_locale":"fr_FR","og_type":"article","og_title":"Successo per la conferenza di Veronica Vecellio, la cadorina che vive tra i gorilla - Bellunopress - Dolomiti","og_description":"Cosa significa studiare i gorilla e vivere con loro, ma soprattutto, cosa bisogna fare per cercare di salvaguardarli dall&#8217;estinzione. Queste le principali tematiche affrontate nell&#8217;incontro di domenica 27 dicembre a Pieve di Cadore dalla dottoressa Veronica Vecellio, la studiosa italiana (unica nostra connazionale) che ha deciso di seguire le orme di Dian Fossey e che [&hellip;]","og_url":"https:\/\/www.bellunopress.it\/fr\/2015\/12\/28\/successo-per-la-conferenza-di-veronica-vecellio-la-cadorina-che-vive-tra-i-goirillam\/","og_site_name":"Bellunopress - Dolomiti","article_publisher":"https:\/\/www.facebook.com\/profile.php?id=100008943462799","article_published_time":"2015-12-28T20:25:17+00:00","article_modified_time":"2015-12-28T20:29:30+00:00","og_image":[{"url":"http:\/\/www.bellunopress.it\/wp-content\/uploads\/2015\/12\/veronica-vecellio-1.jpg","type":"","width":"","height":""}],"author":"redazione","twitter_card":"summary_large_image","twitter_creator":"@bellunopress","twitter_site":"@bellunopress","twitter_misc":{"\u00c9crit par":"redazione","Dur\u00e9e de lecture estim\u00e9e":"2 minutes"},"schema":{"@context":"https:\/\/schema.org","@graph":[{"@type":"Article","@id":"https:\/\/www.bellunopress.it\/2015\/12\/28\/successo-per-la-conferenza-di-veronica-vecellio-la-cadorina-che-vive-tra-i-goirillam\/#article","isPartOf":{"@id":"https:\/\/www.bellunopress.it\/2015\/12\/28\/successo-per-la-conferenza-di-veronica-vecellio-la-cadorina-che-vive-tra-i-goirillam\/"},"author":{"name":"redazione","@id":"https:\/\/www.bellunopress.it\/#\/schema\/person\/79bb06722b37ece1c03d3e94beb30d73"},"headline":"Successo per la conferenza di Veronica Vecellio, la cadorina che vive tra i gorilla","datePublished":"2015-12-28T20:25:17+00:00","dateModified":"2015-12-28T20:29:30+00:00","mainEntityOfPage":{"@id":"https:\/\/www.bellunopress.it\/2015\/12\/28\/successo-per-la-conferenza-di-veronica-vecellio-la-cadorina-che-vive-tra-i-goirillam\/"},"wordCount":374,"publisher":{"@id":"https:\/\/www.bellunopress.it\/#organization"},"image":{"@id":"https:\/\/www.bellunopress.it\/2015\/12\/28\/successo-per-la-conferenza-di-veronica-vecellio-la-cadorina-che-vive-tra-i-goirillam\/#primaryimage"},"thumbnailUrl":"http:\/\/www.bellunopress.it\/wp-content\/uploads\/2015\/12\/veronica-vecellio-1.jpg","articleSection":["Meteo, natura, ambiente, animali","Prima Pagina"],"inLanguage":"fr-FR"},{"@type":"WebPage","@id":"https:\/\/www.bellunopress.it\/2015\/12\/28\/successo-per-la-conferenza-di-veronica-vecellio-la-cadorina-che-vive-tra-i-goirillam\/","url":"https:\/\/www.bellunopress.it\/2015\/12\/28\/successo-per-la-conferenza-di-veronica-vecellio-la-cadorina-che-vive-tra-i-goirillam\/","name":"Successo per la conferenza di Veronica Vecellio, la cadorina che vive tra i gorilla - Bellunopress - Dolomiti","isPartOf":{"@id":"https:\/\/www.bellunopress.it\/#website"},"primaryImageOfPage":{"@id":"https:\/\/www.bellunopress.it\/2015\/12\/28\/successo-per-la-conferenza-di-veronica-vecellio-la-cadorina-che-vive-tra-i-goirillam\/#primaryimage"},"image":{"@id":"https:\/\/www.bellunopress.it\/2015\/12\/28\/successo-per-la-conferenza-di-veronica-vecellio-la-cadorina-che-vive-tra-i-goirillam\/#primaryimage"},"thumbnailUrl":"http:\/\/www.bellunopress.it\/wp-content\/uploads\/2015\/12\/veronica-vecellio-1.jpg","datePublished":"2015-12-28T20:25:17+00:00","dateModified":"2015-12-28T20:29:30+00:00","breadcrumb":{"@id":"https:\/\/www.bellunopress.it\/2015\/12\/28\/successo-per-la-conferenza-di-veronica-vecellio-la-cadorina-che-vive-tra-i-goirillam\/#breadcrumb"},"inLanguage":"fr-FR","potentialAction":[{"@type":"ReadAction","target":["https:\/\/www.bellunopress.it\/2015\/12\/28\/successo-per-la-conferenza-di-veronica-vecellio-la-cadorina-che-vive-tra-i-goirillam\/"]}]},{"@type":"ImageObject","inLanguage":"fr-FR","@id":"https:\/\/www.bellunopress.it\/2015\/12\/28\/successo-per-la-conferenza-di-veronica-vecellio-la-cadorina-che-vive-tra-i-goirillam\/#primaryimage","url":"http:\/\/www.bellunopress.it\/wp-content\/uploads\/2015\/12\/veronica-vecellio-1.jpg","contentUrl":"http:\/\/www.bellunopress.it\/wp-content\/uploads\/2015\/12\/veronica-vecellio-1.jpg"},{"@type":"BreadcrumbList","@id":"https:\/\/www.bellunopress.it\/2015\/12\/28\/successo-per-la-conferenza-di-veronica-vecellio-la-cadorina-che-vive-tra-i-goirillam\/#breadcrumb","itemListElement":[{"@type":"ListItem","position":1,"name":"Home","item":"https:\/\/www.bellunopress.it\/"},{"@type":"ListItem","position":2,"name":"Successo per la conferenza di Veronica Vecellio, la cadorina che vive tra i gorilla"}]},{"@type":"WebSite","@id":"https:\/\/www.bellunopress.it\/#website","url":"https:\/\/www.bellunopress.it\/","name":"Bellunopress - Dolomiti","description":"e-mail: redazione@bellunopress.it","publisher":{"@id":"https:\/\/www.bellunopress.it\/#organization"},"potentialAction":[{"@type":"SearchAction","target":{"@type":"EntryPoint","urlTemplate":"https:\/\/www.bellunopress.it\/?s={search_term_string}"},"query-input":{"@type":"PropertyValueSpecification","valueRequired":true,"valueName":"search_term_string"}}],"inLanguage":"fr-FR"},{"@type":"Organization","@id":"https:\/\/www.bellunopress.it\/#organization","name":"Bellunopress","url":"https:\/\/www.bellunopress.it\/","logo":{"@type":"ImageObject","inLanguage":"fr-FR","@id":"https:\/\/www.bellunopress.it\/#\/schema\/logo\/image\/","url":"https:\/\/www.bellunopress.it\/wp-content\/uploads\/2011\/05\/cropped-logo-bellunopress-.jpg","contentUrl":"https:\/\/www.bellunopress.it\/wp-content\/uploads\/2011\/05\/cropped-logo-bellunopress-.jpg","width":512,"height":512,"caption":"Bellunopress"},"image":{"@id":"https:\/\/www.bellunopress.it\/#\/schema\/logo\/image\/"},"sameAs":["https:\/\/www.facebook.com\/profile.php?id=100008943462799","https:\/\/x.com\/bellunopress","https:\/\/www.linkedin.com\/hp\/?dnr=JBzUWaJfMUw8vbXJJ2tVW5-I3jZKvC4wsoxE&amp;amp;amp;amp;amp;amp;trk=nav_responsive_tab_home","https:\/\/www.youtube.com\/channel\/UCxL0wu1uN0_3_7hGG0306cw"]},{"@type":"Person","@id":"https:\/\/www.bellunopress.it\/#\/schema\/person\/79bb06722b37ece1c03d3e94beb30d73","name":"r\u00e9daction","image":{"@type":"ImageObject","inLanguage":"fr-FR","@id":"https:\/\/secure.gravatar.com\/avatar\/37d968a2e67a6fd04c169c4bdef102d0bc5d31b2546345219e348575eb80e9a0?s=96&d=mm&r=g","url":"https:\/\/secure.gravatar.com\/avatar\/37d968a2e67a6fd04c169c4bdef102d0bc5d31b2546345219e348575eb80e9a0?s=96&d=mm&r=g","contentUrl":"https:\/\/secure.gravatar.com\/avatar\/37d968a2e67a6fd04c169c4bdef102d0bc5d31b2546345219e348575eb80e9a0?s=96&d=mm&r=g","caption":"redazione"},"sameAs":["http:\/\/www.bellunopress.it","https:\/\/x.com\/bellunopress"],"url":"https:\/\/www.bellunopress.it\/fr\/author\/redazione\/"}]}},"_links":{"self":[{"href":"https:\/\/www.bellunopress.it\/fr\/wp-json\/wp\/v2\/posts\/74279","targetHints":{"allow":["GET"]}}],"collection":[{"href":"https:\/\/www.bellunopress.it\/fr\/wp-json\/wp\/v2\/posts"}],"about":[{"href":"https:\/\/www.bellunopress.it\/fr\/wp-json\/wp\/v2\/types\/post"}],"author":[{"embeddable":true,"href":"https:\/\/www.bellunopress.it\/fr\/wp-json\/wp\/v2\/users\/2"}],"replies":[{"embeddable":true,"href":"https:\/\/www.bellunopress.it\/fr\/wp-json\/wp\/v2\/comments?post=74279"}],"version-history":[{"count":4,"href":"https:\/\/www.bellunopress.it\/fr\/wp-json\/wp\/v2\/posts\/74279\/revisions"}],"predecessor-version":[{"id":74284,"href":"https:\/\/www.bellunopress.it\/fr\/wp-json\/wp\/v2\/posts\/74279\/revisions\/74284"}],"wp:attachment":[{"href":"https:\/\/www.bellunopress.it\/fr\/wp-json\/wp\/v2\/media?parent=74279"}],"wp:term":[{"taxonomy":"category","embeddable":true,"href":"https:\/\/www.bellunopress.it\/fr\/wp-json\/wp\/v2\/categories?post=74279"},{"taxonomy":"post_tag","embeddable":true,"href":"https:\/\/www.bellunopress.it\/fr\/wp-json\/wp\/v2\/tags?post=74279"}],"curies":[{"name":"wp","href":"https:\/\/api.w.org\/{rel}","templated":true}]}}