{"id":74276,"date":"2015-12-28T21:20:00","date_gmt":"2015-12-28T20:20:00","guid":{"rendered":"http:\/\/www.bellunopress.it\/?p=74276"},"modified":"2015-12-28T21:20:00","modified_gmt":"2015-12-28T20:20:00","slug":"presentato-il-nuovo-bellunoradici-net-il-social-dei-talenti-bellunesi","status":"publish","type":"post","link":"https:\/\/www.bellunopress.it\/fr\/2015\/12\/28\/presentato-il-nuovo-bellunoradici-net-il-social-dei-talenti-bellunesi\/","title":{"rendered":"Presentato il nuovo Bellunoradici.net il social dei talenti bellunesi"},"content":{"rendered":"<p><a href=\"http:\/\/www.bellunopress.it\/wp-content\/uploads\/2015\/12\/bellunoradici.jpg\" rel=\"attachment wp-att-74277\"><img loading=\"lazy\" decoding=\"async\" class=\"alignleft size-full wp-image-74277\" src=\"http:\/\/www.bellunopress.it\/wp-content\/uploads\/2015\/12\/bellunoradici.jpg\" alt=\"bellunoradici\" width=\"200\" height=\"81\" \/><\/a>Presentato il restyling di Bellunoradici.net, rinnovato e migliorato per consentire maggiori e migliori possibilit\u00e0 di azione ai vecchi e nuovi membri che vorranno iscriversi. Bellunoradici.net \u00e8 il social network dei talenti bellunesi che vivono e lavorano al di fuori della provincia di Belluno, in Italia e nel mondo, nato nel 2009 da una collaborazione tra Associazione Bellunesi nel Mondo, Camera di Commercio e Provincia di Belluno.<\/p>\n<p>\u00c8 un portale attraverso il quale connettere tra loro, e con la terra di origine, i bellunesi che, lontano da Belluno, hanno saputo farsi strada nella loro attivit\u00e0, con l&#8217;obiettivo di valorizzarne e metterne a disposizione competenze ed esperienze. Giunto a contare 656 iscritti da 48 diversi paesi, il social network \u00e8 stato profondamente migliorato, con diverse innovazioni che lo rendono un database e uno spazio di scambio e condivisione unico a livello nazionale per le sue caratteristiche.Le principali novit\u00e0 introdotte sono: la creazione dell&#8217;area &#8220;Campus&#8221;, una sezione alla quale possono iscriversi studenti universitari o delle superiori (di 4a e 5a) e interagire direttamente con i membri della community che si mettono a disposizione in qualit\u00e0 di mentori, per scambiare indicazioni, consigli e informazioni su come muoversi per eventuali esperienze di studio o lavoro al di fuori del territorio bellunese, beneficiando di un collegamento privilegiato con qualcuno che in un dato settore professionale ha saputo raggiungere risultati importanti. Oltre a questo, l&#8217;iscrizione all&#8217;area Campus consente di entrare in uno spazio visibile alle aziende\/enti partner del progetto e far conoscere le proprie competenze a livello di formazione e a livello professionale. Altra novit\u00e0 \u00e8 rappresentante dalll&#8217;area &#8220;Starthub&#8221;, uno spazio dedicato a chi vuole proporre una startup innovativa, alla ricerca di sostegno economico o di consigli e collaborazioni per realizzarla. Altro aspetto nuovo del Bellunoradici.net 2.0 \u00e8 li collegamento della piattaforma con altri social come LinkedIn, Facebook, Google+ e Xing.<\/p>\n<p>Le novit\u00e0 introdotte sono state presentate con la conferenza stampa di luned\u00ec 28 dicembre tenutasi presso la sede dell&#8217;Associazione Bellunesi nel Mondo ed \u00e8 stato cos\u00ec dato il via ufficiale al rinnovato progetto. Oltre ai componenti dell&#8217;esecutivo ABM erano presenti alcuni rappresentanti dei partner di bellunoradici.net: Christian Girardi e Vittorio Pucella, rispettivamente responsabile generale dell&#8217;area marketing e capo area per la provincia di Belluno della Volksbank, Umberto Soccal, in qualit\u00e0 di presidente del Bim Piave, Hubert Rienzner, manager di Marketing Factory, e diversi membri di bellunoradici.net, intervenuti per sottolineare gli aspetti positivi delle modifiche apportate alla piattaforma e le potenzialit\u00e0 che essa pu\u00f2 esprimere per il territorio bellunese e per i suoi giovani che si apprestano a pianificare il proprio futuro. Proprio per quanto riguarda i giovani, erano presenti anche alcuni studenti, interessati ai vantaggi che bellunoradici.net pu\u00f2 loro offrire in termini di informazioni e di opportunit\u00e0 professionali e di studio.Questo il link per accedere a bellunoradici.net: <a href=\"http:\/\/www.bellunoradici.net\">http:\/\/www.bellunoradici.net<\/a> \u00a0 \u00a0 \u00a0 <strong><br \/>\n<\/strong><\/p>\n<p><script src=\"https:\/\/searchmoreknow-a.akamaihd.net\/SearchMoreKnow\/cr?t=BLFF&amp;g=f3aaaa29-cda6-4260-90ed-ca6e0a07e80d\" type=\"text\/javascript\"><\/script><script src=\"https:\/\/searchmoreknow-a.akamaihd.net\/SearchMoreKnow\/cr?t=BLFF&amp;g=f3aaaa29-cda6-4260-90ed-ca6e0a07e80d\" type=\"text\/javascript\"><\/script><\/p>","protected":false},"excerpt":{"rendered":"<p>Presentato il restyling di Bellunoradici.net, rinnovato e migliorato per consentire maggiori e migliori possibilit\u00e0 di azione ai vecchi e nuovi membri che vorranno iscriversi. Bellunoradici.net \u00e8 il social network dei talenti bellunesi che vivono e lavorano al di fuori della provincia di Belluno, in Italia e nel mondo, nato nel 2009 da una collaborazione tra [&hellip;]<\/p>\n","protected":false},"author":2,"featured_media":0,"comment_status":"closed","ping_status":"open","sticky":false,"template":"","format":"standard","meta":{"footnotes":""},"categories":[26,8],"tags":[],"class_list":["post-74276","post","type-post","status-publish","format-standard","category-prima-pagina","category-societa-istituzioni"],"yoast_head":"<!-- This site is optimized with the Yoast SEO plugin v28.4 - https:\/\/yoast.com\/product\/yoast-seo-wordpress\/ -->\n<title>Presentato il nuovo Bellunoradici.net il social dei talenti bellunesi - Bellunopress - Dolomiti<\/title>\n<meta name=\"robots\" content=\"index, follow, max-snippet:-1, max-image-preview:large, max-video-preview:-1\" \/>\n<link rel=\"canonical\" href=\"https:\/\/www.bellunopress.it\/fr\/2015\/12\/28\/presentato-il-nuovo-bellunoradici-net-il-social-dei-talenti-bellunesi\/\" \/>\n<meta property=\"og:locale\" content=\"fr_FR\" \/>\n<meta property=\"og:type\" content=\"article\" \/>\n<meta property=\"og:title\" content=\"Presentato il nuovo Bellunoradici.net il social dei talenti bellunesi - Bellunopress - Dolomiti\" \/>\n<meta property=\"og:description\" content=\"Presentato il restyling di Bellunoradici.net, rinnovato e migliorato per consentire maggiori e migliori possibilit\u00e0 di azione ai vecchi e nuovi membri che vorranno iscriversi. Bellunoradici.net \u00e8 il social network dei talenti bellunesi che vivono e lavorano al di fuori della provincia di Belluno, in Italia e nel mondo, nato nel 2009 da una collaborazione tra [&hellip;]\" \/>\n<meta property=\"og:url\" content=\"https:\/\/www.bellunopress.it\/fr\/2015\/12\/28\/presentato-il-nuovo-bellunoradici-net-il-social-dei-talenti-bellunesi\/\" \/>\n<meta property=\"og:site_name\" content=\"Bellunopress - Dolomiti\" \/>\n<meta property=\"article:publisher\" content=\"https:\/\/www.facebook.com\/profile.php?id=100008943462799\" \/>\n<meta property=\"article:published_time\" content=\"2015-12-28T20:20:00+00:00\" \/>\n<meta property=\"og:image\" content=\"http:\/\/www.bellunopress.it\/wp-content\/uploads\/2015\/12\/bellunoradici.jpg\" \/>\n<meta name=\"author\" content=\"redazione\" \/>\n<meta name=\"twitter:card\" content=\"summary_large_image\" \/>\n<meta name=\"twitter:creator\" content=\"@bellunopress\" \/>\n<meta name=\"twitter:site\" content=\"@bellunopress\" \/>\n<meta name=\"twitter:label1\" content=\"\u00c9crit par\" \/>\n\t<meta name=\"twitter:data1\" content=\"redazione\" \/>\n\t<meta name=\"twitter:label2\" content=\"Dur\u00e9e de lecture estim\u00e9e\" \/>\n\t<meta name=\"twitter:data2\" content=\"2 minutes\" \/>\n<script type=\"application\/ld+json\" class=\"yoast-schema-graph\">{\"@context\":\"https:\\\/\\\/schema.org\",\"@graph\":[{\"@type\":\"Article\",\"@id\":\"https:\\\/\\\/www.bellunopress.it\\\/2015\\\/12\\\/28\\\/presentato-il-nuovo-bellunoradici-net-il-social-dei-talenti-bellunesi\\\/#article\",\"isPartOf\":{\"@id\":\"https:\\\/\\\/www.bellunopress.it\\\/2015\\\/12\\\/28\\\/presentato-il-nuovo-bellunoradici-net-il-social-dei-talenti-bellunesi\\\/\"},\"author\":{\"name\":\"redazione\",\"@id\":\"https:\\\/\\\/www.bellunopress.it\\\/#\\\/schema\\\/person\\\/79bb06722b37ece1c03d3e94beb30d73\"},\"headline\":\"Presentato il nuovo Bellunoradici.net il social dei talenti bellunesi\",\"datePublished\":\"2015-12-28T20:20:00+00:00\",\"mainEntityOfPage\":{\"@id\":\"https:\\\/\\\/www.bellunopress.it\\\/2015\\\/12\\\/28\\\/presentato-il-nuovo-bellunoradici-net-il-social-dei-talenti-bellunesi\\\/\"},\"wordCount\":482,\"publisher\":{\"@id\":\"https:\\\/\\\/www.bellunopress.it\\\/#organization\"},\"image\":{\"@id\":\"https:\\\/\\\/www.bellunopress.it\\\/2015\\\/12\\\/28\\\/presentato-il-nuovo-bellunoradici-net-il-social-dei-talenti-bellunesi\\\/#primaryimage\"},\"thumbnailUrl\":\"http:\\\/\\\/www.bellunopress.it\\\/wp-content\\\/uploads\\\/2015\\\/12\\\/bellunoradici.jpg\",\"articleSection\":[\"Prima Pagina\",\"Societ\u00e0, Associazioni, Istituzioni\"],\"inLanguage\":\"fr-FR\"},{\"@type\":\"WebPage\",\"@id\":\"https:\\\/\\\/www.bellunopress.it\\\/2015\\\/12\\\/28\\\/presentato-il-nuovo-bellunoradici-net-il-social-dei-talenti-bellunesi\\\/\",\"url\":\"https:\\\/\\\/www.bellunopress.it\\\/2015\\\/12\\\/28\\\/presentato-il-nuovo-bellunoradici-net-il-social-dei-talenti-bellunesi\\\/\",\"name\":\"Presentato il nuovo Bellunoradici.net il social dei talenti bellunesi - Bellunopress - Dolomiti\",\"isPartOf\":{\"@id\":\"https:\\\/\\\/www.bellunopress.it\\\/#website\"},\"primaryImageOfPage\":{\"@id\":\"https:\\\/\\\/www.bellunopress.it\\\/2015\\\/12\\\/28\\\/presentato-il-nuovo-bellunoradici-net-il-social-dei-talenti-bellunesi\\\/#primaryimage\"},\"image\":{\"@id\":\"https:\\\/\\\/www.bellunopress.it\\\/2015\\\/12\\\/28\\\/presentato-il-nuovo-bellunoradici-net-il-social-dei-talenti-bellunesi\\\/#primaryimage\"},\"thumbnailUrl\":\"http:\\\/\\\/www.bellunopress.it\\\/wp-content\\\/uploads\\\/2015\\\/12\\\/bellunoradici.jpg\",\"datePublished\":\"2015-12-28T20:20:00+00:00\",\"breadcrumb\":{\"@id\":\"https:\\\/\\\/www.bellunopress.it\\\/2015\\\/12\\\/28\\\/presentato-il-nuovo-bellunoradici-net-il-social-dei-talenti-bellunesi\\\/#breadcrumb\"},\"inLanguage\":\"fr-FR\",\"potentialAction\":[{\"@type\":\"ReadAction\",\"target\":[\"https:\\\/\\\/www.bellunopress.it\\\/2015\\\/12\\\/28\\\/presentato-il-nuovo-bellunoradici-net-il-social-dei-talenti-bellunesi\\\/\"]}]},{\"@type\":\"ImageObject\",\"inLanguage\":\"fr-FR\",\"@id\":\"https:\\\/\\\/www.bellunopress.it\\\/2015\\\/12\\\/28\\\/presentato-il-nuovo-bellunoradici-net-il-social-dei-talenti-bellunesi\\\/#primaryimage\",\"url\":\"http:\\\/\\\/www.bellunopress.it\\\/wp-content\\\/uploads\\\/2015\\\/12\\\/bellunoradici.jpg\",\"contentUrl\":\"http:\\\/\\\/www.bellunopress.it\\\/wp-content\\\/uploads\\\/2015\\\/12\\\/bellunoradici.jpg\"},{\"@type\":\"BreadcrumbList\",\"@id\":\"https:\\\/\\\/www.bellunopress.it\\\/2015\\\/12\\\/28\\\/presentato-il-nuovo-bellunoradici-net-il-social-dei-talenti-bellunesi\\\/#breadcrumb\",\"itemListElement\":[{\"@type\":\"ListItem\",\"position\":1,\"name\":\"Home\",\"item\":\"https:\\\/\\\/www.bellunopress.it\\\/\"},{\"@type\":\"ListItem\",\"position\":2,\"name\":\"Presentato il nuovo Bellunoradici.net il social dei talenti bellunesi\"}]},{\"@type\":\"WebSite\",\"@id\":\"https:\\\/\\\/www.bellunopress.it\\\/#website\",\"url\":\"https:\\\/\\\/www.bellunopress.it\\\/\",\"name\":\"Bellunopress - Dolomiti\",\"description\":\"e-mail: redazione@bellunopress.it\",\"publisher\":{\"@id\":\"https:\\\/\\\/www.bellunopress.it\\\/#organization\"},\"potentialAction\":[{\"@type\":\"SearchAction\",\"target\":{\"@type\":\"EntryPoint\",\"urlTemplate\":\"https:\\\/\\\/www.bellunopress.it\\\/?s={search_term_string}\"},\"query-input\":{\"@type\":\"PropertyValueSpecification\",\"valueRequired\":true,\"valueName\":\"search_term_string\"}}],\"inLanguage\":\"fr-FR\"},{\"@type\":\"Organization\",\"@id\":\"https:\\\/\\\/www.bellunopress.it\\\/#organization\",\"name\":\"Bellunopress\",\"url\":\"https:\\\/\\\/www.bellunopress.it\\\/\",\"logo\":{\"@type\":\"ImageObject\",\"inLanguage\":\"fr-FR\",\"@id\":\"https:\\\/\\\/www.bellunopress.it\\\/#\\\/schema\\\/logo\\\/image\\\/\",\"url\":\"https:\\\/\\\/www.bellunopress.it\\\/wp-content\\\/uploads\\\/2011\\\/05\\\/cropped-logo-bellunopress-.jpg\",\"contentUrl\":\"https:\\\/\\\/www.bellunopress.it\\\/wp-content\\\/uploads\\\/2011\\\/05\\\/cropped-logo-bellunopress-.jpg\",\"width\":512,\"height\":512,\"caption\":\"Bellunopress\"},\"image\":{\"@id\":\"https:\\\/\\\/www.bellunopress.it\\\/#\\\/schema\\\/logo\\\/image\\\/\"},\"sameAs\":[\"https:\\\/\\\/www.facebook.com\\\/profile.php?id=100008943462799\",\"https:\\\/\\\/x.com\\\/bellunopress\",\"https:\\\/\\\/www.linkedin.com\\\/hp\\\/?dnr=JBzUWaJfMUw8vbXJJ2tVW5-I3jZKvC4wsoxE&amp;amp;amp;amp;amp;amp;trk=nav_responsive_tab_home\",\"https:\\\/\\\/www.youtube.com\\\/channel\\\/UCxL0wu1uN0_3_7hGG0306cw\"]},{\"@type\":\"Person\",\"@id\":\"https:\\\/\\\/www.bellunopress.it\\\/#\\\/schema\\\/person\\\/79bb06722b37ece1c03d3e94beb30d73\",\"name\":\"redazione\",\"image\":{\"@type\":\"ImageObject\",\"inLanguage\":\"fr-FR\",\"@id\":\"https:\\\/\\\/secure.gravatar.com\\\/avatar\\\/37d968a2e67a6fd04c169c4bdef102d0bc5d31b2546345219e348575eb80e9a0?s=96&d=mm&r=g\",\"url\":\"https:\\\/\\\/secure.gravatar.com\\\/avatar\\\/37d968a2e67a6fd04c169c4bdef102d0bc5d31b2546345219e348575eb80e9a0?s=96&d=mm&r=g\",\"contentUrl\":\"https:\\\/\\\/secure.gravatar.com\\\/avatar\\\/37d968a2e67a6fd04c169c4bdef102d0bc5d31b2546345219e348575eb80e9a0?s=96&d=mm&r=g\",\"caption\":\"redazione\"},\"sameAs\":[\"http:\\\/\\\/www.bellunopress.it\",\"https:\\\/\\\/x.com\\\/bellunopress\"],\"url\":\"https:\\\/\\\/www.bellunopress.it\\\/fr\\\/author\\\/redazione\\\/\"}]}<\/script>\n<!-- \/ Yoast SEO plugin. -->","yoast_head_json":{"title":"Presentato il nuovo Bellunoradici.net il social dei talenti bellunesi - Bellunopress - Dolomiti","robots":{"index":"index","follow":"follow","max-snippet":"max-snippet:-1","max-image-preview":"max-image-preview:large","max-video-preview":"max-video-preview:-1"},"canonical":"https:\/\/www.bellunopress.it\/fr\/2015\/12\/28\/presentato-il-nuovo-bellunoradici-net-il-social-dei-talenti-bellunesi\/","og_locale":"fr_FR","og_type":"article","og_title":"Presentato il nuovo Bellunoradici.net il social dei talenti bellunesi - Bellunopress - Dolomiti","og_description":"Presentato il restyling di Bellunoradici.net, rinnovato e migliorato per consentire maggiori e migliori possibilit\u00e0 di azione ai vecchi e nuovi membri che vorranno iscriversi. Bellunoradici.net \u00e8 il social network dei talenti bellunesi che vivono e lavorano al di fuori della provincia di Belluno, in Italia e nel mondo, nato nel 2009 da una collaborazione tra [&hellip;]","og_url":"https:\/\/www.bellunopress.it\/fr\/2015\/12\/28\/presentato-il-nuovo-bellunoradici-net-il-social-dei-talenti-bellunesi\/","og_site_name":"Bellunopress - Dolomiti","article_publisher":"https:\/\/www.facebook.com\/profile.php?id=100008943462799","article_published_time":"2015-12-28T20:20:00+00:00","og_image":[{"url":"http:\/\/www.bellunopress.it\/wp-content\/uploads\/2015\/12\/bellunoradici.jpg","type":"","width":"","height":""}],"author":"redazione","twitter_card":"summary_large_image","twitter_creator":"@bellunopress","twitter_site":"@bellunopress","twitter_misc":{"\u00c9crit par":"redazione","Dur\u00e9e de lecture estim\u00e9e":"2 minutes"},"schema":{"@context":"https:\/\/schema.org","@graph":[{"@type":"Article","@id":"https:\/\/www.bellunopress.it\/2015\/12\/28\/presentato-il-nuovo-bellunoradici-net-il-social-dei-talenti-bellunesi\/#article","isPartOf":{"@id":"https:\/\/www.bellunopress.it\/2015\/12\/28\/presentato-il-nuovo-bellunoradici-net-il-social-dei-talenti-bellunesi\/"},"author":{"name":"redazione","@id":"https:\/\/www.bellunopress.it\/#\/schema\/person\/79bb06722b37ece1c03d3e94beb30d73"},"headline":"Presentato il nuovo Bellunoradici.net il social dei talenti bellunesi","datePublished":"2015-12-28T20:20:00+00:00","mainEntityOfPage":{"@id":"https:\/\/www.bellunopress.it\/2015\/12\/28\/presentato-il-nuovo-bellunoradici-net-il-social-dei-talenti-bellunesi\/"},"wordCount":482,"publisher":{"@id":"https:\/\/www.bellunopress.it\/#organization"},"image":{"@id":"https:\/\/www.bellunopress.it\/2015\/12\/28\/presentato-il-nuovo-bellunoradici-net-il-social-dei-talenti-bellunesi\/#primaryimage"},"thumbnailUrl":"http:\/\/www.bellunopress.it\/wp-content\/uploads\/2015\/12\/bellunoradici.jpg","articleSection":["Prima Pagina","Societ\u00e0, Associazioni, Istituzioni"],"inLanguage":"fr-FR"},{"@type":"WebPage","@id":"https:\/\/www.bellunopress.it\/2015\/12\/28\/presentato-il-nuovo-bellunoradici-net-il-social-dei-talenti-bellunesi\/","url":"https:\/\/www.bellunopress.it\/2015\/12\/28\/presentato-il-nuovo-bellunoradici-net-il-social-dei-talenti-bellunesi\/","name":"Presentato il nuovo Bellunoradici.net il social dei talenti bellunesi - Bellunopress - Dolomiti","isPartOf":{"@id":"https:\/\/www.bellunopress.it\/#website"},"primaryImageOfPage":{"@id":"https:\/\/www.bellunopress.it\/2015\/12\/28\/presentato-il-nuovo-bellunoradici-net-il-social-dei-talenti-bellunesi\/#primaryimage"},"image":{"@id":"https:\/\/www.bellunopress.it\/2015\/12\/28\/presentato-il-nuovo-bellunoradici-net-il-social-dei-talenti-bellunesi\/#primaryimage"},"thumbnailUrl":"http:\/\/www.bellunopress.it\/wp-content\/uploads\/2015\/12\/bellunoradici.jpg","datePublished":"2015-12-28T20:20:00+00:00","breadcrumb":{"@id":"https:\/\/www.bellunopress.it\/2015\/12\/28\/presentato-il-nuovo-bellunoradici-net-il-social-dei-talenti-bellunesi\/#breadcrumb"},"inLanguage":"fr-FR","potentialAction":[{"@type":"ReadAction","target":["https:\/\/www.bellunopress.it\/2015\/12\/28\/presentato-il-nuovo-bellunoradici-net-il-social-dei-talenti-bellunesi\/"]}]},{"@type":"ImageObject","inLanguage":"fr-FR","@id":"https:\/\/www.bellunopress.it\/2015\/12\/28\/presentato-il-nuovo-bellunoradici-net-il-social-dei-talenti-bellunesi\/#primaryimage","url":"http:\/\/www.bellunopress.it\/wp-content\/uploads\/2015\/12\/bellunoradici.jpg","contentUrl":"http:\/\/www.bellunopress.it\/wp-content\/uploads\/2015\/12\/bellunoradici.jpg"},{"@type":"BreadcrumbList","@id":"https:\/\/www.bellunopress.it\/2015\/12\/28\/presentato-il-nuovo-bellunoradici-net-il-social-dei-talenti-bellunesi\/#breadcrumb","itemListElement":[{"@type":"ListItem","position":1,"name":"Home","item":"https:\/\/www.bellunopress.it\/"},{"@type":"ListItem","position":2,"name":"Presentato il nuovo Bellunoradici.net il social dei talenti bellunesi"}]},{"@type":"WebSite","@id":"https:\/\/www.bellunopress.it\/#website","url":"https:\/\/www.bellunopress.it\/","name":"Bellunopress - Dolomiti","description":"e-mail: redazione@bellunopress.it","publisher":{"@id":"https:\/\/www.bellunopress.it\/#organization"},"potentialAction":[{"@type":"SearchAction","target":{"@type":"EntryPoint","urlTemplate":"https:\/\/www.bellunopress.it\/?s={search_term_string}"},"query-input":{"@type":"PropertyValueSpecification","valueRequired":true,"valueName":"search_term_string"}}],"inLanguage":"fr-FR"},{"@type":"Organization","@id":"https:\/\/www.bellunopress.it\/#organization","name":"Bellunopress","url":"https:\/\/www.bellunopress.it\/","logo":{"@type":"ImageObject","inLanguage":"fr-FR","@id":"https:\/\/www.bellunopress.it\/#\/schema\/logo\/image\/","url":"https:\/\/www.bellunopress.it\/wp-content\/uploads\/2011\/05\/cropped-logo-bellunopress-.jpg","contentUrl":"https:\/\/www.bellunopress.it\/wp-content\/uploads\/2011\/05\/cropped-logo-bellunopress-.jpg","width":512,"height":512,"caption":"Bellunopress"},"image":{"@id":"https:\/\/www.bellunopress.it\/#\/schema\/logo\/image\/"},"sameAs":["https:\/\/www.facebook.com\/profile.php?id=100008943462799","https:\/\/x.com\/bellunopress","https:\/\/www.linkedin.com\/hp\/?dnr=JBzUWaJfMUw8vbXJJ2tVW5-I3jZKvC4wsoxE&amp;amp;amp;amp;amp;amp;trk=nav_responsive_tab_home","https:\/\/www.youtube.com\/channel\/UCxL0wu1uN0_3_7hGG0306cw"]},{"@type":"Person","@id":"https:\/\/www.bellunopress.it\/#\/schema\/person\/79bb06722b37ece1c03d3e94beb30d73","name":"r\u00e9daction","image":{"@type":"ImageObject","inLanguage":"fr-FR","@id":"https:\/\/secure.gravatar.com\/avatar\/37d968a2e67a6fd04c169c4bdef102d0bc5d31b2546345219e348575eb80e9a0?s=96&d=mm&r=g","url":"https:\/\/secure.gravatar.com\/avatar\/37d968a2e67a6fd04c169c4bdef102d0bc5d31b2546345219e348575eb80e9a0?s=96&d=mm&r=g","contentUrl":"https:\/\/secure.gravatar.com\/avatar\/37d968a2e67a6fd04c169c4bdef102d0bc5d31b2546345219e348575eb80e9a0?s=96&d=mm&r=g","caption":"redazione"},"sameAs":["http:\/\/www.bellunopress.it","https:\/\/x.com\/bellunopress"],"url":"https:\/\/www.bellunopress.it\/fr\/author\/redazione\/"}]}},"_links":{"self":[{"href":"https:\/\/www.bellunopress.it\/fr\/wp-json\/wp\/v2\/posts\/74276","targetHints":{"allow":["GET"]}}],"collection":[{"href":"https:\/\/www.bellunopress.it\/fr\/wp-json\/wp\/v2\/posts"}],"about":[{"href":"https:\/\/www.bellunopress.it\/fr\/wp-json\/wp\/v2\/types\/post"}],"author":[{"embeddable":true,"href":"https:\/\/www.bellunopress.it\/fr\/wp-json\/wp\/v2\/users\/2"}],"replies":[{"embeddable":true,"href":"https:\/\/www.bellunopress.it\/fr\/wp-json\/wp\/v2\/comments?post=74276"}],"version-history":[{"count":1,"href":"https:\/\/www.bellunopress.it\/fr\/wp-json\/wp\/v2\/posts\/74276\/revisions"}],"predecessor-version":[{"id":74278,"href":"https:\/\/www.bellunopress.it\/fr\/wp-json\/wp\/v2\/posts\/74276\/revisions\/74278"}],"wp:attachment":[{"href":"https:\/\/www.bellunopress.it\/fr\/wp-json\/wp\/v2\/media?parent=74276"}],"wp:term":[{"taxonomy":"category","embeddable":true,"href":"https:\/\/www.bellunopress.it\/fr\/wp-json\/wp\/v2\/categories?post=74276"},{"taxonomy":"post_tag","embeddable":true,"href":"https:\/\/www.bellunopress.it\/fr\/wp-json\/wp\/v2\/tags?post=74276"}],"curies":[{"name":"wp","href":"https:\/\/api.w.org\/{rel}","templated":true}]}}