{"id":7421,"date":"2009-08-27T12:38:00","date_gmt":"2009-08-27T11:38:00","guid":{"rendered":"http:\/\/www.bellunopress.it\/?p=7421"},"modified":"2009-08-27T12:40:50","modified_gmt":"2009-08-27T11:40:50","slug":"gli-antichi-mestieri-e-le-tradizioni-a-farra-dalpago","status":"publish","type":"post","link":"https:\/\/www.bellunopress.it\/fr\/2009\/08\/27\/gli-antichi-mestieri-e-le-tradizioni-a-farra-dalpago\/","title":{"rendered":"Gli antichi mestieri e le tradizioni a Farra d&#8217;Alpago"},"content":{"rendered":"<p>Periodo di grandi preparativi a Farra d\u2019Alpago in vista della 3^ edizione dell\u2019evento Percorso di Antichi Mestieri, che si terr\u00e0 domenica 6 settembre 2009. La manifestazione, organizzata dalla Pro Loco e dagli abitanti di via Trieste e via Castelnuovo, ripropone nell\u2019arco della giornata le arti e i mestieri di un tempo, un salto nel passato per rivivere l\u2019atmosfera, i colori e i sapori delle antiche tradizioni. Le vie Trieste e Castelnuovo, a Farra, si preparano ad accogliere le 82 bancarelle della rassegna Percorso di Antichi Mestieri che riproporranno, in presenza di abili ed esperti \u201cmaestri\u201d, le tecniche di realizzazione di manufatti e numerosi lavori legati al passato. Un ricco carosello di attivit\u00e0 che intratterr\u00e0 i pi\u00f9 curiosi: dalla tosatura delle pecore, ai lavori in rame e ceramica, per non dimenticare la creazione di sculture in ferro, la dimostrazione della lisciva e la preparazione di specialit\u00e0 locali come la minestra de fasoi, la polenta sul trepi\u00e8 e varie tipologie di formaggio sapientemente prodotte dalle abili mani del mastro casaro. Alle ore 10.00 e 18.30 \u00e8 disponibile, gratuitamente e per chi lo desidera, una guida che illustrer\u00e0 per ogni stand l\u2019attivit\u00e0 dimostrata. Anche i pi\u00f9 piccoli, a partire dalle ore 16.00, avranno la possibilit\u00e0 di divertirsi con i \u201cgiochi di un tempo\u201d a loro dedicati (campanon, p\u00ecrol-p\u00e0rol\u2026) e alle ore 17.00 seguir\u00e0 l\u2019esibizione della banda comunale. Per tutta la giornata \u00e8 possibile gustare le specialit\u00e0 tipiche al tendone allestito nei pressi della palestra comunale.<\/p>","protected":false},"excerpt":{"rendered":"<p>Periodo di grandi preparativi a Farra d\u2019Alpago in vista della 3^ edizione dell\u2019evento Percorso di Antichi Mestieri, che si terr\u00e0 domenica 6 settembre 2009. La manifestazione, organizzata dalla Pro Loco e dagli abitanti di via Trieste e via Castelnuovo, ripropone nell\u2019arco della giornata le arti e i mestieri di un tempo, un salto nel passato [&hellip;]<\/p>\n","protected":false},"author":2,"featured_media":0,"comment_status":"closed","ping_status":"open","sticky":false,"template":"","format":"standard","meta":{"footnotes":""},"categories":[27,25],"tags":[],"class_list":["post-7421","post","type-post","status-publish","format-standard","category-appuntamenti","category-pausa-caffe"],"yoast_head":"<!-- This site is optimized with the Yoast SEO plugin v28.4 - https:\/\/yoast.com\/product\/yoast-seo-wordpress\/ -->\n<title>Gli antichi mestieri e le tradizioni a Farra d&#039;Alpago - Bellunopress - Dolomiti<\/title>\n<meta name=\"robots\" content=\"index, follow, max-snippet:-1, max-image-preview:large, max-video-preview:-1\" \/>\n<link rel=\"canonical\" href=\"https:\/\/www.bellunopress.it\/fr\/2009\/08\/27\/gli-antichi-mestieri-e-le-tradizioni-a-farra-dalpago\/\" \/>\n<meta property=\"og:locale\" content=\"fr_FR\" \/>\n<meta property=\"og:type\" content=\"article\" \/>\n<meta property=\"og:title\" content=\"Gli antichi mestieri e le tradizioni a Farra d&#039;Alpago - Bellunopress - Dolomiti\" \/>\n<meta property=\"og:description\" content=\"Periodo di grandi preparativi a Farra d\u2019Alpago in vista della 3^ edizione dell\u2019evento Percorso di Antichi Mestieri, che si terr\u00e0 domenica 6 settembre 2009. La manifestazione, organizzata dalla Pro Loco e dagli abitanti di via Trieste e via Castelnuovo, ripropone nell\u2019arco della giornata le arti e i mestieri di un tempo, un salto nel passato [&hellip;]\" \/>\n<meta property=\"og:url\" content=\"https:\/\/www.bellunopress.it\/fr\/2009\/08\/27\/gli-antichi-mestieri-e-le-tradizioni-a-farra-dalpago\/\" \/>\n<meta property=\"og:site_name\" content=\"Bellunopress - Dolomiti\" \/>\n<meta property=\"article:publisher\" content=\"https:\/\/www.facebook.com\/profile.php?id=100008943462799\" \/>\n<meta property=\"article:published_time\" content=\"2009-08-27T11:38:00+00:00\" \/>\n<meta property=\"article:modified_time\" content=\"2009-08-27T11:40:50+00:00\" \/>\n<meta property=\"og:image\" content=\"http:\/\/www.bellunopress.it\/wp-content\/uploads\/2012\/07\/logo-bellunopress-250x250-2012.jpg\" \/>\n<meta name=\"author\" content=\"redazione\" \/>\n<meta name=\"twitter:card\" content=\"summary_large_image\" \/>\n<meta name=\"twitter:creator\" content=\"@bellunopress\" \/>\n<meta name=\"twitter:site\" content=\"@bellunopress\" \/>\n<meta name=\"twitter:label1\" content=\"\u00c9crit par\" \/>\n\t<meta name=\"twitter:data1\" content=\"redazione\" \/>\n\t<meta name=\"twitter:label2\" content=\"Dur\u00e9e de lecture estim\u00e9e\" \/>\n\t<meta name=\"twitter:data2\" content=\"1 minute\" \/>\n<script type=\"application\/ld+json\" class=\"yoast-schema-graph\">{\"@context\":\"https:\\\/\\\/schema.org\",\"@graph\":[{\"@type\":\"Article\",\"@id\":\"https:\\\/\\\/www.bellunopress.it\\\/2009\\\/08\\\/27\\\/gli-antichi-mestieri-e-le-tradizioni-a-farra-dalpago\\\/#article\",\"isPartOf\":{\"@id\":\"https:\\\/\\\/www.bellunopress.it\\\/2009\\\/08\\\/27\\\/gli-antichi-mestieri-e-le-tradizioni-a-farra-dalpago\\\/\"},\"author\":{\"name\":\"redazione\",\"@id\":\"https:\\\/\\\/www.bellunopress.it\\\/#\\\/schema\\\/person\\\/79bb06722b37ece1c03d3e94beb30d73\"},\"headline\":\"Gli antichi mestieri e le tradizioni a Farra d&#8217;Alpago\",\"datePublished\":\"2009-08-27T11:38:00+00:00\",\"dateModified\":\"2009-08-27T11:40:50+00:00\",\"mainEntityOfPage\":{\"@id\":\"https:\\\/\\\/www.bellunopress.it\\\/2009\\\/08\\\/27\\\/gli-antichi-mestieri-e-le-tradizioni-a-farra-dalpago\\\/\"},\"wordCount\":250,\"publisher\":{\"@id\":\"https:\\\/\\\/www.bellunopress.it\\\/#organization\"},\"articleSection\":[\"Appuntamenti, Eventi\",\"Pausa Caff\u00e8\"],\"inLanguage\":\"fr-FR\"},{\"@type\":\"WebPage\",\"@id\":\"https:\\\/\\\/www.bellunopress.it\\\/2009\\\/08\\\/27\\\/gli-antichi-mestieri-e-le-tradizioni-a-farra-dalpago\\\/\",\"url\":\"https:\\\/\\\/www.bellunopress.it\\\/2009\\\/08\\\/27\\\/gli-antichi-mestieri-e-le-tradizioni-a-farra-dalpago\\\/\",\"name\":\"Gli antichi mestieri e le tradizioni a Farra d'Alpago - Bellunopress - Dolomiti\",\"isPartOf\":{\"@id\":\"https:\\\/\\\/www.bellunopress.it\\\/#website\"},\"datePublished\":\"2009-08-27T11:38:00+00:00\",\"dateModified\":\"2009-08-27T11:40:50+00:00\",\"breadcrumb\":{\"@id\":\"https:\\\/\\\/www.bellunopress.it\\\/2009\\\/08\\\/27\\\/gli-antichi-mestieri-e-le-tradizioni-a-farra-dalpago\\\/#breadcrumb\"},\"inLanguage\":\"fr-FR\",\"potentialAction\":[{\"@type\":\"ReadAction\",\"target\":[\"https:\\\/\\\/www.bellunopress.it\\\/2009\\\/08\\\/27\\\/gli-antichi-mestieri-e-le-tradizioni-a-farra-dalpago\\\/\"]}]},{\"@type\":\"BreadcrumbList\",\"@id\":\"https:\\\/\\\/www.bellunopress.it\\\/2009\\\/08\\\/27\\\/gli-antichi-mestieri-e-le-tradizioni-a-farra-dalpago\\\/#breadcrumb\",\"itemListElement\":[{\"@type\":\"ListItem\",\"position\":1,\"name\":\"Home\",\"item\":\"https:\\\/\\\/www.bellunopress.it\\\/\"},{\"@type\":\"ListItem\",\"position\":2,\"name\":\"Gli antichi mestieri e le tradizioni a Farra d&#8217;Alpago\"}]},{\"@type\":\"WebSite\",\"@id\":\"https:\\\/\\\/www.bellunopress.it\\\/#website\",\"url\":\"https:\\\/\\\/www.bellunopress.it\\\/\",\"name\":\"Bellunopress - Dolomiti\",\"description\":\"e-mail: redazione@bellunopress.it\",\"publisher\":{\"@id\":\"https:\\\/\\\/www.bellunopress.it\\\/#organization\"},\"potentialAction\":[{\"@type\":\"SearchAction\",\"target\":{\"@type\":\"EntryPoint\",\"urlTemplate\":\"https:\\\/\\\/www.bellunopress.it\\\/?s={search_term_string}\"},\"query-input\":{\"@type\":\"PropertyValueSpecification\",\"valueRequired\":true,\"valueName\":\"search_term_string\"}}],\"inLanguage\":\"fr-FR\"},{\"@type\":\"Organization\",\"@id\":\"https:\\\/\\\/www.bellunopress.it\\\/#organization\",\"name\":\"Bellunopress\",\"url\":\"https:\\\/\\\/www.bellunopress.it\\\/\",\"logo\":{\"@type\":\"ImageObject\",\"inLanguage\":\"fr-FR\",\"@id\":\"https:\\\/\\\/www.bellunopress.it\\\/#\\\/schema\\\/logo\\\/image\\\/\",\"url\":\"https:\\\/\\\/www.bellunopress.it\\\/wp-content\\\/uploads\\\/2011\\\/05\\\/cropped-logo-bellunopress-.jpg\",\"contentUrl\":\"https:\\\/\\\/www.bellunopress.it\\\/wp-content\\\/uploads\\\/2011\\\/05\\\/cropped-logo-bellunopress-.jpg\",\"width\":512,\"height\":512,\"caption\":\"Bellunopress\"},\"image\":{\"@id\":\"https:\\\/\\\/www.bellunopress.it\\\/#\\\/schema\\\/logo\\\/image\\\/\"},\"sameAs\":[\"https:\\\/\\\/www.facebook.com\\\/profile.php?id=100008943462799\",\"https:\\\/\\\/x.com\\\/bellunopress\",\"https:\\\/\\\/www.linkedin.com\\\/hp\\\/?dnr=JBzUWaJfMUw8vbXJJ2tVW5-I3jZKvC4wsoxE&amp;amp;amp;amp;amp;amp;trk=nav_responsive_tab_home\",\"https:\\\/\\\/www.youtube.com\\\/channel\\\/UCxL0wu1uN0_3_7hGG0306cw\"]},{\"@type\":\"Person\",\"@id\":\"https:\\\/\\\/www.bellunopress.it\\\/#\\\/schema\\\/person\\\/79bb06722b37ece1c03d3e94beb30d73\",\"name\":\"redazione\",\"image\":{\"@type\":\"ImageObject\",\"inLanguage\":\"fr-FR\",\"@id\":\"https:\\\/\\\/secure.gravatar.com\\\/avatar\\\/37d968a2e67a6fd04c169c4bdef102d0bc5d31b2546345219e348575eb80e9a0?s=96&d=mm&r=g\",\"url\":\"https:\\\/\\\/secure.gravatar.com\\\/avatar\\\/37d968a2e67a6fd04c169c4bdef102d0bc5d31b2546345219e348575eb80e9a0?s=96&d=mm&r=g\",\"contentUrl\":\"https:\\\/\\\/secure.gravatar.com\\\/avatar\\\/37d968a2e67a6fd04c169c4bdef102d0bc5d31b2546345219e348575eb80e9a0?s=96&d=mm&r=g\",\"caption\":\"redazione\"},\"sameAs\":[\"http:\\\/\\\/www.bellunopress.it\",\"https:\\\/\\\/x.com\\\/bellunopress\"],\"url\":\"https:\\\/\\\/www.bellunopress.it\\\/fr\\\/author\\\/redazione\\\/\"}]}<\/script>\n<!-- \/ Yoast SEO plugin. -->","yoast_head_json":{"title":"Gli antichi mestieri e le tradizioni a Farra d'Alpago - Bellunopress - Dolomiti","robots":{"index":"index","follow":"follow","max-snippet":"max-snippet:-1","max-image-preview":"max-image-preview:large","max-video-preview":"max-video-preview:-1"},"canonical":"https:\/\/www.bellunopress.it\/fr\/2009\/08\/27\/gli-antichi-mestieri-e-le-tradizioni-a-farra-dalpago\/","og_locale":"fr_FR","og_type":"article","og_title":"Gli antichi mestieri e le tradizioni a Farra d'Alpago - Bellunopress - Dolomiti","og_description":"Periodo di grandi preparativi a Farra d\u2019Alpago in vista della 3^ edizione dell\u2019evento Percorso di Antichi Mestieri, che si terr\u00e0 domenica 6 settembre 2009. La manifestazione, organizzata dalla Pro Loco e dagli abitanti di via Trieste e via Castelnuovo, ripropone nell\u2019arco della giornata le arti e i mestieri di un tempo, un salto nel passato [&hellip;]","og_url":"https:\/\/www.bellunopress.it\/fr\/2009\/08\/27\/gli-antichi-mestieri-e-le-tradizioni-a-farra-dalpago\/","og_site_name":"Bellunopress - Dolomiti","article_publisher":"https:\/\/www.facebook.com\/profile.php?id=100008943462799","article_published_time":"2009-08-27T11:38:00+00:00","article_modified_time":"2009-08-27T11:40:50+00:00","og_image":[{"url":"http:\/\/www.bellunopress.it\/wp-content\/uploads\/2012\/07\/logo-bellunopress-250x250-2012.jpg","type":"","width":"","height":""}],"author":"redazione","twitter_card":"summary_large_image","twitter_creator":"@bellunopress","twitter_site":"@bellunopress","twitter_misc":{"\u00c9crit par":"redazione","Dur\u00e9e de lecture estim\u00e9e":"1 minute"},"schema":{"@context":"https:\/\/schema.org","@graph":[{"@type":"Article","@id":"https:\/\/www.bellunopress.it\/2009\/08\/27\/gli-antichi-mestieri-e-le-tradizioni-a-farra-dalpago\/#article","isPartOf":{"@id":"https:\/\/www.bellunopress.it\/2009\/08\/27\/gli-antichi-mestieri-e-le-tradizioni-a-farra-dalpago\/"},"author":{"name":"redazione","@id":"https:\/\/www.bellunopress.it\/#\/schema\/person\/79bb06722b37ece1c03d3e94beb30d73"},"headline":"Gli antichi mestieri e le tradizioni a Farra d&#8217;Alpago","datePublished":"2009-08-27T11:38:00+00:00","dateModified":"2009-08-27T11:40:50+00:00","mainEntityOfPage":{"@id":"https:\/\/www.bellunopress.it\/2009\/08\/27\/gli-antichi-mestieri-e-le-tradizioni-a-farra-dalpago\/"},"wordCount":250,"publisher":{"@id":"https:\/\/www.bellunopress.it\/#organization"},"articleSection":["Appuntamenti, Eventi","Pausa Caff\u00e8"],"inLanguage":"fr-FR"},{"@type":"WebPage","@id":"https:\/\/www.bellunopress.it\/2009\/08\/27\/gli-antichi-mestieri-e-le-tradizioni-a-farra-dalpago\/","url":"https:\/\/www.bellunopress.it\/2009\/08\/27\/gli-antichi-mestieri-e-le-tradizioni-a-farra-dalpago\/","name":"Gli antichi mestieri e le tradizioni a Farra d'Alpago - Bellunopress - Dolomiti","isPartOf":{"@id":"https:\/\/www.bellunopress.it\/#website"},"datePublished":"2009-08-27T11:38:00+00:00","dateModified":"2009-08-27T11:40:50+00:00","breadcrumb":{"@id":"https:\/\/www.bellunopress.it\/2009\/08\/27\/gli-antichi-mestieri-e-le-tradizioni-a-farra-dalpago\/#breadcrumb"},"inLanguage":"fr-FR","potentialAction":[{"@type":"ReadAction","target":["https:\/\/www.bellunopress.it\/2009\/08\/27\/gli-antichi-mestieri-e-le-tradizioni-a-farra-dalpago\/"]}]},{"@type":"BreadcrumbList","@id":"https:\/\/www.bellunopress.it\/2009\/08\/27\/gli-antichi-mestieri-e-le-tradizioni-a-farra-dalpago\/#breadcrumb","itemListElement":[{"@type":"ListItem","position":1,"name":"Home","item":"https:\/\/www.bellunopress.it\/"},{"@type":"ListItem","position":2,"name":"Gli antichi mestieri e le tradizioni a Farra d&#8217;Alpago"}]},{"@type":"WebSite","@id":"https:\/\/www.bellunopress.it\/#website","url":"https:\/\/www.bellunopress.it\/","name":"Bellunopress - Dolomiti","description":"e-mail: redazione@bellunopress.it","publisher":{"@id":"https:\/\/www.bellunopress.it\/#organization"},"potentialAction":[{"@type":"SearchAction","target":{"@type":"EntryPoint","urlTemplate":"https:\/\/www.bellunopress.it\/?s={search_term_string}"},"query-input":{"@type":"PropertyValueSpecification","valueRequired":true,"valueName":"search_term_string"}}],"inLanguage":"fr-FR"},{"@type":"Organization","@id":"https:\/\/www.bellunopress.it\/#organization","name":"Bellunopress","url":"https:\/\/www.bellunopress.it\/","logo":{"@type":"ImageObject","inLanguage":"fr-FR","@id":"https:\/\/www.bellunopress.it\/#\/schema\/logo\/image\/","url":"https:\/\/www.bellunopress.it\/wp-content\/uploads\/2011\/05\/cropped-logo-bellunopress-.jpg","contentUrl":"https:\/\/www.bellunopress.it\/wp-content\/uploads\/2011\/05\/cropped-logo-bellunopress-.jpg","width":512,"height":512,"caption":"Bellunopress"},"image":{"@id":"https:\/\/www.bellunopress.it\/#\/schema\/logo\/image\/"},"sameAs":["https:\/\/www.facebook.com\/profile.php?id=100008943462799","https:\/\/x.com\/bellunopress","https:\/\/www.linkedin.com\/hp\/?dnr=JBzUWaJfMUw8vbXJJ2tVW5-I3jZKvC4wsoxE&amp;amp;amp;amp;amp;amp;trk=nav_responsive_tab_home","https:\/\/www.youtube.com\/channel\/UCxL0wu1uN0_3_7hGG0306cw"]},{"@type":"Person","@id":"https:\/\/www.bellunopress.it\/#\/schema\/person\/79bb06722b37ece1c03d3e94beb30d73","name":"r\u00e9daction","image":{"@type":"ImageObject","inLanguage":"fr-FR","@id":"https:\/\/secure.gravatar.com\/avatar\/37d968a2e67a6fd04c169c4bdef102d0bc5d31b2546345219e348575eb80e9a0?s=96&d=mm&r=g","url":"https:\/\/secure.gravatar.com\/avatar\/37d968a2e67a6fd04c169c4bdef102d0bc5d31b2546345219e348575eb80e9a0?s=96&d=mm&r=g","contentUrl":"https:\/\/secure.gravatar.com\/avatar\/37d968a2e67a6fd04c169c4bdef102d0bc5d31b2546345219e348575eb80e9a0?s=96&d=mm&r=g","caption":"redazione"},"sameAs":["http:\/\/www.bellunopress.it","https:\/\/x.com\/bellunopress"],"url":"https:\/\/www.bellunopress.it\/fr\/author\/redazione\/"}]}},"_links":{"self":[{"href":"https:\/\/www.bellunopress.it\/fr\/wp-json\/wp\/v2\/posts\/7421","targetHints":{"allow":["GET"]}}],"collection":[{"href":"https:\/\/www.bellunopress.it\/fr\/wp-json\/wp\/v2\/posts"}],"about":[{"href":"https:\/\/www.bellunopress.it\/fr\/wp-json\/wp\/v2\/types\/post"}],"author":[{"embeddable":true,"href":"https:\/\/www.bellunopress.it\/fr\/wp-json\/wp\/v2\/users\/2"}],"replies":[{"embeddable":true,"href":"https:\/\/www.bellunopress.it\/fr\/wp-json\/wp\/v2\/comments?post=7421"}],"version-history":[{"count":3,"href":"https:\/\/www.bellunopress.it\/fr\/wp-json\/wp\/v2\/posts\/7421\/revisions"}],"predecessor-version":[{"id":7424,"href":"https:\/\/www.bellunopress.it\/fr\/wp-json\/wp\/v2\/posts\/7421\/revisions\/7424"}],"wp:attachment":[{"href":"https:\/\/www.bellunopress.it\/fr\/wp-json\/wp\/v2\/media?parent=7421"}],"wp:term":[{"taxonomy":"category","embeddable":true,"href":"https:\/\/www.bellunopress.it\/fr\/wp-json\/wp\/v2\/categories?post=7421"},{"taxonomy":"post_tag","embeddable":true,"href":"https:\/\/www.bellunopress.it\/fr\/wp-json\/wp\/v2\/tags?post=7421"}],"curies":[{"name":"wp","href":"https:\/\/api.w.org\/{rel}","templated":true}]}}