{"id":7414,"date":"2009-08-27T07:58:56","date_gmt":"2009-08-27T06:58:56","guid":{"rendered":"http:\/\/www.bellunopress.it\/?p=7414"},"modified":"2009-08-27T08:24:46","modified_gmt":"2009-08-27T07:24:46","slug":"arrestato-antonio-giacchetta-direttore-del-patronato-inca-cgil-a-zurigo-laccusa-e-di-truffa-e-peculato-ai-danni-dei-pensionati-italiani-emigranti","status":"publish","type":"post","link":"https:\/\/www.bellunopress.it\/fr\/2009\/08\/27\/arrestato-antonio-giacchetta-direttore-del-patronato-inca-cgil-a-zurigo-laccusa-e-di-truffa-e-peculato-ai-danni-dei-pensionati-italiani-emigranti\/","title":{"rendered":"Arrestato Antonio Giacchetta, direttore del patronato Inca Cgil a Zurigo. L&#8217;accusa \u00e8 di truffa e peculato ai danni dei pensionati italiani emigranti"},"content":{"rendered":"<p>L&#8217;avvocatura di Stato di Zurigo avrebbe accertato un ammanco equivalente di oltre 1 milione e mezzo di euro che Antonio Giacchetta, direttore del patronato Inca-Cgil a Zurigo, oltre che membro della federazione dei socialisti italiani nella Confederazione, avrebbe fatto sparire, sottraendoli ai nostri connazionali emigranti che si erano fidati di lui firmandogli la delega. Secondo la ricostruzione dell&#8217;accusa, Giacchetta, come responsabile del patronato, faceva da intermediario tra le compagnie di assicurazione, che in Svizzera gestiscono il Tfr (trattamento fine rapporto) e il lavoratore. Poteva quindi disporre dei risparmi accantonati in una vita di lavoro, che drenava facendo transitare nelle sue tasche.<\/p>","protected":false},"excerpt":{"rendered":"<p>L&#8217;avvocatura di Stato di Zurigo avrebbe accertato un ammanco equivalente di oltre 1 milione e mezzo di euro che Antonio Giacchetta, direttore del patronato Inca-Cgil a Zurigo, oltre che membro della federazione dei socialisti italiani nella Confederazione, avrebbe fatto sparire, sottraendoli ai nostri connazionali emigranti che si erano fidati di lui firmandogli la delega. Secondo [&hellip;]<\/p>\n","protected":false},"author":2,"featured_media":0,"comment_status":"closed","ping_status":"open","sticky":false,"template":"","format":"standard","meta":{"footnotes":""},"categories":[5,26],"tags":[],"class_list":["post-7414","post","type-post","status-publish","format-standard","category-cronaca","category-prima-pagina"],"yoast_head":"<!-- This site is optimized with the Yoast SEO plugin v28.4 - https:\/\/yoast.com\/product\/yoast-seo-wordpress\/ -->\n<title>Arrestato Antonio Giacchetta, direttore del patronato Inca Cgil a Zurigo. L&#039;accusa \u00e8 di truffa e peculato ai danni dei pensionati italiani emigranti - Bellunopress - Dolomiti<\/title>\n<meta name=\"robots\" content=\"index, follow, max-snippet:-1, max-image-preview:large, max-video-preview:-1\" \/>\n<link rel=\"canonical\" href=\"https:\/\/www.bellunopress.it\/fr\/2009\/08\/27\/arrestato-antonio-giacchetta-direttore-del-patronato-inca-cgil-a-zurigo-laccusa-e-di-truffa-e-peculato-ai-danni-dei-pensionati-italiani-emigranti\/\" \/>\n<meta property=\"og:locale\" content=\"fr_FR\" \/>\n<meta property=\"og:type\" content=\"article\" \/>\n<meta property=\"og:title\" content=\"Arrestato Antonio Giacchetta, direttore del patronato Inca Cgil a Zurigo. L&#039;accusa \u00e8 di truffa e peculato ai danni dei pensionati italiani emigranti - Bellunopress - Dolomiti\" \/>\n<meta property=\"og:description\" content=\"L&#8217;avvocatura di Stato di Zurigo avrebbe accertato un ammanco equivalente di oltre 1 milione e mezzo di euro che Antonio Giacchetta, direttore del patronato Inca-Cgil a Zurigo, oltre che membro della federazione dei socialisti italiani nella Confederazione, avrebbe fatto sparire, sottraendoli ai nostri connazionali emigranti che si erano fidati di lui firmandogli la delega. Secondo [&hellip;]\" \/>\n<meta property=\"og:url\" content=\"https:\/\/www.bellunopress.it\/fr\/2009\/08\/27\/arrestato-antonio-giacchetta-direttore-del-patronato-inca-cgil-a-zurigo-laccusa-e-di-truffa-e-peculato-ai-danni-dei-pensionati-italiani-emigranti\/\" \/>\n<meta property=\"og:site_name\" content=\"Bellunopress - Dolomiti\" \/>\n<meta property=\"article:publisher\" content=\"https:\/\/www.facebook.com\/profile.php?id=100008943462799\" \/>\n<meta property=\"article:published_time\" content=\"2009-08-27T06:58:56+00:00\" \/>\n<meta property=\"article:modified_time\" content=\"2009-08-27T07:24:46+00:00\" \/>\n<meta property=\"og:image\" content=\"http:\/\/www.bellunopress.it\/wp-content\/uploads\/2012\/07\/logo-bellunopress-250x250-2012.jpg\" \/>\n<meta name=\"author\" content=\"redazione\" \/>\n<meta name=\"twitter:card\" content=\"summary_large_image\" \/>\n<meta name=\"twitter:creator\" content=\"@bellunopress\" \/>\n<meta name=\"twitter:site\" content=\"@bellunopress\" \/>\n<meta name=\"twitter:label1\" content=\"\u00c9crit par\" \/>\n\t<meta name=\"twitter:data1\" content=\"redazione\" \/>\n\t<meta name=\"twitter:label2\" content=\"Dur\u00e9e de lecture estim\u00e9e\" \/>\n\t<meta name=\"twitter:data2\" content=\"1 minute\" \/>\n<script type=\"application\/ld+json\" class=\"yoast-schema-graph\">{\"@context\":\"https:\\\/\\\/schema.org\",\"@graph\":[{\"@type\":\"Article\",\"@id\":\"https:\\\/\\\/www.bellunopress.it\\\/2009\\\/08\\\/27\\\/arrestato-antonio-giacchetta-direttore-del-patronato-inca-cgil-a-zurigo-laccusa-e-di-truffa-e-peculato-ai-danni-dei-pensionati-italiani-emigranti\\\/#article\",\"isPartOf\":{\"@id\":\"https:\\\/\\\/www.bellunopress.it\\\/2009\\\/08\\\/27\\\/arrestato-antonio-giacchetta-direttore-del-patronato-inca-cgil-a-zurigo-laccusa-e-di-truffa-e-peculato-ai-danni-dei-pensionati-italiani-emigranti\\\/\"},\"author\":{\"name\":\"redazione\",\"@id\":\"https:\\\/\\\/www.bellunopress.it\\\/#\\\/schema\\\/person\\\/79bb06722b37ece1c03d3e94beb30d73\"},\"headline\":\"Arrestato Antonio Giacchetta, direttore del patronato Inca Cgil a Zurigo. L&#8217;accusa \u00e8 di truffa e peculato ai danni dei pensionati italiani emigranti\",\"datePublished\":\"2009-08-27T06:58:56+00:00\",\"dateModified\":\"2009-08-27T07:24:46+00:00\",\"mainEntityOfPage\":{\"@id\":\"https:\\\/\\\/www.bellunopress.it\\\/2009\\\/08\\\/27\\\/arrestato-antonio-giacchetta-direttore-del-patronato-inca-cgil-a-zurigo-laccusa-e-di-truffa-e-peculato-ai-danni-dei-pensionati-italiani-emigranti\\\/\"},\"wordCount\":124,\"publisher\":{\"@id\":\"https:\\\/\\\/www.bellunopress.it\\\/#organization\"},\"articleSection\":[\"Cronaca\\\/Politica\",\"Prima Pagina\"],\"inLanguage\":\"fr-FR\"},{\"@type\":\"WebPage\",\"@id\":\"https:\\\/\\\/www.bellunopress.it\\\/2009\\\/08\\\/27\\\/arrestato-antonio-giacchetta-direttore-del-patronato-inca-cgil-a-zurigo-laccusa-e-di-truffa-e-peculato-ai-danni-dei-pensionati-italiani-emigranti\\\/\",\"url\":\"https:\\\/\\\/www.bellunopress.it\\\/2009\\\/08\\\/27\\\/arrestato-antonio-giacchetta-direttore-del-patronato-inca-cgil-a-zurigo-laccusa-e-di-truffa-e-peculato-ai-danni-dei-pensionati-italiani-emigranti\\\/\",\"name\":\"Arrestato Antonio Giacchetta, direttore del patronato Inca Cgil a Zurigo. L'accusa \u00e8 di truffa e peculato ai danni dei pensionati italiani emigranti - Bellunopress - Dolomiti\",\"isPartOf\":{\"@id\":\"https:\\\/\\\/www.bellunopress.it\\\/#website\"},\"datePublished\":\"2009-08-27T06:58:56+00:00\",\"dateModified\":\"2009-08-27T07:24:46+00:00\",\"breadcrumb\":{\"@id\":\"https:\\\/\\\/www.bellunopress.it\\\/2009\\\/08\\\/27\\\/arrestato-antonio-giacchetta-direttore-del-patronato-inca-cgil-a-zurigo-laccusa-e-di-truffa-e-peculato-ai-danni-dei-pensionati-italiani-emigranti\\\/#breadcrumb\"},\"inLanguage\":\"fr-FR\",\"potentialAction\":[{\"@type\":\"ReadAction\",\"target\":[\"https:\\\/\\\/www.bellunopress.it\\\/2009\\\/08\\\/27\\\/arrestato-antonio-giacchetta-direttore-del-patronato-inca-cgil-a-zurigo-laccusa-e-di-truffa-e-peculato-ai-danni-dei-pensionati-italiani-emigranti\\\/\"]}]},{\"@type\":\"BreadcrumbList\",\"@id\":\"https:\\\/\\\/www.bellunopress.it\\\/2009\\\/08\\\/27\\\/arrestato-antonio-giacchetta-direttore-del-patronato-inca-cgil-a-zurigo-laccusa-e-di-truffa-e-peculato-ai-danni-dei-pensionati-italiani-emigranti\\\/#breadcrumb\",\"itemListElement\":[{\"@type\":\"ListItem\",\"position\":1,\"name\":\"Home\",\"item\":\"https:\\\/\\\/www.bellunopress.it\\\/\"},{\"@type\":\"ListItem\",\"position\":2,\"name\":\"Arrestato Antonio Giacchetta, direttore del patronato Inca Cgil a Zurigo. L&#8217;accusa \u00e8 di truffa e peculato ai danni dei pensionati italiani emigranti\"}]},{\"@type\":\"WebSite\",\"@id\":\"https:\\\/\\\/www.bellunopress.it\\\/#website\",\"url\":\"https:\\\/\\\/www.bellunopress.it\\\/\",\"name\":\"Bellunopress - Dolomiti\",\"description\":\"e-mail: redazione@bellunopress.it\",\"publisher\":{\"@id\":\"https:\\\/\\\/www.bellunopress.it\\\/#organization\"},\"potentialAction\":[{\"@type\":\"SearchAction\",\"target\":{\"@type\":\"EntryPoint\",\"urlTemplate\":\"https:\\\/\\\/www.bellunopress.it\\\/?s={search_term_string}\"},\"query-input\":{\"@type\":\"PropertyValueSpecification\",\"valueRequired\":true,\"valueName\":\"search_term_string\"}}],\"inLanguage\":\"fr-FR\"},{\"@type\":\"Organization\",\"@id\":\"https:\\\/\\\/www.bellunopress.it\\\/#organization\",\"name\":\"Bellunopress\",\"url\":\"https:\\\/\\\/www.bellunopress.it\\\/\",\"logo\":{\"@type\":\"ImageObject\",\"inLanguage\":\"fr-FR\",\"@id\":\"https:\\\/\\\/www.bellunopress.it\\\/#\\\/schema\\\/logo\\\/image\\\/\",\"url\":\"https:\\\/\\\/www.bellunopress.it\\\/wp-content\\\/uploads\\\/2011\\\/05\\\/cropped-logo-bellunopress-.jpg\",\"contentUrl\":\"https:\\\/\\\/www.bellunopress.it\\\/wp-content\\\/uploads\\\/2011\\\/05\\\/cropped-logo-bellunopress-.jpg\",\"width\":512,\"height\":512,\"caption\":\"Bellunopress\"},\"image\":{\"@id\":\"https:\\\/\\\/www.bellunopress.it\\\/#\\\/schema\\\/logo\\\/image\\\/\"},\"sameAs\":[\"https:\\\/\\\/www.facebook.com\\\/profile.php?id=100008943462799\",\"https:\\\/\\\/x.com\\\/bellunopress\",\"https:\\\/\\\/www.linkedin.com\\\/hp\\\/?dnr=JBzUWaJfMUw8vbXJJ2tVW5-I3jZKvC4wsoxE&amp;amp;amp;amp;amp;amp;trk=nav_responsive_tab_home\",\"https:\\\/\\\/www.youtube.com\\\/channel\\\/UCxL0wu1uN0_3_7hGG0306cw\"]},{\"@type\":\"Person\",\"@id\":\"https:\\\/\\\/www.bellunopress.it\\\/#\\\/schema\\\/person\\\/79bb06722b37ece1c03d3e94beb30d73\",\"name\":\"redazione\",\"image\":{\"@type\":\"ImageObject\",\"inLanguage\":\"fr-FR\",\"@id\":\"https:\\\/\\\/secure.gravatar.com\\\/avatar\\\/37d968a2e67a6fd04c169c4bdef102d0bc5d31b2546345219e348575eb80e9a0?s=96&d=mm&r=g\",\"url\":\"https:\\\/\\\/secure.gravatar.com\\\/avatar\\\/37d968a2e67a6fd04c169c4bdef102d0bc5d31b2546345219e348575eb80e9a0?s=96&d=mm&r=g\",\"contentUrl\":\"https:\\\/\\\/secure.gravatar.com\\\/avatar\\\/37d968a2e67a6fd04c169c4bdef102d0bc5d31b2546345219e348575eb80e9a0?s=96&d=mm&r=g\",\"caption\":\"redazione\"},\"sameAs\":[\"http:\\\/\\\/www.bellunopress.it\",\"https:\\\/\\\/x.com\\\/bellunopress\"],\"url\":\"https:\\\/\\\/www.bellunopress.it\\\/fr\\\/author\\\/redazione\\\/\"}]}<\/script>\n<!-- \/ Yoast SEO plugin. -->","yoast_head_json":{"title":"Arrestato Antonio Giacchetta, direttore del patronato Inca Cgil a Zurigo. L'accusa \u00e8 di truffa e peculato ai danni dei pensionati italiani emigranti - Bellunopress - Dolomiti","robots":{"index":"index","follow":"follow","max-snippet":"max-snippet:-1","max-image-preview":"max-image-preview:large","max-video-preview":"max-video-preview:-1"},"canonical":"https:\/\/www.bellunopress.it\/fr\/2009\/08\/27\/arrestato-antonio-giacchetta-direttore-del-patronato-inca-cgil-a-zurigo-laccusa-e-di-truffa-e-peculato-ai-danni-dei-pensionati-italiani-emigranti\/","og_locale":"fr_FR","og_type":"article","og_title":"Arrestato Antonio Giacchetta, direttore del patronato Inca Cgil a Zurigo. L'accusa \u00e8 di truffa e peculato ai danni dei pensionati italiani emigranti - Bellunopress - Dolomiti","og_description":"L&#8217;avvocatura di Stato di Zurigo avrebbe accertato un ammanco equivalente di oltre 1 milione e mezzo di euro che Antonio Giacchetta, direttore del patronato Inca-Cgil a Zurigo, oltre che membro della federazione dei socialisti italiani nella Confederazione, avrebbe fatto sparire, sottraendoli ai nostri connazionali emigranti che si erano fidati di lui firmandogli la delega. Secondo [&hellip;]","og_url":"https:\/\/www.bellunopress.it\/fr\/2009\/08\/27\/arrestato-antonio-giacchetta-direttore-del-patronato-inca-cgil-a-zurigo-laccusa-e-di-truffa-e-peculato-ai-danni-dei-pensionati-italiani-emigranti\/","og_site_name":"Bellunopress - Dolomiti","article_publisher":"https:\/\/www.facebook.com\/profile.php?id=100008943462799","article_published_time":"2009-08-27T06:58:56+00:00","article_modified_time":"2009-08-27T07:24:46+00:00","og_image":[{"url":"http:\/\/www.bellunopress.it\/wp-content\/uploads\/2012\/07\/logo-bellunopress-250x250-2012.jpg","type":"","width":"","height":""}],"author":"redazione","twitter_card":"summary_large_image","twitter_creator":"@bellunopress","twitter_site":"@bellunopress","twitter_misc":{"\u00c9crit par":"redazione","Dur\u00e9e de lecture estim\u00e9e":"1 minute"},"schema":{"@context":"https:\/\/schema.org","@graph":[{"@type":"Article","@id":"https:\/\/www.bellunopress.it\/2009\/08\/27\/arrestato-antonio-giacchetta-direttore-del-patronato-inca-cgil-a-zurigo-laccusa-e-di-truffa-e-peculato-ai-danni-dei-pensionati-italiani-emigranti\/#article","isPartOf":{"@id":"https:\/\/www.bellunopress.it\/2009\/08\/27\/arrestato-antonio-giacchetta-direttore-del-patronato-inca-cgil-a-zurigo-laccusa-e-di-truffa-e-peculato-ai-danni-dei-pensionati-italiani-emigranti\/"},"author":{"name":"redazione","@id":"https:\/\/www.bellunopress.it\/#\/schema\/person\/79bb06722b37ece1c03d3e94beb30d73"},"headline":"Arrestato Antonio Giacchetta, direttore del patronato Inca Cgil a Zurigo. L&#8217;accusa \u00e8 di truffa e peculato ai danni dei pensionati italiani emigranti","datePublished":"2009-08-27T06:58:56+00:00","dateModified":"2009-08-27T07:24:46+00:00","mainEntityOfPage":{"@id":"https:\/\/www.bellunopress.it\/2009\/08\/27\/arrestato-antonio-giacchetta-direttore-del-patronato-inca-cgil-a-zurigo-laccusa-e-di-truffa-e-peculato-ai-danni-dei-pensionati-italiani-emigranti\/"},"wordCount":124,"publisher":{"@id":"https:\/\/www.bellunopress.it\/#organization"},"articleSection":["Cronaca\/Politica","Prima Pagina"],"inLanguage":"fr-FR"},{"@type":"WebPage","@id":"https:\/\/www.bellunopress.it\/2009\/08\/27\/arrestato-antonio-giacchetta-direttore-del-patronato-inca-cgil-a-zurigo-laccusa-e-di-truffa-e-peculato-ai-danni-dei-pensionati-italiani-emigranti\/","url":"https:\/\/www.bellunopress.it\/2009\/08\/27\/arrestato-antonio-giacchetta-direttore-del-patronato-inca-cgil-a-zurigo-laccusa-e-di-truffa-e-peculato-ai-danni-dei-pensionati-italiani-emigranti\/","name":"Arrestato Antonio Giacchetta, direttore del patronato Inca Cgil a Zurigo. L'accusa \u00e8 di truffa e peculato ai danni dei pensionati italiani emigranti - Bellunopress - Dolomiti","isPartOf":{"@id":"https:\/\/www.bellunopress.it\/#website"},"datePublished":"2009-08-27T06:58:56+00:00","dateModified":"2009-08-27T07:24:46+00:00","breadcrumb":{"@id":"https:\/\/www.bellunopress.it\/2009\/08\/27\/arrestato-antonio-giacchetta-direttore-del-patronato-inca-cgil-a-zurigo-laccusa-e-di-truffa-e-peculato-ai-danni-dei-pensionati-italiani-emigranti\/#breadcrumb"},"inLanguage":"fr-FR","potentialAction":[{"@type":"ReadAction","target":["https:\/\/www.bellunopress.it\/2009\/08\/27\/arrestato-antonio-giacchetta-direttore-del-patronato-inca-cgil-a-zurigo-laccusa-e-di-truffa-e-peculato-ai-danni-dei-pensionati-italiani-emigranti\/"]}]},{"@type":"BreadcrumbList","@id":"https:\/\/www.bellunopress.it\/2009\/08\/27\/arrestato-antonio-giacchetta-direttore-del-patronato-inca-cgil-a-zurigo-laccusa-e-di-truffa-e-peculato-ai-danni-dei-pensionati-italiani-emigranti\/#breadcrumb","itemListElement":[{"@type":"ListItem","position":1,"name":"Home","item":"https:\/\/www.bellunopress.it\/"},{"@type":"ListItem","position":2,"name":"Arrestato Antonio Giacchetta, direttore del patronato Inca Cgil a Zurigo. L&#8217;accusa \u00e8 di truffa e peculato ai danni dei pensionati italiani emigranti"}]},{"@type":"WebSite","@id":"https:\/\/www.bellunopress.it\/#website","url":"https:\/\/www.bellunopress.it\/","name":"Bellunopress - Dolomiti","description":"e-mail: redazione@bellunopress.it","publisher":{"@id":"https:\/\/www.bellunopress.it\/#organization"},"potentialAction":[{"@type":"SearchAction","target":{"@type":"EntryPoint","urlTemplate":"https:\/\/www.bellunopress.it\/?s={search_term_string}"},"query-input":{"@type":"PropertyValueSpecification","valueRequired":true,"valueName":"search_term_string"}}],"inLanguage":"fr-FR"},{"@type":"Organization","@id":"https:\/\/www.bellunopress.it\/#organization","name":"Bellunopress","url":"https:\/\/www.bellunopress.it\/","logo":{"@type":"ImageObject","inLanguage":"fr-FR","@id":"https:\/\/www.bellunopress.it\/#\/schema\/logo\/image\/","url":"https:\/\/www.bellunopress.it\/wp-content\/uploads\/2011\/05\/cropped-logo-bellunopress-.jpg","contentUrl":"https:\/\/www.bellunopress.it\/wp-content\/uploads\/2011\/05\/cropped-logo-bellunopress-.jpg","width":512,"height":512,"caption":"Bellunopress"},"image":{"@id":"https:\/\/www.bellunopress.it\/#\/schema\/logo\/image\/"},"sameAs":["https:\/\/www.facebook.com\/profile.php?id=100008943462799","https:\/\/x.com\/bellunopress","https:\/\/www.linkedin.com\/hp\/?dnr=JBzUWaJfMUw8vbXJJ2tVW5-I3jZKvC4wsoxE&amp;amp;amp;amp;amp;amp;trk=nav_responsive_tab_home","https:\/\/www.youtube.com\/channel\/UCxL0wu1uN0_3_7hGG0306cw"]},{"@type":"Person","@id":"https:\/\/www.bellunopress.it\/#\/schema\/person\/79bb06722b37ece1c03d3e94beb30d73","name":"r\u00e9daction","image":{"@type":"ImageObject","inLanguage":"fr-FR","@id":"https:\/\/secure.gravatar.com\/avatar\/37d968a2e67a6fd04c169c4bdef102d0bc5d31b2546345219e348575eb80e9a0?s=96&d=mm&r=g","url":"https:\/\/secure.gravatar.com\/avatar\/37d968a2e67a6fd04c169c4bdef102d0bc5d31b2546345219e348575eb80e9a0?s=96&d=mm&r=g","contentUrl":"https:\/\/secure.gravatar.com\/avatar\/37d968a2e67a6fd04c169c4bdef102d0bc5d31b2546345219e348575eb80e9a0?s=96&d=mm&r=g","caption":"redazione"},"sameAs":["http:\/\/www.bellunopress.it","https:\/\/x.com\/bellunopress"],"url":"https:\/\/www.bellunopress.it\/fr\/author\/redazione\/"}]}},"_links":{"self":[{"href":"https:\/\/www.bellunopress.it\/fr\/wp-json\/wp\/v2\/posts\/7414","targetHints":{"allow":["GET"]}}],"collection":[{"href":"https:\/\/www.bellunopress.it\/fr\/wp-json\/wp\/v2\/posts"}],"about":[{"href":"https:\/\/www.bellunopress.it\/fr\/wp-json\/wp\/v2\/types\/post"}],"author":[{"embeddable":true,"href":"https:\/\/www.bellunopress.it\/fr\/wp-json\/wp\/v2\/users\/2"}],"replies":[{"embeddable":true,"href":"https:\/\/www.bellunopress.it\/fr\/wp-json\/wp\/v2\/comments?post=7414"}],"version-history":[{"count":3,"href":"https:\/\/www.bellunopress.it\/fr\/wp-json\/wp\/v2\/posts\/7414\/revisions"}],"predecessor-version":[{"id":7416,"href":"https:\/\/www.bellunopress.it\/fr\/wp-json\/wp\/v2\/posts\/7414\/revisions\/7416"}],"wp:attachment":[{"href":"https:\/\/www.bellunopress.it\/fr\/wp-json\/wp\/v2\/media?parent=7414"}],"wp:term":[{"taxonomy":"category","embeddable":true,"href":"https:\/\/www.bellunopress.it\/fr\/wp-json\/wp\/v2\/categories?post=7414"},{"taxonomy":"post_tag","embeddable":true,"href":"https:\/\/www.bellunopress.it\/fr\/wp-json\/wp\/v2\/tags?post=7414"}],"curies":[{"name":"wp","href":"https:\/\/api.w.org\/{rel}","templated":true}]}}