{"id":7408,"date":"2009-08-26T21:27:12","date_gmt":"2009-08-26T20:27:12","guid":{"rendered":"http:\/\/www.bellunopress.it\/?p=7408"},"modified":"2009-08-26T21:27:12","modified_gmt":"2009-08-26T20:27:12","slug":"campioni-in-deltaplano-ploner-sugli-allori","status":"publish","type":"post","link":"https:\/\/www.bellunopress.it\/fr\/2009\/08\/26\/campioni-in-deltaplano-ploner-sugli-allori\/","title":{"rendered":"Campioni in deltaplano, Ploner sugli allori"},"content":{"rendered":"<p>Estate d&#8217;oro per Alessandro Ploner, 33 anni, di San Cassiano (Bolzano): dopo<a href=\"http:\/\/www.bellunopress.it\/wp-content\/uploads\/2009\/08\/delta-decollo-leggera.jpg\"><img loading=\"lazy\" decoding=\"async\" class=\"alignright size-medium wp-image-7409\" title=\"delta-decollo-leggera\" src=\"http:\/\/www.bellunopress.it\/wp-content\/uploads\/2009\/08\/delta-decollo-leggera.jpg\" alt=\"\" width=\"270\" height=\"181\" \/><\/a><br \/>\nla conquista del titolo mondiale il mese scorso in Francia, non poteva<br \/>\nmancare quello italiano a Tizzano in Val di Parma.<br \/>\nAl seguito, nell&#8217;ordine, gli altri azzurri e campioni del mondo a squadre:<br \/>\nElio Cataldi di Vittorio Veneto (Treviso), il trentino Christian Ciech e<br \/>\nDavide Guiducci di Reggio Emilia.<br \/>\nNella gara riservata ai deltaplani versione Ala Rigida vittoria di Daniele<br \/>\nBindi (Pistoia), su Gorio Mandozzi (Macerata) e Carlo Bertacchi (Bologna).<br \/>\nLe classifiche finali sono la somma di quattro prove disputate in otto<br \/>\ngiorni su percorsi tra i 73 ed i 104 km, distanze di tutto rispetto per<br \/>\nmezzi che volano sfruttando le correnti d&#8217;aria ascensionali e superano i 120<br \/>\nkmh.<br \/>\nLe altre prove sono state annullate a causa del vento da ovest che, per la<br \/>\nmorfologia del sito, non avrebbe garantito la necessaria sicurezza ai 42<br \/>\npiloti in gara, pattuglia femminile compresa. Per lo stesso motivo niente<br \/>\nlancio di paracadutisti, inserito tra i numerosi eventi collaterali insieme<br \/>\nal volo di ultraleggeri, deltaplani a motore ed aeromodelli presso<br \/>\nl&#8217;atterraggio ufficiale di Torrechiara, comune di Langhirano, frazione nota<br \/>\nper l&#8217;imponente castello quattrocentesco.<br \/>\nOrganizzati dall&#8217;associazione Emilia in Volo con centro operativo presso il<br \/>\ncircolo &#8220;Paglia&#8221; a Tizzano, i piloti decollavano da Costa Grande sul monte<br \/>\nCaio (1.584 m). Toccavano vari punti dell&#8217;Appennino parmense e modenese,<br \/>\nquali i monti Marmagna (1.852 m), Alpesigola (1642 m), Navert (1654 m) e<br \/>\nCimone (2.165 m, maggiore rilievo dell&#8217;Appennino settentrionale), prima di<br \/>\nraggiungere l&#8217;atterraggio, con sorvolo di localit\u00e0 come il lago Ballano,<br \/>\nAlbazzano, Felino ed altre.<br \/>\nLaborioso il recupero di chi non riusciva ad arrivare in volo a Torrechiara,<br \/>\ncome nel caso di una manche conclusa con il rientro della navetta solo alle<br \/>\ndue di notte.<br \/>\nUltimo atto presso il Foroboario di Langhirano: Luca Basso, presidente della<br \/>\nFIVL, ha consegnato i premi ai vincitori di questa disciplina prossima a<br \/>\nfesteggiare il mezzo secolo, cio\u00e8 da quando negli anni &#8217;60 l&#8217;australiano<br \/>\nBill Moyes spiccava il primo volo su un rudimentale deltaplano al traino di<br \/>\nun motoscafo e che continua ad appassionare gente comune e vip, quali gli<br \/>\nattori Ewan McGregor e Nicolas Cage.<\/p>","protected":false},"excerpt":{"rendered":"<p>Estate d&#8217;oro per Alessandro Ploner, 33 anni, di San Cassiano (Bolzano): dopo la conquista del titolo mondiale il mese scorso in Francia, non poteva mancare quello italiano a Tizzano in Val di Parma. Al seguito, nell&#8217;ordine, gli altri azzurri e campioni del mondo a squadre: Elio Cataldi di Vittorio Veneto (Treviso), il trentino Christian Ciech [&hellip;]<\/p>\n","protected":false},"author":2,"featured_media":0,"comment_status":"closed","ping_status":"open","sticky":false,"template":"","format":"standard","meta":{"footnotes":""},"categories":[25,4],"tags":[139],"class_list":["post-7408","post","type-post","status-publish","format-standard","category-pausa-caffe","category-sport","tag-belluno"],"yoast_head":"<!-- This site is optimized with the Yoast SEO plugin v28.4 - https:\/\/yoast.com\/product\/yoast-seo-wordpress\/ -->\n<title>Campioni in deltaplano, Ploner sugli allori - Bellunopress - Dolomiti<\/title>\n<meta name=\"robots\" content=\"index, follow, max-snippet:-1, max-image-preview:large, max-video-preview:-1\" \/>\n<link rel=\"canonical\" href=\"https:\/\/www.bellunopress.it\/fr\/2009\/08\/26\/campioni-in-deltaplano-ploner-sugli-allori\/\" \/>\n<meta property=\"og:locale\" content=\"fr_FR\" \/>\n<meta property=\"og:type\" content=\"article\" \/>\n<meta property=\"og:title\" content=\"Campioni in deltaplano, Ploner sugli allori - Bellunopress - Dolomiti\" \/>\n<meta property=\"og:description\" content=\"Estate d&#8217;oro per Alessandro Ploner, 33 anni, di San Cassiano (Bolzano): dopo la conquista del titolo mondiale il mese scorso in Francia, non poteva mancare quello italiano a Tizzano in Val di Parma. Al seguito, nell&#8217;ordine, gli altri azzurri e campioni del mondo a squadre: Elio Cataldi di Vittorio Veneto (Treviso), il trentino Christian Ciech [&hellip;]\" \/>\n<meta property=\"og:url\" content=\"https:\/\/www.bellunopress.it\/fr\/2009\/08\/26\/campioni-in-deltaplano-ploner-sugli-allori\/\" \/>\n<meta property=\"og:site_name\" content=\"Bellunopress - Dolomiti\" \/>\n<meta property=\"article:publisher\" content=\"https:\/\/www.facebook.com\/profile.php?id=100008943462799\" \/>\n<meta property=\"article:published_time\" content=\"2009-08-26T20:27:12+00:00\" \/>\n<meta property=\"og:image\" content=\"http:\/\/www.bellunopress.it\/wp-content\/uploads\/2009\/08\/delta-decollo-leggera.jpg\" \/>\n<meta name=\"author\" content=\"redazione\" \/>\n<meta name=\"twitter:card\" content=\"summary_large_image\" \/>\n<meta name=\"twitter:creator\" content=\"@bellunopress\" \/>\n<meta name=\"twitter:site\" content=\"@bellunopress\" \/>\n<meta name=\"twitter:label1\" content=\"\u00c9crit par\" \/>\n\t<meta name=\"twitter:data1\" content=\"redazione\" \/>\n\t<meta name=\"twitter:label2\" content=\"Dur\u00e9e de lecture estim\u00e9e\" \/>\n\t<meta name=\"twitter:data2\" content=\"2 minutes\" \/>\n<script type=\"application\/ld+json\" class=\"yoast-schema-graph\">{\"@context\":\"https:\\\/\\\/schema.org\",\"@graph\":[{\"@type\":\"Article\",\"@id\":\"https:\\\/\\\/www.bellunopress.it\\\/2009\\\/08\\\/26\\\/campioni-in-deltaplano-ploner-sugli-allori\\\/#article\",\"isPartOf\":{\"@id\":\"https:\\\/\\\/www.bellunopress.it\\\/2009\\\/08\\\/26\\\/campioni-in-deltaplano-ploner-sugli-allori\\\/\"},\"author\":{\"name\":\"redazione\",\"@id\":\"https:\\\/\\\/www.bellunopress.it\\\/#\\\/schema\\\/person\\\/79bb06722b37ece1c03d3e94beb30d73\"},\"headline\":\"Campioni in deltaplano, Ploner sugli allori\",\"datePublished\":\"2009-08-26T20:27:12+00:00\",\"mainEntityOfPage\":{\"@id\":\"https:\\\/\\\/www.bellunopress.it\\\/2009\\\/08\\\/26\\\/campioni-in-deltaplano-ploner-sugli-allori\\\/\"},\"wordCount\":361,\"publisher\":{\"@id\":\"https:\\\/\\\/www.bellunopress.it\\\/#organization\"},\"image\":{\"@id\":\"https:\\\/\\\/www.bellunopress.it\\\/2009\\\/08\\\/26\\\/campioni-in-deltaplano-ploner-sugli-allori\\\/#primaryimage\"},\"thumbnailUrl\":\"http:\\\/\\\/www.bellunopress.it\\\/wp-content\\\/uploads\\\/2009\\\/08\\\/delta-decollo-leggera.jpg\",\"keywords\":[\"Belluno\"],\"articleSection\":[\"Pausa Caff\u00e8\",\"Sport, tempo libero\"],\"inLanguage\":\"fr-FR\"},{\"@type\":\"WebPage\",\"@id\":\"https:\\\/\\\/www.bellunopress.it\\\/2009\\\/08\\\/26\\\/campioni-in-deltaplano-ploner-sugli-allori\\\/\",\"url\":\"https:\\\/\\\/www.bellunopress.it\\\/2009\\\/08\\\/26\\\/campioni-in-deltaplano-ploner-sugli-allori\\\/\",\"name\":\"Campioni in deltaplano, Ploner sugli allori - Bellunopress - Dolomiti\",\"isPartOf\":{\"@id\":\"https:\\\/\\\/www.bellunopress.it\\\/#website\"},\"primaryImageOfPage\":{\"@id\":\"https:\\\/\\\/www.bellunopress.it\\\/2009\\\/08\\\/26\\\/campioni-in-deltaplano-ploner-sugli-allori\\\/#primaryimage\"},\"image\":{\"@id\":\"https:\\\/\\\/www.bellunopress.it\\\/2009\\\/08\\\/26\\\/campioni-in-deltaplano-ploner-sugli-allori\\\/#primaryimage\"},\"thumbnailUrl\":\"http:\\\/\\\/www.bellunopress.it\\\/wp-content\\\/uploads\\\/2009\\\/08\\\/delta-decollo-leggera.jpg\",\"datePublished\":\"2009-08-26T20:27:12+00:00\",\"breadcrumb\":{\"@id\":\"https:\\\/\\\/www.bellunopress.it\\\/2009\\\/08\\\/26\\\/campioni-in-deltaplano-ploner-sugli-allori\\\/#breadcrumb\"},\"inLanguage\":\"fr-FR\",\"potentialAction\":[{\"@type\":\"ReadAction\",\"target\":[\"https:\\\/\\\/www.bellunopress.it\\\/2009\\\/08\\\/26\\\/campioni-in-deltaplano-ploner-sugli-allori\\\/\"]}]},{\"@type\":\"ImageObject\",\"inLanguage\":\"fr-FR\",\"@id\":\"https:\\\/\\\/www.bellunopress.it\\\/2009\\\/08\\\/26\\\/campioni-in-deltaplano-ploner-sugli-allori\\\/#primaryimage\",\"url\":\"http:\\\/\\\/www.bellunopress.it\\\/wp-content\\\/uploads\\\/2009\\\/08\\\/delta-decollo-leggera.jpg\",\"contentUrl\":\"http:\\\/\\\/www.bellunopress.it\\\/wp-content\\\/uploads\\\/2009\\\/08\\\/delta-decollo-leggera.jpg\"},{\"@type\":\"BreadcrumbList\",\"@id\":\"https:\\\/\\\/www.bellunopress.it\\\/2009\\\/08\\\/26\\\/campioni-in-deltaplano-ploner-sugli-allori\\\/#breadcrumb\",\"itemListElement\":[{\"@type\":\"ListItem\",\"position\":1,\"name\":\"Home\",\"item\":\"https:\\\/\\\/www.bellunopress.it\\\/\"},{\"@type\":\"ListItem\",\"position\":2,\"name\":\"Campioni in deltaplano, Ploner sugli allori\"}]},{\"@type\":\"WebSite\",\"@id\":\"https:\\\/\\\/www.bellunopress.it\\\/#website\",\"url\":\"https:\\\/\\\/www.bellunopress.it\\\/\",\"name\":\"Bellunopress - Dolomiti\",\"description\":\"e-mail: redazione@bellunopress.it\",\"publisher\":{\"@id\":\"https:\\\/\\\/www.bellunopress.it\\\/#organization\"},\"potentialAction\":[{\"@type\":\"SearchAction\",\"target\":{\"@type\":\"EntryPoint\",\"urlTemplate\":\"https:\\\/\\\/www.bellunopress.it\\\/?s={search_term_string}\"},\"query-input\":{\"@type\":\"PropertyValueSpecification\",\"valueRequired\":true,\"valueName\":\"search_term_string\"}}],\"inLanguage\":\"fr-FR\"},{\"@type\":\"Organization\",\"@id\":\"https:\\\/\\\/www.bellunopress.it\\\/#organization\",\"name\":\"Bellunopress\",\"url\":\"https:\\\/\\\/www.bellunopress.it\\\/\",\"logo\":{\"@type\":\"ImageObject\",\"inLanguage\":\"fr-FR\",\"@id\":\"https:\\\/\\\/www.bellunopress.it\\\/#\\\/schema\\\/logo\\\/image\\\/\",\"url\":\"https:\\\/\\\/www.bellunopress.it\\\/wp-content\\\/uploads\\\/2011\\\/05\\\/cropped-logo-bellunopress-.jpg\",\"contentUrl\":\"https:\\\/\\\/www.bellunopress.it\\\/wp-content\\\/uploads\\\/2011\\\/05\\\/cropped-logo-bellunopress-.jpg\",\"width\":512,\"height\":512,\"caption\":\"Bellunopress\"},\"image\":{\"@id\":\"https:\\\/\\\/www.bellunopress.it\\\/#\\\/schema\\\/logo\\\/image\\\/\"},\"sameAs\":[\"https:\\\/\\\/www.facebook.com\\\/profile.php?id=100008943462799\",\"https:\\\/\\\/x.com\\\/bellunopress\",\"https:\\\/\\\/www.linkedin.com\\\/hp\\\/?dnr=JBzUWaJfMUw8vbXJJ2tVW5-I3jZKvC4wsoxE&amp;amp;amp;amp;amp;amp;trk=nav_responsive_tab_home\",\"https:\\\/\\\/www.youtube.com\\\/channel\\\/UCxL0wu1uN0_3_7hGG0306cw\"]},{\"@type\":\"Person\",\"@id\":\"https:\\\/\\\/www.bellunopress.it\\\/#\\\/schema\\\/person\\\/79bb06722b37ece1c03d3e94beb30d73\",\"name\":\"redazione\",\"image\":{\"@type\":\"ImageObject\",\"inLanguage\":\"fr-FR\",\"@id\":\"https:\\\/\\\/secure.gravatar.com\\\/avatar\\\/37d968a2e67a6fd04c169c4bdef102d0bc5d31b2546345219e348575eb80e9a0?s=96&d=mm&r=g\",\"url\":\"https:\\\/\\\/secure.gravatar.com\\\/avatar\\\/37d968a2e67a6fd04c169c4bdef102d0bc5d31b2546345219e348575eb80e9a0?s=96&d=mm&r=g\",\"contentUrl\":\"https:\\\/\\\/secure.gravatar.com\\\/avatar\\\/37d968a2e67a6fd04c169c4bdef102d0bc5d31b2546345219e348575eb80e9a0?s=96&d=mm&r=g\",\"caption\":\"redazione\"},\"sameAs\":[\"http:\\\/\\\/www.bellunopress.it\",\"https:\\\/\\\/x.com\\\/bellunopress\"],\"url\":\"https:\\\/\\\/www.bellunopress.it\\\/fr\\\/author\\\/redazione\\\/\"}]}<\/script>\n<!-- \/ Yoast SEO plugin. -->","yoast_head_json":{"title":"Campioni in deltaplano, Ploner sugli allori - Bellunopress - Dolomiti","robots":{"index":"index","follow":"follow","max-snippet":"max-snippet:-1","max-image-preview":"max-image-preview:large","max-video-preview":"max-video-preview:-1"},"canonical":"https:\/\/www.bellunopress.it\/fr\/2009\/08\/26\/campioni-in-deltaplano-ploner-sugli-allori\/","og_locale":"fr_FR","og_type":"article","og_title":"Campioni in deltaplano, Ploner sugli allori - Bellunopress - Dolomiti","og_description":"Estate d&#8217;oro per Alessandro Ploner, 33 anni, di San Cassiano (Bolzano): dopo la conquista del titolo mondiale il mese scorso in Francia, non poteva mancare quello italiano a Tizzano in Val di Parma. Al seguito, nell&#8217;ordine, gli altri azzurri e campioni del mondo a squadre: Elio Cataldi di Vittorio Veneto (Treviso), il trentino Christian Ciech [&hellip;]","og_url":"https:\/\/www.bellunopress.it\/fr\/2009\/08\/26\/campioni-in-deltaplano-ploner-sugli-allori\/","og_site_name":"Bellunopress - Dolomiti","article_publisher":"https:\/\/www.facebook.com\/profile.php?id=100008943462799","article_published_time":"2009-08-26T20:27:12+00:00","og_image":[{"url":"http:\/\/www.bellunopress.it\/wp-content\/uploads\/2009\/08\/delta-decollo-leggera.jpg","type":"","width":"","height":""}],"author":"redazione","twitter_card":"summary_large_image","twitter_creator":"@bellunopress","twitter_site":"@bellunopress","twitter_misc":{"\u00c9crit par":"redazione","Dur\u00e9e de lecture estim\u00e9e":"2 minutes"},"schema":{"@context":"https:\/\/schema.org","@graph":[{"@type":"Article","@id":"https:\/\/www.bellunopress.it\/2009\/08\/26\/campioni-in-deltaplano-ploner-sugli-allori\/#article","isPartOf":{"@id":"https:\/\/www.bellunopress.it\/2009\/08\/26\/campioni-in-deltaplano-ploner-sugli-allori\/"},"author":{"name":"redazione","@id":"https:\/\/www.bellunopress.it\/#\/schema\/person\/79bb06722b37ece1c03d3e94beb30d73"},"headline":"Campioni in deltaplano, Ploner sugli allori","datePublished":"2009-08-26T20:27:12+00:00","mainEntityOfPage":{"@id":"https:\/\/www.bellunopress.it\/2009\/08\/26\/campioni-in-deltaplano-ploner-sugli-allori\/"},"wordCount":361,"publisher":{"@id":"https:\/\/www.bellunopress.it\/#organization"},"image":{"@id":"https:\/\/www.bellunopress.it\/2009\/08\/26\/campioni-in-deltaplano-ploner-sugli-allori\/#primaryimage"},"thumbnailUrl":"http:\/\/www.bellunopress.it\/wp-content\/uploads\/2009\/08\/delta-decollo-leggera.jpg","keywords":["Belluno"],"articleSection":["Pausa Caff\u00e8","Sport, tempo libero"],"inLanguage":"fr-FR"},{"@type":"WebPage","@id":"https:\/\/www.bellunopress.it\/2009\/08\/26\/campioni-in-deltaplano-ploner-sugli-allori\/","url":"https:\/\/www.bellunopress.it\/2009\/08\/26\/campioni-in-deltaplano-ploner-sugli-allori\/","name":"Campioni in deltaplano, Ploner sugli allori - Bellunopress - Dolomiti","isPartOf":{"@id":"https:\/\/www.bellunopress.it\/#website"},"primaryImageOfPage":{"@id":"https:\/\/www.bellunopress.it\/2009\/08\/26\/campioni-in-deltaplano-ploner-sugli-allori\/#primaryimage"},"image":{"@id":"https:\/\/www.bellunopress.it\/2009\/08\/26\/campioni-in-deltaplano-ploner-sugli-allori\/#primaryimage"},"thumbnailUrl":"http:\/\/www.bellunopress.it\/wp-content\/uploads\/2009\/08\/delta-decollo-leggera.jpg","datePublished":"2009-08-26T20:27:12+00:00","breadcrumb":{"@id":"https:\/\/www.bellunopress.it\/2009\/08\/26\/campioni-in-deltaplano-ploner-sugli-allori\/#breadcrumb"},"inLanguage":"fr-FR","potentialAction":[{"@type":"ReadAction","target":["https:\/\/www.bellunopress.it\/2009\/08\/26\/campioni-in-deltaplano-ploner-sugli-allori\/"]}]},{"@type":"ImageObject","inLanguage":"fr-FR","@id":"https:\/\/www.bellunopress.it\/2009\/08\/26\/campioni-in-deltaplano-ploner-sugli-allori\/#primaryimage","url":"http:\/\/www.bellunopress.it\/wp-content\/uploads\/2009\/08\/delta-decollo-leggera.jpg","contentUrl":"http:\/\/www.bellunopress.it\/wp-content\/uploads\/2009\/08\/delta-decollo-leggera.jpg"},{"@type":"BreadcrumbList","@id":"https:\/\/www.bellunopress.it\/2009\/08\/26\/campioni-in-deltaplano-ploner-sugli-allori\/#breadcrumb","itemListElement":[{"@type":"ListItem","position":1,"name":"Home","item":"https:\/\/www.bellunopress.it\/"},{"@type":"ListItem","position":2,"name":"Campioni in deltaplano, Ploner sugli allori"}]},{"@type":"WebSite","@id":"https:\/\/www.bellunopress.it\/#website","url":"https:\/\/www.bellunopress.it\/","name":"Bellunopress - Dolomiti","description":"e-mail: redazione@bellunopress.it","publisher":{"@id":"https:\/\/www.bellunopress.it\/#organization"},"potentialAction":[{"@type":"SearchAction","target":{"@type":"EntryPoint","urlTemplate":"https:\/\/www.bellunopress.it\/?s={search_term_string}"},"query-input":{"@type":"PropertyValueSpecification","valueRequired":true,"valueName":"search_term_string"}}],"inLanguage":"fr-FR"},{"@type":"Organization","@id":"https:\/\/www.bellunopress.it\/#organization","name":"Bellunopress","url":"https:\/\/www.bellunopress.it\/","logo":{"@type":"ImageObject","inLanguage":"fr-FR","@id":"https:\/\/www.bellunopress.it\/#\/schema\/logo\/image\/","url":"https:\/\/www.bellunopress.it\/wp-content\/uploads\/2011\/05\/cropped-logo-bellunopress-.jpg","contentUrl":"https:\/\/www.bellunopress.it\/wp-content\/uploads\/2011\/05\/cropped-logo-bellunopress-.jpg","width":512,"height":512,"caption":"Bellunopress"},"image":{"@id":"https:\/\/www.bellunopress.it\/#\/schema\/logo\/image\/"},"sameAs":["https:\/\/www.facebook.com\/profile.php?id=100008943462799","https:\/\/x.com\/bellunopress","https:\/\/www.linkedin.com\/hp\/?dnr=JBzUWaJfMUw8vbXJJ2tVW5-I3jZKvC4wsoxE&amp;amp;amp;amp;amp;amp;trk=nav_responsive_tab_home","https:\/\/www.youtube.com\/channel\/UCxL0wu1uN0_3_7hGG0306cw"]},{"@type":"Person","@id":"https:\/\/www.bellunopress.it\/#\/schema\/person\/79bb06722b37ece1c03d3e94beb30d73","name":"r\u00e9daction","image":{"@type":"ImageObject","inLanguage":"fr-FR","@id":"https:\/\/secure.gravatar.com\/avatar\/37d968a2e67a6fd04c169c4bdef102d0bc5d31b2546345219e348575eb80e9a0?s=96&d=mm&r=g","url":"https:\/\/secure.gravatar.com\/avatar\/37d968a2e67a6fd04c169c4bdef102d0bc5d31b2546345219e348575eb80e9a0?s=96&d=mm&r=g","contentUrl":"https:\/\/secure.gravatar.com\/avatar\/37d968a2e67a6fd04c169c4bdef102d0bc5d31b2546345219e348575eb80e9a0?s=96&d=mm&r=g","caption":"redazione"},"sameAs":["http:\/\/www.bellunopress.it","https:\/\/x.com\/bellunopress"],"url":"https:\/\/www.bellunopress.it\/fr\/author\/redazione\/"}]}},"_links":{"self":[{"href":"https:\/\/www.bellunopress.it\/fr\/wp-json\/wp\/v2\/posts\/7408","targetHints":{"allow":["GET"]}}],"collection":[{"href":"https:\/\/www.bellunopress.it\/fr\/wp-json\/wp\/v2\/posts"}],"about":[{"href":"https:\/\/www.bellunopress.it\/fr\/wp-json\/wp\/v2\/types\/post"}],"author":[{"embeddable":true,"href":"https:\/\/www.bellunopress.it\/fr\/wp-json\/wp\/v2\/users\/2"}],"replies":[{"embeddable":true,"href":"https:\/\/www.bellunopress.it\/fr\/wp-json\/wp\/v2\/comments?post=7408"}],"version-history":[{"count":1,"href":"https:\/\/www.bellunopress.it\/fr\/wp-json\/wp\/v2\/posts\/7408\/revisions"}],"predecessor-version":[{"id":7410,"href":"https:\/\/www.bellunopress.it\/fr\/wp-json\/wp\/v2\/posts\/7408\/revisions\/7410"}],"wp:attachment":[{"href":"https:\/\/www.bellunopress.it\/fr\/wp-json\/wp\/v2\/media?parent=7408"}],"wp:term":[{"taxonomy":"category","embeddable":true,"href":"https:\/\/www.bellunopress.it\/fr\/wp-json\/wp\/v2\/categories?post=7408"},{"taxonomy":"post_tag","embeddable":true,"href":"https:\/\/www.bellunopress.it\/fr\/wp-json\/wp\/v2\/tags?post=7408"}],"curies":[{"name":"wp","href":"https:\/\/api.w.org\/{rel}","templated":true}]}}