{"id":7394,"date":"2009-08-26T18:41:59","date_gmt":"2009-08-26T17:41:59","guid":{"rendered":"http:\/\/www.bellunopress.it\/?p=7394"},"modified":"2009-08-26T18:41:59","modified_gmt":"2009-08-26T17:41:59","slug":"sappada-note-in-rifugio-con-la-fanfara-della-brigata-alpina-julia-venerdi-alle-1430-rifugio-sorgenti-del-piave","status":"publish","type":"post","link":"https:\/\/www.bellunopress.it\/fr\/2009\/08\/26\/sappada-note-in-rifugio-con-la-fanfara-della-brigata-alpina-julia-venerdi-alle-1430-rifugio-sorgenti-del-piave\/","title":{"rendered":"Sappada: note in rifugio con la Fanfara della Brigata Alpina Julia, venerd\u00ec alle 14.30, rifugio Sorgenti del Piave"},"content":{"rendered":"<p><a href=\"http:\/\/www.bellunopress.it\/wp-content\/uploads\/2009\/08\/fanfara_julia_note_in_rifugio.jpg\"><img loading=\"lazy\" decoding=\"async\" class=\"alignleft size-medium wp-image-7395\" title=\"fanfara_julia_note_in_rifugio\" src=\"http:\/\/www.bellunopress.it\/wp-content\/uploads\/2009\/08\/fanfara_julia_note_in_rifugio.jpg\" alt=\"\" width=\"280\" height=\"186\" \/><\/a>Si conclude con il concerto della Fanfara della Brigata Alpina venerd\u00ec 28 agosto la rassegna \u201cNote in rifugio\u201d organizzata da Assorifugi in collaborazione con le Vacanze Musicali a Sappada, che anche per questa tredicesima edizione a portato la musica in alta montagna. L\u2019appuntamento \u00e8 alle 14.30 nella suggestiva cornice del rifugio Sorgenti del Piave (raggiungibile anche in auto), ai piedi del monte Peralba e a ridosso del monumento dedicato ai soldati della Prima Guerra Mondiale. Il pi\u00f9 amato dei complessi militari, diretto dal capomusica Maresciallo Biagio Cancelosi, presenter\u00e0 un vasto repertorio di marce della tradizione alpina e di brani tratti da colonne sonore e musical. Terminato il concerto, che \u00e8 ad ingresso libero, la Fanfara scender\u00e0 in paese attraversandolo in parata. Con i suoi 8 concerti distribuiti nei mesi di luglio e agosto \u201cNote in rifugio\u201d ha costituito un prezioso tassello dell\u2019ampio festival delle Vacanze Musicali a Sappada, che si concluder\u00e0 il 5 settembre con la coda del Festival Bandistico fino al 13 settembre<\/p>","protected":false},"excerpt":{"rendered":"<p>Si conclude con il concerto della Fanfara della Brigata Alpina venerd\u00ec 28 agosto la rassegna \u201cNote in rifugio\u201d organizzata da Assorifugi in collaborazione con le Vacanze Musicali a Sappada, che anche per questa tredicesima edizione a portato la musica in alta montagna. L\u2019appuntamento \u00e8 alle 14.30 nella suggestiva cornice del rifugio Sorgenti del Piave (raggiungibile [&hellip;]<\/p>\n","protected":false},"author":2,"featured_media":0,"comment_status":"closed","ping_status":"open","sticky":false,"template":"","format":"standard","meta":{"footnotes":""},"categories":[27,25],"tags":[139],"class_list":["post-7394","post","type-post","status-publish","format-standard","category-appuntamenti","category-pausa-caffe","tag-belluno"],"yoast_head":"<!-- This site is optimized with the Yoast SEO plugin v28.4 - https:\/\/yoast.com\/product\/yoast-seo-wordpress\/ -->\n<title>Sappada: note in rifugio con la Fanfara della Brigata Alpina Julia, venerd\u00ec alle 14.30, rifugio Sorgenti del Piave - Bellunopress - Dolomiti<\/title>\n<meta name=\"robots\" content=\"index, follow, max-snippet:-1, max-image-preview:large, max-video-preview:-1\" \/>\n<link rel=\"canonical\" href=\"https:\/\/www.bellunopress.it\/fr\/2009\/08\/26\/sappada-note-in-rifugio-con-la-fanfara-della-brigata-alpina-julia-venerdi-alle-1430-rifugio-sorgenti-del-piave\/\" \/>\n<meta property=\"og:locale\" content=\"fr_FR\" \/>\n<meta property=\"og:type\" content=\"article\" \/>\n<meta property=\"og:title\" content=\"Sappada: note in rifugio con la Fanfara della Brigata Alpina Julia, venerd\u00ec alle 14.30, rifugio Sorgenti del Piave - Bellunopress - Dolomiti\" \/>\n<meta property=\"og:description\" content=\"Si conclude con il concerto della Fanfara della Brigata Alpina venerd\u00ec 28 agosto la rassegna \u201cNote in rifugio\u201d organizzata da Assorifugi in collaborazione con le Vacanze Musicali a Sappada, che anche per questa tredicesima edizione a portato la musica in alta montagna. L\u2019appuntamento \u00e8 alle 14.30 nella suggestiva cornice del rifugio Sorgenti del Piave (raggiungibile [&hellip;]\" \/>\n<meta property=\"og:url\" content=\"https:\/\/www.bellunopress.it\/fr\/2009\/08\/26\/sappada-note-in-rifugio-con-la-fanfara-della-brigata-alpina-julia-venerdi-alle-1430-rifugio-sorgenti-del-piave\/\" \/>\n<meta property=\"og:site_name\" content=\"Bellunopress - Dolomiti\" \/>\n<meta property=\"article:publisher\" content=\"https:\/\/www.facebook.com\/profile.php?id=100008943462799\" \/>\n<meta property=\"article:published_time\" content=\"2009-08-26T17:41:59+00:00\" \/>\n<meta property=\"og:image\" content=\"http:\/\/www.bellunopress.it\/wp-content\/uploads\/2009\/08\/fanfara_julia_note_in_rifugio.jpg\" \/>\n<meta name=\"author\" content=\"redazione\" \/>\n<meta name=\"twitter:card\" content=\"summary_large_image\" \/>\n<meta name=\"twitter:creator\" content=\"@bellunopress\" \/>\n<meta name=\"twitter:site\" content=\"@bellunopress\" \/>\n<meta name=\"twitter:label1\" content=\"\u00c9crit par\" \/>\n\t<meta name=\"twitter:data1\" content=\"redazione\" \/>\n\t<meta name=\"twitter:label2\" content=\"Dur\u00e9e de lecture estim\u00e9e\" \/>\n\t<meta name=\"twitter:data2\" content=\"1 minute\" \/>\n<script type=\"application\/ld+json\" class=\"yoast-schema-graph\">{\"@context\":\"https:\\\/\\\/schema.org\",\"@graph\":[{\"@type\":\"Article\",\"@id\":\"https:\\\/\\\/www.bellunopress.it\\\/2009\\\/08\\\/26\\\/sappada-note-in-rifugio-con-la-fanfara-della-brigata-alpina-julia-venerdi-alle-1430-rifugio-sorgenti-del-piave\\\/#article\",\"isPartOf\":{\"@id\":\"https:\\\/\\\/www.bellunopress.it\\\/2009\\\/08\\\/26\\\/sappada-note-in-rifugio-con-la-fanfara-della-brigata-alpina-julia-venerdi-alle-1430-rifugio-sorgenti-del-piave\\\/\"},\"author\":{\"name\":\"redazione\",\"@id\":\"https:\\\/\\\/www.bellunopress.it\\\/#\\\/schema\\\/person\\\/79bb06722b37ece1c03d3e94beb30d73\"},\"headline\":\"Sappada: note in rifugio con la Fanfara della Brigata Alpina Julia, venerd\u00ec alle 14.30, rifugio Sorgenti del Piave\",\"datePublished\":\"2009-08-26T17:41:59+00:00\",\"mainEntityOfPage\":{\"@id\":\"https:\\\/\\\/www.bellunopress.it\\\/2009\\\/08\\\/26\\\/sappada-note-in-rifugio-con-la-fanfara-della-brigata-alpina-julia-venerdi-alle-1430-rifugio-sorgenti-del-piave\\\/\"},\"wordCount\":176,\"publisher\":{\"@id\":\"https:\\\/\\\/www.bellunopress.it\\\/#organization\"},\"image\":{\"@id\":\"https:\\\/\\\/www.bellunopress.it\\\/2009\\\/08\\\/26\\\/sappada-note-in-rifugio-con-la-fanfara-della-brigata-alpina-julia-venerdi-alle-1430-rifugio-sorgenti-del-piave\\\/#primaryimage\"},\"thumbnailUrl\":\"http:\\\/\\\/www.bellunopress.it\\\/wp-content\\\/uploads\\\/2009\\\/08\\\/fanfara_julia_note_in_rifugio.jpg\",\"keywords\":[\"Belluno\"],\"articleSection\":[\"Appuntamenti, Eventi\",\"Pausa Caff\u00e8\"],\"inLanguage\":\"fr-FR\"},{\"@type\":\"WebPage\",\"@id\":\"https:\\\/\\\/www.bellunopress.it\\\/2009\\\/08\\\/26\\\/sappada-note-in-rifugio-con-la-fanfara-della-brigata-alpina-julia-venerdi-alle-1430-rifugio-sorgenti-del-piave\\\/\",\"url\":\"https:\\\/\\\/www.bellunopress.it\\\/2009\\\/08\\\/26\\\/sappada-note-in-rifugio-con-la-fanfara-della-brigata-alpina-julia-venerdi-alle-1430-rifugio-sorgenti-del-piave\\\/\",\"name\":\"Sappada: note in rifugio con la Fanfara della Brigata Alpina Julia, venerd\u00ec alle 14.30, rifugio Sorgenti del Piave - Bellunopress - Dolomiti\",\"isPartOf\":{\"@id\":\"https:\\\/\\\/www.bellunopress.it\\\/#website\"},\"primaryImageOfPage\":{\"@id\":\"https:\\\/\\\/www.bellunopress.it\\\/2009\\\/08\\\/26\\\/sappada-note-in-rifugio-con-la-fanfara-della-brigata-alpina-julia-venerdi-alle-1430-rifugio-sorgenti-del-piave\\\/#primaryimage\"},\"image\":{\"@id\":\"https:\\\/\\\/www.bellunopress.it\\\/2009\\\/08\\\/26\\\/sappada-note-in-rifugio-con-la-fanfara-della-brigata-alpina-julia-venerdi-alle-1430-rifugio-sorgenti-del-piave\\\/#primaryimage\"},\"thumbnailUrl\":\"http:\\\/\\\/www.bellunopress.it\\\/wp-content\\\/uploads\\\/2009\\\/08\\\/fanfara_julia_note_in_rifugio.jpg\",\"datePublished\":\"2009-08-26T17:41:59+00:00\",\"breadcrumb\":{\"@id\":\"https:\\\/\\\/www.bellunopress.it\\\/2009\\\/08\\\/26\\\/sappada-note-in-rifugio-con-la-fanfara-della-brigata-alpina-julia-venerdi-alle-1430-rifugio-sorgenti-del-piave\\\/#breadcrumb\"},\"inLanguage\":\"fr-FR\",\"potentialAction\":[{\"@type\":\"ReadAction\",\"target\":[\"https:\\\/\\\/www.bellunopress.it\\\/2009\\\/08\\\/26\\\/sappada-note-in-rifugio-con-la-fanfara-della-brigata-alpina-julia-venerdi-alle-1430-rifugio-sorgenti-del-piave\\\/\"]}]},{\"@type\":\"ImageObject\",\"inLanguage\":\"fr-FR\",\"@id\":\"https:\\\/\\\/www.bellunopress.it\\\/2009\\\/08\\\/26\\\/sappada-note-in-rifugio-con-la-fanfara-della-brigata-alpina-julia-venerdi-alle-1430-rifugio-sorgenti-del-piave\\\/#primaryimage\",\"url\":\"http:\\\/\\\/www.bellunopress.it\\\/wp-content\\\/uploads\\\/2009\\\/08\\\/fanfara_julia_note_in_rifugio.jpg\",\"contentUrl\":\"http:\\\/\\\/www.bellunopress.it\\\/wp-content\\\/uploads\\\/2009\\\/08\\\/fanfara_julia_note_in_rifugio.jpg\"},{\"@type\":\"BreadcrumbList\",\"@id\":\"https:\\\/\\\/www.bellunopress.it\\\/2009\\\/08\\\/26\\\/sappada-note-in-rifugio-con-la-fanfara-della-brigata-alpina-julia-venerdi-alle-1430-rifugio-sorgenti-del-piave\\\/#breadcrumb\",\"itemListElement\":[{\"@type\":\"ListItem\",\"position\":1,\"name\":\"Home\",\"item\":\"https:\\\/\\\/www.bellunopress.it\\\/\"},{\"@type\":\"ListItem\",\"position\":2,\"name\":\"Sappada: note in rifugio con la Fanfara della Brigata Alpina Julia, venerd\u00ec alle 14.30, rifugio Sorgenti del Piave\"}]},{\"@type\":\"WebSite\",\"@id\":\"https:\\\/\\\/www.bellunopress.it\\\/#website\",\"url\":\"https:\\\/\\\/www.bellunopress.it\\\/\",\"name\":\"Bellunopress - Dolomiti\",\"description\":\"e-mail: redazione@bellunopress.it\",\"publisher\":{\"@id\":\"https:\\\/\\\/www.bellunopress.it\\\/#organization\"},\"potentialAction\":[{\"@type\":\"SearchAction\",\"target\":{\"@type\":\"EntryPoint\",\"urlTemplate\":\"https:\\\/\\\/www.bellunopress.it\\\/?s={search_term_string}\"},\"query-input\":{\"@type\":\"PropertyValueSpecification\",\"valueRequired\":true,\"valueName\":\"search_term_string\"}}],\"inLanguage\":\"fr-FR\"},{\"@type\":\"Organization\",\"@id\":\"https:\\\/\\\/www.bellunopress.it\\\/#organization\",\"name\":\"Bellunopress\",\"url\":\"https:\\\/\\\/www.bellunopress.it\\\/\",\"logo\":{\"@type\":\"ImageObject\",\"inLanguage\":\"fr-FR\",\"@id\":\"https:\\\/\\\/www.bellunopress.it\\\/#\\\/schema\\\/logo\\\/image\\\/\",\"url\":\"https:\\\/\\\/www.bellunopress.it\\\/wp-content\\\/uploads\\\/2011\\\/05\\\/cropped-logo-bellunopress-.jpg\",\"contentUrl\":\"https:\\\/\\\/www.bellunopress.it\\\/wp-content\\\/uploads\\\/2011\\\/05\\\/cropped-logo-bellunopress-.jpg\",\"width\":512,\"height\":512,\"caption\":\"Bellunopress\"},\"image\":{\"@id\":\"https:\\\/\\\/www.bellunopress.it\\\/#\\\/schema\\\/logo\\\/image\\\/\"},\"sameAs\":[\"https:\\\/\\\/www.facebook.com\\\/profile.php?id=100008943462799\",\"https:\\\/\\\/x.com\\\/bellunopress\",\"https:\\\/\\\/www.linkedin.com\\\/hp\\\/?dnr=JBzUWaJfMUw8vbXJJ2tVW5-I3jZKvC4wsoxE&amp;amp;amp;amp;amp;amp;trk=nav_responsive_tab_home\",\"https:\\\/\\\/www.youtube.com\\\/channel\\\/UCxL0wu1uN0_3_7hGG0306cw\"]},{\"@type\":\"Person\",\"@id\":\"https:\\\/\\\/www.bellunopress.it\\\/#\\\/schema\\\/person\\\/79bb06722b37ece1c03d3e94beb30d73\",\"name\":\"redazione\",\"image\":{\"@type\":\"ImageObject\",\"inLanguage\":\"fr-FR\",\"@id\":\"https:\\\/\\\/secure.gravatar.com\\\/avatar\\\/37d968a2e67a6fd04c169c4bdef102d0bc5d31b2546345219e348575eb80e9a0?s=96&d=mm&r=g\",\"url\":\"https:\\\/\\\/secure.gravatar.com\\\/avatar\\\/37d968a2e67a6fd04c169c4bdef102d0bc5d31b2546345219e348575eb80e9a0?s=96&d=mm&r=g\",\"contentUrl\":\"https:\\\/\\\/secure.gravatar.com\\\/avatar\\\/37d968a2e67a6fd04c169c4bdef102d0bc5d31b2546345219e348575eb80e9a0?s=96&d=mm&r=g\",\"caption\":\"redazione\"},\"sameAs\":[\"http:\\\/\\\/www.bellunopress.it\",\"https:\\\/\\\/x.com\\\/bellunopress\"],\"url\":\"https:\\\/\\\/www.bellunopress.it\\\/fr\\\/author\\\/redazione\\\/\"}]}<\/script>\n<!-- \/ Yoast SEO plugin. -->","yoast_head_json":{"title":"Sappada: note in rifugio con la Fanfara della Brigata Alpina Julia, venerd\u00ec alle 14.30, rifugio Sorgenti del Piave - Bellunopress - Dolomiti","robots":{"index":"index","follow":"follow","max-snippet":"max-snippet:-1","max-image-preview":"max-image-preview:large","max-video-preview":"max-video-preview:-1"},"canonical":"https:\/\/www.bellunopress.it\/fr\/2009\/08\/26\/sappada-note-in-rifugio-con-la-fanfara-della-brigata-alpina-julia-venerdi-alle-1430-rifugio-sorgenti-del-piave\/","og_locale":"fr_FR","og_type":"article","og_title":"Sappada: note in rifugio con la Fanfara della Brigata Alpina Julia, venerd\u00ec alle 14.30, rifugio Sorgenti del Piave - Bellunopress - Dolomiti","og_description":"Si conclude con il concerto della Fanfara della Brigata Alpina venerd\u00ec 28 agosto la rassegna \u201cNote in rifugio\u201d organizzata da Assorifugi in collaborazione con le Vacanze Musicali a Sappada, che anche per questa tredicesima edizione a portato la musica in alta montagna. L\u2019appuntamento \u00e8 alle 14.30 nella suggestiva cornice del rifugio Sorgenti del Piave (raggiungibile [&hellip;]","og_url":"https:\/\/www.bellunopress.it\/fr\/2009\/08\/26\/sappada-note-in-rifugio-con-la-fanfara-della-brigata-alpina-julia-venerdi-alle-1430-rifugio-sorgenti-del-piave\/","og_site_name":"Bellunopress - Dolomiti","article_publisher":"https:\/\/www.facebook.com\/profile.php?id=100008943462799","article_published_time":"2009-08-26T17:41:59+00:00","og_image":[{"url":"http:\/\/www.bellunopress.it\/wp-content\/uploads\/2009\/08\/fanfara_julia_note_in_rifugio.jpg","type":"","width":"","height":""}],"author":"redazione","twitter_card":"summary_large_image","twitter_creator":"@bellunopress","twitter_site":"@bellunopress","twitter_misc":{"\u00c9crit par":"redazione","Dur\u00e9e de lecture estim\u00e9e":"1 minute"},"schema":{"@context":"https:\/\/schema.org","@graph":[{"@type":"Article","@id":"https:\/\/www.bellunopress.it\/2009\/08\/26\/sappada-note-in-rifugio-con-la-fanfara-della-brigata-alpina-julia-venerdi-alle-1430-rifugio-sorgenti-del-piave\/#article","isPartOf":{"@id":"https:\/\/www.bellunopress.it\/2009\/08\/26\/sappada-note-in-rifugio-con-la-fanfara-della-brigata-alpina-julia-venerdi-alle-1430-rifugio-sorgenti-del-piave\/"},"author":{"name":"redazione","@id":"https:\/\/www.bellunopress.it\/#\/schema\/person\/79bb06722b37ece1c03d3e94beb30d73"},"headline":"Sappada: note in rifugio con la Fanfara della Brigata Alpina Julia, venerd\u00ec alle 14.30, rifugio Sorgenti del Piave","datePublished":"2009-08-26T17:41:59+00:00","mainEntityOfPage":{"@id":"https:\/\/www.bellunopress.it\/2009\/08\/26\/sappada-note-in-rifugio-con-la-fanfara-della-brigata-alpina-julia-venerdi-alle-1430-rifugio-sorgenti-del-piave\/"},"wordCount":176,"publisher":{"@id":"https:\/\/www.bellunopress.it\/#organization"},"image":{"@id":"https:\/\/www.bellunopress.it\/2009\/08\/26\/sappada-note-in-rifugio-con-la-fanfara-della-brigata-alpina-julia-venerdi-alle-1430-rifugio-sorgenti-del-piave\/#primaryimage"},"thumbnailUrl":"http:\/\/www.bellunopress.it\/wp-content\/uploads\/2009\/08\/fanfara_julia_note_in_rifugio.jpg","keywords":["Belluno"],"articleSection":["Appuntamenti, Eventi","Pausa Caff\u00e8"],"inLanguage":"fr-FR"},{"@type":"WebPage","@id":"https:\/\/www.bellunopress.it\/2009\/08\/26\/sappada-note-in-rifugio-con-la-fanfara-della-brigata-alpina-julia-venerdi-alle-1430-rifugio-sorgenti-del-piave\/","url":"https:\/\/www.bellunopress.it\/2009\/08\/26\/sappada-note-in-rifugio-con-la-fanfara-della-brigata-alpina-julia-venerdi-alle-1430-rifugio-sorgenti-del-piave\/","name":"Sappada: note in rifugio con la Fanfara della Brigata Alpina Julia, venerd\u00ec alle 14.30, rifugio Sorgenti del Piave - Bellunopress - Dolomiti","isPartOf":{"@id":"https:\/\/www.bellunopress.it\/#website"},"primaryImageOfPage":{"@id":"https:\/\/www.bellunopress.it\/2009\/08\/26\/sappada-note-in-rifugio-con-la-fanfara-della-brigata-alpina-julia-venerdi-alle-1430-rifugio-sorgenti-del-piave\/#primaryimage"},"image":{"@id":"https:\/\/www.bellunopress.it\/2009\/08\/26\/sappada-note-in-rifugio-con-la-fanfara-della-brigata-alpina-julia-venerdi-alle-1430-rifugio-sorgenti-del-piave\/#primaryimage"},"thumbnailUrl":"http:\/\/www.bellunopress.it\/wp-content\/uploads\/2009\/08\/fanfara_julia_note_in_rifugio.jpg","datePublished":"2009-08-26T17:41:59+00:00","breadcrumb":{"@id":"https:\/\/www.bellunopress.it\/2009\/08\/26\/sappada-note-in-rifugio-con-la-fanfara-della-brigata-alpina-julia-venerdi-alle-1430-rifugio-sorgenti-del-piave\/#breadcrumb"},"inLanguage":"fr-FR","potentialAction":[{"@type":"ReadAction","target":["https:\/\/www.bellunopress.it\/2009\/08\/26\/sappada-note-in-rifugio-con-la-fanfara-della-brigata-alpina-julia-venerdi-alle-1430-rifugio-sorgenti-del-piave\/"]}]},{"@type":"ImageObject","inLanguage":"fr-FR","@id":"https:\/\/www.bellunopress.it\/2009\/08\/26\/sappada-note-in-rifugio-con-la-fanfara-della-brigata-alpina-julia-venerdi-alle-1430-rifugio-sorgenti-del-piave\/#primaryimage","url":"http:\/\/www.bellunopress.it\/wp-content\/uploads\/2009\/08\/fanfara_julia_note_in_rifugio.jpg","contentUrl":"http:\/\/www.bellunopress.it\/wp-content\/uploads\/2009\/08\/fanfara_julia_note_in_rifugio.jpg"},{"@type":"BreadcrumbList","@id":"https:\/\/www.bellunopress.it\/2009\/08\/26\/sappada-note-in-rifugio-con-la-fanfara-della-brigata-alpina-julia-venerdi-alle-1430-rifugio-sorgenti-del-piave\/#breadcrumb","itemListElement":[{"@type":"ListItem","position":1,"name":"Home","item":"https:\/\/www.bellunopress.it\/"},{"@type":"ListItem","position":2,"name":"Sappada: note in rifugio con la Fanfara della Brigata Alpina Julia, venerd\u00ec alle 14.30, rifugio Sorgenti del Piave"}]},{"@type":"WebSite","@id":"https:\/\/www.bellunopress.it\/#website","url":"https:\/\/www.bellunopress.it\/","name":"Bellunopress - Dolomiti","description":"e-mail: redazione@bellunopress.it","publisher":{"@id":"https:\/\/www.bellunopress.it\/#organization"},"potentialAction":[{"@type":"SearchAction","target":{"@type":"EntryPoint","urlTemplate":"https:\/\/www.bellunopress.it\/?s={search_term_string}"},"query-input":{"@type":"PropertyValueSpecification","valueRequired":true,"valueName":"search_term_string"}}],"inLanguage":"fr-FR"},{"@type":"Organization","@id":"https:\/\/www.bellunopress.it\/#organization","name":"Bellunopress","url":"https:\/\/www.bellunopress.it\/","logo":{"@type":"ImageObject","inLanguage":"fr-FR","@id":"https:\/\/www.bellunopress.it\/#\/schema\/logo\/image\/","url":"https:\/\/www.bellunopress.it\/wp-content\/uploads\/2011\/05\/cropped-logo-bellunopress-.jpg","contentUrl":"https:\/\/www.bellunopress.it\/wp-content\/uploads\/2011\/05\/cropped-logo-bellunopress-.jpg","width":512,"height":512,"caption":"Bellunopress"},"image":{"@id":"https:\/\/www.bellunopress.it\/#\/schema\/logo\/image\/"},"sameAs":["https:\/\/www.facebook.com\/profile.php?id=100008943462799","https:\/\/x.com\/bellunopress","https:\/\/www.linkedin.com\/hp\/?dnr=JBzUWaJfMUw8vbXJJ2tVW5-I3jZKvC4wsoxE&amp;amp;amp;amp;amp;amp;trk=nav_responsive_tab_home","https:\/\/www.youtube.com\/channel\/UCxL0wu1uN0_3_7hGG0306cw"]},{"@type":"Person","@id":"https:\/\/www.bellunopress.it\/#\/schema\/person\/79bb06722b37ece1c03d3e94beb30d73","name":"r\u00e9daction","image":{"@type":"ImageObject","inLanguage":"fr-FR","@id":"https:\/\/secure.gravatar.com\/avatar\/37d968a2e67a6fd04c169c4bdef102d0bc5d31b2546345219e348575eb80e9a0?s=96&d=mm&r=g","url":"https:\/\/secure.gravatar.com\/avatar\/37d968a2e67a6fd04c169c4bdef102d0bc5d31b2546345219e348575eb80e9a0?s=96&d=mm&r=g","contentUrl":"https:\/\/secure.gravatar.com\/avatar\/37d968a2e67a6fd04c169c4bdef102d0bc5d31b2546345219e348575eb80e9a0?s=96&d=mm&r=g","caption":"redazione"},"sameAs":["http:\/\/www.bellunopress.it","https:\/\/x.com\/bellunopress"],"url":"https:\/\/www.bellunopress.it\/fr\/author\/redazione\/"}]}},"_links":{"self":[{"href":"https:\/\/www.bellunopress.it\/fr\/wp-json\/wp\/v2\/posts\/7394","targetHints":{"allow":["GET"]}}],"collection":[{"href":"https:\/\/www.bellunopress.it\/fr\/wp-json\/wp\/v2\/posts"}],"about":[{"href":"https:\/\/www.bellunopress.it\/fr\/wp-json\/wp\/v2\/types\/post"}],"author":[{"embeddable":true,"href":"https:\/\/www.bellunopress.it\/fr\/wp-json\/wp\/v2\/users\/2"}],"replies":[{"embeddable":true,"href":"https:\/\/www.bellunopress.it\/fr\/wp-json\/wp\/v2\/comments?post=7394"}],"version-history":[{"count":1,"href":"https:\/\/www.bellunopress.it\/fr\/wp-json\/wp\/v2\/posts\/7394\/revisions"}],"predecessor-version":[{"id":7396,"href":"https:\/\/www.bellunopress.it\/fr\/wp-json\/wp\/v2\/posts\/7394\/revisions\/7396"}],"wp:attachment":[{"href":"https:\/\/www.bellunopress.it\/fr\/wp-json\/wp\/v2\/media?parent=7394"}],"wp:term":[{"taxonomy":"category","embeddable":true,"href":"https:\/\/www.bellunopress.it\/fr\/wp-json\/wp\/v2\/categories?post=7394"},{"taxonomy":"post_tag","embeddable":true,"href":"https:\/\/www.bellunopress.it\/fr\/wp-json\/wp\/v2\/tags?post=7394"}],"curies":[{"name":"wp","href":"https:\/\/api.w.org\/{rel}","templated":true}]}}