{"id":7373,"date":"2009-08-26T12:16:48","date_gmt":"2009-08-26T11:16:48","guid":{"rendered":"http:\/\/www.bellunopress.it\/?p=7373"},"modified":"2009-08-26T12:16:48","modified_gmt":"2009-08-26T11:16:48","slug":"realizzazione-nuovo-acquedotto-lungo-via-ceresera-in-comune-di-limana-il-21-agosto-la-convocazione-della-conferenza-dei-servizi-disponibile-il-verbale-presso-lo-sportello-del-cittadino","status":"publish","type":"post","link":"https:\/\/www.bellunopress.it\/fr\/2009\/08\/26\/realizzazione-nuovo-acquedotto-lungo-via-ceresera-in-comune-di-limana-il-21-agosto-la-convocazione-della-conferenza-dei-servizi-disponibile-il-verbale-presso-lo-sportello-del-cittadino\/","title":{"rendered":"Realizzazione nuovo acquedotto lungo via Ceresera in Comune di Limana. Il 21 agosto la Convocazione della Conferenza dei Servizi. Disponibile il verbale presso lo Sportello del Cittadino"},"content":{"rendered":"<p>La societ\u00e0\u00a0 BIM Gestione Servizi Pubblici Spa, con sede a Belluno in via Tiziano Vecellio n. 27\/29, rende noto che \u00e8 ora consultabile il verbale con le determinazioni assunte al termine dei lavori della conferenza dei servizi, che si \u00e8 tenuta il giorno 21 agosto 2009 presso la sede della societ\u00e0 BIM Gestione Servizi Pubblici Spa, relativa all&#8217;intervento denominato \u201cRealizzazione nuovo acquedotto a servizio delle case sparse lungo via Ceresera in Comune di Limana\u201d, che interessa parzialmente il Comune di Belluno per il tratto di attraversamento del torrente Cicogna. Il verbale \u00e8 disponibile al pubblico, nei 10 giorni successivi alla pubblicazione, presso lo Sportello del Cittadino, in piazza Duomo 2, Belluno, e presso la sede della societ\u00e0 BIM Gestione Servizi Pubblici, via T. Vecellio 27\/29, Belluno. Eventuali osservazioni da parte degli interessati potranno essere indirizzate al dott. Ing. Sergio Dalvit, Responsabile Unico del procedimento, presso Soc. BIM Gestione Servizi Pubblici Spa, Via Tiziano Vecellio 27\/29 \u2013 32100 Belluno.<\/p>","protected":false},"excerpt":{"rendered":"<p>La societ\u00e0\u00a0 BIM Gestione Servizi Pubblici Spa, con sede a Belluno in via Tiziano Vecellio n. 27\/29, rende noto che \u00e8 ora consultabile il verbale con le determinazioni assunte al termine dei lavori della conferenza dei servizi, che si \u00e8 tenuta il giorno 21 agosto 2009 presso la sede della societ\u00e0 BIM Gestione Servizi Pubblici [&hellip;]<\/p>\n","protected":false},"author":2,"featured_media":0,"comment_status":"closed","ping_status":"open","sticky":false,"template":"","format":"standard","meta":{"footnotes":""},"categories":[5,26],"tags":[139],"class_list":["post-7373","post","type-post","status-publish","format-standard","category-cronaca","category-prima-pagina","tag-belluno"],"yoast_head":"<!-- This site is optimized with the Yoast SEO plugin v28.4 - https:\/\/yoast.com\/product\/yoast-seo-wordpress\/ -->\n<title>Realizzazione nuovo acquedotto lungo via Ceresera in Comune di Limana. Il 21 agosto la Convocazione della Conferenza dei Servizi. Disponibile il verbale presso lo Sportello del Cittadino - Bellunopress - Dolomiti<\/title>\n<meta name=\"robots\" content=\"index, follow, max-snippet:-1, max-image-preview:large, max-video-preview:-1\" \/>\n<link rel=\"canonical\" href=\"https:\/\/www.bellunopress.it\/fr\/2009\/08\/26\/realizzazione-nuovo-acquedotto-lungo-via-ceresera-in-comune-di-limana-il-21-agosto-la-convocazione-della-conferenza-dei-servizi-disponibile-il-verbale-presso-lo-sportello-del-cittadino\/\" \/>\n<meta property=\"og:locale\" content=\"fr_FR\" \/>\n<meta property=\"og:type\" content=\"article\" \/>\n<meta property=\"og:title\" content=\"Realizzazione nuovo acquedotto lungo via Ceresera in Comune di Limana. Il 21 agosto la Convocazione della Conferenza dei Servizi. Disponibile il verbale presso lo Sportello del Cittadino - Bellunopress - Dolomiti\" \/>\n<meta property=\"og:description\" content=\"La societ\u00e0\u00a0 BIM Gestione Servizi Pubblici Spa, con sede a Belluno in via Tiziano Vecellio n. 27\/29, rende noto che \u00e8 ora consultabile il verbale con le determinazioni assunte al termine dei lavori della conferenza dei servizi, che si \u00e8 tenuta il giorno 21 agosto 2009 presso la sede della societ\u00e0 BIM Gestione Servizi Pubblici [&hellip;]\" \/>\n<meta property=\"og:url\" content=\"https:\/\/www.bellunopress.it\/fr\/2009\/08\/26\/realizzazione-nuovo-acquedotto-lungo-via-ceresera-in-comune-di-limana-il-21-agosto-la-convocazione-della-conferenza-dei-servizi-disponibile-il-verbale-presso-lo-sportello-del-cittadino\/\" \/>\n<meta property=\"og:site_name\" content=\"Bellunopress - Dolomiti\" \/>\n<meta property=\"article:publisher\" content=\"https:\/\/www.facebook.com\/profile.php?id=100008943462799\" \/>\n<meta property=\"article:published_time\" content=\"2009-08-26T11:16:48+00:00\" \/>\n<meta property=\"og:image\" content=\"http:\/\/www.bellunopress.it\/wp-content\/uploads\/2012\/07\/logo-bellunopress-250x250-2012.jpg\" \/>\n<meta name=\"author\" content=\"redazione\" \/>\n<meta name=\"twitter:card\" content=\"summary_large_image\" \/>\n<meta name=\"twitter:creator\" content=\"@bellunopress\" \/>\n<meta name=\"twitter:site\" content=\"@bellunopress\" \/>\n<meta name=\"twitter:label1\" content=\"\u00c9crit par\" \/>\n\t<meta name=\"twitter:data1\" content=\"redazione\" \/>\n\t<meta name=\"twitter:label2\" content=\"Dur\u00e9e de lecture estim\u00e9e\" \/>\n\t<meta name=\"twitter:data2\" content=\"1 minute\" \/>\n<script type=\"application\/ld+json\" class=\"yoast-schema-graph\">{\"@context\":\"https:\\\/\\\/schema.org\",\"@graph\":[{\"@type\":\"Article\",\"@id\":\"https:\\\/\\\/www.bellunopress.it\\\/2009\\\/08\\\/26\\\/realizzazione-nuovo-acquedotto-lungo-via-ceresera-in-comune-di-limana-il-21-agosto-la-convocazione-della-conferenza-dei-servizi-disponibile-il-verbale-presso-lo-sportello-del-cittadino\\\/#article\",\"isPartOf\":{\"@id\":\"https:\\\/\\\/www.bellunopress.it\\\/2009\\\/08\\\/26\\\/realizzazione-nuovo-acquedotto-lungo-via-ceresera-in-comune-di-limana-il-21-agosto-la-convocazione-della-conferenza-dei-servizi-disponibile-il-verbale-presso-lo-sportello-del-cittadino\\\/\"},\"author\":{\"name\":\"redazione\",\"@id\":\"https:\\\/\\\/www.bellunopress.it\\\/#\\\/schema\\\/person\\\/79bb06722b37ece1c03d3e94beb30d73\"},\"headline\":\"Realizzazione nuovo acquedotto lungo via Ceresera in Comune di Limana. Il 21 agosto la Convocazione della Conferenza dei Servizi. Disponibile il verbale presso lo Sportello del Cittadino\",\"datePublished\":\"2009-08-26T11:16:48+00:00\",\"mainEntityOfPage\":{\"@id\":\"https:\\\/\\\/www.bellunopress.it\\\/2009\\\/08\\\/26\\\/realizzazione-nuovo-acquedotto-lungo-via-ceresera-in-comune-di-limana-il-21-agosto-la-convocazione-della-conferenza-dei-servizi-disponibile-il-verbale-presso-lo-sportello-del-cittadino\\\/\"},\"wordCount\":173,\"publisher\":{\"@id\":\"https:\\\/\\\/www.bellunopress.it\\\/#organization\"},\"keywords\":[\"Belluno\"],\"articleSection\":[\"Cronaca\\\/Politica\",\"Prima Pagina\"],\"inLanguage\":\"fr-FR\"},{\"@type\":\"WebPage\",\"@id\":\"https:\\\/\\\/www.bellunopress.it\\\/2009\\\/08\\\/26\\\/realizzazione-nuovo-acquedotto-lungo-via-ceresera-in-comune-di-limana-il-21-agosto-la-convocazione-della-conferenza-dei-servizi-disponibile-il-verbale-presso-lo-sportello-del-cittadino\\\/\",\"url\":\"https:\\\/\\\/www.bellunopress.it\\\/2009\\\/08\\\/26\\\/realizzazione-nuovo-acquedotto-lungo-via-ceresera-in-comune-di-limana-il-21-agosto-la-convocazione-della-conferenza-dei-servizi-disponibile-il-verbale-presso-lo-sportello-del-cittadino\\\/\",\"name\":\"Realizzazione nuovo acquedotto lungo via Ceresera in Comune di Limana. Il 21 agosto la Convocazione della Conferenza dei Servizi. Disponibile il verbale presso lo Sportello del Cittadino - Bellunopress - Dolomiti\",\"isPartOf\":{\"@id\":\"https:\\\/\\\/www.bellunopress.it\\\/#website\"},\"datePublished\":\"2009-08-26T11:16:48+00:00\",\"breadcrumb\":{\"@id\":\"https:\\\/\\\/www.bellunopress.it\\\/2009\\\/08\\\/26\\\/realizzazione-nuovo-acquedotto-lungo-via-ceresera-in-comune-di-limana-il-21-agosto-la-convocazione-della-conferenza-dei-servizi-disponibile-il-verbale-presso-lo-sportello-del-cittadino\\\/#breadcrumb\"},\"inLanguage\":\"fr-FR\",\"potentialAction\":[{\"@type\":\"ReadAction\",\"target\":[\"https:\\\/\\\/www.bellunopress.it\\\/2009\\\/08\\\/26\\\/realizzazione-nuovo-acquedotto-lungo-via-ceresera-in-comune-di-limana-il-21-agosto-la-convocazione-della-conferenza-dei-servizi-disponibile-il-verbale-presso-lo-sportello-del-cittadino\\\/\"]}]},{\"@type\":\"BreadcrumbList\",\"@id\":\"https:\\\/\\\/www.bellunopress.it\\\/2009\\\/08\\\/26\\\/realizzazione-nuovo-acquedotto-lungo-via-ceresera-in-comune-di-limana-il-21-agosto-la-convocazione-della-conferenza-dei-servizi-disponibile-il-verbale-presso-lo-sportello-del-cittadino\\\/#breadcrumb\",\"itemListElement\":[{\"@type\":\"ListItem\",\"position\":1,\"name\":\"Home\",\"item\":\"https:\\\/\\\/www.bellunopress.it\\\/\"},{\"@type\":\"ListItem\",\"position\":2,\"name\":\"Realizzazione nuovo acquedotto lungo via Ceresera in Comune di Limana. Il 21 agosto la Convocazione della Conferenza dei Servizi. Disponibile il verbale presso lo Sportello del Cittadino\"}]},{\"@type\":\"WebSite\",\"@id\":\"https:\\\/\\\/www.bellunopress.it\\\/#website\",\"url\":\"https:\\\/\\\/www.bellunopress.it\\\/\",\"name\":\"Bellunopress - Dolomiti\",\"description\":\"e-mail: redazione@bellunopress.it\",\"publisher\":{\"@id\":\"https:\\\/\\\/www.bellunopress.it\\\/#organization\"},\"potentialAction\":[{\"@type\":\"SearchAction\",\"target\":{\"@type\":\"EntryPoint\",\"urlTemplate\":\"https:\\\/\\\/www.bellunopress.it\\\/?s={search_term_string}\"},\"query-input\":{\"@type\":\"PropertyValueSpecification\",\"valueRequired\":true,\"valueName\":\"search_term_string\"}}],\"inLanguage\":\"fr-FR\"},{\"@type\":\"Organization\",\"@id\":\"https:\\\/\\\/www.bellunopress.it\\\/#organization\",\"name\":\"Bellunopress\",\"url\":\"https:\\\/\\\/www.bellunopress.it\\\/\",\"logo\":{\"@type\":\"ImageObject\",\"inLanguage\":\"fr-FR\",\"@id\":\"https:\\\/\\\/www.bellunopress.it\\\/#\\\/schema\\\/logo\\\/image\\\/\",\"url\":\"https:\\\/\\\/www.bellunopress.it\\\/wp-content\\\/uploads\\\/2011\\\/05\\\/cropped-logo-bellunopress-.jpg\",\"contentUrl\":\"https:\\\/\\\/www.bellunopress.it\\\/wp-content\\\/uploads\\\/2011\\\/05\\\/cropped-logo-bellunopress-.jpg\",\"width\":512,\"height\":512,\"caption\":\"Bellunopress\"},\"image\":{\"@id\":\"https:\\\/\\\/www.bellunopress.it\\\/#\\\/schema\\\/logo\\\/image\\\/\"},\"sameAs\":[\"https:\\\/\\\/www.facebook.com\\\/profile.php?id=100008943462799\",\"https:\\\/\\\/x.com\\\/bellunopress\",\"https:\\\/\\\/www.linkedin.com\\\/hp\\\/?dnr=JBzUWaJfMUw8vbXJJ2tVW5-I3jZKvC4wsoxE&amp;amp;amp;amp;amp;amp;trk=nav_responsive_tab_home\",\"https:\\\/\\\/www.youtube.com\\\/channel\\\/UCxL0wu1uN0_3_7hGG0306cw\"]},{\"@type\":\"Person\",\"@id\":\"https:\\\/\\\/www.bellunopress.it\\\/#\\\/schema\\\/person\\\/79bb06722b37ece1c03d3e94beb30d73\",\"name\":\"redazione\",\"image\":{\"@type\":\"ImageObject\",\"inLanguage\":\"fr-FR\",\"@id\":\"https:\\\/\\\/secure.gravatar.com\\\/avatar\\\/37d968a2e67a6fd04c169c4bdef102d0bc5d31b2546345219e348575eb80e9a0?s=96&d=mm&r=g\",\"url\":\"https:\\\/\\\/secure.gravatar.com\\\/avatar\\\/37d968a2e67a6fd04c169c4bdef102d0bc5d31b2546345219e348575eb80e9a0?s=96&d=mm&r=g\",\"contentUrl\":\"https:\\\/\\\/secure.gravatar.com\\\/avatar\\\/37d968a2e67a6fd04c169c4bdef102d0bc5d31b2546345219e348575eb80e9a0?s=96&d=mm&r=g\",\"caption\":\"redazione\"},\"sameAs\":[\"http:\\\/\\\/www.bellunopress.it\",\"https:\\\/\\\/x.com\\\/bellunopress\"],\"url\":\"https:\\\/\\\/www.bellunopress.it\\\/fr\\\/author\\\/redazione\\\/\"}]}<\/script>\n<!-- \/ Yoast SEO plugin. -->","yoast_head_json":{"title":"Realizzazione nuovo acquedotto lungo via Ceresera in Comune di Limana. Il 21 agosto la Convocazione della Conferenza dei Servizi. Disponibile il verbale presso lo Sportello del Cittadino - Bellunopress - Dolomiti","robots":{"index":"index","follow":"follow","max-snippet":"max-snippet:-1","max-image-preview":"max-image-preview:large","max-video-preview":"max-video-preview:-1"},"canonical":"https:\/\/www.bellunopress.it\/fr\/2009\/08\/26\/realizzazione-nuovo-acquedotto-lungo-via-ceresera-in-comune-di-limana-il-21-agosto-la-convocazione-della-conferenza-dei-servizi-disponibile-il-verbale-presso-lo-sportello-del-cittadino\/","og_locale":"fr_FR","og_type":"article","og_title":"Realizzazione nuovo acquedotto lungo via Ceresera in Comune di Limana. Il 21 agosto la Convocazione della Conferenza dei Servizi. Disponibile il verbale presso lo Sportello del Cittadino - Bellunopress - Dolomiti","og_description":"La societ\u00e0\u00a0 BIM Gestione Servizi Pubblici Spa, con sede a Belluno in via Tiziano Vecellio n. 27\/29, rende noto che \u00e8 ora consultabile il verbale con le determinazioni assunte al termine dei lavori della conferenza dei servizi, che si \u00e8 tenuta il giorno 21 agosto 2009 presso la sede della societ\u00e0 BIM Gestione Servizi Pubblici [&hellip;]","og_url":"https:\/\/www.bellunopress.it\/fr\/2009\/08\/26\/realizzazione-nuovo-acquedotto-lungo-via-ceresera-in-comune-di-limana-il-21-agosto-la-convocazione-della-conferenza-dei-servizi-disponibile-il-verbale-presso-lo-sportello-del-cittadino\/","og_site_name":"Bellunopress - Dolomiti","article_publisher":"https:\/\/www.facebook.com\/profile.php?id=100008943462799","article_published_time":"2009-08-26T11:16:48+00:00","og_image":[{"url":"http:\/\/www.bellunopress.it\/wp-content\/uploads\/2012\/07\/logo-bellunopress-250x250-2012.jpg","type":"","width":"","height":""}],"author":"redazione","twitter_card":"summary_large_image","twitter_creator":"@bellunopress","twitter_site":"@bellunopress","twitter_misc":{"\u00c9crit par":"redazione","Dur\u00e9e de lecture estim\u00e9e":"1 minute"},"schema":{"@context":"https:\/\/schema.org","@graph":[{"@type":"Article","@id":"https:\/\/www.bellunopress.it\/2009\/08\/26\/realizzazione-nuovo-acquedotto-lungo-via-ceresera-in-comune-di-limana-il-21-agosto-la-convocazione-della-conferenza-dei-servizi-disponibile-il-verbale-presso-lo-sportello-del-cittadino\/#article","isPartOf":{"@id":"https:\/\/www.bellunopress.it\/2009\/08\/26\/realizzazione-nuovo-acquedotto-lungo-via-ceresera-in-comune-di-limana-il-21-agosto-la-convocazione-della-conferenza-dei-servizi-disponibile-il-verbale-presso-lo-sportello-del-cittadino\/"},"author":{"name":"redazione","@id":"https:\/\/www.bellunopress.it\/#\/schema\/person\/79bb06722b37ece1c03d3e94beb30d73"},"headline":"Realizzazione nuovo acquedotto lungo via Ceresera in Comune di Limana. Il 21 agosto la Convocazione della Conferenza dei Servizi. Disponibile il verbale presso lo Sportello del Cittadino","datePublished":"2009-08-26T11:16:48+00:00","mainEntityOfPage":{"@id":"https:\/\/www.bellunopress.it\/2009\/08\/26\/realizzazione-nuovo-acquedotto-lungo-via-ceresera-in-comune-di-limana-il-21-agosto-la-convocazione-della-conferenza-dei-servizi-disponibile-il-verbale-presso-lo-sportello-del-cittadino\/"},"wordCount":173,"publisher":{"@id":"https:\/\/www.bellunopress.it\/#organization"},"keywords":["Belluno"],"articleSection":["Cronaca\/Politica","Prima Pagina"],"inLanguage":"fr-FR"},{"@type":"WebPage","@id":"https:\/\/www.bellunopress.it\/2009\/08\/26\/realizzazione-nuovo-acquedotto-lungo-via-ceresera-in-comune-di-limana-il-21-agosto-la-convocazione-della-conferenza-dei-servizi-disponibile-il-verbale-presso-lo-sportello-del-cittadino\/","url":"https:\/\/www.bellunopress.it\/2009\/08\/26\/realizzazione-nuovo-acquedotto-lungo-via-ceresera-in-comune-di-limana-il-21-agosto-la-convocazione-della-conferenza-dei-servizi-disponibile-il-verbale-presso-lo-sportello-del-cittadino\/","name":"Realizzazione nuovo acquedotto lungo via Ceresera in Comune di Limana. Il 21 agosto la Convocazione della Conferenza dei Servizi. Disponibile il verbale presso lo Sportello del Cittadino - Bellunopress - Dolomiti","isPartOf":{"@id":"https:\/\/www.bellunopress.it\/#website"},"datePublished":"2009-08-26T11:16:48+00:00","breadcrumb":{"@id":"https:\/\/www.bellunopress.it\/2009\/08\/26\/realizzazione-nuovo-acquedotto-lungo-via-ceresera-in-comune-di-limana-il-21-agosto-la-convocazione-della-conferenza-dei-servizi-disponibile-il-verbale-presso-lo-sportello-del-cittadino\/#breadcrumb"},"inLanguage":"fr-FR","potentialAction":[{"@type":"ReadAction","target":["https:\/\/www.bellunopress.it\/2009\/08\/26\/realizzazione-nuovo-acquedotto-lungo-via-ceresera-in-comune-di-limana-il-21-agosto-la-convocazione-della-conferenza-dei-servizi-disponibile-il-verbale-presso-lo-sportello-del-cittadino\/"]}]},{"@type":"BreadcrumbList","@id":"https:\/\/www.bellunopress.it\/2009\/08\/26\/realizzazione-nuovo-acquedotto-lungo-via-ceresera-in-comune-di-limana-il-21-agosto-la-convocazione-della-conferenza-dei-servizi-disponibile-il-verbale-presso-lo-sportello-del-cittadino\/#breadcrumb","itemListElement":[{"@type":"ListItem","position":1,"name":"Home","item":"https:\/\/www.bellunopress.it\/"},{"@type":"ListItem","position":2,"name":"Realizzazione nuovo acquedotto lungo via Ceresera in Comune di Limana. Il 21 agosto la Convocazione della Conferenza dei Servizi. Disponibile il verbale presso lo Sportello del Cittadino"}]},{"@type":"WebSite","@id":"https:\/\/www.bellunopress.it\/#website","url":"https:\/\/www.bellunopress.it\/","name":"Bellunopress - Dolomiti","description":"e-mail: redazione@bellunopress.it","publisher":{"@id":"https:\/\/www.bellunopress.it\/#organization"},"potentialAction":[{"@type":"SearchAction","target":{"@type":"EntryPoint","urlTemplate":"https:\/\/www.bellunopress.it\/?s={search_term_string}"},"query-input":{"@type":"PropertyValueSpecification","valueRequired":true,"valueName":"search_term_string"}}],"inLanguage":"fr-FR"},{"@type":"Organization","@id":"https:\/\/www.bellunopress.it\/#organization","name":"Bellunopress","url":"https:\/\/www.bellunopress.it\/","logo":{"@type":"ImageObject","inLanguage":"fr-FR","@id":"https:\/\/www.bellunopress.it\/#\/schema\/logo\/image\/","url":"https:\/\/www.bellunopress.it\/wp-content\/uploads\/2011\/05\/cropped-logo-bellunopress-.jpg","contentUrl":"https:\/\/www.bellunopress.it\/wp-content\/uploads\/2011\/05\/cropped-logo-bellunopress-.jpg","width":512,"height":512,"caption":"Bellunopress"},"image":{"@id":"https:\/\/www.bellunopress.it\/#\/schema\/logo\/image\/"},"sameAs":["https:\/\/www.facebook.com\/profile.php?id=100008943462799","https:\/\/x.com\/bellunopress","https:\/\/www.linkedin.com\/hp\/?dnr=JBzUWaJfMUw8vbXJJ2tVW5-I3jZKvC4wsoxE&amp;amp;amp;amp;amp;amp;trk=nav_responsive_tab_home","https:\/\/www.youtube.com\/channel\/UCxL0wu1uN0_3_7hGG0306cw"]},{"@type":"Person","@id":"https:\/\/www.bellunopress.it\/#\/schema\/person\/79bb06722b37ece1c03d3e94beb30d73","name":"r\u00e9daction","image":{"@type":"ImageObject","inLanguage":"fr-FR","@id":"https:\/\/secure.gravatar.com\/avatar\/37d968a2e67a6fd04c169c4bdef102d0bc5d31b2546345219e348575eb80e9a0?s=96&d=mm&r=g","url":"https:\/\/secure.gravatar.com\/avatar\/37d968a2e67a6fd04c169c4bdef102d0bc5d31b2546345219e348575eb80e9a0?s=96&d=mm&r=g","contentUrl":"https:\/\/secure.gravatar.com\/avatar\/37d968a2e67a6fd04c169c4bdef102d0bc5d31b2546345219e348575eb80e9a0?s=96&d=mm&r=g","caption":"redazione"},"sameAs":["http:\/\/www.bellunopress.it","https:\/\/x.com\/bellunopress"],"url":"https:\/\/www.bellunopress.it\/fr\/author\/redazione\/"}]}},"_links":{"self":[{"href":"https:\/\/www.bellunopress.it\/fr\/wp-json\/wp\/v2\/posts\/7373","targetHints":{"allow":["GET"]}}],"collection":[{"href":"https:\/\/www.bellunopress.it\/fr\/wp-json\/wp\/v2\/posts"}],"about":[{"href":"https:\/\/www.bellunopress.it\/fr\/wp-json\/wp\/v2\/types\/post"}],"author":[{"embeddable":true,"href":"https:\/\/www.bellunopress.it\/fr\/wp-json\/wp\/v2\/users\/2"}],"replies":[{"embeddable":true,"href":"https:\/\/www.bellunopress.it\/fr\/wp-json\/wp\/v2\/comments?post=7373"}],"version-history":[{"count":1,"href":"https:\/\/www.bellunopress.it\/fr\/wp-json\/wp\/v2\/posts\/7373\/revisions"}],"predecessor-version":[{"id":7374,"href":"https:\/\/www.bellunopress.it\/fr\/wp-json\/wp\/v2\/posts\/7373\/revisions\/7374"}],"wp:attachment":[{"href":"https:\/\/www.bellunopress.it\/fr\/wp-json\/wp\/v2\/media?parent=7373"}],"wp:term":[{"taxonomy":"category","embeddable":true,"href":"https:\/\/www.bellunopress.it\/fr\/wp-json\/wp\/v2\/categories?post=7373"},{"taxonomy":"post_tag","embeddable":true,"href":"https:\/\/www.bellunopress.it\/fr\/wp-json\/wp\/v2\/tags?post=7373"}],"curies":[{"name":"wp","href":"https:\/\/api.w.org\/{rel}","templated":true}]}}