{"id":7369,"date":"2009-08-26T10:29:50","date_gmt":"2009-08-26T09:29:50","guid":{"rendered":"http:\/\/www.bellunopress.it\/?p=7369"},"modified":"2009-08-26T10:29:50","modified_gmt":"2009-08-26T09:29:50","slug":"insieme-si-puo-a-tavola-con-la-solidarieta-festa-del-pesce-questo-fine-settimana-a-cusighe","status":"publish","type":"post","link":"https:\/\/www.bellunopress.it\/fr\/2009\/08\/26\/insieme-si-puo-a-tavola-con-la-solidarieta-festa-del-pesce-questo-fine-settimana-a-cusighe\/","title":{"rendered":"&#8220;Insieme si pu\u00f2&#8221;, a tavola con la solidariet\u00e0: Festa del pesce questo fine settimana a Cusighe"},"content":{"rendered":"<p>Per la 25esima volta i gruppi &#8220;Insieme si pu\u00f2&#8221;\u00a0 organizzano per venerd\u00ec 28, sabato 29 domenica 30 agosto, presso il campo sportivo di Cusighe, una festa che offre ai bellunesi da un lato la possibilit\u00e0 di degustare dei buoni piatti di pesce (dalla mitica polenta e baccal\u00e0 del sabato alla frittura mista della domenica) e dall&#8217;altro di partecipare ad un progetto di solidariet\u00e0 con le popolazioni del Sud del Mondo. Il ricco programma della manifestazione prevede per Venerd\u00ec 28, alle ore 20.45, una serata di &#8220;racconti fotografici sotto le stelle&#8221; a cura di Diego De Riz (360\u00b0 Multivisione). Verranno presentati i diaporama: Tuareg e l&#8217;armonia del deserto, La Valle dell&#8217;acqua, Finestra sulla Bulgaria, Acque silenti e Jardin De los Ninos. Sabato 29 alle ore 12 avr\u00e0 inizio il torneo di calcio saponato mentre dalle 19.00 ci sar\u00e0 la possibilit\u00e0 di degustare &#8220;Polenta e baccal\u00e0&#8221;. Alle 20.30: &#8220;Facciamo festa&#8221; con &#8220;Roberto e Bruno&#8221;. Domenica 30 si inizia alle ore 8.30 con il torneo di calcio saponato che vedr\u00e0 la disputa della finalissima alle 17.30. Alle ore 20.30 ci sar\u00e0 l&#8217;estrazione dei biglietti vincenti della Lotteria 2009 di &#8220;Insieme si pu\u00f2&#8221; che mette in palio una Dacia Sandero GPL e altri 49 premi, mentre per tutta la festa si potr\u00e0 tentare la fortuna anche al banco della ricchissima &#8220;pesca di beneficenza&#8221;. Sia a pranzo che a cena funzioner\u00e0 un chiosco con specialit\u00e0 Pesce (finch\u00e9 ce n&#8217;\u00e8!). Come sempre il ricavato della manifestazione sar\u00e0 devoluto al finanziamento di progetti di solidariet\u00e0 dell&#8217;Associazione.<\/p>","protected":false},"excerpt":{"rendered":"<p>Per la 25esima volta i gruppi &#8220;Insieme si pu\u00f2&#8221;\u00a0 organizzano per venerd\u00ec 28, sabato 29 domenica 30 agosto, presso il campo sportivo di Cusighe, una festa che offre ai bellunesi da un lato la possibilit\u00e0 di degustare dei buoni piatti di pesce (dalla mitica polenta e baccal\u00e0 del sabato alla frittura mista della domenica) e [&hellip;]<\/p>\n","protected":false},"author":2,"featured_media":0,"comment_status":"closed","ping_status":"open","sticky":false,"template":"","format":"standard","meta":{"footnotes":""},"categories":[27,25],"tags":[],"class_list":["post-7369","post","type-post","status-publish","format-standard","category-appuntamenti","category-pausa-caffe"],"yoast_head":"<!-- This site is optimized with the Yoast SEO plugin v28.4 - https:\/\/yoast.com\/product\/yoast-seo-wordpress\/ -->\n<title>&quot;Insieme si pu\u00f2&quot;, a tavola con la solidariet\u00e0: Festa del pesce questo fine settimana a Cusighe - Bellunopress - Dolomiti<\/title>\n<meta name=\"robots\" content=\"index, follow, max-snippet:-1, max-image-preview:large, max-video-preview:-1\" \/>\n<link rel=\"canonical\" href=\"https:\/\/www.bellunopress.it\/fr\/2009\/08\/26\/insieme-si-puo-a-tavola-con-la-solidarieta-festa-del-pesce-questo-fine-settimana-a-cusighe\/\" \/>\n<meta property=\"og:locale\" content=\"fr_FR\" \/>\n<meta property=\"og:type\" content=\"article\" \/>\n<meta property=\"og:title\" content=\"&quot;Insieme si pu\u00f2&quot;, a tavola con la solidariet\u00e0: Festa del pesce questo fine settimana a Cusighe - Bellunopress - Dolomiti\" \/>\n<meta property=\"og:description\" content=\"Per la 25esima volta i gruppi &#8220;Insieme si pu\u00f2&#8221;\u00a0 organizzano per venerd\u00ec 28, sabato 29 domenica 30 agosto, presso il campo sportivo di Cusighe, una festa che offre ai bellunesi da un lato la possibilit\u00e0 di degustare dei buoni piatti di pesce (dalla mitica polenta e baccal\u00e0 del sabato alla frittura mista della domenica) e [&hellip;]\" \/>\n<meta property=\"og:url\" content=\"https:\/\/www.bellunopress.it\/fr\/2009\/08\/26\/insieme-si-puo-a-tavola-con-la-solidarieta-festa-del-pesce-questo-fine-settimana-a-cusighe\/\" \/>\n<meta property=\"og:site_name\" content=\"Bellunopress - Dolomiti\" \/>\n<meta property=\"article:publisher\" content=\"https:\/\/www.facebook.com\/profile.php?id=100008943462799\" \/>\n<meta property=\"article:published_time\" content=\"2009-08-26T09:29:50+00:00\" \/>\n<meta property=\"og:image\" content=\"http:\/\/www.bellunopress.it\/wp-content\/uploads\/2012\/07\/logo-bellunopress-250x250-2012.jpg\" \/>\n<meta name=\"author\" content=\"redazione\" \/>\n<meta name=\"twitter:card\" content=\"summary_large_image\" \/>\n<meta name=\"twitter:creator\" content=\"@bellunopress\" \/>\n<meta name=\"twitter:site\" content=\"@bellunopress\" \/>\n<meta name=\"twitter:label1\" content=\"\u00c9crit par\" \/>\n\t<meta name=\"twitter:data1\" content=\"redazione\" \/>\n\t<meta name=\"twitter:label2\" content=\"Dur\u00e9e de lecture estim\u00e9e\" \/>\n\t<meta name=\"twitter:data2\" content=\"1 minute\" \/>\n<script type=\"application\/ld+json\" class=\"yoast-schema-graph\">{\"@context\":\"https:\\\/\\\/schema.org\",\"@graph\":[{\"@type\":\"Article\",\"@id\":\"https:\\\/\\\/www.bellunopress.it\\\/2009\\\/08\\\/26\\\/insieme-si-puo-a-tavola-con-la-solidarieta-festa-del-pesce-questo-fine-settimana-a-cusighe\\\/#article\",\"isPartOf\":{\"@id\":\"https:\\\/\\\/www.bellunopress.it\\\/2009\\\/08\\\/26\\\/insieme-si-puo-a-tavola-con-la-solidarieta-festa-del-pesce-questo-fine-settimana-a-cusighe\\\/\"},\"author\":{\"name\":\"redazione\",\"@id\":\"https:\\\/\\\/www.bellunopress.it\\\/#\\\/schema\\\/person\\\/79bb06722b37ece1c03d3e94beb30d73\"},\"headline\":\"&#8220;Insieme si pu\u00f2&#8221;, a tavola con la solidariet\u00e0: Festa del pesce questo fine settimana a Cusighe\",\"datePublished\":\"2009-08-26T09:29:50+00:00\",\"mainEntityOfPage\":{\"@id\":\"https:\\\/\\\/www.bellunopress.it\\\/2009\\\/08\\\/26\\\/insieme-si-puo-a-tavola-con-la-solidarieta-festa-del-pesce-questo-fine-settimana-a-cusighe\\\/\"},\"wordCount\":254,\"publisher\":{\"@id\":\"https:\\\/\\\/www.bellunopress.it\\\/#organization\"},\"articleSection\":[\"Appuntamenti, Eventi\",\"Pausa Caff\u00e8\"],\"inLanguage\":\"fr-FR\"},{\"@type\":\"WebPage\",\"@id\":\"https:\\\/\\\/www.bellunopress.it\\\/2009\\\/08\\\/26\\\/insieme-si-puo-a-tavola-con-la-solidarieta-festa-del-pesce-questo-fine-settimana-a-cusighe\\\/\",\"url\":\"https:\\\/\\\/www.bellunopress.it\\\/2009\\\/08\\\/26\\\/insieme-si-puo-a-tavola-con-la-solidarieta-festa-del-pesce-questo-fine-settimana-a-cusighe\\\/\",\"name\":\"\\\"Insieme si pu\u00f2\\\", a tavola con la solidariet\u00e0: Festa del pesce questo fine settimana a Cusighe - Bellunopress - Dolomiti\",\"isPartOf\":{\"@id\":\"https:\\\/\\\/www.bellunopress.it\\\/#website\"},\"datePublished\":\"2009-08-26T09:29:50+00:00\",\"breadcrumb\":{\"@id\":\"https:\\\/\\\/www.bellunopress.it\\\/2009\\\/08\\\/26\\\/insieme-si-puo-a-tavola-con-la-solidarieta-festa-del-pesce-questo-fine-settimana-a-cusighe\\\/#breadcrumb\"},\"inLanguage\":\"fr-FR\",\"potentialAction\":[{\"@type\":\"ReadAction\",\"target\":[\"https:\\\/\\\/www.bellunopress.it\\\/2009\\\/08\\\/26\\\/insieme-si-puo-a-tavola-con-la-solidarieta-festa-del-pesce-questo-fine-settimana-a-cusighe\\\/\"]}]},{\"@type\":\"BreadcrumbList\",\"@id\":\"https:\\\/\\\/www.bellunopress.it\\\/2009\\\/08\\\/26\\\/insieme-si-puo-a-tavola-con-la-solidarieta-festa-del-pesce-questo-fine-settimana-a-cusighe\\\/#breadcrumb\",\"itemListElement\":[{\"@type\":\"ListItem\",\"position\":1,\"name\":\"Home\",\"item\":\"https:\\\/\\\/www.bellunopress.it\\\/\"},{\"@type\":\"ListItem\",\"position\":2,\"name\":\"&#8220;Insieme si pu\u00f2&#8221;, a tavola con la solidariet\u00e0: Festa del pesce questo fine settimana a Cusighe\"}]},{\"@type\":\"WebSite\",\"@id\":\"https:\\\/\\\/www.bellunopress.it\\\/#website\",\"url\":\"https:\\\/\\\/www.bellunopress.it\\\/\",\"name\":\"Bellunopress - Dolomiti\",\"description\":\"e-mail: redazione@bellunopress.it\",\"publisher\":{\"@id\":\"https:\\\/\\\/www.bellunopress.it\\\/#organization\"},\"potentialAction\":[{\"@type\":\"SearchAction\",\"target\":{\"@type\":\"EntryPoint\",\"urlTemplate\":\"https:\\\/\\\/www.bellunopress.it\\\/?s={search_term_string}\"},\"query-input\":{\"@type\":\"PropertyValueSpecification\",\"valueRequired\":true,\"valueName\":\"search_term_string\"}}],\"inLanguage\":\"fr-FR\"},{\"@type\":\"Organization\",\"@id\":\"https:\\\/\\\/www.bellunopress.it\\\/#organization\",\"name\":\"Bellunopress\",\"url\":\"https:\\\/\\\/www.bellunopress.it\\\/\",\"logo\":{\"@type\":\"ImageObject\",\"inLanguage\":\"fr-FR\",\"@id\":\"https:\\\/\\\/www.bellunopress.it\\\/#\\\/schema\\\/logo\\\/image\\\/\",\"url\":\"https:\\\/\\\/www.bellunopress.it\\\/wp-content\\\/uploads\\\/2011\\\/05\\\/cropped-logo-bellunopress-.jpg\",\"contentUrl\":\"https:\\\/\\\/www.bellunopress.it\\\/wp-content\\\/uploads\\\/2011\\\/05\\\/cropped-logo-bellunopress-.jpg\",\"width\":512,\"height\":512,\"caption\":\"Bellunopress\"},\"image\":{\"@id\":\"https:\\\/\\\/www.bellunopress.it\\\/#\\\/schema\\\/logo\\\/image\\\/\"},\"sameAs\":[\"https:\\\/\\\/www.facebook.com\\\/profile.php?id=100008943462799\",\"https:\\\/\\\/x.com\\\/bellunopress\",\"https:\\\/\\\/www.linkedin.com\\\/hp\\\/?dnr=JBzUWaJfMUw8vbXJJ2tVW5-I3jZKvC4wsoxE&amp;amp;amp;amp;amp;amp;trk=nav_responsive_tab_home\",\"https:\\\/\\\/www.youtube.com\\\/channel\\\/UCxL0wu1uN0_3_7hGG0306cw\"]},{\"@type\":\"Person\",\"@id\":\"https:\\\/\\\/www.bellunopress.it\\\/#\\\/schema\\\/person\\\/79bb06722b37ece1c03d3e94beb30d73\",\"name\":\"redazione\",\"image\":{\"@type\":\"ImageObject\",\"inLanguage\":\"fr-FR\",\"@id\":\"https:\\\/\\\/secure.gravatar.com\\\/avatar\\\/37d968a2e67a6fd04c169c4bdef102d0bc5d31b2546345219e348575eb80e9a0?s=96&d=mm&r=g\",\"url\":\"https:\\\/\\\/secure.gravatar.com\\\/avatar\\\/37d968a2e67a6fd04c169c4bdef102d0bc5d31b2546345219e348575eb80e9a0?s=96&d=mm&r=g\",\"contentUrl\":\"https:\\\/\\\/secure.gravatar.com\\\/avatar\\\/37d968a2e67a6fd04c169c4bdef102d0bc5d31b2546345219e348575eb80e9a0?s=96&d=mm&r=g\",\"caption\":\"redazione\"},\"sameAs\":[\"http:\\\/\\\/www.bellunopress.it\",\"https:\\\/\\\/x.com\\\/bellunopress\"],\"url\":\"https:\\\/\\\/www.bellunopress.it\\\/fr\\\/author\\\/redazione\\\/\"}]}<\/script>\n<!-- \/ Yoast SEO plugin. -->","yoast_head_json":{"title":"\"Insieme si pu\u00f2\", a tavola con la solidariet\u00e0: Festa del pesce questo fine settimana a Cusighe - Bellunopress - Dolomiti","robots":{"index":"index","follow":"follow","max-snippet":"max-snippet:-1","max-image-preview":"max-image-preview:large","max-video-preview":"max-video-preview:-1"},"canonical":"https:\/\/www.bellunopress.it\/fr\/2009\/08\/26\/insieme-si-puo-a-tavola-con-la-solidarieta-festa-del-pesce-questo-fine-settimana-a-cusighe\/","og_locale":"fr_FR","og_type":"article","og_title":"\"Insieme si pu\u00f2\", a tavola con la solidariet\u00e0: Festa del pesce questo fine settimana a Cusighe - Bellunopress - Dolomiti","og_description":"Per la 25esima volta i gruppi &#8220;Insieme si pu\u00f2&#8221;\u00a0 organizzano per venerd\u00ec 28, sabato 29 domenica 30 agosto, presso il campo sportivo di Cusighe, una festa che offre ai bellunesi da un lato la possibilit\u00e0 di degustare dei buoni piatti di pesce (dalla mitica polenta e baccal\u00e0 del sabato alla frittura mista della domenica) e [&hellip;]","og_url":"https:\/\/www.bellunopress.it\/fr\/2009\/08\/26\/insieme-si-puo-a-tavola-con-la-solidarieta-festa-del-pesce-questo-fine-settimana-a-cusighe\/","og_site_name":"Bellunopress - Dolomiti","article_publisher":"https:\/\/www.facebook.com\/profile.php?id=100008943462799","article_published_time":"2009-08-26T09:29:50+00:00","og_image":[{"url":"http:\/\/www.bellunopress.it\/wp-content\/uploads\/2012\/07\/logo-bellunopress-250x250-2012.jpg","type":"","width":"","height":""}],"author":"redazione","twitter_card":"summary_large_image","twitter_creator":"@bellunopress","twitter_site":"@bellunopress","twitter_misc":{"\u00c9crit par":"redazione","Dur\u00e9e de lecture estim\u00e9e":"1 minute"},"schema":{"@context":"https:\/\/schema.org","@graph":[{"@type":"Article","@id":"https:\/\/www.bellunopress.it\/2009\/08\/26\/insieme-si-puo-a-tavola-con-la-solidarieta-festa-del-pesce-questo-fine-settimana-a-cusighe\/#article","isPartOf":{"@id":"https:\/\/www.bellunopress.it\/2009\/08\/26\/insieme-si-puo-a-tavola-con-la-solidarieta-festa-del-pesce-questo-fine-settimana-a-cusighe\/"},"author":{"name":"redazione","@id":"https:\/\/www.bellunopress.it\/#\/schema\/person\/79bb06722b37ece1c03d3e94beb30d73"},"headline":"&#8220;Insieme si pu\u00f2&#8221;, a tavola con la solidariet\u00e0: Festa del pesce questo fine settimana a Cusighe","datePublished":"2009-08-26T09:29:50+00:00","mainEntityOfPage":{"@id":"https:\/\/www.bellunopress.it\/2009\/08\/26\/insieme-si-puo-a-tavola-con-la-solidarieta-festa-del-pesce-questo-fine-settimana-a-cusighe\/"},"wordCount":254,"publisher":{"@id":"https:\/\/www.bellunopress.it\/#organization"},"articleSection":["Appuntamenti, Eventi","Pausa Caff\u00e8"],"inLanguage":"fr-FR"},{"@type":"WebPage","@id":"https:\/\/www.bellunopress.it\/2009\/08\/26\/insieme-si-puo-a-tavola-con-la-solidarieta-festa-del-pesce-questo-fine-settimana-a-cusighe\/","url":"https:\/\/www.bellunopress.it\/2009\/08\/26\/insieme-si-puo-a-tavola-con-la-solidarieta-festa-del-pesce-questo-fine-settimana-a-cusighe\/","name":"\"Insieme si pu\u00f2\", a tavola con la solidariet\u00e0: Festa del pesce questo fine settimana a Cusighe - Bellunopress - Dolomiti","isPartOf":{"@id":"https:\/\/www.bellunopress.it\/#website"},"datePublished":"2009-08-26T09:29:50+00:00","breadcrumb":{"@id":"https:\/\/www.bellunopress.it\/2009\/08\/26\/insieme-si-puo-a-tavola-con-la-solidarieta-festa-del-pesce-questo-fine-settimana-a-cusighe\/#breadcrumb"},"inLanguage":"fr-FR","potentialAction":[{"@type":"ReadAction","target":["https:\/\/www.bellunopress.it\/2009\/08\/26\/insieme-si-puo-a-tavola-con-la-solidarieta-festa-del-pesce-questo-fine-settimana-a-cusighe\/"]}]},{"@type":"BreadcrumbList","@id":"https:\/\/www.bellunopress.it\/2009\/08\/26\/insieme-si-puo-a-tavola-con-la-solidarieta-festa-del-pesce-questo-fine-settimana-a-cusighe\/#breadcrumb","itemListElement":[{"@type":"ListItem","position":1,"name":"Home","item":"https:\/\/www.bellunopress.it\/"},{"@type":"ListItem","position":2,"name":"&#8220;Insieme si pu\u00f2&#8221;, a tavola con la solidariet\u00e0: Festa del pesce questo fine settimana a Cusighe"}]},{"@type":"WebSite","@id":"https:\/\/www.bellunopress.it\/#website","url":"https:\/\/www.bellunopress.it\/","name":"Bellunopress - Dolomiti","description":"e-mail: redazione@bellunopress.it","publisher":{"@id":"https:\/\/www.bellunopress.it\/#organization"},"potentialAction":[{"@type":"SearchAction","target":{"@type":"EntryPoint","urlTemplate":"https:\/\/www.bellunopress.it\/?s={search_term_string}"},"query-input":{"@type":"PropertyValueSpecification","valueRequired":true,"valueName":"search_term_string"}}],"inLanguage":"fr-FR"},{"@type":"Organization","@id":"https:\/\/www.bellunopress.it\/#organization","name":"Bellunopress","url":"https:\/\/www.bellunopress.it\/","logo":{"@type":"ImageObject","inLanguage":"fr-FR","@id":"https:\/\/www.bellunopress.it\/#\/schema\/logo\/image\/","url":"https:\/\/www.bellunopress.it\/wp-content\/uploads\/2011\/05\/cropped-logo-bellunopress-.jpg","contentUrl":"https:\/\/www.bellunopress.it\/wp-content\/uploads\/2011\/05\/cropped-logo-bellunopress-.jpg","width":512,"height":512,"caption":"Bellunopress"},"image":{"@id":"https:\/\/www.bellunopress.it\/#\/schema\/logo\/image\/"},"sameAs":["https:\/\/www.facebook.com\/profile.php?id=100008943462799","https:\/\/x.com\/bellunopress","https:\/\/www.linkedin.com\/hp\/?dnr=JBzUWaJfMUw8vbXJJ2tVW5-I3jZKvC4wsoxE&amp;amp;amp;amp;amp;amp;trk=nav_responsive_tab_home","https:\/\/www.youtube.com\/channel\/UCxL0wu1uN0_3_7hGG0306cw"]},{"@type":"Person","@id":"https:\/\/www.bellunopress.it\/#\/schema\/person\/79bb06722b37ece1c03d3e94beb30d73","name":"r\u00e9daction","image":{"@type":"ImageObject","inLanguage":"fr-FR","@id":"https:\/\/secure.gravatar.com\/avatar\/37d968a2e67a6fd04c169c4bdef102d0bc5d31b2546345219e348575eb80e9a0?s=96&d=mm&r=g","url":"https:\/\/secure.gravatar.com\/avatar\/37d968a2e67a6fd04c169c4bdef102d0bc5d31b2546345219e348575eb80e9a0?s=96&d=mm&r=g","contentUrl":"https:\/\/secure.gravatar.com\/avatar\/37d968a2e67a6fd04c169c4bdef102d0bc5d31b2546345219e348575eb80e9a0?s=96&d=mm&r=g","caption":"redazione"},"sameAs":["http:\/\/www.bellunopress.it","https:\/\/x.com\/bellunopress"],"url":"https:\/\/www.bellunopress.it\/fr\/author\/redazione\/"}]}},"_links":{"self":[{"href":"https:\/\/www.bellunopress.it\/fr\/wp-json\/wp\/v2\/posts\/7369","targetHints":{"allow":["GET"]}}],"collection":[{"href":"https:\/\/www.bellunopress.it\/fr\/wp-json\/wp\/v2\/posts"}],"about":[{"href":"https:\/\/www.bellunopress.it\/fr\/wp-json\/wp\/v2\/types\/post"}],"author":[{"embeddable":true,"href":"https:\/\/www.bellunopress.it\/fr\/wp-json\/wp\/v2\/users\/2"}],"replies":[{"embeddable":true,"href":"https:\/\/www.bellunopress.it\/fr\/wp-json\/wp\/v2\/comments?post=7369"}],"version-history":[{"count":1,"href":"https:\/\/www.bellunopress.it\/fr\/wp-json\/wp\/v2\/posts\/7369\/revisions"}],"predecessor-version":[{"id":7370,"href":"https:\/\/www.bellunopress.it\/fr\/wp-json\/wp\/v2\/posts\/7369\/revisions\/7370"}],"wp:attachment":[{"href":"https:\/\/www.bellunopress.it\/fr\/wp-json\/wp\/v2\/media?parent=7369"}],"wp:term":[{"taxonomy":"category","embeddable":true,"href":"https:\/\/www.bellunopress.it\/fr\/wp-json\/wp\/v2\/categories?post=7369"},{"taxonomy":"post_tag","embeddable":true,"href":"https:\/\/www.bellunopress.it\/fr\/wp-json\/wp\/v2\/tags?post=7369"}],"curies":[{"name":"wp","href":"https:\/\/api.w.org\/{rel}","templated":true}]}}