{"id":7364,"date":"2009-08-26T07:43:57","date_gmt":"2009-08-26T06:43:57","guid":{"rendered":"http:\/\/www.bellunopress.it\/?p=7364"},"modified":"2009-08-26T07:43:57","modified_gmt":"2009-08-26T06:43:57","slug":"le-proposte-di-spazio-giovani-a-borgo-pra","status":"publish","type":"post","link":"https:\/\/www.bellunopress.it\/fr\/2009\/08\/26\/le-proposte-di-spazio-giovani-a-borgo-pra\/","title":{"rendered":"Le proposte di Spazio Giovani a Borgo Pr\u00e0"},"content":{"rendered":"<p>A Spazio Giovani di Borgo Pr\u00e0 (Belluno) sono aperte le iscrizioni per il corso di teatro \u201cAgire la citt\u00e0\u201d con Cristina Gianni che partir\u00e0 il 15 settembre 2009 allo Spazio Giovani.\u00a0 Un viaggio introspettivo per ascoltare se stessi egli altri e sviluppare l&#8217;espressivit\u00e0 corporea e vocale. Un modo per relazionarsi con l&#8217;ambiente.\u00a0Il laboratorio prevede 9 appuntamenti, 15\/18\/22\/25 e 29 settembre e 2\/6\/9\/13 ottobre, dalle 15 alle 17 allo Spazio Giovani di Borgo Pr\u00e0. Le iscrizioni chiuderanno gioved\u00ec 10 settembre alle ore 19. I costi sono di 50\u20ac per studenti e di 100\u20ac per lavoratori e non residenti nel Comune di Belluno.<br \/>\nPer informazioni ed iscrizioni contattare lo Spazio Giovani al tel. 0437\/30905 (marted\u00ec-gioved\u00ec-venerd\u00ec e sabato dalle 15 alle 19) oppure scrivere a <a href=\"mailto:spazio.giovani@tin.it\">spazio.giovani@tin.it<\/a>.<\/p>\n<p>Per gli appassionati di giochi di ruolo, l&#8217;Associazione A.L.E.A.T.O.R. in collaborazione con lo Spazio Giovani di Borgo Pr\u00e0 organizza nei fine settimana del 29-30 agosto e del 5-6 settembre una serie di iniziative a corollario della tappa del Campionato Nazionale Giochi di Ruolo dal titolo \u201cClatroria\u201d.<br \/>\nPer gli appassionati del genere, questo appuntamento sar\u00e0 un modo per confrontarsi con le squadre provenienti da tutta Italia. Chi si aggiudicher\u00e0 questa tornata avr\u00e0 poi l&#8217;accesso alla finale nazionale che si terr\u00e0 ad Ancona il 20 settembre.<br \/>\nL&#8217;evento \u00e8 patrocinato dall&#8217;Assessorato alle Politiche giovanili del Comune di Belluno e si svolger\u00e0 nello Spazio Giovani di Borgo Pr\u00e0.<br \/>\nLa collaborazione con la fumetteria Max, punto vendita di videogiochi \u201copen games\u201d di via Caffi dar\u00e0 la possibilit\u00e0 sabato 5 settembre dalle ore 14 di organizzare anche una gara di Cosplay nella quale i partecipanti vestendo costumi di produzione artigianale, daranno luogo a piccole scenette rappresentando i personaggi di fumetti e cartoni. La performance sar\u00e0 poi valutata in base all&#8217;aderenza della rappresentazione del personaggio e alla fattura del costume.<br \/>\nDurante lo svolgimento del torneo, l&#8217;Associazione A.L.E.A.T.O.R. metter\u00e0 a disposizione circa quaranta tavoli da gioco per delle partite dimostrative a chiunque volesse cimentarsi in questo gioco di ruolo.<br \/>\nPer informazioni <a href=\"http:\/\/www.aleator.it\">www.aleator.it<\/a> o <a href=\"mailto:informazioni@aleator.it\">informazioni@aleator.it<\/a> oppure i gruppi facebook \u201cA.L.E.A.T.O.R. Associazione Ludica\u201d o \u201cBelluno in Cosplay\u201d, oltrech\u00e9 al tel. 327\/5604070.<\/p>","protected":false},"excerpt":{"rendered":"<p>A Spazio Giovani di Borgo Pr\u00e0 (Belluno) sono aperte le iscrizioni per il corso di teatro \u201cAgire la citt\u00e0\u201d con Cristina Gianni che partir\u00e0 il 15 settembre 2009 allo Spazio Giovani.\u00a0 Un viaggio introspettivo per ascoltare se stessi egli altri e sviluppare l&#8217;espressivit\u00e0 corporea e vocale. Un modo per relazionarsi con l&#8217;ambiente.\u00a0Il laboratorio prevede 9 [&hellip;]<\/p>\n","protected":false},"author":2,"featured_media":0,"comment_status":"closed","ping_status":"open","sticky":false,"template":"","format":"standard","meta":{"footnotes":""},"categories":[3,25],"tags":[139],"class_list":["post-7364","post","type-post","status-publish","format-standard","category-arte-cultura-spettacoli-scienza-archivi","category-pausa-caffe","tag-belluno"],"yoast_head":"<!-- This site is optimized with the Yoast SEO plugin v28.4 - https:\/\/yoast.com\/product\/yoast-seo-wordpress\/ -->\n<title>Le proposte di Spazio Giovani a Borgo Pr\u00e0 - Bellunopress - Dolomiti<\/title>\n<meta name=\"robots\" content=\"index, follow, max-snippet:-1, max-image-preview:large, max-video-preview:-1\" \/>\n<link rel=\"canonical\" href=\"https:\/\/www.bellunopress.it\/fr\/2009\/08\/26\/le-proposte-di-spazio-giovani-a-borgo-pra\/\" \/>\n<meta property=\"og:locale\" content=\"fr_FR\" \/>\n<meta property=\"og:type\" content=\"article\" \/>\n<meta property=\"og:title\" content=\"Le proposte di Spazio Giovani a Borgo Pr\u00e0 - Bellunopress - Dolomiti\" \/>\n<meta property=\"og:description\" content=\"A Spazio Giovani di Borgo Pr\u00e0 (Belluno) sono aperte le iscrizioni per il corso di teatro \u201cAgire la citt\u00e0\u201d con Cristina Gianni che partir\u00e0 il 15 settembre 2009 allo Spazio Giovani.\u00a0 Un viaggio introspettivo per ascoltare se stessi egli altri e sviluppare l&#8217;espressivit\u00e0 corporea e vocale. Un modo per relazionarsi con l&#8217;ambiente.\u00a0Il laboratorio prevede 9 [&hellip;]\" \/>\n<meta property=\"og:url\" content=\"https:\/\/www.bellunopress.it\/fr\/2009\/08\/26\/le-proposte-di-spazio-giovani-a-borgo-pra\/\" \/>\n<meta property=\"og:site_name\" content=\"Bellunopress - Dolomiti\" \/>\n<meta property=\"article:publisher\" content=\"https:\/\/www.facebook.com\/profile.php?id=100008943462799\" \/>\n<meta property=\"article:published_time\" content=\"2009-08-26T06:43:57+00:00\" \/>\n<meta property=\"og:image\" content=\"http:\/\/www.bellunopress.it\/wp-content\/uploads\/2012\/07\/logo-bellunopress-250x250-2012.jpg\" \/>\n<meta name=\"author\" content=\"redazione\" \/>\n<meta name=\"twitter:card\" content=\"summary_large_image\" \/>\n<meta name=\"twitter:creator\" content=\"@bellunopress\" \/>\n<meta name=\"twitter:site\" content=\"@bellunopress\" \/>\n<meta name=\"twitter:label1\" content=\"\u00c9crit par\" \/>\n\t<meta name=\"twitter:data1\" content=\"redazione\" \/>\n\t<meta name=\"twitter:label2\" content=\"Dur\u00e9e de lecture estim\u00e9e\" \/>\n\t<meta name=\"twitter:data2\" content=\"2 minutes\" \/>\n<script type=\"application\/ld+json\" class=\"yoast-schema-graph\">{\"@context\":\"https:\\\/\\\/schema.org\",\"@graph\":[{\"@type\":\"Article\",\"@id\":\"https:\\\/\\\/www.bellunopress.it\\\/2009\\\/08\\\/26\\\/le-proposte-di-spazio-giovani-a-borgo-pra\\\/#article\",\"isPartOf\":{\"@id\":\"https:\\\/\\\/www.bellunopress.it\\\/2009\\\/08\\\/26\\\/le-proposte-di-spazio-giovani-a-borgo-pra\\\/\"},\"author\":{\"name\":\"redazione\",\"@id\":\"https:\\\/\\\/www.bellunopress.it\\\/#\\\/schema\\\/person\\\/79bb06722b37ece1c03d3e94beb30d73\"},\"headline\":\"Le proposte di Spazio Giovani a Borgo Pr\u00e0\",\"datePublished\":\"2009-08-26T06:43:57+00:00\",\"mainEntityOfPage\":{\"@id\":\"https:\\\/\\\/www.bellunopress.it\\\/2009\\\/08\\\/26\\\/le-proposte-di-spazio-giovani-a-borgo-pra\\\/\"},\"wordCount\":368,\"publisher\":{\"@id\":\"https:\\\/\\\/www.bellunopress.it\\\/#organization\"},\"keywords\":[\"Belluno\"],\"articleSection\":[\"Arte, Cultura, Spettacoli, Scienza\",\"Pausa Caff\u00e8\"],\"inLanguage\":\"fr-FR\"},{\"@type\":\"WebPage\",\"@id\":\"https:\\\/\\\/www.bellunopress.it\\\/2009\\\/08\\\/26\\\/le-proposte-di-spazio-giovani-a-borgo-pra\\\/\",\"url\":\"https:\\\/\\\/www.bellunopress.it\\\/2009\\\/08\\\/26\\\/le-proposte-di-spazio-giovani-a-borgo-pra\\\/\",\"name\":\"Le proposte di Spazio Giovani a Borgo Pr\u00e0 - Bellunopress - Dolomiti\",\"isPartOf\":{\"@id\":\"https:\\\/\\\/www.bellunopress.it\\\/#website\"},\"datePublished\":\"2009-08-26T06:43:57+00:00\",\"breadcrumb\":{\"@id\":\"https:\\\/\\\/www.bellunopress.it\\\/2009\\\/08\\\/26\\\/le-proposte-di-spazio-giovani-a-borgo-pra\\\/#breadcrumb\"},\"inLanguage\":\"fr-FR\",\"potentialAction\":[{\"@type\":\"ReadAction\",\"target\":[\"https:\\\/\\\/www.bellunopress.it\\\/2009\\\/08\\\/26\\\/le-proposte-di-spazio-giovani-a-borgo-pra\\\/\"]}]},{\"@type\":\"BreadcrumbList\",\"@id\":\"https:\\\/\\\/www.bellunopress.it\\\/2009\\\/08\\\/26\\\/le-proposte-di-spazio-giovani-a-borgo-pra\\\/#breadcrumb\",\"itemListElement\":[{\"@type\":\"ListItem\",\"position\":1,\"name\":\"Home\",\"item\":\"https:\\\/\\\/www.bellunopress.it\\\/\"},{\"@type\":\"ListItem\",\"position\":2,\"name\":\"Le proposte di Spazio Giovani a Borgo Pr\u00e0\"}]},{\"@type\":\"WebSite\",\"@id\":\"https:\\\/\\\/www.bellunopress.it\\\/#website\",\"url\":\"https:\\\/\\\/www.bellunopress.it\\\/\",\"name\":\"Bellunopress - Dolomiti\",\"description\":\"e-mail: redazione@bellunopress.it\",\"publisher\":{\"@id\":\"https:\\\/\\\/www.bellunopress.it\\\/#organization\"},\"potentialAction\":[{\"@type\":\"SearchAction\",\"target\":{\"@type\":\"EntryPoint\",\"urlTemplate\":\"https:\\\/\\\/www.bellunopress.it\\\/?s={search_term_string}\"},\"query-input\":{\"@type\":\"PropertyValueSpecification\",\"valueRequired\":true,\"valueName\":\"search_term_string\"}}],\"inLanguage\":\"fr-FR\"},{\"@type\":\"Organization\",\"@id\":\"https:\\\/\\\/www.bellunopress.it\\\/#organization\",\"name\":\"Bellunopress\",\"url\":\"https:\\\/\\\/www.bellunopress.it\\\/\",\"logo\":{\"@type\":\"ImageObject\",\"inLanguage\":\"fr-FR\",\"@id\":\"https:\\\/\\\/www.bellunopress.it\\\/#\\\/schema\\\/logo\\\/image\\\/\",\"url\":\"https:\\\/\\\/www.bellunopress.it\\\/wp-content\\\/uploads\\\/2011\\\/05\\\/cropped-logo-bellunopress-.jpg\",\"contentUrl\":\"https:\\\/\\\/www.bellunopress.it\\\/wp-content\\\/uploads\\\/2011\\\/05\\\/cropped-logo-bellunopress-.jpg\",\"width\":512,\"height\":512,\"caption\":\"Bellunopress\"},\"image\":{\"@id\":\"https:\\\/\\\/www.bellunopress.it\\\/#\\\/schema\\\/logo\\\/image\\\/\"},\"sameAs\":[\"https:\\\/\\\/www.facebook.com\\\/profile.php?id=100008943462799\",\"https:\\\/\\\/x.com\\\/bellunopress\",\"https:\\\/\\\/www.linkedin.com\\\/hp\\\/?dnr=JBzUWaJfMUw8vbXJJ2tVW5-I3jZKvC4wsoxE&amp;amp;amp;amp;amp;amp;trk=nav_responsive_tab_home\",\"https:\\\/\\\/www.youtube.com\\\/channel\\\/UCxL0wu1uN0_3_7hGG0306cw\"]},{\"@type\":\"Person\",\"@id\":\"https:\\\/\\\/www.bellunopress.it\\\/#\\\/schema\\\/person\\\/79bb06722b37ece1c03d3e94beb30d73\",\"name\":\"redazione\",\"image\":{\"@type\":\"ImageObject\",\"inLanguage\":\"fr-FR\",\"@id\":\"https:\\\/\\\/secure.gravatar.com\\\/avatar\\\/37d968a2e67a6fd04c169c4bdef102d0bc5d31b2546345219e348575eb80e9a0?s=96&d=mm&r=g\",\"url\":\"https:\\\/\\\/secure.gravatar.com\\\/avatar\\\/37d968a2e67a6fd04c169c4bdef102d0bc5d31b2546345219e348575eb80e9a0?s=96&d=mm&r=g\",\"contentUrl\":\"https:\\\/\\\/secure.gravatar.com\\\/avatar\\\/37d968a2e67a6fd04c169c4bdef102d0bc5d31b2546345219e348575eb80e9a0?s=96&d=mm&r=g\",\"caption\":\"redazione\"},\"sameAs\":[\"http:\\\/\\\/www.bellunopress.it\",\"https:\\\/\\\/x.com\\\/bellunopress\"],\"url\":\"https:\\\/\\\/www.bellunopress.it\\\/fr\\\/author\\\/redazione\\\/\"}]}<\/script>\n<!-- \/ Yoast SEO plugin. -->","yoast_head_json":{"title":"Le proposte di Spazio Giovani a Borgo Pr\u00e0 - Bellunopress - Dolomiti","robots":{"index":"index","follow":"follow","max-snippet":"max-snippet:-1","max-image-preview":"max-image-preview:large","max-video-preview":"max-video-preview:-1"},"canonical":"https:\/\/www.bellunopress.it\/fr\/2009\/08\/26\/le-proposte-di-spazio-giovani-a-borgo-pra\/","og_locale":"fr_FR","og_type":"article","og_title":"Le proposte di Spazio Giovani a Borgo Pr\u00e0 - Bellunopress - Dolomiti","og_description":"A Spazio Giovani di Borgo Pr\u00e0 (Belluno) sono aperte le iscrizioni per il corso di teatro \u201cAgire la citt\u00e0\u201d con Cristina Gianni che partir\u00e0 il 15 settembre 2009 allo Spazio Giovani.\u00a0 Un viaggio introspettivo per ascoltare se stessi egli altri e sviluppare l&#8217;espressivit\u00e0 corporea e vocale. Un modo per relazionarsi con l&#8217;ambiente.\u00a0Il laboratorio prevede 9 [&hellip;]","og_url":"https:\/\/www.bellunopress.it\/fr\/2009\/08\/26\/le-proposte-di-spazio-giovani-a-borgo-pra\/","og_site_name":"Bellunopress - Dolomiti","article_publisher":"https:\/\/www.facebook.com\/profile.php?id=100008943462799","article_published_time":"2009-08-26T06:43:57+00:00","og_image":[{"url":"http:\/\/www.bellunopress.it\/wp-content\/uploads\/2012\/07\/logo-bellunopress-250x250-2012.jpg","type":"","width":"","height":""}],"author":"redazione","twitter_card":"summary_large_image","twitter_creator":"@bellunopress","twitter_site":"@bellunopress","twitter_misc":{"\u00c9crit par":"redazione","Dur\u00e9e de lecture estim\u00e9e":"2 minutes"},"schema":{"@context":"https:\/\/schema.org","@graph":[{"@type":"Article","@id":"https:\/\/www.bellunopress.it\/2009\/08\/26\/le-proposte-di-spazio-giovani-a-borgo-pra\/#article","isPartOf":{"@id":"https:\/\/www.bellunopress.it\/2009\/08\/26\/le-proposte-di-spazio-giovani-a-borgo-pra\/"},"author":{"name":"redazione","@id":"https:\/\/www.bellunopress.it\/#\/schema\/person\/79bb06722b37ece1c03d3e94beb30d73"},"headline":"Le proposte di Spazio Giovani a Borgo Pr\u00e0","datePublished":"2009-08-26T06:43:57+00:00","mainEntityOfPage":{"@id":"https:\/\/www.bellunopress.it\/2009\/08\/26\/le-proposte-di-spazio-giovani-a-borgo-pra\/"},"wordCount":368,"publisher":{"@id":"https:\/\/www.bellunopress.it\/#organization"},"keywords":["Belluno"],"articleSection":["Arte, Cultura, Spettacoli, Scienza","Pausa Caff\u00e8"],"inLanguage":"fr-FR"},{"@type":"WebPage","@id":"https:\/\/www.bellunopress.it\/2009\/08\/26\/le-proposte-di-spazio-giovani-a-borgo-pra\/","url":"https:\/\/www.bellunopress.it\/2009\/08\/26\/le-proposte-di-spazio-giovani-a-borgo-pra\/","name":"Le proposte di Spazio Giovani a Borgo Pr\u00e0 - Bellunopress - Dolomiti","isPartOf":{"@id":"https:\/\/www.bellunopress.it\/#website"},"datePublished":"2009-08-26T06:43:57+00:00","breadcrumb":{"@id":"https:\/\/www.bellunopress.it\/2009\/08\/26\/le-proposte-di-spazio-giovani-a-borgo-pra\/#breadcrumb"},"inLanguage":"fr-FR","potentialAction":[{"@type":"ReadAction","target":["https:\/\/www.bellunopress.it\/2009\/08\/26\/le-proposte-di-spazio-giovani-a-borgo-pra\/"]}]},{"@type":"BreadcrumbList","@id":"https:\/\/www.bellunopress.it\/2009\/08\/26\/le-proposte-di-spazio-giovani-a-borgo-pra\/#breadcrumb","itemListElement":[{"@type":"ListItem","position":1,"name":"Home","item":"https:\/\/www.bellunopress.it\/"},{"@type":"ListItem","position":2,"name":"Le proposte di Spazio Giovani a Borgo Pr\u00e0"}]},{"@type":"WebSite","@id":"https:\/\/www.bellunopress.it\/#website","url":"https:\/\/www.bellunopress.it\/","name":"Bellunopress - Dolomiti","description":"e-mail: redazione@bellunopress.it","publisher":{"@id":"https:\/\/www.bellunopress.it\/#organization"},"potentialAction":[{"@type":"SearchAction","target":{"@type":"EntryPoint","urlTemplate":"https:\/\/www.bellunopress.it\/?s={search_term_string}"},"query-input":{"@type":"PropertyValueSpecification","valueRequired":true,"valueName":"search_term_string"}}],"inLanguage":"fr-FR"},{"@type":"Organization","@id":"https:\/\/www.bellunopress.it\/#organization","name":"Bellunopress","url":"https:\/\/www.bellunopress.it\/","logo":{"@type":"ImageObject","inLanguage":"fr-FR","@id":"https:\/\/www.bellunopress.it\/#\/schema\/logo\/image\/","url":"https:\/\/www.bellunopress.it\/wp-content\/uploads\/2011\/05\/cropped-logo-bellunopress-.jpg","contentUrl":"https:\/\/www.bellunopress.it\/wp-content\/uploads\/2011\/05\/cropped-logo-bellunopress-.jpg","width":512,"height":512,"caption":"Bellunopress"},"image":{"@id":"https:\/\/www.bellunopress.it\/#\/schema\/logo\/image\/"},"sameAs":["https:\/\/www.facebook.com\/profile.php?id=100008943462799","https:\/\/x.com\/bellunopress","https:\/\/www.linkedin.com\/hp\/?dnr=JBzUWaJfMUw8vbXJJ2tVW5-I3jZKvC4wsoxE&amp;amp;amp;amp;amp;amp;trk=nav_responsive_tab_home","https:\/\/www.youtube.com\/channel\/UCxL0wu1uN0_3_7hGG0306cw"]},{"@type":"Person","@id":"https:\/\/www.bellunopress.it\/#\/schema\/person\/79bb06722b37ece1c03d3e94beb30d73","name":"r\u00e9daction","image":{"@type":"ImageObject","inLanguage":"fr-FR","@id":"https:\/\/secure.gravatar.com\/avatar\/37d968a2e67a6fd04c169c4bdef102d0bc5d31b2546345219e348575eb80e9a0?s=96&d=mm&r=g","url":"https:\/\/secure.gravatar.com\/avatar\/37d968a2e67a6fd04c169c4bdef102d0bc5d31b2546345219e348575eb80e9a0?s=96&d=mm&r=g","contentUrl":"https:\/\/secure.gravatar.com\/avatar\/37d968a2e67a6fd04c169c4bdef102d0bc5d31b2546345219e348575eb80e9a0?s=96&d=mm&r=g","caption":"redazione"},"sameAs":["http:\/\/www.bellunopress.it","https:\/\/x.com\/bellunopress"],"url":"https:\/\/www.bellunopress.it\/fr\/author\/redazione\/"}]}},"_links":{"self":[{"href":"https:\/\/www.bellunopress.it\/fr\/wp-json\/wp\/v2\/posts\/7364","targetHints":{"allow":["GET"]}}],"collection":[{"href":"https:\/\/www.bellunopress.it\/fr\/wp-json\/wp\/v2\/posts"}],"about":[{"href":"https:\/\/www.bellunopress.it\/fr\/wp-json\/wp\/v2\/types\/post"}],"author":[{"embeddable":true,"href":"https:\/\/www.bellunopress.it\/fr\/wp-json\/wp\/v2\/users\/2"}],"replies":[{"embeddable":true,"href":"https:\/\/www.bellunopress.it\/fr\/wp-json\/wp\/v2\/comments?post=7364"}],"version-history":[{"count":1,"href":"https:\/\/www.bellunopress.it\/fr\/wp-json\/wp\/v2\/posts\/7364\/revisions"}],"predecessor-version":[{"id":7365,"href":"https:\/\/www.bellunopress.it\/fr\/wp-json\/wp\/v2\/posts\/7364\/revisions\/7365"}],"wp:attachment":[{"href":"https:\/\/www.bellunopress.it\/fr\/wp-json\/wp\/v2\/media?parent=7364"}],"wp:term":[{"taxonomy":"category","embeddable":true,"href":"https:\/\/www.bellunopress.it\/fr\/wp-json\/wp\/v2\/categories?post=7364"},{"taxonomy":"post_tag","embeddable":true,"href":"https:\/\/www.bellunopress.it\/fr\/wp-json\/wp\/v2\/tags?post=7364"}],"curies":[{"name":"wp","href":"https:\/\/api.w.org\/{rel}","templated":true}]}}