{"id":7359,"date":"2009-08-26T07:24:49","date_gmt":"2009-08-26T06:24:49","guid":{"rendered":"http:\/\/www.bellunopress.it\/?p=7359"},"modified":"2009-08-26T07:24:49","modified_gmt":"2009-08-26T06:24:49","slug":"confindustria-vascellari-cassa-integrazione-in-leggero-calo-le-banche-allentino-la-morsa-e-diano-credito","status":"publish","type":"post","link":"https:\/\/www.bellunopress.it\/fr\/2009\/08\/26\/confindustria-vascellari-cassa-integrazione-in-leggero-calo-le-banche-allentino-la-morsa-e-diano-credito\/","title":{"rendered":"Confindustria, Vascellari: &#8220;Cassa integrazione in leggero calo. Le banche allentino la morsa e diano credito&#8221;"},"content":{"rendered":"<figure id=\"attachment_5281\" aria-describedby=\"caption-attachment-5281\" style=\"width: 180px\" class=\"wp-caption alignleft\"><a href=\"http:\/\/www.bellunopress.it\/wp-content\/uploads\/2009\/06\/valentino-vascellari-pres-assindustria-270x180.jpg\"><img loading=\"lazy\" decoding=\"async\" class=\"size-medium wp-image-5281\" title=\"valentino-vascellari-pres-assindustria-270x180\" src=\"http:\/\/www.bellunopress.it\/wp-content\/uploads\/2009\/06\/valentino-vascellari-pres-assindustria-270x180.jpg\" alt=\"Valentino Vascellari presidente Confindustria Belluno Dolomiti\" width=\"180\" height=\"270\" \/><\/a><figcaption id=\"caption-attachment-5281\" class=\"wp-caption-text\">Valentino Vascellari presidente Confindustria Belluno Dolomiti<\/figcaption><\/figure>\n<p>\u201cI dati sull\u2019utilizzo effettivo della cassa integrazione segnano un leggero calo in giugno e luglio rispetto all\u2019inizio dell\u2019anno. La nostra Associazione \u00e8 l\u2019unica ad avere informazioni in tempo reale sull\u2019andamento della cassa integrazione; la nostra societ\u00e0 di servizi, Feinar srl, elabora pi\u00f9 di 30.000 cedolini paga al mese e fotografa in modo unico e preciso l\u2019universo economico provinciale. Potrebbe sembrare un microcosmo, ma il fatto di essere una delle province pi\u00f9 industrializzate d\u2019Italia e con una vocazione all\u2019export, che ci pone ai vertici nazionali, ci permette di affermare che questo microcosmo \u00e8 pi\u00f9 che rappresentativo di quello che sta accadendo anche su scenari pi\u00f9 ampi. La richiesta di accedere alla cassa integrazione dimostra ancora una volta la fiducia nel futuro e il desiderio delle nostre aziende di tenere i propri dipendenti e di non voler perdere il vero capitale. \u00a0Il rallentamento dell\u2019utilizzo della cassa, significa anche che in autunno il manifatturiero avr\u00e0 bisogno di \u201ccassa\u201d e quindi far\u00e0 ricorso al credito. Le banche dovranno dare risposte all\u2019altezza della situazione, fornendo credito per rimettere in moto il motore produttivo delle nostre aziende\u201d \u2013 \u00e8 questa la tesi che Valentino Vascellari presidente di Confindustria Belluno Dolomiti ha sostenuto nel corso dell\u2019evento \u201cDateci credito\u201d di Enrico Cisnetto a Cortina InConTra. \u201cL\u2019atteggiamento delle banche deve cambiare\u201d \u2013 afferma Vascellari \u2013 \u201cla crisi che stiamo vivendo non \u00e8 figlia dell\u2019incapacit\u00e0 del sistema industriale, \u00e8 soprattutto il frutto di un\u2019\u201dubriacatura finanziaria\u201d. A volte, quindi, facciamo anche un po\u2019 fatica ad accettare il comportamento irritante di qualche funzionario. Oggi vogliamo ricevere da parte loro segnali tangibili di una professionalit\u00e0 ispirata al mondo dell\u2019industria, che fa tanto e parla poco. Ben vengano quindi le convenzioni e gli accordi che il mondo bancario sta stringendo con il tessuto produttivo, ma il nostro giudizio si baser\u00e0 sull\u2019erogazione effettiva di credito e non pi\u00f9 sull\u2019assunzione di impegni che sembrano avere quasi un intento pubblicitario\u201d.<br \/>\n\u201cspesso ci dicono che il nostro sistema \u00e8 sottocapitalizzato; molta strada c\u2019\u00e8 da fare ma in questi mesi stiamo assistendo ad imprenditori che non percepiscono lo stipendio e questa \u00e8 la forma pi\u00f9 evidente di una reale capitalizzazione della propria impresa\u201d. Confindustria Belluno Dolomiti ricorda come gi\u00e0 mesi fa propose, nel corso del tavolo con ABI attivato da Confindustria Veneto, che tutti gli istituti bancari operanti sul territorio nazionale adottassero un stesso modello di estratto conto. \u201cSarebbe un atto di trasparenza e rispetto nei confronti dei correntisti\u201d \u2013 sottolinea Vascellari \u2013 \u201cche permetterebbe di confrontare fra loro condizioni e proposte di ogni istituto di credito. Un cambiamento facile da attuare e allo stesso tempo capace di dare un segnale importante di avvicinamento delle banche alla realt\u00e0 dei consumatori e delle imprese\u201d.<\/p>","protected":false},"excerpt":{"rendered":"<p>\u201cI dati sull\u2019utilizzo effettivo della cassa integrazione segnano un leggero calo in giugno e luglio rispetto all\u2019inizio dell\u2019anno. La nostra Associazione \u00e8 l\u2019unica ad avere informazioni in tempo reale sull\u2019andamento della cassa integrazione; la nostra societ\u00e0 di servizi, Feinar srl, elabora pi\u00f9 di 30.000 cedolini paga al mese e fotografa in modo unico e preciso [&hellip;]<\/p>\n","protected":false},"author":2,"featured_media":0,"comment_status":"closed","ping_status":"open","sticky":false,"template":"","format":"standard","meta":{"footnotes":""},"categories":[36,26],"tags":[139,63],"class_list":["post-7359","post","type-post","status-publish","format-standard","category-lavoro-economia","category-prima-pagina","tag-belluno","tag-dolomiti"],"yoast_head":"<!-- This site is optimized with the Yoast SEO plugin v28.4 - https:\/\/yoast.com\/product\/yoast-seo-wordpress\/ -->\n<title>Confindustria, Vascellari: &quot;Cassa integrazione in leggero calo. Le banche allentino la morsa e diano credito&quot; - Bellunopress - Dolomiti<\/title>\n<meta name=\"robots\" content=\"index, follow, max-snippet:-1, max-image-preview:large, max-video-preview:-1\" \/>\n<link rel=\"canonical\" href=\"https:\/\/www.bellunopress.it\/fr\/2009\/08\/26\/confindustria-vascellari-cassa-integrazione-in-leggero-calo-le-banche-allentino-la-morsa-e-diano-credito\/\" \/>\n<meta property=\"og:locale\" content=\"fr_FR\" \/>\n<meta property=\"og:type\" content=\"article\" \/>\n<meta property=\"og:title\" content=\"Confindustria, Vascellari: &quot;Cassa integrazione in leggero calo. Le banche allentino la morsa e diano credito&quot; - Bellunopress - Dolomiti\" \/>\n<meta property=\"og:description\" content=\"\u201cI dati sull\u2019utilizzo effettivo della cassa integrazione segnano un leggero calo in giugno e luglio rispetto all\u2019inizio dell\u2019anno. La nostra Associazione \u00e8 l\u2019unica ad avere informazioni in tempo reale sull\u2019andamento della cassa integrazione; la nostra societ\u00e0 di servizi, Feinar srl, elabora pi\u00f9 di 30.000 cedolini paga al mese e fotografa in modo unico e preciso [&hellip;]\" \/>\n<meta property=\"og:url\" content=\"https:\/\/www.bellunopress.it\/fr\/2009\/08\/26\/confindustria-vascellari-cassa-integrazione-in-leggero-calo-le-banche-allentino-la-morsa-e-diano-credito\/\" \/>\n<meta property=\"og:site_name\" content=\"Bellunopress - Dolomiti\" \/>\n<meta property=\"article:publisher\" content=\"https:\/\/www.facebook.com\/profile.php?id=100008943462799\" \/>\n<meta property=\"article:published_time\" content=\"2009-08-26T06:24:49+00:00\" \/>\n<meta property=\"og:image\" content=\"http:\/\/www.bellunopress.it\/wp-content\/uploads\/2009\/06\/valentino-vascellari-pres-assindustria-270x180.jpg\" \/>\n<meta name=\"author\" content=\"redazione\" \/>\n<meta name=\"twitter:card\" content=\"summary_large_image\" \/>\n<meta name=\"twitter:creator\" content=\"@bellunopress\" \/>\n<meta name=\"twitter:site\" content=\"@bellunopress\" \/>\n<meta name=\"twitter:label1\" content=\"\u00c9crit par\" \/>\n\t<meta name=\"twitter:data1\" content=\"redazione\" \/>\n\t<meta name=\"twitter:label2\" content=\"Dur\u00e9e de lecture estim\u00e9e\" \/>\n\t<meta name=\"twitter:data2\" content=\"2 minutes\" \/>\n<script type=\"application\/ld+json\" class=\"yoast-schema-graph\">{\"@context\":\"https:\\\/\\\/schema.org\",\"@graph\":[{\"@type\":\"Article\",\"@id\":\"https:\\\/\\\/www.bellunopress.it\\\/2009\\\/08\\\/26\\\/confindustria-vascellari-cassa-integrazione-in-leggero-calo-le-banche-allentino-la-morsa-e-diano-credito\\\/#article\",\"isPartOf\":{\"@id\":\"https:\\\/\\\/www.bellunopress.it\\\/2009\\\/08\\\/26\\\/confindustria-vascellari-cassa-integrazione-in-leggero-calo-le-banche-allentino-la-morsa-e-diano-credito\\\/\"},\"author\":{\"name\":\"redazione\",\"@id\":\"https:\\\/\\\/www.bellunopress.it\\\/#\\\/schema\\\/person\\\/79bb06722b37ece1c03d3e94beb30d73\"},\"headline\":\"Confindustria, Vascellari: &#8220;Cassa integrazione in leggero calo. Le banche allentino la morsa e diano credito&#8221;\",\"datePublished\":\"2009-08-26T06:24:49+00:00\",\"mainEntityOfPage\":{\"@id\":\"https:\\\/\\\/www.bellunopress.it\\\/2009\\\/08\\\/26\\\/confindustria-vascellari-cassa-integrazione-in-leggero-calo-le-banche-allentino-la-morsa-e-diano-credito\\\/\"},\"wordCount\":477,\"publisher\":{\"@id\":\"https:\\\/\\\/www.bellunopress.it\\\/#organization\"},\"image\":{\"@id\":\"https:\\\/\\\/www.bellunopress.it\\\/2009\\\/08\\\/26\\\/confindustria-vascellari-cassa-integrazione-in-leggero-calo-le-banche-allentino-la-morsa-e-diano-credito\\\/#primaryimage\"},\"thumbnailUrl\":\"http:\\\/\\\/www.bellunopress.it\\\/wp-content\\\/uploads\\\/2009\\\/06\\\/valentino-vascellari-pres-assindustria-270x180.jpg\",\"keywords\":[\"Belluno\",\"Dolomiti\"],\"articleSection\":[\"Lavoro, Economia, Turismo\",\"Prima Pagina\"],\"inLanguage\":\"fr-FR\"},{\"@type\":\"WebPage\",\"@id\":\"https:\\\/\\\/www.bellunopress.it\\\/2009\\\/08\\\/26\\\/confindustria-vascellari-cassa-integrazione-in-leggero-calo-le-banche-allentino-la-morsa-e-diano-credito\\\/\",\"url\":\"https:\\\/\\\/www.bellunopress.it\\\/2009\\\/08\\\/26\\\/confindustria-vascellari-cassa-integrazione-in-leggero-calo-le-banche-allentino-la-morsa-e-diano-credito\\\/\",\"name\":\"Confindustria, Vascellari: \\\"Cassa integrazione in leggero calo. Le banche allentino la morsa e diano credito\\\" - Bellunopress - Dolomiti\",\"isPartOf\":{\"@id\":\"https:\\\/\\\/www.bellunopress.it\\\/#website\"},\"primaryImageOfPage\":{\"@id\":\"https:\\\/\\\/www.bellunopress.it\\\/2009\\\/08\\\/26\\\/confindustria-vascellari-cassa-integrazione-in-leggero-calo-le-banche-allentino-la-morsa-e-diano-credito\\\/#primaryimage\"},\"image\":{\"@id\":\"https:\\\/\\\/www.bellunopress.it\\\/2009\\\/08\\\/26\\\/confindustria-vascellari-cassa-integrazione-in-leggero-calo-le-banche-allentino-la-morsa-e-diano-credito\\\/#primaryimage\"},\"thumbnailUrl\":\"http:\\\/\\\/www.bellunopress.it\\\/wp-content\\\/uploads\\\/2009\\\/06\\\/valentino-vascellari-pres-assindustria-270x180.jpg\",\"datePublished\":\"2009-08-26T06:24:49+00:00\",\"breadcrumb\":{\"@id\":\"https:\\\/\\\/www.bellunopress.it\\\/2009\\\/08\\\/26\\\/confindustria-vascellari-cassa-integrazione-in-leggero-calo-le-banche-allentino-la-morsa-e-diano-credito\\\/#breadcrumb\"},\"inLanguage\":\"fr-FR\",\"potentialAction\":[{\"@type\":\"ReadAction\",\"target\":[\"https:\\\/\\\/www.bellunopress.it\\\/2009\\\/08\\\/26\\\/confindustria-vascellari-cassa-integrazione-in-leggero-calo-le-banche-allentino-la-morsa-e-diano-credito\\\/\"]}]},{\"@type\":\"ImageObject\",\"inLanguage\":\"fr-FR\",\"@id\":\"https:\\\/\\\/www.bellunopress.it\\\/2009\\\/08\\\/26\\\/confindustria-vascellari-cassa-integrazione-in-leggero-calo-le-banche-allentino-la-morsa-e-diano-credito\\\/#primaryimage\",\"url\":\"http:\\\/\\\/www.bellunopress.it\\\/wp-content\\\/uploads\\\/2009\\\/06\\\/valentino-vascellari-pres-assindustria-270x180.jpg\",\"contentUrl\":\"http:\\\/\\\/www.bellunopress.it\\\/wp-content\\\/uploads\\\/2009\\\/06\\\/valentino-vascellari-pres-assindustria-270x180.jpg\"},{\"@type\":\"BreadcrumbList\",\"@id\":\"https:\\\/\\\/www.bellunopress.it\\\/2009\\\/08\\\/26\\\/confindustria-vascellari-cassa-integrazione-in-leggero-calo-le-banche-allentino-la-morsa-e-diano-credito\\\/#breadcrumb\",\"itemListElement\":[{\"@type\":\"ListItem\",\"position\":1,\"name\":\"Home\",\"item\":\"https:\\\/\\\/www.bellunopress.it\\\/\"},{\"@type\":\"ListItem\",\"position\":2,\"name\":\"Confindustria, Vascellari: &#8220;Cassa integrazione in leggero calo. Le banche allentino la morsa e diano credito&#8221;\"}]},{\"@type\":\"WebSite\",\"@id\":\"https:\\\/\\\/www.bellunopress.it\\\/#website\",\"url\":\"https:\\\/\\\/www.bellunopress.it\\\/\",\"name\":\"Bellunopress - Dolomiti\",\"description\":\"e-mail: redazione@bellunopress.it\",\"publisher\":{\"@id\":\"https:\\\/\\\/www.bellunopress.it\\\/#organization\"},\"potentialAction\":[{\"@type\":\"SearchAction\",\"target\":{\"@type\":\"EntryPoint\",\"urlTemplate\":\"https:\\\/\\\/www.bellunopress.it\\\/?s={search_term_string}\"},\"query-input\":{\"@type\":\"PropertyValueSpecification\",\"valueRequired\":true,\"valueName\":\"search_term_string\"}}],\"inLanguage\":\"fr-FR\"},{\"@type\":\"Organization\",\"@id\":\"https:\\\/\\\/www.bellunopress.it\\\/#organization\",\"name\":\"Bellunopress\",\"url\":\"https:\\\/\\\/www.bellunopress.it\\\/\",\"logo\":{\"@type\":\"ImageObject\",\"inLanguage\":\"fr-FR\",\"@id\":\"https:\\\/\\\/www.bellunopress.it\\\/#\\\/schema\\\/logo\\\/image\\\/\",\"url\":\"https:\\\/\\\/www.bellunopress.it\\\/wp-content\\\/uploads\\\/2011\\\/05\\\/cropped-logo-bellunopress-.jpg\",\"contentUrl\":\"https:\\\/\\\/www.bellunopress.it\\\/wp-content\\\/uploads\\\/2011\\\/05\\\/cropped-logo-bellunopress-.jpg\",\"width\":512,\"height\":512,\"caption\":\"Bellunopress\"},\"image\":{\"@id\":\"https:\\\/\\\/www.bellunopress.it\\\/#\\\/schema\\\/logo\\\/image\\\/\"},\"sameAs\":[\"https:\\\/\\\/www.facebook.com\\\/profile.php?id=100008943462799\",\"https:\\\/\\\/x.com\\\/bellunopress\",\"https:\\\/\\\/www.linkedin.com\\\/hp\\\/?dnr=JBzUWaJfMUw8vbXJJ2tVW5-I3jZKvC4wsoxE&amp;amp;amp;amp;amp;amp;trk=nav_responsive_tab_home\",\"https:\\\/\\\/www.youtube.com\\\/channel\\\/UCxL0wu1uN0_3_7hGG0306cw\"]},{\"@type\":\"Person\",\"@id\":\"https:\\\/\\\/www.bellunopress.it\\\/#\\\/schema\\\/person\\\/79bb06722b37ece1c03d3e94beb30d73\",\"name\":\"redazione\",\"image\":{\"@type\":\"ImageObject\",\"inLanguage\":\"fr-FR\",\"@id\":\"https:\\\/\\\/secure.gravatar.com\\\/avatar\\\/37d968a2e67a6fd04c169c4bdef102d0bc5d31b2546345219e348575eb80e9a0?s=96&d=mm&r=g\",\"url\":\"https:\\\/\\\/secure.gravatar.com\\\/avatar\\\/37d968a2e67a6fd04c169c4bdef102d0bc5d31b2546345219e348575eb80e9a0?s=96&d=mm&r=g\",\"contentUrl\":\"https:\\\/\\\/secure.gravatar.com\\\/avatar\\\/37d968a2e67a6fd04c169c4bdef102d0bc5d31b2546345219e348575eb80e9a0?s=96&d=mm&r=g\",\"caption\":\"redazione\"},\"sameAs\":[\"http:\\\/\\\/www.bellunopress.it\",\"https:\\\/\\\/x.com\\\/bellunopress\"],\"url\":\"https:\\\/\\\/www.bellunopress.it\\\/fr\\\/author\\\/redazione\\\/\"}]}<\/script>\n<!-- \/ Yoast SEO plugin. -->","yoast_head_json":{"title":"Confindustria, Vascellari: \"Cassa integrazione in leggero calo. Le banche allentino la morsa e diano credito\" - Bellunopress - Dolomiti","robots":{"index":"index","follow":"follow","max-snippet":"max-snippet:-1","max-image-preview":"max-image-preview:large","max-video-preview":"max-video-preview:-1"},"canonical":"https:\/\/www.bellunopress.it\/fr\/2009\/08\/26\/confindustria-vascellari-cassa-integrazione-in-leggero-calo-le-banche-allentino-la-morsa-e-diano-credito\/","og_locale":"fr_FR","og_type":"article","og_title":"Confindustria, Vascellari: \"Cassa integrazione in leggero calo. Le banche allentino la morsa e diano credito\" - Bellunopress - Dolomiti","og_description":"\u201cI dati sull\u2019utilizzo effettivo della cassa integrazione segnano un leggero calo in giugno e luglio rispetto all\u2019inizio dell\u2019anno. La nostra Associazione \u00e8 l\u2019unica ad avere informazioni in tempo reale sull\u2019andamento della cassa integrazione; la nostra societ\u00e0 di servizi, Feinar srl, elabora pi\u00f9 di 30.000 cedolini paga al mese e fotografa in modo unico e preciso [&hellip;]","og_url":"https:\/\/www.bellunopress.it\/fr\/2009\/08\/26\/confindustria-vascellari-cassa-integrazione-in-leggero-calo-le-banche-allentino-la-morsa-e-diano-credito\/","og_site_name":"Bellunopress - Dolomiti","article_publisher":"https:\/\/www.facebook.com\/profile.php?id=100008943462799","article_published_time":"2009-08-26T06:24:49+00:00","og_image":[{"url":"http:\/\/www.bellunopress.it\/wp-content\/uploads\/2009\/06\/valentino-vascellari-pres-assindustria-270x180.jpg","type":"","width":"","height":""}],"author":"redazione","twitter_card":"summary_large_image","twitter_creator":"@bellunopress","twitter_site":"@bellunopress","twitter_misc":{"\u00c9crit par":"redazione","Dur\u00e9e de lecture estim\u00e9e":"2 minutes"},"schema":{"@context":"https:\/\/schema.org","@graph":[{"@type":"Article","@id":"https:\/\/www.bellunopress.it\/2009\/08\/26\/confindustria-vascellari-cassa-integrazione-in-leggero-calo-le-banche-allentino-la-morsa-e-diano-credito\/#article","isPartOf":{"@id":"https:\/\/www.bellunopress.it\/2009\/08\/26\/confindustria-vascellari-cassa-integrazione-in-leggero-calo-le-banche-allentino-la-morsa-e-diano-credito\/"},"author":{"name":"redazione","@id":"https:\/\/www.bellunopress.it\/#\/schema\/person\/79bb06722b37ece1c03d3e94beb30d73"},"headline":"Confindustria, Vascellari: &#8220;Cassa integrazione in leggero calo. Le banche allentino la morsa e diano credito&#8221;","datePublished":"2009-08-26T06:24:49+00:00","mainEntityOfPage":{"@id":"https:\/\/www.bellunopress.it\/2009\/08\/26\/confindustria-vascellari-cassa-integrazione-in-leggero-calo-le-banche-allentino-la-morsa-e-diano-credito\/"},"wordCount":477,"publisher":{"@id":"https:\/\/www.bellunopress.it\/#organization"},"image":{"@id":"https:\/\/www.bellunopress.it\/2009\/08\/26\/confindustria-vascellari-cassa-integrazione-in-leggero-calo-le-banche-allentino-la-morsa-e-diano-credito\/#primaryimage"},"thumbnailUrl":"http:\/\/www.bellunopress.it\/wp-content\/uploads\/2009\/06\/valentino-vascellari-pres-assindustria-270x180.jpg","keywords":["Belluno","Dolomiti"],"articleSection":["Lavoro, Economia, Turismo","Prima Pagina"],"inLanguage":"fr-FR"},{"@type":"WebPage","@id":"https:\/\/www.bellunopress.it\/2009\/08\/26\/confindustria-vascellari-cassa-integrazione-in-leggero-calo-le-banche-allentino-la-morsa-e-diano-credito\/","url":"https:\/\/www.bellunopress.it\/2009\/08\/26\/confindustria-vascellari-cassa-integrazione-in-leggero-calo-le-banche-allentino-la-morsa-e-diano-credito\/","name":"Confindustria, Vascellari: \"Cassa integrazione in leggero calo. Le banche allentino la morsa e diano credito\" - Bellunopress - Dolomiti","isPartOf":{"@id":"https:\/\/www.bellunopress.it\/#website"},"primaryImageOfPage":{"@id":"https:\/\/www.bellunopress.it\/2009\/08\/26\/confindustria-vascellari-cassa-integrazione-in-leggero-calo-le-banche-allentino-la-morsa-e-diano-credito\/#primaryimage"},"image":{"@id":"https:\/\/www.bellunopress.it\/2009\/08\/26\/confindustria-vascellari-cassa-integrazione-in-leggero-calo-le-banche-allentino-la-morsa-e-diano-credito\/#primaryimage"},"thumbnailUrl":"http:\/\/www.bellunopress.it\/wp-content\/uploads\/2009\/06\/valentino-vascellari-pres-assindustria-270x180.jpg","datePublished":"2009-08-26T06:24:49+00:00","breadcrumb":{"@id":"https:\/\/www.bellunopress.it\/2009\/08\/26\/confindustria-vascellari-cassa-integrazione-in-leggero-calo-le-banche-allentino-la-morsa-e-diano-credito\/#breadcrumb"},"inLanguage":"fr-FR","potentialAction":[{"@type":"ReadAction","target":["https:\/\/www.bellunopress.it\/2009\/08\/26\/confindustria-vascellari-cassa-integrazione-in-leggero-calo-le-banche-allentino-la-morsa-e-diano-credito\/"]}]},{"@type":"ImageObject","inLanguage":"fr-FR","@id":"https:\/\/www.bellunopress.it\/2009\/08\/26\/confindustria-vascellari-cassa-integrazione-in-leggero-calo-le-banche-allentino-la-morsa-e-diano-credito\/#primaryimage","url":"http:\/\/www.bellunopress.it\/wp-content\/uploads\/2009\/06\/valentino-vascellari-pres-assindustria-270x180.jpg","contentUrl":"http:\/\/www.bellunopress.it\/wp-content\/uploads\/2009\/06\/valentino-vascellari-pres-assindustria-270x180.jpg"},{"@type":"BreadcrumbList","@id":"https:\/\/www.bellunopress.it\/2009\/08\/26\/confindustria-vascellari-cassa-integrazione-in-leggero-calo-le-banche-allentino-la-morsa-e-diano-credito\/#breadcrumb","itemListElement":[{"@type":"ListItem","position":1,"name":"Home","item":"https:\/\/www.bellunopress.it\/"},{"@type":"ListItem","position":2,"name":"Confindustria, Vascellari: &#8220;Cassa integrazione in leggero calo. Le banche allentino la morsa e diano credito&#8221;"}]},{"@type":"WebSite","@id":"https:\/\/www.bellunopress.it\/#website","url":"https:\/\/www.bellunopress.it\/","name":"Bellunopress - Dolomiti","description":"e-mail: redazione@bellunopress.it","publisher":{"@id":"https:\/\/www.bellunopress.it\/#organization"},"potentialAction":[{"@type":"SearchAction","target":{"@type":"EntryPoint","urlTemplate":"https:\/\/www.bellunopress.it\/?s={search_term_string}"},"query-input":{"@type":"PropertyValueSpecification","valueRequired":true,"valueName":"search_term_string"}}],"inLanguage":"fr-FR"},{"@type":"Organization","@id":"https:\/\/www.bellunopress.it\/#organization","name":"Bellunopress","url":"https:\/\/www.bellunopress.it\/","logo":{"@type":"ImageObject","inLanguage":"fr-FR","@id":"https:\/\/www.bellunopress.it\/#\/schema\/logo\/image\/","url":"https:\/\/www.bellunopress.it\/wp-content\/uploads\/2011\/05\/cropped-logo-bellunopress-.jpg","contentUrl":"https:\/\/www.bellunopress.it\/wp-content\/uploads\/2011\/05\/cropped-logo-bellunopress-.jpg","width":512,"height":512,"caption":"Bellunopress"},"image":{"@id":"https:\/\/www.bellunopress.it\/#\/schema\/logo\/image\/"},"sameAs":["https:\/\/www.facebook.com\/profile.php?id=100008943462799","https:\/\/x.com\/bellunopress","https:\/\/www.linkedin.com\/hp\/?dnr=JBzUWaJfMUw8vbXJJ2tVW5-I3jZKvC4wsoxE&amp;amp;amp;amp;amp;amp;trk=nav_responsive_tab_home","https:\/\/www.youtube.com\/channel\/UCxL0wu1uN0_3_7hGG0306cw"]},{"@type":"Person","@id":"https:\/\/www.bellunopress.it\/#\/schema\/person\/79bb06722b37ece1c03d3e94beb30d73","name":"r\u00e9daction","image":{"@type":"ImageObject","inLanguage":"fr-FR","@id":"https:\/\/secure.gravatar.com\/avatar\/37d968a2e67a6fd04c169c4bdef102d0bc5d31b2546345219e348575eb80e9a0?s=96&d=mm&r=g","url":"https:\/\/secure.gravatar.com\/avatar\/37d968a2e67a6fd04c169c4bdef102d0bc5d31b2546345219e348575eb80e9a0?s=96&d=mm&r=g","contentUrl":"https:\/\/secure.gravatar.com\/avatar\/37d968a2e67a6fd04c169c4bdef102d0bc5d31b2546345219e348575eb80e9a0?s=96&d=mm&r=g","caption":"redazione"},"sameAs":["http:\/\/www.bellunopress.it","https:\/\/x.com\/bellunopress"],"url":"https:\/\/www.bellunopress.it\/fr\/author\/redazione\/"}]}},"_links":{"self":[{"href":"https:\/\/www.bellunopress.it\/fr\/wp-json\/wp\/v2\/posts\/7359","targetHints":{"allow":["GET"]}}],"collection":[{"href":"https:\/\/www.bellunopress.it\/fr\/wp-json\/wp\/v2\/posts"}],"about":[{"href":"https:\/\/www.bellunopress.it\/fr\/wp-json\/wp\/v2\/types\/post"}],"author":[{"embeddable":true,"href":"https:\/\/www.bellunopress.it\/fr\/wp-json\/wp\/v2\/users\/2"}],"replies":[{"embeddable":true,"href":"https:\/\/www.bellunopress.it\/fr\/wp-json\/wp\/v2\/comments?post=7359"}],"version-history":[{"count":1,"href":"https:\/\/www.bellunopress.it\/fr\/wp-json\/wp\/v2\/posts\/7359\/revisions"}],"predecessor-version":[{"id":7360,"href":"https:\/\/www.bellunopress.it\/fr\/wp-json\/wp\/v2\/posts\/7359\/revisions\/7360"}],"wp:attachment":[{"href":"https:\/\/www.bellunopress.it\/fr\/wp-json\/wp\/v2\/media?parent=7359"}],"wp:term":[{"taxonomy":"category","embeddable":true,"href":"https:\/\/www.bellunopress.it\/fr\/wp-json\/wp\/v2\/categories?post=7359"},{"taxonomy":"post_tag","embeddable":true,"href":"https:\/\/www.bellunopress.it\/fr\/wp-json\/wp\/v2\/tags?post=7359"}],"curies":[{"name":"wp","href":"https:\/\/api.w.org\/{rel}","templated":true}]}}