{"id":7356,"date":"2009-08-26T07:12:00","date_gmt":"2009-08-26T06:12:00","guid":{"rendered":"http:\/\/www.bellunopress.it\/?p=7356"},"modified":"2009-08-26T07:13:53","modified_gmt":"2009-08-26T06:13:53","slug":"cammina-con-i-gufi-il-19-settembre-a-cesiomaggiore-lscursione-notturna-in-compagnia-di-gufi-civette-e-tante-sorprese","status":"publish","type":"post","link":"https:\/\/www.bellunopress.it\/fr\/2009\/08\/26\/cammina-con-i-gufi-il-19-settembre-a-cesiomaggiore-lscursione-notturna-in-compagnia-di-gufi-civette-e-tante-sorprese\/","title":{"rendered":"Cammina con i gufi, il 19 settembre a Cesiomaggiore l&#8217;escursione notturna in compagnia di gufi, civette e tante sorprese"},"content":{"rendered":"<p>La manifestazione nata, cinque anni fa, con il proposito di scoprire nella quiete della notte le bellezze naturali della valle di Sant\u2019Aagapito, si sta caratterizzando di anno in anno come un evento davvero singolare. Anche in questa edizione il percorso si snoder\u00e0 ad anello, a nord dell\u2019abitato di Cesiomaggiore, su facili sentieri nei boschi, lungo stradine sterrate e asfaltate e, oltre ad udire il canto di gufi e civette, si potr\u00e0 assistere alla suggestiva rievocazione delle luminarie di Sant\u2019Agapito com\u2019era in origine quando i valligiani, per onorare il Santo protettore della valle, realizzavano sulla montagna cinque grandi lettere (WSAM+), visibili in tutta la valle del Piave, usando come lume i gusci delle lumache riempiti d\u2019olio. Inoltre, lungo il percorso, si potr\u00e0 osservare la luna e la volta celeste con i telescopi dell\u2019associazione Rethicus, ascoltare i racconti della strega, ammirare le opere d\u2019arte di artisti locali, attraversare il bosco degli insetti giganti e soprattutto incontrare Maghi: una femmina di gufo reale, tanto possente quanto tenera. In effetti l\u2019evento intende unire aspetti della conoscenza ambientale del territorio della valle di Sant\u2019Agapito, in particolare della vita dei rapaci notturni (Strigiformi), con la riscoperta della cultura popolare del luogo. Quest\u2019anno, oltre ad ascoltare le voci dei rapaci notturni, ci sar\u00e0 la possibilit\u00e0 di conoscere pi\u00f9 da vicino questi splendidi animali, con collaborazione degli esperti dell\u2019associazione Falconieri delle Dolomiti. \u201cI rapaci notturni\u201d, dicono gli organizzatori della manifestazione, \u201csono animali che riscuotono nella gente comune contrapposti sentimenti: qualcuno li teme perch\u00e9 crede siano portatori di sventura, molti li amano perch\u00e9 hanno un aspetto simpatico e curioso. Per questo vorremmo che \u201cCammina con i gufi\u201d, oltre a creare le condizioni per smentire alcuni luoghi comuni, fosse un evento nel quale cultura, storia e scienza si fondano per creare una miscela di conoscenze e partecipazione di grande effetto\u201d. L\u2019evento \u00e8 ideato e curato dal gruppo Cesiobiettivi. Il percorso come sempre \u00e8 alla portata di tutti, comprese famiglie e bambini, con un dislivello massimo di 250 metri . La partecipazione \u00e8 gratuita, per\u00f2 \u00e8 necessario iscriversi. Lo si pu\u00f2 fare via mail <a href=\"mailto:cesiobiettivi@yahoo.it\">cesiobiettivi@yahoo.it<\/a> indicando: nome partecipante, et\u00e0 e provenienza, oppure prima della partenza. Le iscrizioni si aprono sabato 19 settembre alle 17.30 in piazza Mercato a Cesiomaggiore e dalle 18.30 alle 19.15 ci sar\u00e0 la partenza, scaglionata in tre gruppi, accompagnati da una guida. Per informazioni e pre-iscrizioni si pu\u00f2 spedire una mail a <a href=\"mailto:cesiobiettivi@yahoo.it\">cesiobiettivi@yahoo.it<\/a> o consultare il sito web: <a href=\"http:\/\/cesiobiettivi.splinder.com\">http:\/\/cesiobiettivi.splinder.com<\/a> Per il gruppo Cesiobiettivi la coordinatrice Nadia Brandalise <a href=\"http:\/\/cesiobiettivi.splinder.com\">http:\/\/cesiobiettivi.splinder.com<\/a><\/p>","protected":false},"excerpt":{"rendered":"<p>La manifestazione nata, cinque anni fa, con il proposito di scoprire nella quiete della notte le bellezze naturali della valle di Sant\u2019Aagapito, si sta caratterizzando di anno in anno come un evento davvero singolare. Anche in questa edizione il percorso si snoder\u00e0 ad anello, a nord dell\u2019abitato di Cesiomaggiore, su facili sentieri nei boschi, lungo [&hellip;]<\/p>\n","protected":false},"author":2,"featured_media":0,"comment_status":"closed","ping_status":"open","sticky":false,"template":"","format":"standard","meta":{"footnotes":""},"categories":[38,25],"tags":[63],"class_list":["post-7356","post","type-post","status-publish","format-standard","category-natura-ambiente","category-pausa-caffe","tag-dolomiti"],"yoast_head":"<!-- This site is optimized with the Yoast SEO plugin v28.4 - https:\/\/yoast.com\/product\/yoast-seo-wordpress\/ -->\n<title>Cammina con i gufi, il 19 settembre a Cesiomaggiore l&#039;escursione notturna in compagnia di gufi, civette e tante sorprese - Bellunopress - Dolomiti<\/title>\n<meta name=\"robots\" content=\"index, follow, max-snippet:-1, max-image-preview:large, max-video-preview:-1\" \/>\n<link rel=\"canonical\" href=\"https:\/\/www.bellunopress.it\/fr\/2009\/08\/26\/cammina-con-i-gufi-il-19-settembre-a-cesiomaggiore-lscursione-notturna-in-compagnia-di-gufi-civette-e-tante-sorprese\/\" \/>\n<meta property=\"og:locale\" content=\"fr_FR\" \/>\n<meta property=\"og:type\" content=\"article\" \/>\n<meta property=\"og:title\" content=\"Cammina con i gufi, il 19 settembre a Cesiomaggiore l&#039;escursione notturna in compagnia di gufi, civette e tante sorprese - Bellunopress - Dolomiti\" \/>\n<meta property=\"og:description\" content=\"La manifestazione nata, cinque anni fa, con il proposito di scoprire nella quiete della notte le bellezze naturali della valle di Sant\u2019Aagapito, si sta caratterizzando di anno in anno come un evento davvero singolare. Anche in questa edizione il percorso si snoder\u00e0 ad anello, a nord dell\u2019abitato di Cesiomaggiore, su facili sentieri nei boschi, lungo [&hellip;]\" \/>\n<meta property=\"og:url\" content=\"https:\/\/www.bellunopress.it\/fr\/2009\/08\/26\/cammina-con-i-gufi-il-19-settembre-a-cesiomaggiore-lscursione-notturna-in-compagnia-di-gufi-civette-e-tante-sorprese\/\" \/>\n<meta property=\"og:site_name\" content=\"Bellunopress - Dolomiti\" \/>\n<meta property=\"article:publisher\" content=\"https:\/\/www.facebook.com\/profile.php?id=100008943462799\" \/>\n<meta property=\"article:published_time\" content=\"2009-08-26T06:12:00+00:00\" \/>\n<meta property=\"article:modified_time\" content=\"2009-08-26T06:13:53+00:00\" \/>\n<meta property=\"og:image\" content=\"http:\/\/www.bellunopress.it\/wp-content\/uploads\/2012\/07\/logo-bellunopress-250x250-2012.jpg\" \/>\n<meta name=\"author\" content=\"redazione\" \/>\n<meta name=\"twitter:card\" content=\"summary_large_image\" \/>\n<meta name=\"twitter:creator\" content=\"@bellunopress\" \/>\n<meta name=\"twitter:site\" content=\"@bellunopress\" \/>\n<meta name=\"twitter:label1\" content=\"\u00c9crit par\" \/>\n\t<meta name=\"twitter:data1\" content=\"redazione\" \/>\n\t<meta name=\"twitter:label2\" content=\"Dur\u00e9e de lecture estim\u00e9e\" \/>\n\t<meta name=\"twitter:data2\" content=\"2 minutes\" \/>\n<script type=\"application\/ld+json\" class=\"yoast-schema-graph\">{\"@context\":\"https:\\\/\\\/schema.org\",\"@graph\":[{\"@type\":\"Article\",\"@id\":\"https:\\\/\\\/www.bellunopress.it\\\/2009\\\/08\\\/26\\\/cammina-con-i-gufi-il-19-settembre-a-cesiomaggiore-lscursione-notturna-in-compagnia-di-gufi-civette-e-tante-sorprese\\\/#article\",\"isPartOf\":{\"@id\":\"https:\\\/\\\/www.bellunopress.it\\\/2009\\\/08\\\/26\\\/cammina-con-i-gufi-il-19-settembre-a-cesiomaggiore-lscursione-notturna-in-compagnia-di-gufi-civette-e-tante-sorprese\\\/\"},\"author\":{\"name\":\"redazione\",\"@id\":\"https:\\\/\\\/www.bellunopress.it\\\/#\\\/schema\\\/person\\\/79bb06722b37ece1c03d3e94beb30d73\"},\"headline\":\"Cammina con i gufi, il 19 settembre a Cesiomaggiore l&#8217;escursione notturna in compagnia di gufi, civette e tante sorprese\",\"datePublished\":\"2009-08-26T06:12:00+00:00\",\"dateModified\":\"2009-08-26T06:13:53+00:00\",\"mainEntityOfPage\":{\"@id\":\"https:\\\/\\\/www.bellunopress.it\\\/2009\\\/08\\\/26\\\/cammina-con-i-gufi-il-19-settembre-a-cesiomaggiore-lscursione-notturna-in-compagnia-di-gufi-civette-e-tante-sorprese\\\/\"},\"wordCount\":442,\"publisher\":{\"@id\":\"https:\\\/\\\/www.bellunopress.it\\\/#organization\"},\"keywords\":[\"Dolomiti\"],\"articleSection\":[\"Meteo, natura, ambiente, animali\",\"Pausa Caff\u00e8\"],\"inLanguage\":\"fr-FR\"},{\"@type\":\"WebPage\",\"@id\":\"https:\\\/\\\/www.bellunopress.it\\\/2009\\\/08\\\/26\\\/cammina-con-i-gufi-il-19-settembre-a-cesiomaggiore-lscursione-notturna-in-compagnia-di-gufi-civette-e-tante-sorprese\\\/\",\"url\":\"https:\\\/\\\/www.bellunopress.it\\\/2009\\\/08\\\/26\\\/cammina-con-i-gufi-il-19-settembre-a-cesiomaggiore-lscursione-notturna-in-compagnia-di-gufi-civette-e-tante-sorprese\\\/\",\"name\":\"Cammina con i gufi, il 19 settembre a Cesiomaggiore l'escursione notturna in compagnia di gufi, civette e tante sorprese - Bellunopress - Dolomiti\",\"isPartOf\":{\"@id\":\"https:\\\/\\\/www.bellunopress.it\\\/#website\"},\"datePublished\":\"2009-08-26T06:12:00+00:00\",\"dateModified\":\"2009-08-26T06:13:53+00:00\",\"breadcrumb\":{\"@id\":\"https:\\\/\\\/www.bellunopress.it\\\/2009\\\/08\\\/26\\\/cammina-con-i-gufi-il-19-settembre-a-cesiomaggiore-lscursione-notturna-in-compagnia-di-gufi-civette-e-tante-sorprese\\\/#breadcrumb\"},\"inLanguage\":\"fr-FR\",\"potentialAction\":[{\"@type\":\"ReadAction\",\"target\":[\"https:\\\/\\\/www.bellunopress.it\\\/2009\\\/08\\\/26\\\/cammina-con-i-gufi-il-19-settembre-a-cesiomaggiore-lscursione-notturna-in-compagnia-di-gufi-civette-e-tante-sorprese\\\/\"]}]},{\"@type\":\"BreadcrumbList\",\"@id\":\"https:\\\/\\\/www.bellunopress.it\\\/2009\\\/08\\\/26\\\/cammina-con-i-gufi-il-19-settembre-a-cesiomaggiore-lscursione-notturna-in-compagnia-di-gufi-civette-e-tante-sorprese\\\/#breadcrumb\",\"itemListElement\":[{\"@type\":\"ListItem\",\"position\":1,\"name\":\"Home\",\"item\":\"https:\\\/\\\/www.bellunopress.it\\\/\"},{\"@type\":\"ListItem\",\"position\":2,\"name\":\"Cammina con i gufi, il 19 settembre a Cesiomaggiore l&#8217;escursione notturna in compagnia di gufi, civette e tante sorprese\"}]},{\"@type\":\"WebSite\",\"@id\":\"https:\\\/\\\/www.bellunopress.it\\\/#website\",\"url\":\"https:\\\/\\\/www.bellunopress.it\\\/\",\"name\":\"Bellunopress - Dolomiti\",\"description\":\"e-mail: redazione@bellunopress.it\",\"publisher\":{\"@id\":\"https:\\\/\\\/www.bellunopress.it\\\/#organization\"},\"potentialAction\":[{\"@type\":\"SearchAction\",\"target\":{\"@type\":\"EntryPoint\",\"urlTemplate\":\"https:\\\/\\\/www.bellunopress.it\\\/?s={search_term_string}\"},\"query-input\":{\"@type\":\"PropertyValueSpecification\",\"valueRequired\":true,\"valueName\":\"search_term_string\"}}],\"inLanguage\":\"fr-FR\"},{\"@type\":\"Organization\",\"@id\":\"https:\\\/\\\/www.bellunopress.it\\\/#organization\",\"name\":\"Bellunopress\",\"url\":\"https:\\\/\\\/www.bellunopress.it\\\/\",\"logo\":{\"@type\":\"ImageObject\",\"inLanguage\":\"fr-FR\",\"@id\":\"https:\\\/\\\/www.bellunopress.it\\\/#\\\/schema\\\/logo\\\/image\\\/\",\"url\":\"https:\\\/\\\/www.bellunopress.it\\\/wp-content\\\/uploads\\\/2011\\\/05\\\/cropped-logo-bellunopress-.jpg\",\"contentUrl\":\"https:\\\/\\\/www.bellunopress.it\\\/wp-content\\\/uploads\\\/2011\\\/05\\\/cropped-logo-bellunopress-.jpg\",\"width\":512,\"height\":512,\"caption\":\"Bellunopress\"},\"image\":{\"@id\":\"https:\\\/\\\/www.bellunopress.it\\\/#\\\/schema\\\/logo\\\/image\\\/\"},\"sameAs\":[\"https:\\\/\\\/www.facebook.com\\\/profile.php?id=100008943462799\",\"https:\\\/\\\/x.com\\\/bellunopress\",\"https:\\\/\\\/www.linkedin.com\\\/hp\\\/?dnr=JBzUWaJfMUw8vbXJJ2tVW5-I3jZKvC4wsoxE&amp;amp;amp;amp;amp;amp;trk=nav_responsive_tab_home\",\"https:\\\/\\\/www.youtube.com\\\/channel\\\/UCxL0wu1uN0_3_7hGG0306cw\"]},{\"@type\":\"Person\",\"@id\":\"https:\\\/\\\/www.bellunopress.it\\\/#\\\/schema\\\/person\\\/79bb06722b37ece1c03d3e94beb30d73\",\"name\":\"redazione\",\"image\":{\"@type\":\"ImageObject\",\"inLanguage\":\"fr-FR\",\"@id\":\"https:\\\/\\\/secure.gravatar.com\\\/avatar\\\/37d968a2e67a6fd04c169c4bdef102d0bc5d31b2546345219e348575eb80e9a0?s=96&d=mm&r=g\",\"url\":\"https:\\\/\\\/secure.gravatar.com\\\/avatar\\\/37d968a2e67a6fd04c169c4bdef102d0bc5d31b2546345219e348575eb80e9a0?s=96&d=mm&r=g\",\"contentUrl\":\"https:\\\/\\\/secure.gravatar.com\\\/avatar\\\/37d968a2e67a6fd04c169c4bdef102d0bc5d31b2546345219e348575eb80e9a0?s=96&d=mm&r=g\",\"caption\":\"redazione\"},\"sameAs\":[\"http:\\\/\\\/www.bellunopress.it\",\"https:\\\/\\\/x.com\\\/bellunopress\"],\"url\":\"https:\\\/\\\/www.bellunopress.it\\\/fr\\\/author\\\/redazione\\\/\"}]}<\/script>\n<!-- \/ Yoast SEO plugin. -->","yoast_head_json":{"title":"Cammina con i gufi, il 19 settembre a Cesiomaggiore l'escursione notturna in compagnia di gufi, civette e tante sorprese - Bellunopress - Dolomiti","robots":{"index":"index","follow":"follow","max-snippet":"max-snippet:-1","max-image-preview":"max-image-preview:large","max-video-preview":"max-video-preview:-1"},"canonical":"https:\/\/www.bellunopress.it\/fr\/2009\/08\/26\/cammina-con-i-gufi-il-19-settembre-a-cesiomaggiore-lscursione-notturna-in-compagnia-di-gufi-civette-e-tante-sorprese\/","og_locale":"fr_FR","og_type":"article","og_title":"Cammina con i gufi, il 19 settembre a Cesiomaggiore l'escursione notturna in compagnia di gufi, civette e tante sorprese - Bellunopress - Dolomiti","og_description":"La manifestazione nata, cinque anni fa, con il proposito di scoprire nella quiete della notte le bellezze naturali della valle di Sant\u2019Aagapito, si sta caratterizzando di anno in anno come un evento davvero singolare. Anche in questa edizione il percorso si snoder\u00e0 ad anello, a nord dell\u2019abitato di Cesiomaggiore, su facili sentieri nei boschi, lungo [&hellip;]","og_url":"https:\/\/www.bellunopress.it\/fr\/2009\/08\/26\/cammina-con-i-gufi-il-19-settembre-a-cesiomaggiore-lscursione-notturna-in-compagnia-di-gufi-civette-e-tante-sorprese\/","og_site_name":"Bellunopress - Dolomiti","article_publisher":"https:\/\/www.facebook.com\/profile.php?id=100008943462799","article_published_time":"2009-08-26T06:12:00+00:00","article_modified_time":"2009-08-26T06:13:53+00:00","og_image":[{"url":"http:\/\/www.bellunopress.it\/wp-content\/uploads\/2012\/07\/logo-bellunopress-250x250-2012.jpg","type":"","width":"","height":""}],"author":"redazione","twitter_card":"summary_large_image","twitter_creator":"@bellunopress","twitter_site":"@bellunopress","twitter_misc":{"\u00c9crit par":"redazione","Dur\u00e9e de lecture estim\u00e9e":"2 minutes"},"schema":{"@context":"https:\/\/schema.org","@graph":[{"@type":"Article","@id":"https:\/\/www.bellunopress.it\/2009\/08\/26\/cammina-con-i-gufi-il-19-settembre-a-cesiomaggiore-lscursione-notturna-in-compagnia-di-gufi-civette-e-tante-sorprese\/#article","isPartOf":{"@id":"https:\/\/www.bellunopress.it\/2009\/08\/26\/cammina-con-i-gufi-il-19-settembre-a-cesiomaggiore-lscursione-notturna-in-compagnia-di-gufi-civette-e-tante-sorprese\/"},"author":{"name":"redazione","@id":"https:\/\/www.bellunopress.it\/#\/schema\/person\/79bb06722b37ece1c03d3e94beb30d73"},"headline":"Cammina con i gufi, il 19 settembre a Cesiomaggiore l&#8217;escursione notturna in compagnia di gufi, civette e tante sorprese","datePublished":"2009-08-26T06:12:00+00:00","dateModified":"2009-08-26T06:13:53+00:00","mainEntityOfPage":{"@id":"https:\/\/www.bellunopress.it\/2009\/08\/26\/cammina-con-i-gufi-il-19-settembre-a-cesiomaggiore-lscursione-notturna-in-compagnia-di-gufi-civette-e-tante-sorprese\/"},"wordCount":442,"publisher":{"@id":"https:\/\/www.bellunopress.it\/#organization"},"keywords":["Dolomiti"],"articleSection":["Meteo, natura, ambiente, animali","Pausa Caff\u00e8"],"inLanguage":"fr-FR"},{"@type":"WebPage","@id":"https:\/\/www.bellunopress.it\/2009\/08\/26\/cammina-con-i-gufi-il-19-settembre-a-cesiomaggiore-lscursione-notturna-in-compagnia-di-gufi-civette-e-tante-sorprese\/","url":"https:\/\/www.bellunopress.it\/2009\/08\/26\/cammina-con-i-gufi-il-19-settembre-a-cesiomaggiore-lscursione-notturna-in-compagnia-di-gufi-civette-e-tante-sorprese\/","name":"Cammina con i gufi, il 19 settembre a Cesiomaggiore l'escursione notturna in compagnia di gufi, civette e tante sorprese - Bellunopress - Dolomiti","isPartOf":{"@id":"https:\/\/www.bellunopress.it\/#website"},"datePublished":"2009-08-26T06:12:00+00:00","dateModified":"2009-08-26T06:13:53+00:00","breadcrumb":{"@id":"https:\/\/www.bellunopress.it\/2009\/08\/26\/cammina-con-i-gufi-il-19-settembre-a-cesiomaggiore-lscursione-notturna-in-compagnia-di-gufi-civette-e-tante-sorprese\/#breadcrumb"},"inLanguage":"fr-FR","potentialAction":[{"@type":"ReadAction","target":["https:\/\/www.bellunopress.it\/2009\/08\/26\/cammina-con-i-gufi-il-19-settembre-a-cesiomaggiore-lscursione-notturna-in-compagnia-di-gufi-civette-e-tante-sorprese\/"]}]},{"@type":"BreadcrumbList","@id":"https:\/\/www.bellunopress.it\/2009\/08\/26\/cammina-con-i-gufi-il-19-settembre-a-cesiomaggiore-lscursione-notturna-in-compagnia-di-gufi-civette-e-tante-sorprese\/#breadcrumb","itemListElement":[{"@type":"ListItem","position":1,"name":"Home","item":"https:\/\/www.bellunopress.it\/"},{"@type":"ListItem","position":2,"name":"Cammina con i gufi, il 19 settembre a Cesiomaggiore l&#8217;escursione notturna in compagnia di gufi, civette e tante sorprese"}]},{"@type":"WebSite","@id":"https:\/\/www.bellunopress.it\/#website","url":"https:\/\/www.bellunopress.it\/","name":"Bellunopress - Dolomiti","description":"e-mail: redazione@bellunopress.it","publisher":{"@id":"https:\/\/www.bellunopress.it\/#organization"},"potentialAction":[{"@type":"SearchAction","target":{"@type":"EntryPoint","urlTemplate":"https:\/\/www.bellunopress.it\/?s={search_term_string}"},"query-input":{"@type":"PropertyValueSpecification","valueRequired":true,"valueName":"search_term_string"}}],"inLanguage":"fr-FR"},{"@type":"Organization","@id":"https:\/\/www.bellunopress.it\/#organization","name":"Bellunopress","url":"https:\/\/www.bellunopress.it\/","logo":{"@type":"ImageObject","inLanguage":"fr-FR","@id":"https:\/\/www.bellunopress.it\/#\/schema\/logo\/image\/","url":"https:\/\/www.bellunopress.it\/wp-content\/uploads\/2011\/05\/cropped-logo-bellunopress-.jpg","contentUrl":"https:\/\/www.bellunopress.it\/wp-content\/uploads\/2011\/05\/cropped-logo-bellunopress-.jpg","width":512,"height":512,"caption":"Bellunopress"},"image":{"@id":"https:\/\/www.bellunopress.it\/#\/schema\/logo\/image\/"},"sameAs":["https:\/\/www.facebook.com\/profile.php?id=100008943462799","https:\/\/x.com\/bellunopress","https:\/\/www.linkedin.com\/hp\/?dnr=JBzUWaJfMUw8vbXJJ2tVW5-I3jZKvC4wsoxE&amp;amp;amp;amp;amp;amp;trk=nav_responsive_tab_home","https:\/\/www.youtube.com\/channel\/UCxL0wu1uN0_3_7hGG0306cw"]},{"@type":"Person","@id":"https:\/\/www.bellunopress.it\/#\/schema\/person\/79bb06722b37ece1c03d3e94beb30d73","name":"r\u00e9daction","image":{"@type":"ImageObject","inLanguage":"fr-FR","@id":"https:\/\/secure.gravatar.com\/avatar\/37d968a2e67a6fd04c169c4bdef102d0bc5d31b2546345219e348575eb80e9a0?s=96&d=mm&r=g","url":"https:\/\/secure.gravatar.com\/avatar\/37d968a2e67a6fd04c169c4bdef102d0bc5d31b2546345219e348575eb80e9a0?s=96&d=mm&r=g","contentUrl":"https:\/\/secure.gravatar.com\/avatar\/37d968a2e67a6fd04c169c4bdef102d0bc5d31b2546345219e348575eb80e9a0?s=96&d=mm&r=g","caption":"redazione"},"sameAs":["http:\/\/www.bellunopress.it","https:\/\/x.com\/bellunopress"],"url":"https:\/\/www.bellunopress.it\/fr\/author\/redazione\/"}]}},"_links":{"self":[{"href":"https:\/\/www.bellunopress.it\/fr\/wp-json\/wp\/v2\/posts\/7356","targetHints":{"allow":["GET"]}}],"collection":[{"href":"https:\/\/www.bellunopress.it\/fr\/wp-json\/wp\/v2\/posts"}],"about":[{"href":"https:\/\/www.bellunopress.it\/fr\/wp-json\/wp\/v2\/types\/post"}],"author":[{"embeddable":true,"href":"https:\/\/www.bellunopress.it\/fr\/wp-json\/wp\/v2\/users\/2"}],"replies":[{"embeddable":true,"href":"https:\/\/www.bellunopress.it\/fr\/wp-json\/wp\/v2\/comments?post=7356"}],"version-history":[{"count":2,"href":"https:\/\/www.bellunopress.it\/fr\/wp-json\/wp\/v2\/posts\/7356\/revisions"}],"predecessor-version":[{"id":7358,"href":"https:\/\/www.bellunopress.it\/fr\/wp-json\/wp\/v2\/posts\/7356\/revisions\/7358"}],"wp:attachment":[{"href":"https:\/\/www.bellunopress.it\/fr\/wp-json\/wp\/v2\/media?parent=7356"}],"wp:term":[{"taxonomy":"category","embeddable":true,"href":"https:\/\/www.bellunopress.it\/fr\/wp-json\/wp\/v2\/categories?post=7356"},{"taxonomy":"post_tag","embeddable":true,"href":"https:\/\/www.bellunopress.it\/fr\/wp-json\/wp\/v2\/tags?post=7356"}],"curies":[{"name":"wp","href":"https:\/\/api.w.org\/{rel}","templated":true}]}}