{"id":7339,"date":"2009-08-25T18:37:41","date_gmt":"2009-08-25T17:37:41","guid":{"rendered":"http:\/\/www.bellunopress.it\/?p=7339"},"modified":"2009-08-26T06:54:10","modified_gmt":"2009-08-26T05:54:10","slug":"folla-per-i-funerali-di-dario-fabrizio-marco-e-stefano-i-quattro-specialisti-del-soccorso-alpino-caduti-con-lelicottero-del-suem","status":"publish","type":"post","link":"https:\/\/www.bellunopress.it\/fr\/2009\/08\/25\/folla-per-i-funerali-di-dario-fabrizio-marco-e-stefano-i-quattro-specialisti-del-soccorso-alpino-caduti-con-lelicottero-del-suem\/","title":{"rendered":"Folla per i funerali di Dario, Fabrizio, Marco e Stefano, i quattro specialisti del Soccorso alpino caduti con l&#8217;elicottero del Suem"},"content":{"rendered":"<p><a href=\"http:\/\/www.bellunopress.it\/wp-content\/uploads\/2009\/08\/funerale-equipaggio-suem-012.jpg\"><img loading=\"lazy\" decoding=\"async\" class=\"alignleft size-medium wp-image-7342\" title=\"funerale-equipaggio-suem-012\" src=\"http:\/\/www.bellunopress.it\/wp-content\/uploads\/2009\/08\/funerale-equipaggio-suem-012.jpg\" alt=\"\" width=\"270\" height=\"180\" \/><\/a>La cattedrale di Belluno era gremita ieri pomeriggio per la cerimonia funebre di Dario De Felip pilota dell\u2019Inaer, Fabrizio Spaziani medico del Suem 118 e direttore Scuola sanitaria Cnsas, Marco Zago tecnico aeronatico dell\u2019Inaer e del Soccorso alpino e Stefano Da Forno tecnico di elisoccorso e direttore della Scuola regionale del Soccorso alpino, precipitati con l&#8217;elicottero nel corso di un&#8217;operazione di ricognizione di una frana a Rio Gere sabato scorso. E anche da palazzo Piloni, sede della Provincia, lungo tutta piazza Duomo, fino al Palazzo delle Poste, la gente si \u00e8 accalcata per rendere omaggio alle salme di coloro che, per professione, avevano scelto di mettere costantemente a repentaglio la loro vita per salvare quella del prossimo. I canti da montagna del coro Cai di Belluno sono stati la preghiera che ha accompagnato la cerimonia funebre ufficiata da monsignor Giuseppe Andrich, vescovo di Belluno e Feltre. Che \u00e8 iniziata con il messaggio di cordoglio del Pontefice seguito da quello del primario del Suem Angelo Costa, quest&#8217;ultimo invitava ad \u201cun silenzio di ascolto e di preghiera\u201d, chiedendo di non fare degli applausi. Ma l&#8217;ingresso in Cattedrale dei quattro feretri uguali in legno molto semplice, quasi a voler rappresentare i valori dell&#8217;essere non gi\u00e0 il mero apparire,\u00a0era gi\u00e0 stato accolto dall&#8217;applauso. Come avvien<a href=\"http:\/\/www.bellunopress.it\/wp-content\/uploads\/2009\/08\/funerale-equipaggio-suem-003.jpg\"><img loading=\"lazy\" decoding=\"async\" class=\"alignleft size-medium wp-image-7340\" title=\"funerale-equipaggio-suem-003\" src=\"http:\/\/www.bellunopress.it\/wp-content\/uploads\/2009\/08\/funerale-equipaggio-suem-003.jpg\" alt=\"\" width=\"270\" height=\"180\" \/><\/a>e oramai frequentemente in queste circostanze. Il silenzio \u201cche unisce l&#8217;animo di ognuno in questi momenti\u201d, \u00e8 stato anche il tema dell&#8217;omelia funebre. Tuttavia, anche all&#8217;uscita dei feretri, si \u00e8 ripetuto l&#8217;applauso della folla dominato dal rombo, diventato in quel momento struggente, dell&#8217;elicottero del Suem 118 che ha sorvolato il Duomo per dare l&#8217;ultimo saluto agli amici e colleghi.<\/p>","protected":false},"excerpt":{"rendered":"<p>La cattedrale di Belluno era gremita ieri pomeriggio per la cerimonia funebre di Dario De Felip pilota dell\u2019Inaer, Fabrizio Spaziani medico del Suem 118 e direttore Scuola sanitaria Cnsas, Marco Zago tecnico aeronatico dell\u2019Inaer e del Soccorso alpino e Stefano Da Forno tecnico di elisoccorso e direttore della Scuola regionale del Soccorso alpino, precipitati con [&hellip;]<\/p>\n","protected":false},"author":2,"featured_media":0,"comment_status":"closed","ping_status":"open","sticky":false,"template":"","format":"standard","meta":{"footnotes":""},"categories":[5],"tags":[139,302],"class_list":["post-7339","post","type-post","status-publish","format-standard","category-cronaca","tag-belluno","tag-feltre"],"yoast_head":"<!-- This site is optimized with the Yoast SEO plugin v28.4 - https:\/\/yoast.com\/product\/yoast-seo-wordpress\/ -->\n<title>Folla per i funerali di Dario, Fabrizio, Marco e Stefano, i quattro specialisti del Soccorso alpino caduti con l&#039;elicottero del Suem - Bellunopress - Dolomiti<\/title>\n<meta name=\"robots\" content=\"index, follow, max-snippet:-1, max-image-preview:large, max-video-preview:-1\" \/>\n<link rel=\"canonical\" href=\"https:\/\/www.bellunopress.it\/fr\/2009\/08\/25\/folla-per-i-funerali-di-dario-fabrizio-marco-e-stefano-i-quattro-specialisti-del-soccorso-alpino-caduti-con-lelicottero-del-suem\/\" \/>\n<meta property=\"og:locale\" content=\"fr_FR\" \/>\n<meta property=\"og:type\" content=\"article\" \/>\n<meta property=\"og:title\" content=\"Folla per i funerali di Dario, Fabrizio, Marco e Stefano, i quattro specialisti del Soccorso alpino caduti con l&#039;elicottero del Suem - Bellunopress - Dolomiti\" \/>\n<meta property=\"og:description\" content=\"La cattedrale di Belluno era gremita ieri pomeriggio per la cerimonia funebre di Dario De Felip pilota dell\u2019Inaer, Fabrizio Spaziani medico del Suem 118 e direttore Scuola sanitaria Cnsas, Marco Zago tecnico aeronatico dell\u2019Inaer e del Soccorso alpino e Stefano Da Forno tecnico di elisoccorso e direttore della Scuola regionale del Soccorso alpino, precipitati con [&hellip;]\" \/>\n<meta property=\"og:url\" content=\"https:\/\/www.bellunopress.it\/fr\/2009\/08\/25\/folla-per-i-funerali-di-dario-fabrizio-marco-e-stefano-i-quattro-specialisti-del-soccorso-alpino-caduti-con-lelicottero-del-suem\/\" \/>\n<meta property=\"og:site_name\" content=\"Bellunopress - Dolomiti\" \/>\n<meta property=\"article:publisher\" content=\"https:\/\/www.facebook.com\/profile.php?id=100008943462799\" \/>\n<meta property=\"article:published_time\" content=\"2009-08-25T17:37:41+00:00\" \/>\n<meta property=\"article:modified_time\" content=\"2009-08-26T05:54:10+00:00\" \/>\n<meta property=\"og:image\" content=\"http:\/\/www.bellunopress.it\/wp-content\/uploads\/2009\/08\/funerale-equipaggio-suem-012.jpg\" \/>\n<meta name=\"author\" content=\"redazione\" \/>\n<meta name=\"twitter:card\" content=\"summary_large_image\" \/>\n<meta name=\"twitter:creator\" content=\"@bellunopress\" \/>\n<meta name=\"twitter:site\" content=\"@bellunopress\" \/>\n<meta name=\"twitter:label1\" content=\"\u00c9crit par\" \/>\n\t<meta name=\"twitter:data1\" content=\"redazione\" \/>\n\t<meta name=\"twitter:label2\" content=\"Dur\u00e9e de lecture estim\u00e9e\" \/>\n\t<meta name=\"twitter:data2\" content=\"1 minute\" \/>\n<script type=\"application\/ld+json\" class=\"yoast-schema-graph\">{\"@context\":\"https:\\\/\\\/schema.org\",\"@graph\":[{\"@type\":\"Article\",\"@id\":\"https:\\\/\\\/www.bellunopress.it\\\/2009\\\/08\\\/25\\\/folla-per-i-funerali-di-dario-fabrizio-marco-e-stefano-i-quattro-specialisti-del-soccorso-alpino-caduti-con-lelicottero-del-suem\\\/#article\",\"isPartOf\":{\"@id\":\"https:\\\/\\\/www.bellunopress.it\\\/2009\\\/08\\\/25\\\/folla-per-i-funerali-di-dario-fabrizio-marco-e-stefano-i-quattro-specialisti-del-soccorso-alpino-caduti-con-lelicottero-del-suem\\\/\"},\"author\":{\"name\":\"redazione\",\"@id\":\"https:\\\/\\\/www.bellunopress.it\\\/#\\\/schema\\\/person\\\/79bb06722b37ece1c03d3e94beb30d73\"},\"headline\":\"Folla per i funerali di Dario, Fabrizio, Marco e Stefano, i quattro specialisti del Soccorso alpino caduti con l&#8217;elicottero del Suem\",\"datePublished\":\"2009-08-25T17:37:41+00:00\",\"dateModified\":\"2009-08-26T05:54:10+00:00\",\"mainEntityOfPage\":{\"@id\":\"https:\\\/\\\/www.bellunopress.it\\\/2009\\\/08\\\/25\\\/folla-per-i-funerali-di-dario-fabrizio-marco-e-stefano-i-quattro-specialisti-del-soccorso-alpino-caduti-con-lelicottero-del-suem\\\/\"},\"wordCount\":301,\"publisher\":{\"@id\":\"https:\\\/\\\/www.bellunopress.it\\\/#organization\"},\"image\":{\"@id\":\"https:\\\/\\\/www.bellunopress.it\\\/2009\\\/08\\\/25\\\/folla-per-i-funerali-di-dario-fabrizio-marco-e-stefano-i-quattro-specialisti-del-soccorso-alpino-caduti-con-lelicottero-del-suem\\\/#primaryimage\"},\"thumbnailUrl\":\"http:\\\/\\\/www.bellunopress.it\\\/wp-content\\\/uploads\\\/2009\\\/08\\\/funerale-equipaggio-suem-012.jpg\",\"keywords\":[\"Belluno\",\"Feltre\"],\"articleSection\":[\"Cronaca\\\/Politica\"],\"inLanguage\":\"fr-FR\"},{\"@type\":\"WebPage\",\"@id\":\"https:\\\/\\\/www.bellunopress.it\\\/2009\\\/08\\\/25\\\/folla-per-i-funerali-di-dario-fabrizio-marco-e-stefano-i-quattro-specialisti-del-soccorso-alpino-caduti-con-lelicottero-del-suem\\\/\",\"url\":\"https:\\\/\\\/www.bellunopress.it\\\/2009\\\/08\\\/25\\\/folla-per-i-funerali-di-dario-fabrizio-marco-e-stefano-i-quattro-specialisti-del-soccorso-alpino-caduti-con-lelicottero-del-suem\\\/\",\"name\":\"Folla per i funerali di Dario, Fabrizio, Marco e Stefano, i quattro specialisti del Soccorso alpino caduti con l'elicottero del Suem - Bellunopress - Dolomiti\",\"isPartOf\":{\"@id\":\"https:\\\/\\\/www.bellunopress.it\\\/#website\"},\"primaryImageOfPage\":{\"@id\":\"https:\\\/\\\/www.bellunopress.it\\\/2009\\\/08\\\/25\\\/folla-per-i-funerali-di-dario-fabrizio-marco-e-stefano-i-quattro-specialisti-del-soccorso-alpino-caduti-con-lelicottero-del-suem\\\/#primaryimage\"},\"image\":{\"@id\":\"https:\\\/\\\/www.bellunopress.it\\\/2009\\\/08\\\/25\\\/folla-per-i-funerali-di-dario-fabrizio-marco-e-stefano-i-quattro-specialisti-del-soccorso-alpino-caduti-con-lelicottero-del-suem\\\/#primaryimage\"},\"thumbnailUrl\":\"http:\\\/\\\/www.bellunopress.it\\\/wp-content\\\/uploads\\\/2009\\\/08\\\/funerale-equipaggio-suem-012.jpg\",\"datePublished\":\"2009-08-25T17:37:41+00:00\",\"dateModified\":\"2009-08-26T05:54:10+00:00\",\"breadcrumb\":{\"@id\":\"https:\\\/\\\/www.bellunopress.it\\\/2009\\\/08\\\/25\\\/folla-per-i-funerali-di-dario-fabrizio-marco-e-stefano-i-quattro-specialisti-del-soccorso-alpino-caduti-con-lelicottero-del-suem\\\/#breadcrumb\"},\"inLanguage\":\"fr-FR\",\"potentialAction\":[{\"@type\":\"ReadAction\",\"target\":[\"https:\\\/\\\/www.bellunopress.it\\\/2009\\\/08\\\/25\\\/folla-per-i-funerali-di-dario-fabrizio-marco-e-stefano-i-quattro-specialisti-del-soccorso-alpino-caduti-con-lelicottero-del-suem\\\/\"]}]},{\"@type\":\"ImageObject\",\"inLanguage\":\"fr-FR\",\"@id\":\"https:\\\/\\\/www.bellunopress.it\\\/2009\\\/08\\\/25\\\/folla-per-i-funerali-di-dario-fabrizio-marco-e-stefano-i-quattro-specialisti-del-soccorso-alpino-caduti-con-lelicottero-del-suem\\\/#primaryimage\",\"url\":\"http:\\\/\\\/www.bellunopress.it\\\/wp-content\\\/uploads\\\/2009\\\/08\\\/funerale-equipaggio-suem-012.jpg\",\"contentUrl\":\"http:\\\/\\\/www.bellunopress.it\\\/wp-content\\\/uploads\\\/2009\\\/08\\\/funerale-equipaggio-suem-012.jpg\"},{\"@type\":\"BreadcrumbList\",\"@id\":\"https:\\\/\\\/www.bellunopress.it\\\/2009\\\/08\\\/25\\\/folla-per-i-funerali-di-dario-fabrizio-marco-e-stefano-i-quattro-specialisti-del-soccorso-alpino-caduti-con-lelicottero-del-suem\\\/#breadcrumb\",\"itemListElement\":[{\"@type\":\"ListItem\",\"position\":1,\"name\":\"Home\",\"item\":\"https:\\\/\\\/www.bellunopress.it\\\/\"},{\"@type\":\"ListItem\",\"position\":2,\"name\":\"Folla per i funerali di Dario, Fabrizio, Marco e Stefano, i quattro specialisti del Soccorso alpino caduti con l&#8217;elicottero del Suem\"}]},{\"@type\":\"WebSite\",\"@id\":\"https:\\\/\\\/www.bellunopress.it\\\/#website\",\"url\":\"https:\\\/\\\/www.bellunopress.it\\\/\",\"name\":\"Bellunopress - Dolomiti\",\"description\":\"e-mail: redazione@bellunopress.it\",\"publisher\":{\"@id\":\"https:\\\/\\\/www.bellunopress.it\\\/#organization\"},\"potentialAction\":[{\"@type\":\"SearchAction\",\"target\":{\"@type\":\"EntryPoint\",\"urlTemplate\":\"https:\\\/\\\/www.bellunopress.it\\\/?s={search_term_string}\"},\"query-input\":{\"@type\":\"PropertyValueSpecification\",\"valueRequired\":true,\"valueName\":\"search_term_string\"}}],\"inLanguage\":\"fr-FR\"},{\"@type\":\"Organization\",\"@id\":\"https:\\\/\\\/www.bellunopress.it\\\/#organization\",\"name\":\"Bellunopress\",\"url\":\"https:\\\/\\\/www.bellunopress.it\\\/\",\"logo\":{\"@type\":\"ImageObject\",\"inLanguage\":\"fr-FR\",\"@id\":\"https:\\\/\\\/www.bellunopress.it\\\/#\\\/schema\\\/logo\\\/image\\\/\",\"url\":\"https:\\\/\\\/www.bellunopress.it\\\/wp-content\\\/uploads\\\/2011\\\/05\\\/cropped-logo-bellunopress-.jpg\",\"contentUrl\":\"https:\\\/\\\/www.bellunopress.it\\\/wp-content\\\/uploads\\\/2011\\\/05\\\/cropped-logo-bellunopress-.jpg\",\"width\":512,\"height\":512,\"caption\":\"Bellunopress\"},\"image\":{\"@id\":\"https:\\\/\\\/www.bellunopress.it\\\/#\\\/schema\\\/logo\\\/image\\\/\"},\"sameAs\":[\"https:\\\/\\\/www.facebook.com\\\/profile.php?id=100008943462799\",\"https:\\\/\\\/x.com\\\/bellunopress\",\"https:\\\/\\\/www.linkedin.com\\\/hp\\\/?dnr=JBzUWaJfMUw8vbXJJ2tVW5-I3jZKvC4wsoxE&amp;amp;amp;amp;amp;amp;trk=nav_responsive_tab_home\",\"https:\\\/\\\/www.youtube.com\\\/channel\\\/UCxL0wu1uN0_3_7hGG0306cw\"]},{\"@type\":\"Person\",\"@id\":\"https:\\\/\\\/www.bellunopress.it\\\/#\\\/schema\\\/person\\\/79bb06722b37ece1c03d3e94beb30d73\",\"name\":\"redazione\",\"image\":{\"@type\":\"ImageObject\",\"inLanguage\":\"fr-FR\",\"@id\":\"https:\\\/\\\/secure.gravatar.com\\\/avatar\\\/37d968a2e67a6fd04c169c4bdef102d0bc5d31b2546345219e348575eb80e9a0?s=96&d=mm&r=g\",\"url\":\"https:\\\/\\\/secure.gravatar.com\\\/avatar\\\/37d968a2e67a6fd04c169c4bdef102d0bc5d31b2546345219e348575eb80e9a0?s=96&d=mm&r=g\",\"contentUrl\":\"https:\\\/\\\/secure.gravatar.com\\\/avatar\\\/37d968a2e67a6fd04c169c4bdef102d0bc5d31b2546345219e348575eb80e9a0?s=96&d=mm&r=g\",\"caption\":\"redazione\"},\"sameAs\":[\"http:\\\/\\\/www.bellunopress.it\",\"https:\\\/\\\/x.com\\\/bellunopress\"],\"url\":\"https:\\\/\\\/www.bellunopress.it\\\/fr\\\/author\\\/redazione\\\/\"}]}<\/script>\n<!-- \/ Yoast SEO plugin. -->","yoast_head_json":{"title":"Folla per i funerali di Dario, Fabrizio, Marco e Stefano, i quattro specialisti del Soccorso alpino caduti con l'elicottero del Suem - Bellunopress - Dolomiti","robots":{"index":"index","follow":"follow","max-snippet":"max-snippet:-1","max-image-preview":"max-image-preview:large","max-video-preview":"max-video-preview:-1"},"canonical":"https:\/\/www.bellunopress.it\/fr\/2009\/08\/25\/folla-per-i-funerali-di-dario-fabrizio-marco-e-stefano-i-quattro-specialisti-del-soccorso-alpino-caduti-con-lelicottero-del-suem\/","og_locale":"fr_FR","og_type":"article","og_title":"Folla per i funerali di Dario, Fabrizio, Marco e Stefano, i quattro specialisti del Soccorso alpino caduti con l'elicottero del Suem - Bellunopress - Dolomiti","og_description":"La cattedrale di Belluno era gremita ieri pomeriggio per la cerimonia funebre di Dario De Felip pilota dell\u2019Inaer, Fabrizio Spaziani medico del Suem 118 e direttore Scuola sanitaria Cnsas, Marco Zago tecnico aeronatico dell\u2019Inaer e del Soccorso alpino e Stefano Da Forno tecnico di elisoccorso e direttore della Scuola regionale del Soccorso alpino, precipitati con [&hellip;]","og_url":"https:\/\/www.bellunopress.it\/fr\/2009\/08\/25\/folla-per-i-funerali-di-dario-fabrizio-marco-e-stefano-i-quattro-specialisti-del-soccorso-alpino-caduti-con-lelicottero-del-suem\/","og_site_name":"Bellunopress - Dolomiti","article_publisher":"https:\/\/www.facebook.com\/profile.php?id=100008943462799","article_published_time":"2009-08-25T17:37:41+00:00","article_modified_time":"2009-08-26T05:54:10+00:00","og_image":[{"url":"http:\/\/www.bellunopress.it\/wp-content\/uploads\/2009\/08\/funerale-equipaggio-suem-012.jpg","type":"","width":"","height":""}],"author":"redazione","twitter_card":"summary_large_image","twitter_creator":"@bellunopress","twitter_site":"@bellunopress","twitter_misc":{"\u00c9crit par":"redazione","Dur\u00e9e de lecture estim\u00e9e":"1 minute"},"schema":{"@context":"https:\/\/schema.org","@graph":[{"@type":"Article","@id":"https:\/\/www.bellunopress.it\/2009\/08\/25\/folla-per-i-funerali-di-dario-fabrizio-marco-e-stefano-i-quattro-specialisti-del-soccorso-alpino-caduti-con-lelicottero-del-suem\/#article","isPartOf":{"@id":"https:\/\/www.bellunopress.it\/2009\/08\/25\/folla-per-i-funerali-di-dario-fabrizio-marco-e-stefano-i-quattro-specialisti-del-soccorso-alpino-caduti-con-lelicottero-del-suem\/"},"author":{"name":"redazione","@id":"https:\/\/www.bellunopress.it\/#\/schema\/person\/79bb06722b37ece1c03d3e94beb30d73"},"headline":"Folla per i funerali di Dario, Fabrizio, Marco e Stefano, i quattro specialisti del Soccorso alpino caduti con l&#8217;elicottero del Suem","datePublished":"2009-08-25T17:37:41+00:00","dateModified":"2009-08-26T05:54:10+00:00","mainEntityOfPage":{"@id":"https:\/\/www.bellunopress.it\/2009\/08\/25\/folla-per-i-funerali-di-dario-fabrizio-marco-e-stefano-i-quattro-specialisti-del-soccorso-alpino-caduti-con-lelicottero-del-suem\/"},"wordCount":301,"publisher":{"@id":"https:\/\/www.bellunopress.it\/#organization"},"image":{"@id":"https:\/\/www.bellunopress.it\/2009\/08\/25\/folla-per-i-funerali-di-dario-fabrizio-marco-e-stefano-i-quattro-specialisti-del-soccorso-alpino-caduti-con-lelicottero-del-suem\/#primaryimage"},"thumbnailUrl":"http:\/\/www.bellunopress.it\/wp-content\/uploads\/2009\/08\/funerale-equipaggio-suem-012.jpg","keywords":["Belluno","Feltre"],"articleSection":["Cronaca\/Politica"],"inLanguage":"fr-FR"},{"@type":"WebPage","@id":"https:\/\/www.bellunopress.it\/2009\/08\/25\/folla-per-i-funerali-di-dario-fabrizio-marco-e-stefano-i-quattro-specialisti-del-soccorso-alpino-caduti-con-lelicottero-del-suem\/","url":"https:\/\/www.bellunopress.it\/2009\/08\/25\/folla-per-i-funerali-di-dario-fabrizio-marco-e-stefano-i-quattro-specialisti-del-soccorso-alpino-caduti-con-lelicottero-del-suem\/","name":"Folla per i funerali di Dario, Fabrizio, Marco e Stefano, i quattro specialisti del Soccorso alpino caduti con l'elicottero del Suem - Bellunopress - Dolomiti","isPartOf":{"@id":"https:\/\/www.bellunopress.it\/#website"},"primaryImageOfPage":{"@id":"https:\/\/www.bellunopress.it\/2009\/08\/25\/folla-per-i-funerali-di-dario-fabrizio-marco-e-stefano-i-quattro-specialisti-del-soccorso-alpino-caduti-con-lelicottero-del-suem\/#primaryimage"},"image":{"@id":"https:\/\/www.bellunopress.it\/2009\/08\/25\/folla-per-i-funerali-di-dario-fabrizio-marco-e-stefano-i-quattro-specialisti-del-soccorso-alpino-caduti-con-lelicottero-del-suem\/#primaryimage"},"thumbnailUrl":"http:\/\/www.bellunopress.it\/wp-content\/uploads\/2009\/08\/funerale-equipaggio-suem-012.jpg","datePublished":"2009-08-25T17:37:41+00:00","dateModified":"2009-08-26T05:54:10+00:00","breadcrumb":{"@id":"https:\/\/www.bellunopress.it\/2009\/08\/25\/folla-per-i-funerali-di-dario-fabrizio-marco-e-stefano-i-quattro-specialisti-del-soccorso-alpino-caduti-con-lelicottero-del-suem\/#breadcrumb"},"inLanguage":"fr-FR","potentialAction":[{"@type":"ReadAction","target":["https:\/\/www.bellunopress.it\/2009\/08\/25\/folla-per-i-funerali-di-dario-fabrizio-marco-e-stefano-i-quattro-specialisti-del-soccorso-alpino-caduti-con-lelicottero-del-suem\/"]}]},{"@type":"ImageObject","inLanguage":"fr-FR","@id":"https:\/\/www.bellunopress.it\/2009\/08\/25\/folla-per-i-funerali-di-dario-fabrizio-marco-e-stefano-i-quattro-specialisti-del-soccorso-alpino-caduti-con-lelicottero-del-suem\/#primaryimage","url":"http:\/\/www.bellunopress.it\/wp-content\/uploads\/2009\/08\/funerale-equipaggio-suem-012.jpg","contentUrl":"http:\/\/www.bellunopress.it\/wp-content\/uploads\/2009\/08\/funerale-equipaggio-suem-012.jpg"},{"@type":"BreadcrumbList","@id":"https:\/\/www.bellunopress.it\/2009\/08\/25\/folla-per-i-funerali-di-dario-fabrizio-marco-e-stefano-i-quattro-specialisti-del-soccorso-alpino-caduti-con-lelicottero-del-suem\/#breadcrumb","itemListElement":[{"@type":"ListItem","position":1,"name":"Home","item":"https:\/\/www.bellunopress.it\/"},{"@type":"ListItem","position":2,"name":"Folla per i funerali di Dario, Fabrizio, Marco e Stefano, i quattro specialisti del Soccorso alpino caduti con l&#8217;elicottero del Suem"}]},{"@type":"WebSite","@id":"https:\/\/www.bellunopress.it\/#website","url":"https:\/\/www.bellunopress.it\/","name":"Bellunopress - Dolomiti","description":"e-mail: redazione@bellunopress.it","publisher":{"@id":"https:\/\/www.bellunopress.it\/#organization"},"potentialAction":[{"@type":"SearchAction","target":{"@type":"EntryPoint","urlTemplate":"https:\/\/www.bellunopress.it\/?s={search_term_string}"},"query-input":{"@type":"PropertyValueSpecification","valueRequired":true,"valueName":"search_term_string"}}],"inLanguage":"fr-FR"},{"@type":"Organization","@id":"https:\/\/www.bellunopress.it\/#organization","name":"Bellunopress","url":"https:\/\/www.bellunopress.it\/","logo":{"@type":"ImageObject","inLanguage":"fr-FR","@id":"https:\/\/www.bellunopress.it\/#\/schema\/logo\/image\/","url":"https:\/\/www.bellunopress.it\/wp-content\/uploads\/2011\/05\/cropped-logo-bellunopress-.jpg","contentUrl":"https:\/\/www.bellunopress.it\/wp-content\/uploads\/2011\/05\/cropped-logo-bellunopress-.jpg","width":512,"height":512,"caption":"Bellunopress"},"image":{"@id":"https:\/\/www.bellunopress.it\/#\/schema\/logo\/image\/"},"sameAs":["https:\/\/www.facebook.com\/profile.php?id=100008943462799","https:\/\/x.com\/bellunopress","https:\/\/www.linkedin.com\/hp\/?dnr=JBzUWaJfMUw8vbXJJ2tVW5-I3jZKvC4wsoxE&amp;amp;amp;amp;amp;amp;trk=nav_responsive_tab_home","https:\/\/www.youtube.com\/channel\/UCxL0wu1uN0_3_7hGG0306cw"]},{"@type":"Person","@id":"https:\/\/www.bellunopress.it\/#\/schema\/person\/79bb06722b37ece1c03d3e94beb30d73","name":"r\u00e9daction","image":{"@type":"ImageObject","inLanguage":"fr-FR","@id":"https:\/\/secure.gravatar.com\/avatar\/37d968a2e67a6fd04c169c4bdef102d0bc5d31b2546345219e348575eb80e9a0?s=96&d=mm&r=g","url":"https:\/\/secure.gravatar.com\/avatar\/37d968a2e67a6fd04c169c4bdef102d0bc5d31b2546345219e348575eb80e9a0?s=96&d=mm&r=g","contentUrl":"https:\/\/secure.gravatar.com\/avatar\/37d968a2e67a6fd04c169c4bdef102d0bc5d31b2546345219e348575eb80e9a0?s=96&d=mm&r=g","caption":"redazione"},"sameAs":["http:\/\/www.bellunopress.it","https:\/\/x.com\/bellunopress"],"url":"https:\/\/www.bellunopress.it\/fr\/author\/redazione\/"}]}},"_links":{"self":[{"href":"https:\/\/www.bellunopress.it\/fr\/wp-json\/wp\/v2\/posts\/7339","targetHints":{"allow":["GET"]}}],"collection":[{"href":"https:\/\/www.bellunopress.it\/fr\/wp-json\/wp\/v2\/posts"}],"about":[{"href":"https:\/\/www.bellunopress.it\/fr\/wp-json\/wp\/v2\/types\/post"}],"author":[{"embeddable":true,"href":"https:\/\/www.bellunopress.it\/fr\/wp-json\/wp\/v2\/users\/2"}],"replies":[{"embeddable":true,"href":"https:\/\/www.bellunopress.it\/fr\/wp-json\/wp\/v2\/comments?post=7339"}],"version-history":[{"count":3,"href":"https:\/\/www.bellunopress.it\/fr\/wp-json\/wp\/v2\/posts\/7339\/revisions"}],"predecessor-version":[{"id":7353,"href":"https:\/\/www.bellunopress.it\/fr\/wp-json\/wp\/v2\/posts\/7339\/revisions\/7353"}],"wp:attachment":[{"href":"https:\/\/www.bellunopress.it\/fr\/wp-json\/wp\/v2\/media?parent=7339"}],"wp:term":[{"taxonomy":"category","embeddable":true,"href":"https:\/\/www.bellunopress.it\/fr\/wp-json\/wp\/v2\/categories?post=7339"},{"taxonomy":"post_tag","embeddable":true,"href":"https:\/\/www.bellunopress.it\/fr\/wp-json\/wp\/v2\/tags?post=7339"}],"curies":[{"name":"wp","href":"https:\/\/api.w.org\/{rel}","templated":true}]}}