{"id":7333,"date":"2009-08-25T13:20:05","date_gmt":"2009-08-25T12:20:05","guid":{"rendered":"http:\/\/www.bellunopress.it\/?p=7333"},"modified":"2009-08-25T13:20:05","modified_gmt":"2009-08-25T12:20:05","slug":"il-vicegovernatore-manzato-ad-auronzo-la-sede-della-fondazione-sia-intitolata-ai-4-ragazzi-deceduti-in-servizio-sul-cristallo-sul-discorso-di-napolitano-%e2%80%9clo-stato-si-disgrega-se-annull","status":"publish","type":"post","link":"https:\/\/www.bellunopress.it\/fr\/2009\/08\/25\/il-vicegovernatore-manzato-ad-auronzo-la-sede-della-fondazione-sia-intitolata-ai-4-ragazzi-deceduti-in-servizio-sul-cristallo-sul-discorso-di-napolitano-%e2%80%9clo-stato-si-disgrega-se-annull\/","title":{"rendered":"Il vicegovernatore Manzato ad Auronzo: &#8220;La sede della Fondazione sia intitolata ai 4 ragazzi deceduti in servizio sul Cristallo&#8221;.  Sul discorso di Napolitano: \u201cLo Stato si disgrega se annulla le identit\u00e0 locali e la loro autonomia finanziaria: risolvere subito la questione veneta\u201d"},"content":{"rendered":"<p>Il vicepresidente della Regione Veneto Franco Manzato stamattina era presente ad Auronzo per la celebrazione delle Dolomiti nell\u2019Unesco. \u201cHo ritenuto di partecipare per il mio ruolo istituzionale di Assessore al Turismo e per l\u2019appoggio che ho dato nel tempo all\u2019iter della Provincia di Belluno per ottenere questo riconoscimento, che per la nostra montagna \u00e8 un\u2019opportunit\u00e0 da non perdere. Oggi pomeriggio presenzier\u00f2 alle esequie dei quattro operatori del Suem che su queste cime hanno perso la vita nell\u2019ennesima missione di soccorso: l\u2019intero Veneto \u00e8 in lutto per loro, per le famiglie e per i colleghi\u201d. Riguardo a quanto affermato dal ministro Prestigiacomo sulla turnazione della sede della Fondazione Unesco, Manzato aggiunge: \u201cLa mia opinione \u00e8 che sia stabilita definitivamente e solo nel Bellunese, per dare ai nostri imprenditori di montagna un privilegio che almeno in questo li accomuni alle vicine province autonome. Il riconoscimento Unesco diventi senza polemiche n\u00e9 egoismi un modo per ricordare Stefano, Dario, Fabrizio e Marco: a loro venga intitolata la sede della Fondazione, perch\u00e9 hanno amato queste Dolomiti profondamente fino al sacrificio della vita. E\u2019 il modo migliore per ricordarli, e non credo che le Province vicine abbiano qualcosa da eccepire in merito\u201d.<br \/>\n\u201cRiguardo a quanto affermato dal presidente Napolitano (\u2018No al cieco soddisfacimento dei particolarismi\u2019) \u2013 conclude Manzato -, credo che la disgregazione dello Stato avvenga quando non si riconoscono le identit\u00e0 e non viene consegnata loro l\u2019autonomia finanziaria. La questione veneta e settentrionale \u00e8 la priorit\u00e0 da affrontare se si vuole perseguire l\u2019identit\u00e0 nazionale. Il presidente della Repubblica comprenda questo e ci aiuti ad ottenere l\u2019autonomia finanziaria pari a quella di Trentino, Alto Adige e Friuli Venezia Giulia\u201d.<\/p>","protected":false},"excerpt":{"rendered":"<p>Il vicepresidente della Regione Veneto Franco Manzato stamattina era presente ad Auronzo per la celebrazione delle Dolomiti nell\u2019Unesco. \u201cHo ritenuto di partecipare per il mio ruolo istituzionale di Assessore al Turismo e per l\u2019appoggio che ho dato nel tempo all\u2019iter della Provincia di Belluno per ottenere questo riconoscimento, che per la nostra montagna \u00e8 un\u2019opportunit\u00e0 [&hellip;]<\/p>\n","protected":false},"author":2,"featured_media":0,"comment_status":"closed","ping_status":"open","sticky":false,"template":"","format":"standard","meta":{"footnotes":""},"categories":[5,26],"tags":[139,63],"class_list":["post-7333","post","type-post","status-publish","format-standard","category-cronaca","category-prima-pagina","tag-belluno","tag-dolomiti"],"yoast_head":"<!-- This site is optimized with the Yoast SEO plugin v28.4 - https:\/\/yoast.com\/product\/yoast-seo-wordpress\/ -->\n<title>Il vicegovernatore Manzato ad Auronzo: &quot;La sede della Fondazione sia intitolata ai 4 ragazzi deceduti in servizio sul Cristallo&quot;. Sul discorso di Napolitano: \u201cLo Stato si disgrega se annulla le identit\u00e0 locali e la loro autonomia finanziaria: risolvere subito la questione veneta\u201d - Bellunopress - Dolomiti<\/title>\n<meta name=\"robots\" content=\"index, follow, max-snippet:-1, max-image-preview:large, max-video-preview:-1\" \/>\n<link rel=\"canonical\" href=\"https:\/\/www.bellunopress.it\/fr\/2009\/08\/25\/il-vicegovernatore-manzato-ad-auronzo-la-sede-della-fondazione-sia-intitolata-ai-4-ragazzi-deceduti-in-servizio-sul-cristallo-sul-discorso-di-napolitano-\u201clo-stato-si-disgrega-se-annull\/\" \/>\n<meta property=\"og:locale\" content=\"fr_FR\" \/>\n<meta property=\"og:type\" content=\"article\" \/>\n<meta property=\"og:title\" content=\"Il vicegovernatore Manzato ad Auronzo: &quot;La sede della Fondazione sia intitolata ai 4 ragazzi deceduti in servizio sul Cristallo&quot;. Sul discorso di Napolitano: \u201cLo Stato si disgrega se annulla le identit\u00e0 locali e la loro autonomia finanziaria: risolvere subito la questione veneta\u201d - Bellunopress - Dolomiti\" \/>\n<meta property=\"og:description\" content=\"Il vicepresidente della Regione Veneto Franco Manzato stamattina era presente ad Auronzo per la celebrazione delle Dolomiti nell\u2019Unesco. \u201cHo ritenuto di partecipare per il mio ruolo istituzionale di Assessore al Turismo e per l\u2019appoggio che ho dato nel tempo all\u2019iter della Provincia di Belluno per ottenere questo riconoscimento, che per la nostra montagna \u00e8 un\u2019opportunit\u00e0 [&hellip;]\" \/>\n<meta property=\"og:url\" content=\"https:\/\/www.bellunopress.it\/fr\/2009\/08\/25\/il-vicegovernatore-manzato-ad-auronzo-la-sede-della-fondazione-sia-intitolata-ai-4-ragazzi-deceduti-in-servizio-sul-cristallo-sul-discorso-di-napolitano-\u201clo-stato-si-disgrega-se-annull\/\" \/>\n<meta property=\"og:site_name\" content=\"Bellunopress - Dolomiti\" \/>\n<meta property=\"article:publisher\" content=\"https:\/\/www.facebook.com\/profile.php?id=100008943462799\" \/>\n<meta property=\"article:published_time\" content=\"2009-08-25T12:20:05+00:00\" \/>\n<meta property=\"og:image\" content=\"http:\/\/www.bellunopress.it\/wp-content\/uploads\/2012\/07\/logo-bellunopress-250x250-2012.jpg\" \/>\n<meta name=\"author\" content=\"redazione\" \/>\n<meta name=\"twitter:card\" content=\"summary_large_image\" \/>\n<meta name=\"twitter:creator\" content=\"@bellunopress\" \/>\n<meta name=\"twitter:site\" content=\"@bellunopress\" \/>\n<meta name=\"twitter:label1\" content=\"\u00c9crit par\" \/>\n\t<meta name=\"twitter:data1\" content=\"redazione\" \/>\n\t<meta name=\"twitter:label2\" content=\"Dur\u00e9e de lecture estim\u00e9e\" \/>\n\t<meta name=\"twitter:data2\" content=\"1 minute\" \/>\n<script type=\"application\/ld+json\" class=\"yoast-schema-graph\">{\"@context\":\"https:\\\/\\\/schema.org\",\"@graph\":[{\"@type\":\"Article\",\"@id\":\"https:\\\/\\\/www.bellunopress.it\\\/2009\\\/08\\\/25\\\/il-vicegovernatore-manzato-ad-auronzo-la-sede-della-fondazione-sia-intitolata-ai-4-ragazzi-deceduti-in-servizio-sul-cristallo-sul-discorso-di-napolitano-%e2%80%9clo-stato-si-disgrega-se-annull\\\/#article\",\"isPartOf\":{\"@id\":\"https:\\\/\\\/www.bellunopress.it\\\/2009\\\/08\\\/25\\\/il-vicegovernatore-manzato-ad-auronzo-la-sede-della-fondazione-sia-intitolata-ai-4-ragazzi-deceduti-in-servizio-sul-cristallo-sul-discorso-di-napolitano-%e2%80%9clo-stato-si-disgrega-se-annull\\\/\"},\"author\":{\"name\":\"redazione\",\"@id\":\"https:\\\/\\\/www.bellunopress.it\\\/#\\\/schema\\\/person\\\/79bb06722b37ece1c03d3e94beb30d73\"},\"headline\":\"Il vicegovernatore Manzato ad Auronzo: &#8220;La sede della Fondazione sia intitolata ai 4 ragazzi deceduti in servizio sul Cristallo&#8221;. Sul discorso di Napolitano: \u201cLo Stato si disgrega se annulla le identit\u00e0 locali e la loro autonomia finanziaria: risolvere subito la questione veneta\u201d\",\"datePublished\":\"2009-08-25T12:20:05+00:00\",\"mainEntityOfPage\":{\"@id\":\"https:\\\/\\\/www.bellunopress.it\\\/2009\\\/08\\\/25\\\/il-vicegovernatore-manzato-ad-auronzo-la-sede-della-fondazione-sia-intitolata-ai-4-ragazzi-deceduti-in-servizio-sul-cristallo-sul-discorso-di-napolitano-%e2%80%9clo-stato-si-disgrega-se-annull\\\/\"},\"wordCount\":318,\"publisher\":{\"@id\":\"https:\\\/\\\/www.bellunopress.it\\\/#organization\"},\"keywords\":[\"Belluno\",\"Dolomiti\"],\"articleSection\":[\"Cronaca\\\/Politica\",\"Prima Pagina\"],\"inLanguage\":\"fr-FR\"},{\"@type\":\"WebPage\",\"@id\":\"https:\\\/\\\/www.bellunopress.it\\\/2009\\\/08\\\/25\\\/il-vicegovernatore-manzato-ad-auronzo-la-sede-della-fondazione-sia-intitolata-ai-4-ragazzi-deceduti-in-servizio-sul-cristallo-sul-discorso-di-napolitano-%e2%80%9clo-stato-si-disgrega-se-annull\\\/\",\"url\":\"https:\\\/\\\/www.bellunopress.it\\\/2009\\\/08\\\/25\\\/il-vicegovernatore-manzato-ad-auronzo-la-sede-della-fondazione-sia-intitolata-ai-4-ragazzi-deceduti-in-servizio-sul-cristallo-sul-discorso-di-napolitano-%e2%80%9clo-stato-si-disgrega-se-annull\\\/\",\"name\":\"Il vicegovernatore Manzato ad Auronzo: \\\"La sede della Fondazione sia intitolata ai 4 ragazzi deceduti in servizio sul Cristallo\\\". Sul discorso di Napolitano: \u201cLo Stato si disgrega se annulla le identit\u00e0 locali e la loro autonomia finanziaria: risolvere subito la questione veneta\u201d - Bellunopress - Dolomiti\",\"isPartOf\":{\"@id\":\"https:\\\/\\\/www.bellunopress.it\\\/#website\"},\"datePublished\":\"2009-08-25T12:20:05+00:00\",\"breadcrumb\":{\"@id\":\"https:\\\/\\\/www.bellunopress.it\\\/2009\\\/08\\\/25\\\/il-vicegovernatore-manzato-ad-auronzo-la-sede-della-fondazione-sia-intitolata-ai-4-ragazzi-deceduti-in-servizio-sul-cristallo-sul-discorso-di-napolitano-%e2%80%9clo-stato-si-disgrega-se-annull\\\/#breadcrumb\"},\"inLanguage\":\"fr-FR\",\"potentialAction\":[{\"@type\":\"ReadAction\",\"target\":[\"https:\\\/\\\/www.bellunopress.it\\\/2009\\\/08\\\/25\\\/il-vicegovernatore-manzato-ad-auronzo-la-sede-della-fondazione-sia-intitolata-ai-4-ragazzi-deceduti-in-servizio-sul-cristallo-sul-discorso-di-napolitano-%e2%80%9clo-stato-si-disgrega-se-annull\\\/\"]}]},{\"@type\":\"BreadcrumbList\",\"@id\":\"https:\\\/\\\/www.bellunopress.it\\\/2009\\\/08\\\/25\\\/il-vicegovernatore-manzato-ad-auronzo-la-sede-della-fondazione-sia-intitolata-ai-4-ragazzi-deceduti-in-servizio-sul-cristallo-sul-discorso-di-napolitano-%e2%80%9clo-stato-si-disgrega-se-annull\\\/#breadcrumb\",\"itemListElement\":[{\"@type\":\"ListItem\",\"position\":1,\"name\":\"Home\",\"item\":\"https:\\\/\\\/www.bellunopress.it\\\/\"},{\"@type\":\"ListItem\",\"position\":2,\"name\":\"Il vicegovernatore Manzato ad Auronzo: &#8220;La sede della Fondazione sia intitolata ai 4 ragazzi deceduti in servizio sul Cristallo&#8221;. Sul discorso di Napolitano: \u201cLo Stato si disgrega se annulla le identit\u00e0 locali e la loro autonomia finanziaria: risolvere subito la questione veneta\u201d\"}]},{\"@type\":\"WebSite\",\"@id\":\"https:\\\/\\\/www.bellunopress.it\\\/#website\",\"url\":\"https:\\\/\\\/www.bellunopress.it\\\/\",\"name\":\"Bellunopress - Dolomiti\",\"description\":\"e-mail: redazione@bellunopress.it\",\"publisher\":{\"@id\":\"https:\\\/\\\/www.bellunopress.it\\\/#organization\"},\"potentialAction\":[{\"@type\":\"SearchAction\",\"target\":{\"@type\":\"EntryPoint\",\"urlTemplate\":\"https:\\\/\\\/www.bellunopress.it\\\/?s={search_term_string}\"},\"query-input\":{\"@type\":\"PropertyValueSpecification\",\"valueRequired\":true,\"valueName\":\"search_term_string\"}}],\"inLanguage\":\"fr-FR\"},{\"@type\":\"Organization\",\"@id\":\"https:\\\/\\\/www.bellunopress.it\\\/#organization\",\"name\":\"Bellunopress\",\"url\":\"https:\\\/\\\/www.bellunopress.it\\\/\",\"logo\":{\"@type\":\"ImageObject\",\"inLanguage\":\"fr-FR\",\"@id\":\"https:\\\/\\\/www.bellunopress.it\\\/#\\\/schema\\\/logo\\\/image\\\/\",\"url\":\"https:\\\/\\\/www.bellunopress.it\\\/wp-content\\\/uploads\\\/2011\\\/05\\\/cropped-logo-bellunopress-.jpg\",\"contentUrl\":\"https:\\\/\\\/www.bellunopress.it\\\/wp-content\\\/uploads\\\/2011\\\/05\\\/cropped-logo-bellunopress-.jpg\",\"width\":512,\"height\":512,\"caption\":\"Bellunopress\"},\"image\":{\"@id\":\"https:\\\/\\\/www.bellunopress.it\\\/#\\\/schema\\\/logo\\\/image\\\/\"},\"sameAs\":[\"https:\\\/\\\/www.facebook.com\\\/profile.php?id=100008943462799\",\"https:\\\/\\\/x.com\\\/bellunopress\",\"https:\\\/\\\/www.linkedin.com\\\/hp\\\/?dnr=JBzUWaJfMUw8vbXJJ2tVW5-I3jZKvC4wsoxE&amp;amp;amp;amp;amp;amp;trk=nav_responsive_tab_home\",\"https:\\\/\\\/www.youtube.com\\\/channel\\\/UCxL0wu1uN0_3_7hGG0306cw\"]},{\"@type\":\"Person\",\"@id\":\"https:\\\/\\\/www.bellunopress.it\\\/#\\\/schema\\\/person\\\/79bb06722b37ece1c03d3e94beb30d73\",\"name\":\"redazione\",\"image\":{\"@type\":\"ImageObject\",\"inLanguage\":\"fr-FR\",\"@id\":\"https:\\\/\\\/secure.gravatar.com\\\/avatar\\\/37d968a2e67a6fd04c169c4bdef102d0bc5d31b2546345219e348575eb80e9a0?s=96&d=mm&r=g\",\"url\":\"https:\\\/\\\/secure.gravatar.com\\\/avatar\\\/37d968a2e67a6fd04c169c4bdef102d0bc5d31b2546345219e348575eb80e9a0?s=96&d=mm&r=g\",\"contentUrl\":\"https:\\\/\\\/secure.gravatar.com\\\/avatar\\\/37d968a2e67a6fd04c169c4bdef102d0bc5d31b2546345219e348575eb80e9a0?s=96&d=mm&r=g\",\"caption\":\"redazione\"},\"sameAs\":[\"http:\\\/\\\/www.bellunopress.it\",\"https:\\\/\\\/x.com\\\/bellunopress\"],\"url\":\"https:\\\/\\\/www.bellunopress.it\\\/fr\\\/author\\\/redazione\\\/\"}]}<\/script>\n<!-- \/ Yoast SEO plugin. -->","yoast_head_json":{"title":"Il vicegovernatore Manzato ad Auronzo: \"La sede della Fondazione sia intitolata ai 4 ragazzi deceduti in servizio sul Cristallo\". Sul discorso di Napolitano: \u201cLo Stato si disgrega se annulla le identit\u00e0 locali e la loro autonomia finanziaria: risolvere subito la questione veneta\u201d - Bellunopress - Dolomiti","robots":{"index":"index","follow":"follow","max-snippet":"max-snippet:-1","max-image-preview":"max-image-preview:large","max-video-preview":"max-video-preview:-1"},"canonical":"https:\/\/www.bellunopress.it\/fr\/2009\/08\/25\/il-vicegovernatore-manzato-ad-auronzo-la-sede-della-fondazione-sia-intitolata-ai-4-ragazzi-deceduti-in-servizio-sul-cristallo-sul-discorso-di-napolitano-\u201clo-stato-si-disgrega-se-annull\/","og_locale":"fr_FR","og_type":"article","og_title":"Il vicegovernatore Manzato ad Auronzo: \"La sede della Fondazione sia intitolata ai 4 ragazzi deceduti in servizio sul Cristallo\". Sul discorso di Napolitano: \u201cLo Stato si disgrega se annulla le identit\u00e0 locali e la loro autonomia finanziaria: risolvere subito la questione veneta\u201d - Bellunopress - Dolomiti","og_description":"Il vicepresidente della Regione Veneto Franco Manzato stamattina era presente ad Auronzo per la celebrazione delle Dolomiti nell\u2019Unesco. \u201cHo ritenuto di partecipare per il mio ruolo istituzionale di Assessore al Turismo e per l\u2019appoggio che ho dato nel tempo all\u2019iter della Provincia di Belluno per ottenere questo riconoscimento, che per la nostra montagna \u00e8 un\u2019opportunit\u00e0 [&hellip;]","og_url":"https:\/\/www.bellunopress.it\/fr\/2009\/08\/25\/il-vicegovernatore-manzato-ad-auronzo-la-sede-della-fondazione-sia-intitolata-ai-4-ragazzi-deceduti-in-servizio-sul-cristallo-sul-discorso-di-napolitano-\u201clo-stato-si-disgrega-se-annull\/","og_site_name":"Bellunopress - Dolomiti","article_publisher":"https:\/\/www.facebook.com\/profile.php?id=100008943462799","article_published_time":"2009-08-25T12:20:05+00:00","og_image":[{"url":"http:\/\/www.bellunopress.it\/wp-content\/uploads\/2012\/07\/logo-bellunopress-250x250-2012.jpg","type":"","width":"","height":""}],"author":"redazione","twitter_card":"summary_large_image","twitter_creator":"@bellunopress","twitter_site":"@bellunopress","twitter_misc":{"\u00c9crit par":"redazione","Dur\u00e9e de lecture estim\u00e9e":"1 minute"},"schema":{"@context":"https:\/\/schema.org","@graph":[{"@type":"Article","@id":"https:\/\/www.bellunopress.it\/2009\/08\/25\/il-vicegovernatore-manzato-ad-auronzo-la-sede-della-fondazione-sia-intitolata-ai-4-ragazzi-deceduti-in-servizio-sul-cristallo-sul-discorso-di-napolitano-%e2%80%9clo-stato-si-disgrega-se-annull\/#article","isPartOf":{"@id":"https:\/\/www.bellunopress.it\/2009\/08\/25\/il-vicegovernatore-manzato-ad-auronzo-la-sede-della-fondazione-sia-intitolata-ai-4-ragazzi-deceduti-in-servizio-sul-cristallo-sul-discorso-di-napolitano-%e2%80%9clo-stato-si-disgrega-se-annull\/"},"author":{"name":"redazione","@id":"https:\/\/www.bellunopress.it\/#\/schema\/person\/79bb06722b37ece1c03d3e94beb30d73"},"headline":"Il vicegovernatore Manzato ad Auronzo: &#8220;La sede della Fondazione sia intitolata ai 4 ragazzi deceduti in servizio sul Cristallo&#8221;. Sul discorso di Napolitano: \u201cLo Stato si disgrega se annulla le identit\u00e0 locali e la loro autonomia finanziaria: risolvere subito la questione veneta\u201d","datePublished":"2009-08-25T12:20:05+00:00","mainEntityOfPage":{"@id":"https:\/\/www.bellunopress.it\/2009\/08\/25\/il-vicegovernatore-manzato-ad-auronzo-la-sede-della-fondazione-sia-intitolata-ai-4-ragazzi-deceduti-in-servizio-sul-cristallo-sul-discorso-di-napolitano-%e2%80%9clo-stato-si-disgrega-se-annull\/"},"wordCount":318,"publisher":{"@id":"https:\/\/www.bellunopress.it\/#organization"},"keywords":["Belluno","Dolomiti"],"articleSection":["Cronaca\/Politica","Prima Pagina"],"inLanguage":"fr-FR"},{"@type":"WebPage","@id":"https:\/\/www.bellunopress.it\/2009\/08\/25\/il-vicegovernatore-manzato-ad-auronzo-la-sede-della-fondazione-sia-intitolata-ai-4-ragazzi-deceduti-in-servizio-sul-cristallo-sul-discorso-di-napolitano-%e2%80%9clo-stato-si-disgrega-se-annull\/","url":"https:\/\/www.bellunopress.it\/2009\/08\/25\/il-vicegovernatore-manzato-ad-auronzo-la-sede-della-fondazione-sia-intitolata-ai-4-ragazzi-deceduti-in-servizio-sul-cristallo-sul-discorso-di-napolitano-%e2%80%9clo-stato-si-disgrega-se-annull\/","name":"Il vicegovernatore Manzato ad Auronzo: \"La sede della Fondazione sia intitolata ai 4 ragazzi deceduti in servizio sul Cristallo\". Sul discorso di Napolitano: \u201cLo Stato si disgrega se annulla le identit\u00e0 locali e la loro autonomia finanziaria: risolvere subito la questione veneta\u201d - Bellunopress - Dolomiti","isPartOf":{"@id":"https:\/\/www.bellunopress.it\/#website"},"datePublished":"2009-08-25T12:20:05+00:00","breadcrumb":{"@id":"https:\/\/www.bellunopress.it\/2009\/08\/25\/il-vicegovernatore-manzato-ad-auronzo-la-sede-della-fondazione-sia-intitolata-ai-4-ragazzi-deceduti-in-servizio-sul-cristallo-sul-discorso-di-napolitano-%e2%80%9clo-stato-si-disgrega-se-annull\/#breadcrumb"},"inLanguage":"fr-FR","potentialAction":[{"@type":"ReadAction","target":["https:\/\/www.bellunopress.it\/2009\/08\/25\/il-vicegovernatore-manzato-ad-auronzo-la-sede-della-fondazione-sia-intitolata-ai-4-ragazzi-deceduti-in-servizio-sul-cristallo-sul-discorso-di-napolitano-%e2%80%9clo-stato-si-disgrega-se-annull\/"]}]},{"@type":"BreadcrumbList","@id":"https:\/\/www.bellunopress.it\/2009\/08\/25\/il-vicegovernatore-manzato-ad-auronzo-la-sede-della-fondazione-sia-intitolata-ai-4-ragazzi-deceduti-in-servizio-sul-cristallo-sul-discorso-di-napolitano-%e2%80%9clo-stato-si-disgrega-se-annull\/#breadcrumb","itemListElement":[{"@type":"ListItem","position":1,"name":"Home","item":"https:\/\/www.bellunopress.it\/"},{"@type":"ListItem","position":2,"name":"Il vicegovernatore Manzato ad Auronzo: &#8220;La sede della Fondazione sia intitolata ai 4 ragazzi deceduti in servizio sul Cristallo&#8221;. Sul discorso di Napolitano: \u201cLo Stato si disgrega se annulla le identit\u00e0 locali e la loro autonomia finanziaria: risolvere subito la questione veneta\u201d"}]},{"@type":"WebSite","@id":"https:\/\/www.bellunopress.it\/#website","url":"https:\/\/www.bellunopress.it\/","name":"Bellunopress - Dolomiti","description":"e-mail: redazione@bellunopress.it","publisher":{"@id":"https:\/\/www.bellunopress.it\/#organization"},"potentialAction":[{"@type":"SearchAction","target":{"@type":"EntryPoint","urlTemplate":"https:\/\/www.bellunopress.it\/?s={search_term_string}"},"query-input":{"@type":"PropertyValueSpecification","valueRequired":true,"valueName":"search_term_string"}}],"inLanguage":"fr-FR"},{"@type":"Organization","@id":"https:\/\/www.bellunopress.it\/#organization","name":"Bellunopress","url":"https:\/\/www.bellunopress.it\/","logo":{"@type":"ImageObject","inLanguage":"fr-FR","@id":"https:\/\/www.bellunopress.it\/#\/schema\/logo\/image\/","url":"https:\/\/www.bellunopress.it\/wp-content\/uploads\/2011\/05\/cropped-logo-bellunopress-.jpg","contentUrl":"https:\/\/www.bellunopress.it\/wp-content\/uploads\/2011\/05\/cropped-logo-bellunopress-.jpg","width":512,"height":512,"caption":"Bellunopress"},"image":{"@id":"https:\/\/www.bellunopress.it\/#\/schema\/logo\/image\/"},"sameAs":["https:\/\/www.facebook.com\/profile.php?id=100008943462799","https:\/\/x.com\/bellunopress","https:\/\/www.linkedin.com\/hp\/?dnr=JBzUWaJfMUw8vbXJJ2tVW5-I3jZKvC4wsoxE&amp;amp;amp;amp;amp;amp;trk=nav_responsive_tab_home","https:\/\/www.youtube.com\/channel\/UCxL0wu1uN0_3_7hGG0306cw"]},{"@type":"Person","@id":"https:\/\/www.bellunopress.it\/#\/schema\/person\/79bb06722b37ece1c03d3e94beb30d73","name":"r\u00e9daction","image":{"@type":"ImageObject","inLanguage":"fr-FR","@id":"https:\/\/secure.gravatar.com\/avatar\/37d968a2e67a6fd04c169c4bdef102d0bc5d31b2546345219e348575eb80e9a0?s=96&d=mm&r=g","url":"https:\/\/secure.gravatar.com\/avatar\/37d968a2e67a6fd04c169c4bdef102d0bc5d31b2546345219e348575eb80e9a0?s=96&d=mm&r=g","contentUrl":"https:\/\/secure.gravatar.com\/avatar\/37d968a2e67a6fd04c169c4bdef102d0bc5d31b2546345219e348575eb80e9a0?s=96&d=mm&r=g","caption":"redazione"},"sameAs":["http:\/\/www.bellunopress.it","https:\/\/x.com\/bellunopress"],"url":"https:\/\/www.bellunopress.it\/fr\/author\/redazione\/"}]}},"_links":{"self":[{"href":"https:\/\/www.bellunopress.it\/fr\/wp-json\/wp\/v2\/posts\/7333","targetHints":{"allow":["GET"]}}],"collection":[{"href":"https:\/\/www.bellunopress.it\/fr\/wp-json\/wp\/v2\/posts"}],"about":[{"href":"https:\/\/www.bellunopress.it\/fr\/wp-json\/wp\/v2\/types\/post"}],"author":[{"embeddable":true,"href":"https:\/\/www.bellunopress.it\/fr\/wp-json\/wp\/v2\/users\/2"}],"replies":[{"embeddable":true,"href":"https:\/\/www.bellunopress.it\/fr\/wp-json\/wp\/v2\/comments?post=7333"}],"version-history":[{"count":1,"href":"https:\/\/www.bellunopress.it\/fr\/wp-json\/wp\/v2\/posts\/7333\/revisions"}],"predecessor-version":[{"id":7334,"href":"https:\/\/www.bellunopress.it\/fr\/wp-json\/wp\/v2\/posts\/7333\/revisions\/7334"}],"wp:attachment":[{"href":"https:\/\/www.bellunopress.it\/fr\/wp-json\/wp\/v2\/media?parent=7333"}],"wp:term":[{"taxonomy":"category","embeddable":true,"href":"https:\/\/www.bellunopress.it\/fr\/wp-json\/wp\/v2\/categories?post=7333"},{"taxonomy":"post_tag","embeddable":true,"href":"https:\/\/www.bellunopress.it\/fr\/wp-json\/wp\/v2\/tags?post=7333"}],"curies":[{"name":"wp","href":"https:\/\/api.w.org\/{rel}","templated":true}]}}