{"id":7329,"date":"2009-08-25T12:14:41","date_gmt":"2009-08-25T11:14:41","guid":{"rendered":"http:\/\/www.bellunopress.it\/?p=7329"},"modified":"2009-08-25T12:14:41","modified_gmt":"2009-08-25T11:14:41","slug":"contributi-regionali-a-sostegno-del-diritto-allo-studio-anno-scolastico-2009-2010","status":"publish","type":"post","link":"https:\/\/www.bellunopress.it\/fr\/2009\/08\/25\/contributi-regionali-a-sostegno-del-diritto-allo-studio-anno-scolastico-2009-2010\/","title":{"rendered":"Contributi regionali a sostegno del diritto allo studio Anno scolastico 2009-2010"},"content":{"rendered":"<p>La Regione del Veneto interviene anche quest&#8217;anno in favore delle famiglie degli alunni meno abbienti al fine di garantire il diritto allo studio. I contributi riferiti all&#8217;anno scolastico-formativo 2009-2010 e volti agli studenti residenti nella Regione Veneto, sono \u201cBuono-Borsa di Studio\u201d, \u201cBuono\u2013Libri\u201d e \u201cBuono\u2013Trasporto\u201d.<br \/>\nIl primo, Buono-Borsa di Studio, copre le spese per frequenza, trasporto pubblico scolastico, mensa e sussidi scolastici. E&#8217; rivolto a famiglie con un ISEE\u00a0 (redditi 2008 dichiaranti nel 2009) inferiore o uguale a \u20ac12.405,09; la spesa complessiva sostenuta deve essere uguale o superiore a \u20ac 51,65; gli studenti devono frequentare istituzioni scolastiche statali e paritarie, primarie, secondarie di I e II grado o istituzioni formative accreditate che svolgono i percorsi triennali sperimentali di istruzione e formazione professionale.<br \/>\nLa scadenza \u00e8 il 15 ottobre 2009. Il secondo,\u00a0 Buono\u2013Libri, copre la spesa sostenuta per l&#8217;acquisto dei libri di testo, esclusa la spesa per i dizionari. E&#8217; rivolto a famiglie con un ISEE\u00a0 (redditi 2008 dichiaranti nel 2009) inferiore o uguale a \u20ac13.500,00; gli studenti devono frequentare istituzioni scolastiche statali, paritarie e non paritarie, secondarie di I e II grado o istituzioni formative accreditate che svolgono i percorsi triennali sperimentali di istruzione e formazione professionale. La scadenza \u00e8 il 30 ottobre 2009. L&#8217;ultimo contributo \u00e8 il Buono\u2013Trasporto che copre la spesa sostenuta per l&#8217;acquisto dell&#8217;abbonamento a mezzi pubblici di trasporto, necessari per raggiungere la scuola. Sono esclusi dal contributo i biglietti di viaggio.<br \/>\nE&#8217; rivolto a famiglie con un ISEE\u00a0 (redditi 2008 dichiaranti nel 2009) inferiore o uguale a \u20ac17.721,56; gli studenti devono frequentare istituzioni scolastiche statali secondarie di I e II grado, istituzioni scolastiche paritarie secondarie di II grado, istituzioni scolastiche, non paritarie, secondarie di II grado, legalmente riconosciute o pareggiate o istituzioni formative accreditate che svolgono i percorsi triennali sperimentali di istruzione e formazione professionale. La scadenza \u00e8 il 30 ottobre 2009. Le domande si possono inoltrare dal 1 \u00b0 al 30\/10\/2009. Per i Buono Libri e la Borsa di Studio, le domande vanno presentate compilando esclusivamente l&#8217;apposito modulo che \u00e8 reperibile presso il Comune di Belluno, Sportello del Cittadino o l&#8217;Ufficio Istruzione, p.zza Duomo 2, o scaricabile dal sito internet <a href=\"http:\/\/www.regione.veneto.it\/istruzione\">www.regione.veneto.it\/istruzione<\/a>. Le stesse vanno poi riconsegnate al Comune di residenza. Per il Buono Trasporto, invece, la domanda si fa esclusivamente via web collegandosi al sito <a href=\"http:\/\/www.regione.veneto.it\/istruzione\/buonotrasportoweb\">www.regione.veneto.it\/istruzione\/buonotrasportoweb<\/a>\u00a0 o rivolgendosi all&#8217;ufficio regionale per le Relazioni con il Pubblico in via Caffi, 33 \u2013 tel. 0437 946262. Ulteriori informazioni si possono trovare sempre al sito <a href=\"http:\/\/www.regione.veneto.it\/istruzione\">www.regione.veneto.it\/istruzione<\/a><\/p>","protected":false},"excerpt":{"rendered":"<p>La Regione del Veneto interviene anche quest&#8217;anno in favore delle famiglie degli alunni meno abbienti al fine di garantire il diritto allo studio. I contributi riferiti all&#8217;anno scolastico-formativo 2009-2010 e volti agli studenti residenti nella Regione Veneto, sono \u201cBuono-Borsa di Studio\u201d, \u201cBuono\u2013Libri\u201d e \u201cBuono\u2013Trasporto\u201d. Il primo, Buono-Borsa di Studio, copre le spese per frequenza, trasporto [&hellip;]<\/p>\n","protected":false},"author":2,"featured_media":0,"comment_status":"closed","ping_status":"open","sticky":false,"template":"","format":"standard","meta":{"footnotes":""},"categories":[26,15],"tags":[139],"class_list":["post-7329","post","type-post","status-publish","format-standard","category-prima-pagina","category-scuola","tag-belluno"],"yoast_head":"<!-- This site is optimized with the Yoast SEO plugin v28.4 - https:\/\/yoast.com\/product\/yoast-seo-wordpress\/ -->\n<title>Contributi regionali a sostegno del diritto allo studio Anno scolastico 2009-2010 - Bellunopress - Dolomiti<\/title>\n<meta name=\"robots\" content=\"index, follow, max-snippet:-1, max-image-preview:large, max-video-preview:-1\" \/>\n<link rel=\"canonical\" href=\"https:\/\/www.bellunopress.it\/fr\/2009\/08\/25\/contributi-regionali-a-sostegno-del-diritto-allo-studio-anno-scolastico-2009-2010\/\" \/>\n<meta property=\"og:locale\" content=\"fr_FR\" \/>\n<meta property=\"og:type\" content=\"article\" \/>\n<meta property=\"og:title\" content=\"Contributi regionali a sostegno del diritto allo studio Anno scolastico 2009-2010 - Bellunopress - Dolomiti\" \/>\n<meta property=\"og:description\" content=\"La Regione del Veneto interviene anche quest&#8217;anno in favore delle famiglie degli alunni meno abbienti al fine di garantire il diritto allo studio. I contributi riferiti all&#8217;anno scolastico-formativo 2009-2010 e volti agli studenti residenti nella Regione Veneto, sono \u201cBuono-Borsa di Studio\u201d, \u201cBuono\u2013Libri\u201d e \u201cBuono\u2013Trasporto\u201d. Il primo, Buono-Borsa di Studio, copre le spese per frequenza, trasporto [&hellip;]\" \/>\n<meta property=\"og:url\" content=\"https:\/\/www.bellunopress.it\/fr\/2009\/08\/25\/contributi-regionali-a-sostegno-del-diritto-allo-studio-anno-scolastico-2009-2010\/\" \/>\n<meta property=\"og:site_name\" content=\"Bellunopress - Dolomiti\" \/>\n<meta property=\"article:publisher\" content=\"https:\/\/www.facebook.com\/profile.php?id=100008943462799\" \/>\n<meta property=\"article:published_time\" content=\"2009-08-25T11:14:41+00:00\" \/>\n<meta property=\"og:image\" content=\"http:\/\/www.bellunopress.it\/wp-content\/uploads\/2012\/07\/logo-bellunopress-250x250-2012.jpg\" \/>\n<meta name=\"author\" content=\"redazione\" \/>\n<meta name=\"twitter:card\" content=\"summary_large_image\" \/>\n<meta name=\"twitter:creator\" content=\"@bellunopress\" \/>\n<meta name=\"twitter:site\" content=\"@bellunopress\" \/>\n<meta name=\"twitter:label1\" content=\"\u00c9crit par\" \/>\n\t<meta name=\"twitter:data1\" content=\"redazione\" \/>\n\t<meta name=\"twitter:label2\" content=\"Dur\u00e9e de lecture estim\u00e9e\" \/>\n\t<meta name=\"twitter:data2\" content=\"2 minutes\" \/>\n<script type=\"application\/ld+json\" class=\"yoast-schema-graph\">{\"@context\":\"https:\\\/\\\/schema.org\",\"@graph\":[{\"@type\":\"Article\",\"@id\":\"https:\\\/\\\/www.bellunopress.it\\\/2009\\\/08\\\/25\\\/contributi-regionali-a-sostegno-del-diritto-allo-studio-anno-scolastico-2009-2010\\\/#article\",\"isPartOf\":{\"@id\":\"https:\\\/\\\/www.bellunopress.it\\\/2009\\\/08\\\/25\\\/contributi-regionali-a-sostegno-del-diritto-allo-studio-anno-scolastico-2009-2010\\\/\"},\"author\":{\"name\":\"redazione\",\"@id\":\"https:\\\/\\\/www.bellunopress.it\\\/#\\\/schema\\\/person\\\/79bb06722b37ece1c03d3e94beb30d73\"},\"headline\":\"Contributi regionali a sostegno del diritto allo studio Anno scolastico 2009-2010\",\"datePublished\":\"2009-08-25T11:14:41+00:00\",\"mainEntityOfPage\":{\"@id\":\"https:\\\/\\\/www.bellunopress.it\\\/2009\\\/08\\\/25\\\/contributi-regionali-a-sostegno-del-diritto-allo-studio-anno-scolastico-2009-2010\\\/\"},\"wordCount\":415,\"publisher\":{\"@id\":\"https:\\\/\\\/www.bellunopress.it\\\/#organization\"},\"keywords\":[\"Belluno\"],\"articleSection\":[\"Prima Pagina\",\"Scuola\"],\"inLanguage\":\"fr-FR\"},{\"@type\":\"WebPage\",\"@id\":\"https:\\\/\\\/www.bellunopress.it\\\/2009\\\/08\\\/25\\\/contributi-regionali-a-sostegno-del-diritto-allo-studio-anno-scolastico-2009-2010\\\/\",\"url\":\"https:\\\/\\\/www.bellunopress.it\\\/2009\\\/08\\\/25\\\/contributi-regionali-a-sostegno-del-diritto-allo-studio-anno-scolastico-2009-2010\\\/\",\"name\":\"Contributi regionali a sostegno del diritto allo studio Anno scolastico 2009-2010 - Bellunopress - Dolomiti\",\"isPartOf\":{\"@id\":\"https:\\\/\\\/www.bellunopress.it\\\/#website\"},\"datePublished\":\"2009-08-25T11:14:41+00:00\",\"breadcrumb\":{\"@id\":\"https:\\\/\\\/www.bellunopress.it\\\/2009\\\/08\\\/25\\\/contributi-regionali-a-sostegno-del-diritto-allo-studio-anno-scolastico-2009-2010\\\/#breadcrumb\"},\"inLanguage\":\"fr-FR\",\"potentialAction\":[{\"@type\":\"ReadAction\",\"target\":[\"https:\\\/\\\/www.bellunopress.it\\\/2009\\\/08\\\/25\\\/contributi-regionali-a-sostegno-del-diritto-allo-studio-anno-scolastico-2009-2010\\\/\"]}]},{\"@type\":\"BreadcrumbList\",\"@id\":\"https:\\\/\\\/www.bellunopress.it\\\/2009\\\/08\\\/25\\\/contributi-regionali-a-sostegno-del-diritto-allo-studio-anno-scolastico-2009-2010\\\/#breadcrumb\",\"itemListElement\":[{\"@type\":\"ListItem\",\"position\":1,\"name\":\"Home\",\"item\":\"https:\\\/\\\/www.bellunopress.it\\\/\"},{\"@type\":\"ListItem\",\"position\":2,\"name\":\"Contributi regionali a sostegno del diritto allo studio Anno scolastico 2009-2010\"}]},{\"@type\":\"WebSite\",\"@id\":\"https:\\\/\\\/www.bellunopress.it\\\/#website\",\"url\":\"https:\\\/\\\/www.bellunopress.it\\\/\",\"name\":\"Bellunopress - Dolomiti\",\"description\":\"e-mail: redazione@bellunopress.it\",\"publisher\":{\"@id\":\"https:\\\/\\\/www.bellunopress.it\\\/#organization\"},\"potentialAction\":[{\"@type\":\"SearchAction\",\"target\":{\"@type\":\"EntryPoint\",\"urlTemplate\":\"https:\\\/\\\/www.bellunopress.it\\\/?s={search_term_string}\"},\"query-input\":{\"@type\":\"PropertyValueSpecification\",\"valueRequired\":true,\"valueName\":\"search_term_string\"}}],\"inLanguage\":\"fr-FR\"},{\"@type\":\"Organization\",\"@id\":\"https:\\\/\\\/www.bellunopress.it\\\/#organization\",\"name\":\"Bellunopress\",\"url\":\"https:\\\/\\\/www.bellunopress.it\\\/\",\"logo\":{\"@type\":\"ImageObject\",\"inLanguage\":\"fr-FR\",\"@id\":\"https:\\\/\\\/www.bellunopress.it\\\/#\\\/schema\\\/logo\\\/image\\\/\",\"url\":\"https:\\\/\\\/www.bellunopress.it\\\/wp-content\\\/uploads\\\/2011\\\/05\\\/cropped-logo-bellunopress-.jpg\",\"contentUrl\":\"https:\\\/\\\/www.bellunopress.it\\\/wp-content\\\/uploads\\\/2011\\\/05\\\/cropped-logo-bellunopress-.jpg\",\"width\":512,\"height\":512,\"caption\":\"Bellunopress\"},\"image\":{\"@id\":\"https:\\\/\\\/www.bellunopress.it\\\/#\\\/schema\\\/logo\\\/image\\\/\"},\"sameAs\":[\"https:\\\/\\\/www.facebook.com\\\/profile.php?id=100008943462799\",\"https:\\\/\\\/x.com\\\/bellunopress\",\"https:\\\/\\\/www.linkedin.com\\\/hp\\\/?dnr=JBzUWaJfMUw8vbXJJ2tVW5-I3jZKvC4wsoxE&amp;amp;amp;amp;amp;amp;trk=nav_responsive_tab_home\",\"https:\\\/\\\/www.youtube.com\\\/channel\\\/UCxL0wu1uN0_3_7hGG0306cw\"]},{\"@type\":\"Person\",\"@id\":\"https:\\\/\\\/www.bellunopress.it\\\/#\\\/schema\\\/person\\\/79bb06722b37ece1c03d3e94beb30d73\",\"name\":\"redazione\",\"image\":{\"@type\":\"ImageObject\",\"inLanguage\":\"fr-FR\",\"@id\":\"https:\\\/\\\/secure.gravatar.com\\\/avatar\\\/37d968a2e67a6fd04c169c4bdef102d0bc5d31b2546345219e348575eb80e9a0?s=96&d=mm&r=g\",\"url\":\"https:\\\/\\\/secure.gravatar.com\\\/avatar\\\/37d968a2e67a6fd04c169c4bdef102d0bc5d31b2546345219e348575eb80e9a0?s=96&d=mm&r=g\",\"contentUrl\":\"https:\\\/\\\/secure.gravatar.com\\\/avatar\\\/37d968a2e67a6fd04c169c4bdef102d0bc5d31b2546345219e348575eb80e9a0?s=96&d=mm&r=g\",\"caption\":\"redazione\"},\"sameAs\":[\"http:\\\/\\\/www.bellunopress.it\",\"https:\\\/\\\/x.com\\\/bellunopress\"],\"url\":\"https:\\\/\\\/www.bellunopress.it\\\/fr\\\/author\\\/redazione\\\/\"}]}<\/script>\n<!-- \/ Yoast SEO plugin. -->","yoast_head_json":{"title":"Contributi regionali a sostegno del diritto allo studio Anno scolastico 2009-2010 - Bellunopress - Dolomiti","robots":{"index":"index","follow":"follow","max-snippet":"max-snippet:-1","max-image-preview":"max-image-preview:large","max-video-preview":"max-video-preview:-1"},"canonical":"https:\/\/www.bellunopress.it\/fr\/2009\/08\/25\/contributi-regionali-a-sostegno-del-diritto-allo-studio-anno-scolastico-2009-2010\/","og_locale":"fr_FR","og_type":"article","og_title":"Contributi regionali a sostegno del diritto allo studio Anno scolastico 2009-2010 - Bellunopress - Dolomiti","og_description":"La Regione del Veneto interviene anche quest&#8217;anno in favore delle famiglie degli alunni meno abbienti al fine di garantire il diritto allo studio. I contributi riferiti all&#8217;anno scolastico-formativo 2009-2010 e volti agli studenti residenti nella Regione Veneto, sono \u201cBuono-Borsa di Studio\u201d, \u201cBuono\u2013Libri\u201d e \u201cBuono\u2013Trasporto\u201d. Il primo, Buono-Borsa di Studio, copre le spese per frequenza, trasporto [&hellip;]","og_url":"https:\/\/www.bellunopress.it\/fr\/2009\/08\/25\/contributi-regionali-a-sostegno-del-diritto-allo-studio-anno-scolastico-2009-2010\/","og_site_name":"Bellunopress - Dolomiti","article_publisher":"https:\/\/www.facebook.com\/profile.php?id=100008943462799","article_published_time":"2009-08-25T11:14:41+00:00","og_image":[{"url":"http:\/\/www.bellunopress.it\/wp-content\/uploads\/2012\/07\/logo-bellunopress-250x250-2012.jpg","type":"","width":"","height":""}],"author":"redazione","twitter_card":"summary_large_image","twitter_creator":"@bellunopress","twitter_site":"@bellunopress","twitter_misc":{"\u00c9crit par":"redazione","Dur\u00e9e de lecture estim\u00e9e":"2 minutes"},"schema":{"@context":"https:\/\/schema.org","@graph":[{"@type":"Article","@id":"https:\/\/www.bellunopress.it\/2009\/08\/25\/contributi-regionali-a-sostegno-del-diritto-allo-studio-anno-scolastico-2009-2010\/#article","isPartOf":{"@id":"https:\/\/www.bellunopress.it\/2009\/08\/25\/contributi-regionali-a-sostegno-del-diritto-allo-studio-anno-scolastico-2009-2010\/"},"author":{"name":"redazione","@id":"https:\/\/www.bellunopress.it\/#\/schema\/person\/79bb06722b37ece1c03d3e94beb30d73"},"headline":"Contributi regionali a sostegno del diritto allo studio Anno scolastico 2009-2010","datePublished":"2009-08-25T11:14:41+00:00","mainEntityOfPage":{"@id":"https:\/\/www.bellunopress.it\/2009\/08\/25\/contributi-regionali-a-sostegno-del-diritto-allo-studio-anno-scolastico-2009-2010\/"},"wordCount":415,"publisher":{"@id":"https:\/\/www.bellunopress.it\/#organization"},"keywords":["Belluno"],"articleSection":["Prima Pagina","Scuola"],"inLanguage":"fr-FR"},{"@type":"WebPage","@id":"https:\/\/www.bellunopress.it\/2009\/08\/25\/contributi-regionali-a-sostegno-del-diritto-allo-studio-anno-scolastico-2009-2010\/","url":"https:\/\/www.bellunopress.it\/2009\/08\/25\/contributi-regionali-a-sostegno-del-diritto-allo-studio-anno-scolastico-2009-2010\/","name":"Contributi regionali a sostegno del diritto allo studio Anno scolastico 2009-2010 - Bellunopress - Dolomiti","isPartOf":{"@id":"https:\/\/www.bellunopress.it\/#website"},"datePublished":"2009-08-25T11:14:41+00:00","breadcrumb":{"@id":"https:\/\/www.bellunopress.it\/2009\/08\/25\/contributi-regionali-a-sostegno-del-diritto-allo-studio-anno-scolastico-2009-2010\/#breadcrumb"},"inLanguage":"fr-FR","potentialAction":[{"@type":"ReadAction","target":["https:\/\/www.bellunopress.it\/2009\/08\/25\/contributi-regionali-a-sostegno-del-diritto-allo-studio-anno-scolastico-2009-2010\/"]}]},{"@type":"BreadcrumbList","@id":"https:\/\/www.bellunopress.it\/2009\/08\/25\/contributi-regionali-a-sostegno-del-diritto-allo-studio-anno-scolastico-2009-2010\/#breadcrumb","itemListElement":[{"@type":"ListItem","position":1,"name":"Home","item":"https:\/\/www.bellunopress.it\/"},{"@type":"ListItem","position":2,"name":"Contributi regionali a sostegno del diritto allo studio Anno scolastico 2009-2010"}]},{"@type":"WebSite","@id":"https:\/\/www.bellunopress.it\/#website","url":"https:\/\/www.bellunopress.it\/","name":"Bellunopress - Dolomiti","description":"e-mail: redazione@bellunopress.it","publisher":{"@id":"https:\/\/www.bellunopress.it\/#organization"},"potentialAction":[{"@type":"SearchAction","target":{"@type":"EntryPoint","urlTemplate":"https:\/\/www.bellunopress.it\/?s={search_term_string}"},"query-input":{"@type":"PropertyValueSpecification","valueRequired":true,"valueName":"search_term_string"}}],"inLanguage":"fr-FR"},{"@type":"Organization","@id":"https:\/\/www.bellunopress.it\/#organization","name":"Bellunopress","url":"https:\/\/www.bellunopress.it\/","logo":{"@type":"ImageObject","inLanguage":"fr-FR","@id":"https:\/\/www.bellunopress.it\/#\/schema\/logo\/image\/","url":"https:\/\/www.bellunopress.it\/wp-content\/uploads\/2011\/05\/cropped-logo-bellunopress-.jpg","contentUrl":"https:\/\/www.bellunopress.it\/wp-content\/uploads\/2011\/05\/cropped-logo-bellunopress-.jpg","width":512,"height":512,"caption":"Bellunopress"},"image":{"@id":"https:\/\/www.bellunopress.it\/#\/schema\/logo\/image\/"},"sameAs":["https:\/\/www.facebook.com\/profile.php?id=100008943462799","https:\/\/x.com\/bellunopress","https:\/\/www.linkedin.com\/hp\/?dnr=JBzUWaJfMUw8vbXJJ2tVW5-I3jZKvC4wsoxE&amp;amp;amp;amp;amp;amp;trk=nav_responsive_tab_home","https:\/\/www.youtube.com\/channel\/UCxL0wu1uN0_3_7hGG0306cw"]},{"@type":"Person","@id":"https:\/\/www.bellunopress.it\/#\/schema\/person\/79bb06722b37ece1c03d3e94beb30d73","name":"r\u00e9daction","image":{"@type":"ImageObject","inLanguage":"fr-FR","@id":"https:\/\/secure.gravatar.com\/avatar\/37d968a2e67a6fd04c169c4bdef102d0bc5d31b2546345219e348575eb80e9a0?s=96&d=mm&r=g","url":"https:\/\/secure.gravatar.com\/avatar\/37d968a2e67a6fd04c169c4bdef102d0bc5d31b2546345219e348575eb80e9a0?s=96&d=mm&r=g","contentUrl":"https:\/\/secure.gravatar.com\/avatar\/37d968a2e67a6fd04c169c4bdef102d0bc5d31b2546345219e348575eb80e9a0?s=96&d=mm&r=g","caption":"redazione"},"sameAs":["http:\/\/www.bellunopress.it","https:\/\/x.com\/bellunopress"],"url":"https:\/\/www.bellunopress.it\/fr\/author\/redazione\/"}]}},"_links":{"self":[{"href":"https:\/\/www.bellunopress.it\/fr\/wp-json\/wp\/v2\/posts\/7329","targetHints":{"allow":["GET"]}}],"collection":[{"href":"https:\/\/www.bellunopress.it\/fr\/wp-json\/wp\/v2\/posts"}],"about":[{"href":"https:\/\/www.bellunopress.it\/fr\/wp-json\/wp\/v2\/types\/post"}],"author":[{"embeddable":true,"href":"https:\/\/www.bellunopress.it\/fr\/wp-json\/wp\/v2\/users\/2"}],"replies":[{"embeddable":true,"href":"https:\/\/www.bellunopress.it\/fr\/wp-json\/wp\/v2\/comments?post=7329"}],"version-history":[{"count":1,"href":"https:\/\/www.bellunopress.it\/fr\/wp-json\/wp\/v2\/posts\/7329\/revisions"}],"predecessor-version":[{"id":7330,"href":"https:\/\/www.bellunopress.it\/fr\/wp-json\/wp\/v2\/posts\/7329\/revisions\/7330"}],"wp:attachment":[{"href":"https:\/\/www.bellunopress.it\/fr\/wp-json\/wp\/v2\/media?parent=7329"}],"wp:term":[{"taxonomy":"category","embeddable":true,"href":"https:\/\/www.bellunopress.it\/fr\/wp-json\/wp\/v2\/categories?post=7329"},{"taxonomy":"post_tag","embeddable":true,"href":"https:\/\/www.bellunopress.it\/fr\/wp-json\/wp\/v2\/tags?post=7329"}],"curies":[{"name":"wp","href":"https:\/\/api.w.org\/{rel}","templated":true}]}}