{"id":7261,"date":"2009-08-22T20:53:17","date_gmt":"2009-08-22T19:53:17","guid":{"rendered":"http:\/\/www.bellunopress.it\/?p=7261"},"modified":"2009-08-22T20:53:49","modified_gmt":"2009-08-22T19:53:49","slug":"la-festa-degli-alpini-le-promesse-elettorali-dei-politici-e-il-sogno","status":"publish","type":"post","link":"https:\/\/www.bellunopress.it\/fr\/2009\/08\/22\/la-festa-degli-alpini-le-promesse-elettorali-dei-politici-e-il-sogno\/","title":{"rendered":"La festa degli alpini, le promesse elettorali dei politici e il sogno"},"content":{"rendered":"<figure id=\"attachment_7263\" aria-describedby=\"caption-attachment-7263\" style=\"width: 240px\" class=\"wp-caption alignleft\"><a href=\"http:\/\/www.bellunopress.it\/wp-content\/uploads\/2009\/08\/fantuzzi-2.jpg\"><img loading=\"lazy\" decoding=\"async\" class=\"size-medium wp-image-7263\" title=\"fantuzzi-2\" src=\"http:\/\/www.bellunopress.it\/wp-content\/uploads\/2009\/08\/fantuzzi-2.jpg\" alt=\"La caserma Fantuzzi di Belluno\" width=\"240\" height=\"180\" \/><\/a><figcaption id=\"caption-attachment-7263\" class=\"wp-caption-text\">La caserma Fantuzzi di Belluno<\/figcaption><\/figure>\n<p>Il prossimo fine settimana avr\u00e0 luogo il III Raduno della Brigata Alpina Cadore. Una gran festa con una serie di manifestazioni collegate: mostre, filmati, gli onori ai Caduti, la cerimonia di conferimento della cittadinanza onoraria all&#8217;Ana (Associazione nazionale alpini), la messa per i Caduti in Russia, e la tradizionale sfilata per le vie della citt\u00e0. A questa kermesse di tre giorni saranno senz&#8217;altro presenti i parlamentari bellunesi e, chi lo sa, potremmo vedere anche qualche \u201cpezzo da 90\u201d del Governo. In tal caso, il nostro sogno ricorrente potrebbe avverarsi. Perch\u00e9 qualcuno dei politici locali che ci rappresenta potrebbe, ad esempio, ricordare a chi ci governa, che la\u00a0 Brigata Alpina Cadore \u00e8 stata sciolta il 31 gennaio del 1997, e da allora la pi\u00f9 bella caserma della nostra Provincia, la Fantuzzi, giace in stato di completo abbandono. Perch\u00e9 \u00e8 evidente che non basta fare pulizia delle erbacce e scopare la polvere sotto i tappeti per il giorno di festa, eppoi lasciare che il tempo distrugga irrimediabilmente l&#8217;immobile. Ebbene, l&#8217;illusione che la risoluzione del caso fosse vicinissima ce la diede l&#8217;8 giugno del 2004 l&#8217;onorevole Carlo Giovanardi, all&#8217;epoca ministro per i rapporti con il Parlamento, che intervenuto alla Sala De Luca per presentare i candidati della lista Udc ebbe a dire: \u00abIl via libera all\u2019apertura del tavolo della discussione tra il demanio ed i rappresentanti delle amministrazioni locali, \u00e8 stato formalizzato dal generale ispettore capo Vittorio Colucci, su incarico del ministro della Difesa Antonio Martino, con\u00a0 nota del 27 maggio 2004 a me indirizzata nella quale si legge: \u201c In relazione all\u2019interessamento prospettatomi dalla S.V. assicuro la mia disponibilit\u00e0 per una riunione con l\u2019Amministrazione comunale di Belluno al fine di esaminare le problematiche connesse all\u2019uso e\/o alle dismissioni degli immobili militari ubicati nel territorio\u201d\u00bb. L\u2019onorevole Giovanardi, insomma, cinque anni fa si era impegnato solennemente a convocare le parti immediatamente dopo le elezioni, assicurando il suo costante interessamento volto a dirimere i conflitti di competenza e le lungaggini burocratiche che notoriamente caratterizzano queste procedure di cessione tra demanio ed enti locali. Ma ad oggi la Caserma Fantuzzi, e anche tutte le altre, giacciono come allora aspettando che qualcuno si ricordi di loro. Sono passati 12 anni da quando non c&#8217;\u00e8 pi\u00f9 la Brigata e nulla di visibile \u00e8 stato fatto. Un immobile in centro di grande valore che cade a pezzi e che poteva essere utilizzato per le Forze di polizia. Ma oggi sarebbe andato benissimo anche per ospitare le classi delle Scuole Gabelli, anzich\u00e9 un prefabbricato provvisorio che ha tutta l&#8217;aria di diventare definitivo. Chiss\u00e0 se domenica prossima qualcuno si ricorder\u00e0 delle promesse elettorali, tra un&#8217;inaugurazione e un brindisi. E trasformer\u00e0 il nostro sogno in realt\u00e0.<\/p>","protected":false},"excerpt":{"rendered":"<p>Il prossimo fine settimana avr\u00e0 luogo il III Raduno della Brigata Alpina Cadore. Una gran festa con una serie di manifestazioni collegate: mostre, filmati, gli onori ai Caduti, la cerimonia di conferimento della cittadinanza onoraria all&#8217;Ana (Associazione nazionale alpini), la messa per i Caduti in Russia, e la tradizionale sfilata per le vie della citt\u00e0. [&hellip;]<\/p>\n","protected":false},"author":2,"featured_media":0,"comment_status":"closed","ping_status":"open","sticky":false,"template":"","format":"standard","meta":{"footnotes":""},"categories":[5],"tags":[139,151],"class_list":["post-7261","post","type-post","status-publish","format-standard","category-cronaca","tag-belluno","tag-cadore"],"yoast_head":"<!-- This site is optimized with the Yoast SEO plugin v28.4 - https:\/\/yoast.com\/product\/yoast-seo-wordpress\/ -->\n<title>La festa degli alpini, le promesse elettorali dei politici e il sogno - Bellunopress - Dolomiti<\/title>\n<meta name=\"robots\" content=\"index, follow, max-snippet:-1, max-image-preview:large, max-video-preview:-1\" \/>\n<link rel=\"canonical\" href=\"https:\/\/www.bellunopress.it\/fr\/2009\/08\/22\/la-festa-degli-alpini-le-promesse-elettorali-dei-politici-e-il-sogno\/\" \/>\n<meta property=\"og:locale\" content=\"fr_FR\" \/>\n<meta property=\"og:type\" content=\"article\" \/>\n<meta property=\"og:title\" content=\"La festa degli alpini, le promesse elettorali dei politici e il sogno - Bellunopress - Dolomiti\" \/>\n<meta property=\"og:description\" content=\"Il prossimo fine settimana avr\u00e0 luogo il III Raduno della Brigata Alpina Cadore. Una gran festa con una serie di manifestazioni collegate: mostre, filmati, gli onori ai Caduti, la cerimonia di conferimento della cittadinanza onoraria all&#8217;Ana (Associazione nazionale alpini), la messa per i Caduti in Russia, e la tradizionale sfilata per le vie della citt\u00e0. [&hellip;]\" \/>\n<meta property=\"og:url\" content=\"https:\/\/www.bellunopress.it\/fr\/2009\/08\/22\/la-festa-degli-alpini-le-promesse-elettorali-dei-politici-e-il-sogno\/\" \/>\n<meta property=\"og:site_name\" content=\"Bellunopress - Dolomiti\" \/>\n<meta property=\"article:publisher\" content=\"https:\/\/www.facebook.com\/profile.php?id=100008943462799\" \/>\n<meta property=\"article:published_time\" content=\"2009-08-22T19:53:17+00:00\" \/>\n<meta property=\"article:modified_time\" content=\"2009-08-22T19:53:49+00:00\" \/>\n<meta property=\"og:image\" content=\"http:\/\/www.bellunopress.it\/wp-content\/uploads\/2009\/08\/fantuzzi-2.jpg\" \/>\n<meta name=\"author\" content=\"redazione\" \/>\n<meta name=\"twitter:card\" content=\"summary_large_image\" \/>\n<meta name=\"twitter:creator\" content=\"@bellunopress\" \/>\n<meta name=\"twitter:site\" content=\"@bellunopress\" \/>\n<meta name=\"twitter:label1\" content=\"\u00c9crit par\" \/>\n\t<meta name=\"twitter:data1\" content=\"redazione\" \/>\n\t<meta name=\"twitter:label2\" content=\"Dur\u00e9e de lecture estim\u00e9e\" \/>\n\t<meta name=\"twitter:data2\" content=\"2 minutes\" \/>\n<script type=\"application\/ld+json\" class=\"yoast-schema-graph\">{\"@context\":\"https:\\\/\\\/schema.org\",\"@graph\":[{\"@type\":\"Article\",\"@id\":\"https:\\\/\\\/www.bellunopress.it\\\/2009\\\/08\\\/22\\\/la-festa-degli-alpini-le-promesse-elettorali-dei-politici-e-il-sogno\\\/#article\",\"isPartOf\":{\"@id\":\"https:\\\/\\\/www.bellunopress.it\\\/2009\\\/08\\\/22\\\/la-festa-degli-alpini-le-promesse-elettorali-dei-politici-e-il-sogno\\\/\"},\"author\":{\"name\":\"redazione\",\"@id\":\"https:\\\/\\\/www.bellunopress.it\\\/#\\\/schema\\\/person\\\/79bb06722b37ece1c03d3e94beb30d73\"},\"headline\":\"La festa degli alpini, le promesse elettorali dei politici e il sogno\",\"datePublished\":\"2009-08-22T19:53:17+00:00\",\"dateModified\":\"2009-08-22T19:53:49+00:00\",\"mainEntityOfPage\":{\"@id\":\"https:\\\/\\\/www.bellunopress.it\\\/2009\\\/08\\\/22\\\/la-festa-degli-alpini-le-promesse-elettorali-dei-politici-e-il-sogno\\\/\"},\"wordCount\":472,\"publisher\":{\"@id\":\"https:\\\/\\\/www.bellunopress.it\\\/#organization\"},\"image\":{\"@id\":\"https:\\\/\\\/www.bellunopress.it\\\/2009\\\/08\\\/22\\\/la-festa-degli-alpini-le-promesse-elettorali-dei-politici-e-il-sogno\\\/#primaryimage\"},\"thumbnailUrl\":\"http:\\\/\\\/www.bellunopress.it\\\/wp-content\\\/uploads\\\/2009\\\/08\\\/fantuzzi-2.jpg\",\"keywords\":[\"Belluno\",\"Cadore\"],\"articleSection\":[\"Cronaca\\\/Politica\"],\"inLanguage\":\"fr-FR\"},{\"@type\":\"WebPage\",\"@id\":\"https:\\\/\\\/www.bellunopress.it\\\/2009\\\/08\\\/22\\\/la-festa-degli-alpini-le-promesse-elettorali-dei-politici-e-il-sogno\\\/\",\"url\":\"https:\\\/\\\/www.bellunopress.it\\\/2009\\\/08\\\/22\\\/la-festa-degli-alpini-le-promesse-elettorali-dei-politici-e-il-sogno\\\/\",\"name\":\"La festa degli alpini, le promesse elettorali dei politici e il sogno - Bellunopress - Dolomiti\",\"isPartOf\":{\"@id\":\"https:\\\/\\\/www.bellunopress.it\\\/#website\"},\"primaryImageOfPage\":{\"@id\":\"https:\\\/\\\/www.bellunopress.it\\\/2009\\\/08\\\/22\\\/la-festa-degli-alpini-le-promesse-elettorali-dei-politici-e-il-sogno\\\/#primaryimage\"},\"image\":{\"@id\":\"https:\\\/\\\/www.bellunopress.it\\\/2009\\\/08\\\/22\\\/la-festa-degli-alpini-le-promesse-elettorali-dei-politici-e-il-sogno\\\/#primaryimage\"},\"thumbnailUrl\":\"http:\\\/\\\/www.bellunopress.it\\\/wp-content\\\/uploads\\\/2009\\\/08\\\/fantuzzi-2.jpg\",\"datePublished\":\"2009-08-22T19:53:17+00:00\",\"dateModified\":\"2009-08-22T19:53:49+00:00\",\"breadcrumb\":{\"@id\":\"https:\\\/\\\/www.bellunopress.it\\\/2009\\\/08\\\/22\\\/la-festa-degli-alpini-le-promesse-elettorali-dei-politici-e-il-sogno\\\/#breadcrumb\"},\"inLanguage\":\"fr-FR\",\"potentialAction\":[{\"@type\":\"ReadAction\",\"target\":[\"https:\\\/\\\/www.bellunopress.it\\\/2009\\\/08\\\/22\\\/la-festa-degli-alpini-le-promesse-elettorali-dei-politici-e-il-sogno\\\/\"]}]},{\"@type\":\"ImageObject\",\"inLanguage\":\"fr-FR\",\"@id\":\"https:\\\/\\\/www.bellunopress.it\\\/2009\\\/08\\\/22\\\/la-festa-degli-alpini-le-promesse-elettorali-dei-politici-e-il-sogno\\\/#primaryimage\",\"url\":\"http:\\\/\\\/www.bellunopress.it\\\/wp-content\\\/uploads\\\/2009\\\/08\\\/fantuzzi-2.jpg\",\"contentUrl\":\"http:\\\/\\\/www.bellunopress.it\\\/wp-content\\\/uploads\\\/2009\\\/08\\\/fantuzzi-2.jpg\"},{\"@type\":\"BreadcrumbList\",\"@id\":\"https:\\\/\\\/www.bellunopress.it\\\/2009\\\/08\\\/22\\\/la-festa-degli-alpini-le-promesse-elettorali-dei-politici-e-il-sogno\\\/#breadcrumb\",\"itemListElement\":[{\"@type\":\"ListItem\",\"position\":1,\"name\":\"Home\",\"item\":\"https:\\\/\\\/www.bellunopress.it\\\/\"},{\"@type\":\"ListItem\",\"position\":2,\"name\":\"La festa degli alpini, le promesse elettorali dei politici e il sogno\"}]},{\"@type\":\"WebSite\",\"@id\":\"https:\\\/\\\/www.bellunopress.it\\\/#website\",\"url\":\"https:\\\/\\\/www.bellunopress.it\\\/\",\"name\":\"Bellunopress - Dolomiti\",\"description\":\"e-mail: redazione@bellunopress.it\",\"publisher\":{\"@id\":\"https:\\\/\\\/www.bellunopress.it\\\/#organization\"},\"potentialAction\":[{\"@type\":\"SearchAction\",\"target\":{\"@type\":\"EntryPoint\",\"urlTemplate\":\"https:\\\/\\\/www.bellunopress.it\\\/?s={search_term_string}\"},\"query-input\":{\"@type\":\"PropertyValueSpecification\",\"valueRequired\":true,\"valueName\":\"search_term_string\"}}],\"inLanguage\":\"fr-FR\"},{\"@type\":\"Organization\",\"@id\":\"https:\\\/\\\/www.bellunopress.it\\\/#organization\",\"name\":\"Bellunopress\",\"url\":\"https:\\\/\\\/www.bellunopress.it\\\/\",\"logo\":{\"@type\":\"ImageObject\",\"inLanguage\":\"fr-FR\",\"@id\":\"https:\\\/\\\/www.bellunopress.it\\\/#\\\/schema\\\/logo\\\/image\\\/\",\"url\":\"https:\\\/\\\/www.bellunopress.it\\\/wp-content\\\/uploads\\\/2011\\\/05\\\/cropped-logo-bellunopress-.jpg\",\"contentUrl\":\"https:\\\/\\\/www.bellunopress.it\\\/wp-content\\\/uploads\\\/2011\\\/05\\\/cropped-logo-bellunopress-.jpg\",\"width\":512,\"height\":512,\"caption\":\"Bellunopress\"},\"image\":{\"@id\":\"https:\\\/\\\/www.bellunopress.it\\\/#\\\/schema\\\/logo\\\/image\\\/\"},\"sameAs\":[\"https:\\\/\\\/www.facebook.com\\\/profile.php?id=100008943462799\",\"https:\\\/\\\/x.com\\\/bellunopress\",\"https:\\\/\\\/www.linkedin.com\\\/hp\\\/?dnr=JBzUWaJfMUw8vbXJJ2tVW5-I3jZKvC4wsoxE&amp;amp;amp;amp;amp;amp;trk=nav_responsive_tab_home\",\"https:\\\/\\\/www.youtube.com\\\/channel\\\/UCxL0wu1uN0_3_7hGG0306cw\"]},{\"@type\":\"Person\",\"@id\":\"https:\\\/\\\/www.bellunopress.it\\\/#\\\/schema\\\/person\\\/79bb06722b37ece1c03d3e94beb30d73\",\"name\":\"redazione\",\"image\":{\"@type\":\"ImageObject\",\"inLanguage\":\"fr-FR\",\"@id\":\"https:\\\/\\\/secure.gravatar.com\\\/avatar\\\/37d968a2e67a6fd04c169c4bdef102d0bc5d31b2546345219e348575eb80e9a0?s=96&d=mm&r=g\",\"url\":\"https:\\\/\\\/secure.gravatar.com\\\/avatar\\\/37d968a2e67a6fd04c169c4bdef102d0bc5d31b2546345219e348575eb80e9a0?s=96&d=mm&r=g\",\"contentUrl\":\"https:\\\/\\\/secure.gravatar.com\\\/avatar\\\/37d968a2e67a6fd04c169c4bdef102d0bc5d31b2546345219e348575eb80e9a0?s=96&d=mm&r=g\",\"caption\":\"redazione\"},\"sameAs\":[\"http:\\\/\\\/www.bellunopress.it\",\"https:\\\/\\\/x.com\\\/bellunopress\"],\"url\":\"https:\\\/\\\/www.bellunopress.it\\\/fr\\\/author\\\/redazione\\\/\"}]}<\/script>\n<!-- \/ Yoast SEO plugin. -->","yoast_head_json":{"title":"La festa degli alpini, le promesse elettorali dei politici e il sogno - Bellunopress - Dolomiti","robots":{"index":"index","follow":"follow","max-snippet":"max-snippet:-1","max-image-preview":"max-image-preview:large","max-video-preview":"max-video-preview:-1"},"canonical":"https:\/\/www.bellunopress.it\/fr\/2009\/08\/22\/la-festa-degli-alpini-le-promesse-elettorali-dei-politici-e-il-sogno\/","og_locale":"fr_FR","og_type":"article","og_title":"La festa degli alpini, le promesse elettorali dei politici e il sogno - Bellunopress - Dolomiti","og_description":"Il prossimo fine settimana avr\u00e0 luogo il III Raduno della Brigata Alpina Cadore. Una gran festa con una serie di manifestazioni collegate: mostre, filmati, gli onori ai Caduti, la cerimonia di conferimento della cittadinanza onoraria all&#8217;Ana (Associazione nazionale alpini), la messa per i Caduti in Russia, e la tradizionale sfilata per le vie della citt\u00e0. [&hellip;]","og_url":"https:\/\/www.bellunopress.it\/fr\/2009\/08\/22\/la-festa-degli-alpini-le-promesse-elettorali-dei-politici-e-il-sogno\/","og_site_name":"Bellunopress - Dolomiti","article_publisher":"https:\/\/www.facebook.com\/profile.php?id=100008943462799","article_published_time":"2009-08-22T19:53:17+00:00","article_modified_time":"2009-08-22T19:53:49+00:00","og_image":[{"url":"http:\/\/www.bellunopress.it\/wp-content\/uploads\/2009\/08\/fantuzzi-2.jpg","type":"","width":"","height":""}],"author":"redazione","twitter_card":"summary_large_image","twitter_creator":"@bellunopress","twitter_site":"@bellunopress","twitter_misc":{"\u00c9crit par":"redazione","Dur\u00e9e de lecture estim\u00e9e":"2 minutes"},"schema":{"@context":"https:\/\/schema.org","@graph":[{"@type":"Article","@id":"https:\/\/www.bellunopress.it\/2009\/08\/22\/la-festa-degli-alpini-le-promesse-elettorali-dei-politici-e-il-sogno\/#article","isPartOf":{"@id":"https:\/\/www.bellunopress.it\/2009\/08\/22\/la-festa-degli-alpini-le-promesse-elettorali-dei-politici-e-il-sogno\/"},"author":{"name":"redazione","@id":"https:\/\/www.bellunopress.it\/#\/schema\/person\/79bb06722b37ece1c03d3e94beb30d73"},"headline":"La festa degli alpini, le promesse elettorali dei politici e il sogno","datePublished":"2009-08-22T19:53:17+00:00","dateModified":"2009-08-22T19:53:49+00:00","mainEntityOfPage":{"@id":"https:\/\/www.bellunopress.it\/2009\/08\/22\/la-festa-degli-alpini-le-promesse-elettorali-dei-politici-e-il-sogno\/"},"wordCount":472,"publisher":{"@id":"https:\/\/www.bellunopress.it\/#organization"},"image":{"@id":"https:\/\/www.bellunopress.it\/2009\/08\/22\/la-festa-degli-alpini-le-promesse-elettorali-dei-politici-e-il-sogno\/#primaryimage"},"thumbnailUrl":"http:\/\/www.bellunopress.it\/wp-content\/uploads\/2009\/08\/fantuzzi-2.jpg","keywords":["Belluno","Cadore"],"articleSection":["Cronaca\/Politica"],"inLanguage":"fr-FR"},{"@type":"WebPage","@id":"https:\/\/www.bellunopress.it\/2009\/08\/22\/la-festa-degli-alpini-le-promesse-elettorali-dei-politici-e-il-sogno\/","url":"https:\/\/www.bellunopress.it\/2009\/08\/22\/la-festa-degli-alpini-le-promesse-elettorali-dei-politici-e-il-sogno\/","name":"La festa degli alpini, le promesse elettorali dei politici e il sogno - Bellunopress - Dolomiti","isPartOf":{"@id":"https:\/\/www.bellunopress.it\/#website"},"primaryImageOfPage":{"@id":"https:\/\/www.bellunopress.it\/2009\/08\/22\/la-festa-degli-alpini-le-promesse-elettorali-dei-politici-e-il-sogno\/#primaryimage"},"image":{"@id":"https:\/\/www.bellunopress.it\/2009\/08\/22\/la-festa-degli-alpini-le-promesse-elettorali-dei-politici-e-il-sogno\/#primaryimage"},"thumbnailUrl":"http:\/\/www.bellunopress.it\/wp-content\/uploads\/2009\/08\/fantuzzi-2.jpg","datePublished":"2009-08-22T19:53:17+00:00","dateModified":"2009-08-22T19:53:49+00:00","breadcrumb":{"@id":"https:\/\/www.bellunopress.it\/2009\/08\/22\/la-festa-degli-alpini-le-promesse-elettorali-dei-politici-e-il-sogno\/#breadcrumb"},"inLanguage":"fr-FR","potentialAction":[{"@type":"ReadAction","target":["https:\/\/www.bellunopress.it\/2009\/08\/22\/la-festa-degli-alpini-le-promesse-elettorali-dei-politici-e-il-sogno\/"]}]},{"@type":"ImageObject","inLanguage":"fr-FR","@id":"https:\/\/www.bellunopress.it\/2009\/08\/22\/la-festa-degli-alpini-le-promesse-elettorali-dei-politici-e-il-sogno\/#primaryimage","url":"http:\/\/www.bellunopress.it\/wp-content\/uploads\/2009\/08\/fantuzzi-2.jpg","contentUrl":"http:\/\/www.bellunopress.it\/wp-content\/uploads\/2009\/08\/fantuzzi-2.jpg"},{"@type":"BreadcrumbList","@id":"https:\/\/www.bellunopress.it\/2009\/08\/22\/la-festa-degli-alpini-le-promesse-elettorali-dei-politici-e-il-sogno\/#breadcrumb","itemListElement":[{"@type":"ListItem","position":1,"name":"Home","item":"https:\/\/www.bellunopress.it\/"},{"@type":"ListItem","position":2,"name":"La festa degli alpini, le promesse elettorali dei politici e il sogno"}]},{"@type":"WebSite","@id":"https:\/\/www.bellunopress.it\/#website","url":"https:\/\/www.bellunopress.it\/","name":"Bellunopress - Dolomiti","description":"e-mail: redazione@bellunopress.it","publisher":{"@id":"https:\/\/www.bellunopress.it\/#organization"},"potentialAction":[{"@type":"SearchAction","target":{"@type":"EntryPoint","urlTemplate":"https:\/\/www.bellunopress.it\/?s={search_term_string}"},"query-input":{"@type":"PropertyValueSpecification","valueRequired":true,"valueName":"search_term_string"}}],"inLanguage":"fr-FR"},{"@type":"Organization","@id":"https:\/\/www.bellunopress.it\/#organization","name":"Bellunopress","url":"https:\/\/www.bellunopress.it\/","logo":{"@type":"ImageObject","inLanguage":"fr-FR","@id":"https:\/\/www.bellunopress.it\/#\/schema\/logo\/image\/","url":"https:\/\/www.bellunopress.it\/wp-content\/uploads\/2011\/05\/cropped-logo-bellunopress-.jpg","contentUrl":"https:\/\/www.bellunopress.it\/wp-content\/uploads\/2011\/05\/cropped-logo-bellunopress-.jpg","width":512,"height":512,"caption":"Bellunopress"},"image":{"@id":"https:\/\/www.bellunopress.it\/#\/schema\/logo\/image\/"},"sameAs":["https:\/\/www.facebook.com\/profile.php?id=100008943462799","https:\/\/x.com\/bellunopress","https:\/\/www.linkedin.com\/hp\/?dnr=JBzUWaJfMUw8vbXJJ2tVW5-I3jZKvC4wsoxE&amp;amp;amp;amp;amp;amp;trk=nav_responsive_tab_home","https:\/\/www.youtube.com\/channel\/UCxL0wu1uN0_3_7hGG0306cw"]},{"@type":"Person","@id":"https:\/\/www.bellunopress.it\/#\/schema\/person\/79bb06722b37ece1c03d3e94beb30d73","name":"r\u00e9daction","image":{"@type":"ImageObject","inLanguage":"fr-FR","@id":"https:\/\/secure.gravatar.com\/avatar\/37d968a2e67a6fd04c169c4bdef102d0bc5d31b2546345219e348575eb80e9a0?s=96&d=mm&r=g","url":"https:\/\/secure.gravatar.com\/avatar\/37d968a2e67a6fd04c169c4bdef102d0bc5d31b2546345219e348575eb80e9a0?s=96&d=mm&r=g","contentUrl":"https:\/\/secure.gravatar.com\/avatar\/37d968a2e67a6fd04c169c4bdef102d0bc5d31b2546345219e348575eb80e9a0?s=96&d=mm&r=g","caption":"redazione"},"sameAs":["http:\/\/www.bellunopress.it","https:\/\/x.com\/bellunopress"],"url":"https:\/\/www.bellunopress.it\/fr\/author\/redazione\/"}]}},"_links":{"self":[{"href":"https:\/\/www.bellunopress.it\/fr\/wp-json\/wp\/v2\/posts\/7261","targetHints":{"allow":["GET"]}}],"collection":[{"href":"https:\/\/www.bellunopress.it\/fr\/wp-json\/wp\/v2\/posts"}],"about":[{"href":"https:\/\/www.bellunopress.it\/fr\/wp-json\/wp\/v2\/types\/post"}],"author":[{"embeddable":true,"href":"https:\/\/www.bellunopress.it\/fr\/wp-json\/wp\/v2\/users\/2"}],"replies":[{"embeddable":true,"href":"https:\/\/www.bellunopress.it\/fr\/wp-json\/wp\/v2\/comments?post=7261"}],"version-history":[{"count":2,"href":"https:\/\/www.bellunopress.it\/fr\/wp-json\/wp\/v2\/posts\/7261\/revisions"}],"predecessor-version":[{"id":7265,"href":"https:\/\/www.bellunopress.it\/fr\/wp-json\/wp\/v2\/posts\/7261\/revisions\/7265"}],"wp:attachment":[{"href":"https:\/\/www.bellunopress.it\/fr\/wp-json\/wp\/v2\/media?parent=7261"}],"wp:term":[{"taxonomy":"category","embeddable":true,"href":"https:\/\/www.bellunopress.it\/fr\/wp-json\/wp\/v2\/categories?post=7261"},{"taxonomy":"post_tag","embeddable":true,"href":"https:\/\/www.bellunopress.it\/fr\/wp-json\/wp\/v2\/tags?post=7261"}],"curies":[{"name":"wp","href":"https:\/\/api.w.org\/{rel}","templated":true}]}}