{"id":7257,"date":"2009-08-22T19:40:14","date_gmt":"2009-08-22T18:40:14","guid":{"rendered":"http:\/\/www.bellunopress.it\/?p=7257"},"modified":"2009-08-22T19:47:46","modified_gmt":"2009-08-22T18:47:46","slug":"precipita-lelicottero-del-suem-sul-faloria-tutti-morti-i-quattro-uomini-dellequipaggio","status":"publish","type":"post","link":"https:\/\/www.bellunopress.it\/fr\/2009\/08\/22\/precipita-lelicottero-del-suem-sul-faloria-tutti-morti-i-quattro-uomini-dellequipaggio\/","title":{"rendered":"Precipita l&#8217;elicottero del Suem sul Faloria, tutti morti i quattro uomini dell&#8217;equipaggio"},"content":{"rendered":"<p>Cortina d&#8217;Ampezzo 22 agosto 2009. Fabrizio Spaziani medico in servizio al 118 all&#8217;ospedale di Pieve di Cadore, Dario De Felip pilota, Marco Zago assistente pilota e membro del Soccorso alpino e Stefano Da Forno anche lui del Soccorso alpino, sono precipitati oggi pomeriggio con l&#8217;elicottero del Suem mentre effettuavano una ricognizione sul Monte Faloria. Dalle prime informazioni, pare che il velivolo si fosse abbassato per verificare una frana che ha invaso la carreggiata stradale nella zona di Rio Gere, tra il monte Cristallo e il Faloria. Si ritiene che a causa del maltempo e della scarsa visibilit\u00e0, il velivolo possa aver urtato i cavi dell&#8217;alta tensione e quindi sia precipitato. Un&#8217;eventualit\u00e0 che per\u00f2, secondo alcuni, pare improbabile considerata l&#8217;esperienza di volo del pilota e la conoscenza del territorio. Sul posto sono intervenuti i vigili del fuoco, i carabinieri e le squadre del soccorso alpino. Le quattro salme sono state portate nella sala mortuaria dell&#8217;Ospedale Codivilla di Cortina d&#8217;Ampezzo.<\/p>","protected":false},"excerpt":{"rendered":"<p>Cortina d&#8217;Ampezzo 22 agosto 2009. Fabrizio Spaziani medico in servizio al 118 all&#8217;ospedale di Pieve di Cadore, Dario De Felip pilota, Marco Zago assistente pilota e membro del Soccorso alpino e Stefano Da Forno anche lui del Soccorso alpino, sono precipitati oggi pomeriggio con l&#8217;elicottero del Suem mentre effettuavano una ricognizione sul Monte Faloria. Dalle [&hellip;]<\/p>\n","protected":false},"author":2,"featured_media":0,"comment_status":"closed","ping_status":"open","sticky":false,"template":"","format":"standard","meta":{"footnotes":""},"categories":[5,26],"tags":[151],"class_list":["post-7257","post","type-post","status-publish","format-standard","category-cronaca","category-prima-pagina","tag-cadore"],"yoast_head":"<!-- This site is optimized with the Yoast SEO plugin v28.4 - https:\/\/yoast.com\/product\/yoast-seo-wordpress\/ -->\n<title>Precipita l&#039;elicottero del Suem sul Faloria, tutti morti i quattro uomini dell&#039;equipaggio  - Bellunopress - Dolomiti<\/title>\n<meta name=\"robots\" content=\"index, follow, max-snippet:-1, max-image-preview:large, max-video-preview:-1\" \/>\n<link rel=\"canonical\" href=\"https:\/\/www.bellunopress.it\/fr\/2009\/08\/22\/precipita-lelicottero-del-suem-sul-faloria-tutti-morti-i-quattro-uomini-dellequipaggio\/\" \/>\n<meta property=\"og:locale\" content=\"fr_FR\" \/>\n<meta property=\"og:type\" content=\"article\" \/>\n<meta property=\"og:title\" content=\"Precipita l&#039;elicottero del Suem sul Faloria, tutti morti i quattro uomini dell&#039;equipaggio  - Bellunopress - Dolomiti\" \/>\n<meta property=\"og:description\" content=\"Cortina d&#8217;Ampezzo 22 agosto 2009. Fabrizio Spaziani medico in servizio al 118 all&#8217;ospedale di Pieve di Cadore, Dario De Felip pilota, Marco Zago assistente pilota e membro del Soccorso alpino e Stefano Da Forno anche lui del Soccorso alpino, sono precipitati oggi pomeriggio con l&#8217;elicottero del Suem mentre effettuavano una ricognizione sul Monte Faloria. Dalle [&hellip;]\" \/>\n<meta property=\"og:url\" content=\"https:\/\/www.bellunopress.it\/fr\/2009\/08\/22\/precipita-lelicottero-del-suem-sul-faloria-tutti-morti-i-quattro-uomini-dellequipaggio\/\" \/>\n<meta property=\"og:site_name\" content=\"Bellunopress - Dolomiti\" \/>\n<meta property=\"article:publisher\" content=\"https:\/\/www.facebook.com\/profile.php?id=100008943462799\" \/>\n<meta property=\"article:published_time\" content=\"2009-08-22T18:40:14+00:00\" \/>\n<meta property=\"article:modified_time\" content=\"2009-08-22T18:47:46+00:00\" \/>\n<meta property=\"og:image\" content=\"http:\/\/www.bellunopress.it\/wp-content\/uploads\/2012\/07\/logo-bellunopress-250x250-2012.jpg\" \/>\n<meta name=\"author\" content=\"redazione\" \/>\n<meta name=\"twitter:card\" content=\"summary_large_image\" \/>\n<meta name=\"twitter:creator\" content=\"@bellunopress\" \/>\n<meta name=\"twitter:site\" content=\"@bellunopress\" \/>\n<meta name=\"twitter:label1\" content=\"Written by\" \/>\n\t<meta name=\"twitter:data1\" content=\"redazione\" \/>\n\t<meta name=\"twitter:label2\" content=\"Est. reading time\" \/>\n\t<meta name=\"twitter:data2\" content=\"1 minute\" \/>\n<script type=\"application\/ld+json\" class=\"yoast-schema-graph\">{\"@context\":\"https:\\\/\\\/schema.org\",\"@graph\":[{\"@type\":\"Article\",\"@id\":\"https:\\\/\\\/www.bellunopress.it\\\/2009\\\/08\\\/22\\\/precipita-lelicottero-del-suem-sul-faloria-tutti-morti-i-quattro-uomini-dellequipaggio\\\/#article\",\"isPartOf\":{\"@id\":\"https:\\\/\\\/www.bellunopress.it\\\/2009\\\/08\\\/22\\\/precipita-lelicottero-del-suem-sul-faloria-tutti-morti-i-quattro-uomini-dellequipaggio\\\/\"},\"author\":{\"name\":\"redazione\",\"@id\":\"https:\\\/\\\/www.bellunopress.it\\\/#\\\/schema\\\/person\\\/79bb06722b37ece1c03d3e94beb30d73\"},\"headline\":\"Precipita l&#8217;elicottero del Suem sul Faloria, tutti morti i quattro uomini dell&#8217;equipaggio\",\"datePublished\":\"2009-08-22T18:40:14+00:00\",\"dateModified\":\"2009-08-22T18:47:46+00:00\",\"mainEntityOfPage\":{\"@id\":\"https:\\\/\\\/www.bellunopress.it\\\/2009\\\/08\\\/22\\\/precipita-lelicottero-del-suem-sul-faloria-tutti-morti-i-quattro-uomini-dellequipaggio\\\/\"},\"wordCount\":177,\"publisher\":{\"@id\":\"https:\\\/\\\/www.bellunopress.it\\\/#organization\"},\"keywords\":[\"Cadore\"],\"articleSection\":[\"Cronaca\\\/Politica\",\"Prima Pagina\"],\"inLanguage\":\"fr-FR\"},{\"@type\":\"WebPage\",\"@id\":\"https:\\\/\\\/www.bellunopress.it\\\/2009\\\/08\\\/22\\\/precipita-lelicottero-del-suem-sul-faloria-tutti-morti-i-quattro-uomini-dellequipaggio\\\/\",\"url\":\"https:\\\/\\\/www.bellunopress.it\\\/2009\\\/08\\\/22\\\/precipita-lelicottero-del-suem-sul-faloria-tutti-morti-i-quattro-uomini-dellequipaggio\\\/\",\"name\":\"Precipita l'elicottero del Suem sul Faloria, tutti morti i quattro uomini dell'equipaggio - Bellunopress - Dolomiti\",\"isPartOf\":{\"@id\":\"https:\\\/\\\/www.bellunopress.it\\\/#website\"},\"datePublished\":\"2009-08-22T18:40:14+00:00\",\"dateModified\":\"2009-08-22T18:47:46+00:00\",\"breadcrumb\":{\"@id\":\"https:\\\/\\\/www.bellunopress.it\\\/2009\\\/08\\\/22\\\/precipita-lelicottero-del-suem-sul-faloria-tutti-morti-i-quattro-uomini-dellequipaggio\\\/#breadcrumb\"},\"inLanguage\":\"fr-FR\",\"potentialAction\":[{\"@type\":\"ReadAction\",\"target\":[\"https:\\\/\\\/www.bellunopress.it\\\/2009\\\/08\\\/22\\\/precipita-lelicottero-del-suem-sul-faloria-tutti-morti-i-quattro-uomini-dellequipaggio\\\/\"]}]},{\"@type\":\"BreadcrumbList\",\"@id\":\"https:\\\/\\\/www.bellunopress.it\\\/2009\\\/08\\\/22\\\/precipita-lelicottero-del-suem-sul-faloria-tutti-morti-i-quattro-uomini-dellequipaggio\\\/#breadcrumb\",\"itemListElement\":[{\"@type\":\"ListItem\",\"position\":1,\"name\":\"Home\",\"item\":\"https:\\\/\\\/www.bellunopress.it\\\/\"},{\"@type\":\"ListItem\",\"position\":2,\"name\":\"Precipita l&#8217;elicottero del Suem sul Faloria, tutti morti i quattro uomini dell&#8217;equipaggio\"}]},{\"@type\":\"WebSite\",\"@id\":\"https:\\\/\\\/www.bellunopress.it\\\/#website\",\"url\":\"https:\\\/\\\/www.bellunopress.it\\\/\",\"name\":\"Bellunopress - Dolomiti\",\"description\":\"e-mail: redazione@bellunopress.it\",\"publisher\":{\"@id\":\"https:\\\/\\\/www.bellunopress.it\\\/#organization\"},\"potentialAction\":[{\"@type\":\"SearchAction\",\"target\":{\"@type\":\"EntryPoint\",\"urlTemplate\":\"https:\\\/\\\/www.bellunopress.it\\\/?s={search_term_string}\"},\"query-input\":{\"@type\":\"PropertyValueSpecification\",\"valueRequired\":true,\"valueName\":\"search_term_string\"}}],\"inLanguage\":\"fr-FR\"},{\"@type\":\"Organization\",\"@id\":\"https:\\\/\\\/www.bellunopress.it\\\/#organization\",\"name\":\"Bellunopress\",\"url\":\"https:\\\/\\\/www.bellunopress.it\\\/\",\"logo\":{\"@type\":\"ImageObject\",\"inLanguage\":\"fr-FR\",\"@id\":\"https:\\\/\\\/www.bellunopress.it\\\/#\\\/schema\\\/logo\\\/image\\\/\",\"url\":\"https:\\\/\\\/www.bellunopress.it\\\/wp-content\\\/uploads\\\/2011\\\/05\\\/cropped-logo-bellunopress-.jpg\",\"contentUrl\":\"https:\\\/\\\/www.bellunopress.it\\\/wp-content\\\/uploads\\\/2011\\\/05\\\/cropped-logo-bellunopress-.jpg\",\"width\":512,\"height\":512,\"caption\":\"Bellunopress\"},\"image\":{\"@id\":\"https:\\\/\\\/www.bellunopress.it\\\/#\\\/schema\\\/logo\\\/image\\\/\"},\"sameAs\":[\"https:\\\/\\\/www.facebook.com\\\/profile.php?id=100008943462799\",\"https:\\\/\\\/x.com\\\/bellunopress\",\"https:\\\/\\\/www.linkedin.com\\\/hp\\\/?dnr=JBzUWaJfMUw8vbXJJ2tVW5-I3jZKvC4wsoxE&amp;amp;amp;amp;amp;amp;trk=nav_responsive_tab_home\",\"https:\\\/\\\/www.youtube.com\\\/channel\\\/UCxL0wu1uN0_3_7hGG0306cw\"]},{\"@type\":\"Person\",\"@id\":\"https:\\\/\\\/www.bellunopress.it\\\/#\\\/schema\\\/person\\\/79bb06722b37ece1c03d3e94beb30d73\",\"name\":\"redazione\",\"image\":{\"@type\":\"ImageObject\",\"inLanguage\":\"fr-FR\",\"@id\":\"https:\\\/\\\/secure.gravatar.com\\\/avatar\\\/37d968a2e67a6fd04c169c4bdef102d0bc5d31b2546345219e348575eb80e9a0?s=96&d=mm&r=g\",\"url\":\"https:\\\/\\\/secure.gravatar.com\\\/avatar\\\/37d968a2e67a6fd04c169c4bdef102d0bc5d31b2546345219e348575eb80e9a0?s=96&d=mm&r=g\",\"contentUrl\":\"https:\\\/\\\/secure.gravatar.com\\\/avatar\\\/37d968a2e67a6fd04c169c4bdef102d0bc5d31b2546345219e348575eb80e9a0?s=96&d=mm&r=g\",\"caption\":\"redazione\"},\"sameAs\":[\"http:\\\/\\\/www.bellunopress.it\",\"https:\\\/\\\/x.com\\\/bellunopress\"],\"url\":\"https:\\\/\\\/www.bellunopress.it\\\/fr\\\/author\\\/redazione\\\/\"}]}<\/script>\n<!-- \/ Yoast SEO plugin. -->","yoast_head_json":{"title":"Precipita l'elicottero del Suem sul Faloria, tutti morti i quattro uomini dell'equipaggio  - Bellunopress - Dolomiti","robots":{"index":"index","follow":"follow","max-snippet":"max-snippet:-1","max-image-preview":"max-image-preview:large","max-video-preview":"max-video-preview:-1"},"canonical":"https:\/\/www.bellunopress.it\/fr\/2009\/08\/22\/precipita-lelicottero-del-suem-sul-faloria-tutti-morti-i-quattro-uomini-dellequipaggio\/","og_locale":"fr_FR","og_type":"article","og_title":"Precipita l'elicottero del Suem sul Faloria, tutti morti i quattro uomini dell'equipaggio  - Bellunopress - Dolomiti","og_description":"Cortina d&#8217;Ampezzo 22 agosto 2009. Fabrizio Spaziani medico in servizio al 118 all&#8217;ospedale di Pieve di Cadore, Dario De Felip pilota, Marco Zago assistente pilota e membro del Soccorso alpino e Stefano Da Forno anche lui del Soccorso alpino, sono precipitati oggi pomeriggio con l&#8217;elicottero del Suem mentre effettuavano una ricognizione sul Monte Faloria. Dalle [&hellip;]","og_url":"https:\/\/www.bellunopress.it\/fr\/2009\/08\/22\/precipita-lelicottero-del-suem-sul-faloria-tutti-morti-i-quattro-uomini-dellequipaggio\/","og_site_name":"Bellunopress - Dolomiti","article_publisher":"https:\/\/www.facebook.com\/profile.php?id=100008943462799","article_published_time":"2009-08-22T18:40:14+00:00","article_modified_time":"2009-08-22T18:47:46+00:00","og_image":[{"url":"http:\/\/www.bellunopress.it\/wp-content\/uploads\/2012\/07\/logo-bellunopress-250x250-2012.jpg","type":"","width":"","height":""}],"author":"redazione","twitter_card":"summary_large_image","twitter_creator":"@bellunopress","twitter_site":"@bellunopress","twitter_misc":{"Written by":"redazione","Est. reading time":"1 minute"},"schema":{"@context":"https:\/\/schema.org","@graph":[{"@type":"Article","@id":"https:\/\/www.bellunopress.it\/2009\/08\/22\/precipita-lelicottero-del-suem-sul-faloria-tutti-morti-i-quattro-uomini-dellequipaggio\/#article","isPartOf":{"@id":"https:\/\/www.bellunopress.it\/2009\/08\/22\/precipita-lelicottero-del-suem-sul-faloria-tutti-morti-i-quattro-uomini-dellequipaggio\/"},"author":{"name":"redazione","@id":"https:\/\/www.bellunopress.it\/#\/schema\/person\/79bb06722b37ece1c03d3e94beb30d73"},"headline":"Precipita l&#8217;elicottero del Suem sul Faloria, tutti morti i quattro uomini dell&#8217;equipaggio","datePublished":"2009-08-22T18:40:14+00:00","dateModified":"2009-08-22T18:47:46+00:00","mainEntityOfPage":{"@id":"https:\/\/www.bellunopress.it\/2009\/08\/22\/precipita-lelicottero-del-suem-sul-faloria-tutti-morti-i-quattro-uomini-dellequipaggio\/"},"wordCount":177,"publisher":{"@id":"https:\/\/www.bellunopress.it\/#organization"},"keywords":["Cadore"],"articleSection":["Cronaca\/Politica","Prima Pagina"],"inLanguage":"fr-FR"},{"@type":"WebPage","@id":"https:\/\/www.bellunopress.it\/2009\/08\/22\/precipita-lelicottero-del-suem-sul-faloria-tutti-morti-i-quattro-uomini-dellequipaggio\/","url":"https:\/\/www.bellunopress.it\/2009\/08\/22\/precipita-lelicottero-del-suem-sul-faloria-tutti-morti-i-quattro-uomini-dellequipaggio\/","name":"Precipita l'elicottero del Suem sul Faloria, tutti morti i quattro uomini dell'equipaggio - Bellunopress - Dolomiti","isPartOf":{"@id":"https:\/\/www.bellunopress.it\/#website"},"datePublished":"2009-08-22T18:40:14+00:00","dateModified":"2009-08-22T18:47:46+00:00","breadcrumb":{"@id":"https:\/\/www.bellunopress.it\/2009\/08\/22\/precipita-lelicottero-del-suem-sul-faloria-tutti-morti-i-quattro-uomini-dellequipaggio\/#breadcrumb"},"inLanguage":"fr-FR","potentialAction":[{"@type":"ReadAction","target":["https:\/\/www.bellunopress.it\/2009\/08\/22\/precipita-lelicottero-del-suem-sul-faloria-tutti-morti-i-quattro-uomini-dellequipaggio\/"]}]},{"@type":"BreadcrumbList","@id":"https:\/\/www.bellunopress.it\/2009\/08\/22\/precipita-lelicottero-del-suem-sul-faloria-tutti-morti-i-quattro-uomini-dellequipaggio\/#breadcrumb","itemListElement":[{"@type":"ListItem","position":1,"name":"Home","item":"https:\/\/www.bellunopress.it\/"},{"@type":"ListItem","position":2,"name":"Precipita l&#8217;elicottero del Suem sul Faloria, tutti morti i quattro uomini dell&#8217;equipaggio"}]},{"@type":"WebSite","@id":"https:\/\/www.bellunopress.it\/#website","url":"https:\/\/www.bellunopress.it\/","name":"Bellunopress - Dolomiti","description":"e-mail: redazione@bellunopress.it","publisher":{"@id":"https:\/\/www.bellunopress.it\/#organization"},"potentialAction":[{"@type":"SearchAction","target":{"@type":"EntryPoint","urlTemplate":"https:\/\/www.bellunopress.it\/?s={search_term_string}"},"query-input":{"@type":"PropertyValueSpecification","valueRequired":true,"valueName":"search_term_string"}}],"inLanguage":"fr-FR"},{"@type":"Organization","@id":"https:\/\/www.bellunopress.it\/#organization","name":"Bellunopress","url":"https:\/\/www.bellunopress.it\/","logo":{"@type":"ImageObject","inLanguage":"fr-FR","@id":"https:\/\/www.bellunopress.it\/#\/schema\/logo\/image\/","url":"https:\/\/www.bellunopress.it\/wp-content\/uploads\/2011\/05\/cropped-logo-bellunopress-.jpg","contentUrl":"https:\/\/www.bellunopress.it\/wp-content\/uploads\/2011\/05\/cropped-logo-bellunopress-.jpg","width":512,"height":512,"caption":"Bellunopress"},"image":{"@id":"https:\/\/www.bellunopress.it\/#\/schema\/logo\/image\/"},"sameAs":["https:\/\/www.facebook.com\/profile.php?id=100008943462799","https:\/\/x.com\/bellunopress","https:\/\/www.linkedin.com\/hp\/?dnr=JBzUWaJfMUw8vbXJJ2tVW5-I3jZKvC4wsoxE&amp;amp;amp;amp;amp;amp;trk=nav_responsive_tab_home","https:\/\/www.youtube.com\/channel\/UCxL0wu1uN0_3_7hGG0306cw"]},{"@type":"Person","@id":"https:\/\/www.bellunopress.it\/#\/schema\/person\/79bb06722b37ece1c03d3e94beb30d73","name":"r\u00e9daction","image":{"@type":"ImageObject","inLanguage":"fr-FR","@id":"https:\/\/secure.gravatar.com\/avatar\/37d968a2e67a6fd04c169c4bdef102d0bc5d31b2546345219e348575eb80e9a0?s=96&d=mm&r=g","url":"https:\/\/secure.gravatar.com\/avatar\/37d968a2e67a6fd04c169c4bdef102d0bc5d31b2546345219e348575eb80e9a0?s=96&d=mm&r=g","contentUrl":"https:\/\/secure.gravatar.com\/avatar\/37d968a2e67a6fd04c169c4bdef102d0bc5d31b2546345219e348575eb80e9a0?s=96&d=mm&r=g","caption":"redazione"},"sameAs":["http:\/\/www.bellunopress.it","https:\/\/x.com\/bellunopress"],"url":"https:\/\/www.bellunopress.it\/fr\/author\/redazione\/"}]}},"_links":{"self":[{"href":"https:\/\/www.bellunopress.it\/fr\/wp-json\/wp\/v2\/posts\/7257","targetHints":{"allow":["GET"]}}],"collection":[{"href":"https:\/\/www.bellunopress.it\/fr\/wp-json\/wp\/v2\/posts"}],"about":[{"href":"https:\/\/www.bellunopress.it\/fr\/wp-json\/wp\/v2\/types\/post"}],"author":[{"embeddable":true,"href":"https:\/\/www.bellunopress.it\/fr\/wp-json\/wp\/v2\/users\/2"}],"replies":[{"embeddable":true,"href":"https:\/\/www.bellunopress.it\/fr\/wp-json\/wp\/v2\/comments?post=7257"}],"version-history":[{"count":3,"href":"https:\/\/www.bellunopress.it\/fr\/wp-json\/wp\/v2\/posts\/7257\/revisions"}],"predecessor-version":[{"id":7260,"href":"https:\/\/www.bellunopress.it\/fr\/wp-json\/wp\/v2\/posts\/7257\/revisions\/7260"}],"wp:attachment":[{"href":"https:\/\/www.bellunopress.it\/fr\/wp-json\/wp\/v2\/media?parent=7257"}],"wp:term":[{"taxonomy":"category","embeddable":true,"href":"https:\/\/www.bellunopress.it\/fr\/wp-json\/wp\/v2\/categories?post=7257"},{"taxonomy":"post_tag","embeddable":true,"href":"https:\/\/www.bellunopress.it\/fr\/wp-json\/wp\/v2\/tags?post=7257"}],"curies":[{"name":"wp","href":"https:\/\/api.w.org\/{rel}","templated":true}]}}