{"id":7242,"date":"2009-08-22T09:50:46","date_gmt":"2009-08-22T08:50:46","guid":{"rendered":"http:\/\/www.bellunopress.it\/?p=7242"},"modified":"2009-08-22T09:52:50","modified_gmt":"2009-08-22T08:52:50","slug":"cortina-successo-per-il-convegno-sullarchitettura-e-design","status":"publish","type":"post","link":"https:\/\/www.bellunopress.it\/fr\/2009\/08\/22\/cortina-successo-per-il-convegno-sullarchitettura-e-design\/","title":{"rendered":"Cortina: successo per il convegno sull&#8217;architettura e design"},"content":{"rendered":"<p><a href=\"http:\/\/www.bellunopress.it\/wp-content\/uploads\/2009\/03\/cortina-dampezzo-008.jpg\"><img loading=\"lazy\" decoding=\"async\" class=\"alignleft size-medium wp-image-1537\" title=\"cortina  150x150 \" src=\"http:\/\/www.bellunopress.it\/wp-content\/uploads\/2009\/03\/cortina-dampezzo-008.jpg\" alt=\"\" width=\"254\" height=\"181\" \/><\/a>Soddisfazione per la serata clou del progetto \u201cTotem. Innovazione e tradizione\u201d che ha visto importanti personaggi del mondo dell\u2019architettura e del design confrontarsi sul tema della creazione di un marchio territoriale di qualit\u00e0. Ambizioso obiettivo dell&#8217;Ape (Associazione professionisti edili) e dell&#8217;Associazione artigiani di Cortina d&#8217;Ampezzo, che gode del sostegno dell&#8217;amministrazione comunale e del consorzio di promozione turistica, come hanno confermato il sindaco di Cortina Andrea Franceschi, l&#8217;assessore all&#8217;Artigianato Enrico Pompanin, e il presidente di Cortina Turismo Stefano Illing. Al termine del dibattito sono stati assegnati i riconoscimenti ai totem vincitori tra i 15 esposti lungo Corso Italia. Il Premio Totem \u00e8 andato a \u201cL&#8217;arfa come totem\u201d dell&#8217;architetto Matteo Apollonio, il Premio Studenti \u00e8 stato vinto da \u201cI guardiani del colore\u201d di Luisana Carotenuto, Francesca Gnech e Chiara Pagan, mentre per il Premio Speciale AD \u00e8 stato scelto \u201cStesse radici, diverse storie\u201d di Ilenia De Villa, Giulia Ghedina e Agata Tua dell&#8217;Istituto Statale d&#8217;Arte di Cortina. Cortina d\u2019Ampezzo, 21 agosto 2009_ Abilit\u00e0 progettuale e maestria artigiana, valorizzazione delle eccellenze locali tra tradizione e contemporaneit\u00e0, creazione di un marchio di qualit\u00e0 territoriale. Questi i temi caldi del dibattito che si \u00e8 svolto ieri sera all&#8217;Alexander Girardi Hall che ha visto confrontarsi &#8211; moderati da Barbara Paolazzi, direttore di Radio Club 103 &#8211; grandi nomi dell\u2019architettura e del design: Gilla Gjani, direttrice editoriale e responsabile della Di Baio Editore, Francesco Ponzellini, amministratore delegato della Editrice Compositori, Kuno Prey, fondatore e preside della facolt\u00e0 di Design e arti della Libera Universit\u00e0 di Bolzano, e Massimo Spampani per la testata AD. Personalit\u00e0 che hanno apprezzato il progetto Totem per la sua \u201ccapacit\u00e0 di risolvere l&#8217;antitesi tra serialit\u00e0 e unicit\u00e0\u201d, come ha sottolineato Ponzellini, e per contrastare la \u201ctendenza al solipsismo degli architetti\u201d, come ha detto Gjani.\u00a0\u00a0 La serata \u00e8 stata il momento clou del progetto \u201cTotem. Innovazione e tradizione\u201d. Un concorso di idee per un espositore nella Regina delle Dolomiti, nato dalla collaborazione tra Ambra Piccin e Luca Menardi Ruggeri, fondatori dell\u2019Ape (Associazione professionisti edili), e Renzo Siorpaes \u201cZino\u201d e Loris Zanol (Associazione Artigiani di Cortina d\u2019Ampezzo) e inaugurato venerd\u00ec 7 agosto dall\u2019esposizione di 15 totem lungo la famosa via dello struscio, divenuta per l\u2019occasione un set a cielo aperto. Le opere, infatti, oltre ad esporre se stesse, contengono ognuna un\u2019immagine rappresentativa dei protagonisti che si celano dietro gli arredi, le architetture e i prodotti artigianali: tutte le fotografie sono di Stefano Zardini, presente alla serata tra i relatori.<br \/>\nAd aprire i lavori, l&#8217;intervento del sindaco Andrea Franceschi che ha ringraziato tutti coloro che si sono impegnati in questo progetto, ribadendo la linea intrapresa dall&#8217;amministrazione comunale: \u201cda un lato, valorizzare le iniziative legate al territorio, perch\u00e9 sono di qualit\u00e0, piacciono, e coinvolgono il pubblico; dall&#8217;altro, mantenere il centro, e in particolare Corso Italia, vivo e genuino\u201d. E valorizzare il patrimonio storico e culturale di Cortina, l&#8217;heritage, \u00e8 l&#8217;obiettivo di Cortina Turismo, come ha sottolineato il presidente Stefano Illing che, nel marchio Cortina, ha individuato un elemento di riconoscibilit\u00e0 e di identificazione, essenziale alla comunicazione. La parola \u00e8 poi passata agli ideatori di Totem, gli architetti Ambra Piccin e Luca Menardi Ruggeri dell&#8217;Ape, l&#8217;Associazione dei professionisti edili che ha voluto realizzare questo progetto per dare la possibilit\u00e0 ai progettisti di esprimere la propria fantasia, non sempre facile \u201cin un contesto fragile e delicato come quello di Cortina\u201d, come ha sottolineato l&#8217;architetto Piccin. Proprio in nome di questa libert\u00e0 espressiva, \u00e8 stato coinvolto l&#8217;Istituto Statale d&#8217;Arte di Cortina, istituto custode di antichi saperi e unico nel suo genere in Europa: \u201ci ragazzi hanno la mente libera, non devono confrontarsi con le regole\u201d, continua Ambra Piccin. Una presenza importante quella dell&#8217;Istituto ampezzano che, forte dei suoi 150 anni di storia, pu\u00f2 contribuire al progetto del marchio territoriale, tra innovazione e tradizione, come ha detto Elisabetta Fontana, vicepreside dell&#8217;Istituto Statale d&#8217;Arte e responsabile Arte e Cultura del Polo Valboite, soddisfatta per l&#8217;entusiasmo dimostrato dagli studenti che, grazie al progetto Totem, sono usciti dalla scuola e hanno potuto lavorare con artigiani e professionisti edili. E tra i relatori della serata figurava un ex-alunno d&#8217;eccellenza dell&#8217;Istituto Kuno Prey, fondatore e preside della facolt\u00e0 di Design e arti della Libera Universit\u00e0 di Bolzano, che ha ribadito l&#8217;importanza di mettersi sempre in discussione.\u00a0\u00a0 Sul tema della sinergia tra architetti e artigiani, hanno insistito Renzo Siorpaes Zino e Davide Gaspari dell&#8217;Associazione artigiani di Cortina, convinti che per costruire il marchio di qualit\u00e0 sia necessario fare squadra, rimanendo ancorati alle proprie specificit\u00e0. \u201cL&#8217;artigianato \u00e8 un importante pilastro sociale, economico e territoriale per Cortina\u201d, ha affermato Enrico Pompanin, assessore all&#8217;Artigianato, ribadendo l&#8217;intenzione dell&#8217;amministrazione di appoggiare progetti di qualit\u00e0. A chiusura del dibattito, sono stati infine assegnati i 3 premi: il Premio Totem \u2013 votato dal pubblico \u2013 \u00e8 andato all&#8217;architetto Matteo Apollonio per l&#8217;espositore \u201cL&#8217;Arfa come totem\u201d, realizzato dalla Falegnameria Idea Legno e da I Fabbri Zardini; il Premio Studenti \u2013 destinato al totem realizzato dagli studenti dell&#8217;Istituto d&#8217;Arte che ha collezionato pi\u00f9 voti del pubblico &#8211;\u00a0 al totem \u201cI guardiani del colore\u201d di Luisana Carotenuto, Francesca Gnech e Chiara Pagan, realizzato dalla Bottega Artistica, De Bernardo Carlo Costruzione Stufe e Ceramica, Fabbro Zino Lta e L&#8217;Arte di Arredare di Pagan Silvio; infine, il Premio Speciale AD, lo speciale attestato firmato dal direttore della rivista Ettore Mochetti, \u00e8 stato consegnato dal collaboratore Massimo Spampani a \u201cStesse radici, diverse storie\u201d, progettato da Ilenia De Villa, Giulia Ghedina e Agata Tua dell&#8217;Istituto Statale d&#8217;Arte e realizzato da Mauro Lampo. I totem progettati dagli architetti e realizzati dalle esperte mani delle maestranze locali e gli scatti fotografici di Stefano Zardini incorniciati negli espositori potranno essere ammirati lungo Corso Italia fino al 29 agosto. Alla fine dell&#8217;evento verranno regalati all&#8217;amministrazione comunale e potranno essere utilizzati per altre mostre ed iniziative. Media-partner dell\u2019evento, CORTINA.Top Living, l\u2019ultimo progetto editoriale della collana pubblicata dal Consorzio Cortina Turismo per svelare le peculiarit\u00e0 che rendono unica la valle d\u2019Ampezzo. L\u2019obiettivo \u00e8 quello di guardare all\u2019architettura, al design e all\u2019arredo attraverso uno strumento in grado di raccontare il connubio di tradizione e innovazione, che in uno scenario caratterizzato dall&#8217;omologazione e dalla serialit\u00e0 come quello odierno, ribadisce l&#8217;eccellenza di cui Cortina \u00e8 simbolo ed espressione.<br \/>\n<a href=\"http:\/\/www.dolomiti.org\">http:\/\/www.dolomiti.org<\/a><\/p>","protected":false},"excerpt":{"rendered":"<p>Soddisfazione per la serata clou del progetto \u201cTotem. Innovazione e tradizione\u201d che ha visto importanti personaggi del mondo dell\u2019architettura e del design confrontarsi sul tema della creazione di un marchio territoriale di qualit\u00e0. Ambizioso obiettivo dell&#8217;Ape (Associazione professionisti edili) e dell&#8217;Associazione artigiani di Cortina d&#8217;Ampezzo, che gode del sostegno dell&#8217;amministrazione comunale e del consorzio di [&hellip;]<\/p>\n","protected":false},"author":2,"featured_media":0,"comment_status":"closed","ping_status":"open","sticky":false,"template":"","format":"standard","meta":{"footnotes":""},"categories":[3,26],"tags":[139,63],"class_list":["post-7242","post","type-post","status-publish","format-standard","category-arte-cultura-spettacoli-scienza-archivi","category-prima-pagina","tag-belluno","tag-dolomiti"],"yoast_head":"<!-- This site is optimized with the Yoast SEO plugin v28.4 - https:\/\/yoast.com\/product\/yoast-seo-wordpress\/ -->\n<title>Cortina: successo per il convegno sull&#039;architettura e design - Bellunopress - Dolomiti<\/title>\n<meta name=\"robots\" content=\"index, follow, max-snippet:-1, max-image-preview:large, max-video-preview:-1\" \/>\n<link rel=\"canonical\" href=\"https:\/\/www.bellunopress.it\/fr\/2009\/08\/22\/cortina-successo-per-il-convegno-sullarchitettura-e-design\/\" \/>\n<meta property=\"og:locale\" content=\"fr_FR\" \/>\n<meta property=\"og:type\" content=\"article\" \/>\n<meta property=\"og:title\" content=\"Cortina: successo per il convegno sull&#039;architettura e design - Bellunopress - Dolomiti\" \/>\n<meta property=\"og:description\" content=\"Soddisfazione per la serata clou del progetto \u201cTotem. Innovazione e tradizione\u201d che ha visto importanti personaggi del mondo dell\u2019architettura e del design confrontarsi sul tema della creazione di un marchio territoriale di qualit\u00e0. Ambizioso obiettivo dell&#8217;Ape (Associazione professionisti edili) e dell&#8217;Associazione artigiani di Cortina d&#8217;Ampezzo, che gode del sostegno dell&#8217;amministrazione comunale e del consorzio di [&hellip;]\" \/>\n<meta property=\"og:url\" content=\"https:\/\/www.bellunopress.it\/fr\/2009\/08\/22\/cortina-successo-per-il-convegno-sullarchitettura-e-design\/\" \/>\n<meta property=\"og:site_name\" content=\"Bellunopress - Dolomiti\" \/>\n<meta property=\"article:publisher\" content=\"https:\/\/www.facebook.com\/profile.php?id=100008943462799\" \/>\n<meta property=\"article:published_time\" content=\"2009-08-22T08:50:46+00:00\" \/>\n<meta property=\"article:modified_time\" content=\"2009-08-22T08:52:50+00:00\" \/>\n<meta property=\"og:image\" content=\"http:\/\/www.bellunopress.it\/wp-content\/uploads\/2009\/03\/cortina-dampezzo-008.jpg\" \/>\n<meta name=\"author\" content=\"redazione\" \/>\n<meta name=\"twitter:card\" content=\"summary_large_image\" \/>\n<meta name=\"twitter:creator\" content=\"@bellunopress\" \/>\n<meta name=\"twitter:site\" content=\"@bellunopress\" \/>\n<meta name=\"twitter:label1\" content=\"\u00c9crit par\" \/>\n\t<meta name=\"twitter:data1\" content=\"redazione\" \/>\n\t<meta name=\"twitter:label2\" content=\"Dur\u00e9e de lecture estim\u00e9e\" \/>\n\t<meta name=\"twitter:data2\" content=\"5 minutes\" \/>\n<script type=\"application\/ld+json\" class=\"yoast-schema-graph\">{\"@context\":\"https:\\\/\\\/schema.org\",\"@graph\":[{\"@type\":\"Article\",\"@id\":\"https:\\\/\\\/www.bellunopress.it\\\/2009\\\/08\\\/22\\\/cortina-successo-per-il-convegno-sullarchitettura-e-design\\\/#article\",\"isPartOf\":{\"@id\":\"https:\\\/\\\/www.bellunopress.it\\\/2009\\\/08\\\/22\\\/cortina-successo-per-il-convegno-sullarchitettura-e-design\\\/\"},\"author\":{\"name\":\"redazione\",\"@id\":\"https:\\\/\\\/www.bellunopress.it\\\/#\\\/schema\\\/person\\\/79bb06722b37ece1c03d3e94beb30d73\"},\"headline\":\"Cortina: successo per il convegno sull&#8217;architettura e design\",\"datePublished\":\"2009-08-22T08:50:46+00:00\",\"dateModified\":\"2009-08-22T08:52:50+00:00\",\"mainEntityOfPage\":{\"@id\":\"https:\\\/\\\/www.bellunopress.it\\\/2009\\\/08\\\/22\\\/cortina-successo-per-il-convegno-sullarchitettura-e-design\\\/\"},\"wordCount\":1067,\"publisher\":{\"@id\":\"https:\\\/\\\/www.bellunopress.it\\\/#organization\"},\"image\":{\"@id\":\"https:\\\/\\\/www.bellunopress.it\\\/2009\\\/08\\\/22\\\/cortina-successo-per-il-convegno-sullarchitettura-e-design\\\/#primaryimage\"},\"thumbnailUrl\":\"http:\\\/\\\/www.bellunopress.it\\\/wp-content\\\/uploads\\\/2009\\\/03\\\/cortina-dampezzo-008.jpg\",\"keywords\":[\"Belluno\",\"Dolomiti\"],\"articleSection\":[\"Arte, Cultura, Spettacoli, Scienza\",\"Prima Pagina\"],\"inLanguage\":\"fr-FR\"},{\"@type\":\"WebPage\",\"@id\":\"https:\\\/\\\/www.bellunopress.it\\\/2009\\\/08\\\/22\\\/cortina-successo-per-il-convegno-sullarchitettura-e-design\\\/\",\"url\":\"https:\\\/\\\/www.bellunopress.it\\\/2009\\\/08\\\/22\\\/cortina-successo-per-il-convegno-sullarchitettura-e-design\\\/\",\"name\":\"Cortina: successo per il convegno sull'architettura e design - Bellunopress - Dolomiti\",\"isPartOf\":{\"@id\":\"https:\\\/\\\/www.bellunopress.it\\\/#website\"},\"primaryImageOfPage\":{\"@id\":\"https:\\\/\\\/www.bellunopress.it\\\/2009\\\/08\\\/22\\\/cortina-successo-per-il-convegno-sullarchitettura-e-design\\\/#primaryimage\"},\"image\":{\"@id\":\"https:\\\/\\\/www.bellunopress.it\\\/2009\\\/08\\\/22\\\/cortina-successo-per-il-convegno-sullarchitettura-e-design\\\/#primaryimage\"},\"thumbnailUrl\":\"http:\\\/\\\/www.bellunopress.it\\\/wp-content\\\/uploads\\\/2009\\\/03\\\/cortina-dampezzo-008.jpg\",\"datePublished\":\"2009-08-22T08:50:46+00:00\",\"dateModified\":\"2009-08-22T08:52:50+00:00\",\"breadcrumb\":{\"@id\":\"https:\\\/\\\/www.bellunopress.it\\\/2009\\\/08\\\/22\\\/cortina-successo-per-il-convegno-sullarchitettura-e-design\\\/#breadcrumb\"},\"inLanguage\":\"fr-FR\",\"potentialAction\":[{\"@type\":\"ReadAction\",\"target\":[\"https:\\\/\\\/www.bellunopress.it\\\/2009\\\/08\\\/22\\\/cortina-successo-per-il-convegno-sullarchitettura-e-design\\\/\"]}]},{\"@type\":\"ImageObject\",\"inLanguage\":\"fr-FR\",\"@id\":\"https:\\\/\\\/www.bellunopress.it\\\/2009\\\/08\\\/22\\\/cortina-successo-per-il-convegno-sullarchitettura-e-design\\\/#primaryimage\",\"url\":\"http:\\\/\\\/www.bellunopress.it\\\/wp-content\\\/uploads\\\/2009\\\/03\\\/cortina-dampezzo-008.jpg\",\"contentUrl\":\"http:\\\/\\\/www.bellunopress.it\\\/wp-content\\\/uploads\\\/2009\\\/03\\\/cortina-dampezzo-008.jpg\"},{\"@type\":\"BreadcrumbList\",\"@id\":\"https:\\\/\\\/www.bellunopress.it\\\/2009\\\/08\\\/22\\\/cortina-successo-per-il-convegno-sullarchitettura-e-design\\\/#breadcrumb\",\"itemListElement\":[{\"@type\":\"ListItem\",\"position\":1,\"name\":\"Home\",\"item\":\"https:\\\/\\\/www.bellunopress.it\\\/\"},{\"@type\":\"ListItem\",\"position\":2,\"name\":\"Cortina: successo per il convegno sull&#8217;architettura e design\"}]},{\"@type\":\"WebSite\",\"@id\":\"https:\\\/\\\/www.bellunopress.it\\\/#website\",\"url\":\"https:\\\/\\\/www.bellunopress.it\\\/\",\"name\":\"Bellunopress - Dolomiti\",\"description\":\"e-mail: redazione@bellunopress.it\",\"publisher\":{\"@id\":\"https:\\\/\\\/www.bellunopress.it\\\/#organization\"},\"potentialAction\":[{\"@type\":\"SearchAction\",\"target\":{\"@type\":\"EntryPoint\",\"urlTemplate\":\"https:\\\/\\\/www.bellunopress.it\\\/?s={search_term_string}\"},\"query-input\":{\"@type\":\"PropertyValueSpecification\",\"valueRequired\":true,\"valueName\":\"search_term_string\"}}],\"inLanguage\":\"fr-FR\"},{\"@type\":\"Organization\",\"@id\":\"https:\\\/\\\/www.bellunopress.it\\\/#organization\",\"name\":\"Bellunopress\",\"url\":\"https:\\\/\\\/www.bellunopress.it\\\/\",\"logo\":{\"@type\":\"ImageObject\",\"inLanguage\":\"fr-FR\",\"@id\":\"https:\\\/\\\/www.bellunopress.it\\\/#\\\/schema\\\/logo\\\/image\\\/\",\"url\":\"https:\\\/\\\/www.bellunopress.it\\\/wp-content\\\/uploads\\\/2011\\\/05\\\/cropped-logo-bellunopress-.jpg\",\"contentUrl\":\"https:\\\/\\\/www.bellunopress.it\\\/wp-content\\\/uploads\\\/2011\\\/05\\\/cropped-logo-bellunopress-.jpg\",\"width\":512,\"height\":512,\"caption\":\"Bellunopress\"},\"image\":{\"@id\":\"https:\\\/\\\/www.bellunopress.it\\\/#\\\/schema\\\/logo\\\/image\\\/\"},\"sameAs\":[\"https:\\\/\\\/www.facebook.com\\\/profile.php?id=100008943462799\",\"https:\\\/\\\/x.com\\\/bellunopress\",\"https:\\\/\\\/www.linkedin.com\\\/hp\\\/?dnr=JBzUWaJfMUw8vbXJJ2tVW5-I3jZKvC4wsoxE&amp;amp;amp;amp;amp;amp;trk=nav_responsive_tab_home\",\"https:\\\/\\\/www.youtube.com\\\/channel\\\/UCxL0wu1uN0_3_7hGG0306cw\"]},{\"@type\":\"Person\",\"@id\":\"https:\\\/\\\/www.bellunopress.it\\\/#\\\/schema\\\/person\\\/79bb06722b37ece1c03d3e94beb30d73\",\"name\":\"redazione\",\"image\":{\"@type\":\"ImageObject\",\"inLanguage\":\"fr-FR\",\"@id\":\"https:\\\/\\\/secure.gravatar.com\\\/avatar\\\/37d968a2e67a6fd04c169c4bdef102d0bc5d31b2546345219e348575eb80e9a0?s=96&d=mm&r=g\",\"url\":\"https:\\\/\\\/secure.gravatar.com\\\/avatar\\\/37d968a2e67a6fd04c169c4bdef102d0bc5d31b2546345219e348575eb80e9a0?s=96&d=mm&r=g\",\"contentUrl\":\"https:\\\/\\\/secure.gravatar.com\\\/avatar\\\/37d968a2e67a6fd04c169c4bdef102d0bc5d31b2546345219e348575eb80e9a0?s=96&d=mm&r=g\",\"caption\":\"redazione\"},\"sameAs\":[\"http:\\\/\\\/www.bellunopress.it\",\"https:\\\/\\\/x.com\\\/bellunopress\"],\"url\":\"https:\\\/\\\/www.bellunopress.it\\\/fr\\\/author\\\/redazione\\\/\"}]}<\/script>\n<!-- \/ Yoast SEO plugin. -->","yoast_head_json":{"title":"Cortina: successo per il convegno sull'architettura e design - Bellunopress - Dolomiti","robots":{"index":"index","follow":"follow","max-snippet":"max-snippet:-1","max-image-preview":"max-image-preview:large","max-video-preview":"max-video-preview:-1"},"canonical":"https:\/\/www.bellunopress.it\/fr\/2009\/08\/22\/cortina-successo-per-il-convegno-sullarchitettura-e-design\/","og_locale":"fr_FR","og_type":"article","og_title":"Cortina: successo per il convegno sull'architettura e design - Bellunopress - Dolomiti","og_description":"Soddisfazione per la serata clou del progetto \u201cTotem. Innovazione e tradizione\u201d che ha visto importanti personaggi del mondo dell\u2019architettura e del design confrontarsi sul tema della creazione di un marchio territoriale di qualit\u00e0. Ambizioso obiettivo dell&#8217;Ape (Associazione professionisti edili) e dell&#8217;Associazione artigiani di Cortina d&#8217;Ampezzo, che gode del sostegno dell&#8217;amministrazione comunale e del consorzio di [&hellip;]","og_url":"https:\/\/www.bellunopress.it\/fr\/2009\/08\/22\/cortina-successo-per-il-convegno-sullarchitettura-e-design\/","og_site_name":"Bellunopress - Dolomiti","article_publisher":"https:\/\/www.facebook.com\/profile.php?id=100008943462799","article_published_time":"2009-08-22T08:50:46+00:00","article_modified_time":"2009-08-22T08:52:50+00:00","og_image":[{"url":"http:\/\/www.bellunopress.it\/wp-content\/uploads\/2009\/03\/cortina-dampezzo-008.jpg","type":"","width":"","height":""}],"author":"redazione","twitter_card":"summary_large_image","twitter_creator":"@bellunopress","twitter_site":"@bellunopress","twitter_misc":{"\u00c9crit par":"redazione","Dur\u00e9e de lecture estim\u00e9e":"5 minutes"},"schema":{"@context":"https:\/\/schema.org","@graph":[{"@type":"Article","@id":"https:\/\/www.bellunopress.it\/2009\/08\/22\/cortina-successo-per-il-convegno-sullarchitettura-e-design\/#article","isPartOf":{"@id":"https:\/\/www.bellunopress.it\/2009\/08\/22\/cortina-successo-per-il-convegno-sullarchitettura-e-design\/"},"author":{"name":"redazione","@id":"https:\/\/www.bellunopress.it\/#\/schema\/person\/79bb06722b37ece1c03d3e94beb30d73"},"headline":"Cortina: successo per il convegno sull&#8217;architettura e design","datePublished":"2009-08-22T08:50:46+00:00","dateModified":"2009-08-22T08:52:50+00:00","mainEntityOfPage":{"@id":"https:\/\/www.bellunopress.it\/2009\/08\/22\/cortina-successo-per-il-convegno-sullarchitettura-e-design\/"},"wordCount":1067,"publisher":{"@id":"https:\/\/www.bellunopress.it\/#organization"},"image":{"@id":"https:\/\/www.bellunopress.it\/2009\/08\/22\/cortina-successo-per-il-convegno-sullarchitettura-e-design\/#primaryimage"},"thumbnailUrl":"http:\/\/www.bellunopress.it\/wp-content\/uploads\/2009\/03\/cortina-dampezzo-008.jpg","keywords":["Belluno","Dolomiti"],"articleSection":["Arte, Cultura, Spettacoli, Scienza","Prima Pagina"],"inLanguage":"fr-FR"},{"@type":"WebPage","@id":"https:\/\/www.bellunopress.it\/2009\/08\/22\/cortina-successo-per-il-convegno-sullarchitettura-e-design\/","url":"https:\/\/www.bellunopress.it\/2009\/08\/22\/cortina-successo-per-il-convegno-sullarchitettura-e-design\/","name":"Cortina: successo per il convegno sull'architettura e design - Bellunopress - Dolomiti","isPartOf":{"@id":"https:\/\/www.bellunopress.it\/#website"},"primaryImageOfPage":{"@id":"https:\/\/www.bellunopress.it\/2009\/08\/22\/cortina-successo-per-il-convegno-sullarchitettura-e-design\/#primaryimage"},"image":{"@id":"https:\/\/www.bellunopress.it\/2009\/08\/22\/cortina-successo-per-il-convegno-sullarchitettura-e-design\/#primaryimage"},"thumbnailUrl":"http:\/\/www.bellunopress.it\/wp-content\/uploads\/2009\/03\/cortina-dampezzo-008.jpg","datePublished":"2009-08-22T08:50:46+00:00","dateModified":"2009-08-22T08:52:50+00:00","breadcrumb":{"@id":"https:\/\/www.bellunopress.it\/2009\/08\/22\/cortina-successo-per-il-convegno-sullarchitettura-e-design\/#breadcrumb"},"inLanguage":"fr-FR","potentialAction":[{"@type":"ReadAction","target":["https:\/\/www.bellunopress.it\/2009\/08\/22\/cortina-successo-per-il-convegno-sullarchitettura-e-design\/"]}]},{"@type":"ImageObject","inLanguage":"fr-FR","@id":"https:\/\/www.bellunopress.it\/2009\/08\/22\/cortina-successo-per-il-convegno-sullarchitettura-e-design\/#primaryimage","url":"http:\/\/www.bellunopress.it\/wp-content\/uploads\/2009\/03\/cortina-dampezzo-008.jpg","contentUrl":"http:\/\/www.bellunopress.it\/wp-content\/uploads\/2009\/03\/cortina-dampezzo-008.jpg"},{"@type":"BreadcrumbList","@id":"https:\/\/www.bellunopress.it\/2009\/08\/22\/cortina-successo-per-il-convegno-sullarchitettura-e-design\/#breadcrumb","itemListElement":[{"@type":"ListItem","position":1,"name":"Home","item":"https:\/\/www.bellunopress.it\/"},{"@type":"ListItem","position":2,"name":"Cortina: successo per il convegno sull&#8217;architettura e design"}]},{"@type":"WebSite","@id":"https:\/\/www.bellunopress.it\/#website","url":"https:\/\/www.bellunopress.it\/","name":"Bellunopress - Dolomiti","description":"e-mail: redazione@bellunopress.it","publisher":{"@id":"https:\/\/www.bellunopress.it\/#organization"},"potentialAction":[{"@type":"SearchAction","target":{"@type":"EntryPoint","urlTemplate":"https:\/\/www.bellunopress.it\/?s={search_term_string}"},"query-input":{"@type":"PropertyValueSpecification","valueRequired":true,"valueName":"search_term_string"}}],"inLanguage":"fr-FR"},{"@type":"Organization","@id":"https:\/\/www.bellunopress.it\/#organization","name":"Bellunopress","url":"https:\/\/www.bellunopress.it\/","logo":{"@type":"ImageObject","inLanguage":"fr-FR","@id":"https:\/\/www.bellunopress.it\/#\/schema\/logo\/image\/","url":"https:\/\/www.bellunopress.it\/wp-content\/uploads\/2011\/05\/cropped-logo-bellunopress-.jpg","contentUrl":"https:\/\/www.bellunopress.it\/wp-content\/uploads\/2011\/05\/cropped-logo-bellunopress-.jpg","width":512,"height":512,"caption":"Bellunopress"},"image":{"@id":"https:\/\/www.bellunopress.it\/#\/schema\/logo\/image\/"},"sameAs":["https:\/\/www.facebook.com\/profile.php?id=100008943462799","https:\/\/x.com\/bellunopress","https:\/\/www.linkedin.com\/hp\/?dnr=JBzUWaJfMUw8vbXJJ2tVW5-I3jZKvC4wsoxE&amp;amp;amp;amp;amp;amp;trk=nav_responsive_tab_home","https:\/\/www.youtube.com\/channel\/UCxL0wu1uN0_3_7hGG0306cw"]},{"@type":"Person","@id":"https:\/\/www.bellunopress.it\/#\/schema\/person\/79bb06722b37ece1c03d3e94beb30d73","name":"r\u00e9daction","image":{"@type":"ImageObject","inLanguage":"fr-FR","@id":"https:\/\/secure.gravatar.com\/avatar\/37d968a2e67a6fd04c169c4bdef102d0bc5d31b2546345219e348575eb80e9a0?s=96&d=mm&r=g","url":"https:\/\/secure.gravatar.com\/avatar\/37d968a2e67a6fd04c169c4bdef102d0bc5d31b2546345219e348575eb80e9a0?s=96&d=mm&r=g","contentUrl":"https:\/\/secure.gravatar.com\/avatar\/37d968a2e67a6fd04c169c4bdef102d0bc5d31b2546345219e348575eb80e9a0?s=96&d=mm&r=g","caption":"redazione"},"sameAs":["http:\/\/www.bellunopress.it","https:\/\/x.com\/bellunopress"],"url":"https:\/\/www.bellunopress.it\/fr\/author\/redazione\/"}]}},"_links":{"self":[{"href":"https:\/\/www.bellunopress.it\/fr\/wp-json\/wp\/v2\/posts\/7242","targetHints":{"allow":["GET"]}}],"collection":[{"href":"https:\/\/www.bellunopress.it\/fr\/wp-json\/wp\/v2\/posts"}],"about":[{"href":"https:\/\/www.bellunopress.it\/fr\/wp-json\/wp\/v2\/types\/post"}],"author":[{"embeddable":true,"href":"https:\/\/www.bellunopress.it\/fr\/wp-json\/wp\/v2\/users\/2"}],"replies":[{"embeddable":true,"href":"https:\/\/www.bellunopress.it\/fr\/wp-json\/wp\/v2\/comments?post=7242"}],"version-history":[{"count":2,"href":"https:\/\/www.bellunopress.it\/fr\/wp-json\/wp\/v2\/posts\/7242\/revisions"}],"predecessor-version":[{"id":7244,"href":"https:\/\/www.bellunopress.it\/fr\/wp-json\/wp\/v2\/posts\/7242\/revisions\/7244"}],"wp:attachment":[{"href":"https:\/\/www.bellunopress.it\/fr\/wp-json\/wp\/v2\/media?parent=7242"}],"wp:term":[{"taxonomy":"category","embeddable":true,"href":"https:\/\/www.bellunopress.it\/fr\/wp-json\/wp\/v2\/categories?post=7242"},{"taxonomy":"post_tag","embeddable":true,"href":"https:\/\/www.bellunopress.it\/fr\/wp-json\/wp\/v2\/tags?post=7242"}],"curies":[{"name":"wp","href":"https:\/\/api.w.org\/{rel}","templated":true}]}}