{"id":7220,"date":"2009-08-21T10:42:32","date_gmt":"2009-08-21T09:42:32","guid":{"rendered":"http:\/\/www.bellunopress.it\/?p=7220"},"modified":"2009-08-21T10:42:32","modified_gmt":"2009-08-21T09:42:32","slug":"farmacie-di-confine-sbloccato-laccordo-veneto-lombardia-federfarma-veneto-%e2%80%9csi-continui-cosi-per-agevolare-i-cittadini%e2%80%9d","status":"publish","type":"post","link":"https:\/\/www.bellunopress.it\/fr\/2009\/08\/21\/farmacie-di-confine-sbloccato-laccordo-veneto-lombardia-federfarma-veneto-%e2%80%9csi-continui-cosi-per-agevolare-i-cittadini%e2%80%9d\/","title":{"rendered":"Farmacie di confine: sbloccato l&#8217;accordo Veneto-Lombardia. Federfarma Veneto: \u201cSi continui cos\u00ec per agevolare i cittadini\u201d"},"content":{"rendered":"<p>Per sei comuni ora non esiste pi\u00f9 un \u201cconfine\u201d farmaceutico. L&#8217;intesa appena siglata tra Veneto e Lombardia permetter\u00e0 ai cittadini di rivolgersi a una farmacia \u201coltre confine\u201d se risultasse pi\u00f9 comodo farlo per motivi di viabilit\u00e0, lavoro o quant&#8217;altro. \u201cAbbiamo siglato un ottimo accordo atteso da un decennio \u2013 commenta Annamaria Brusadini, presidente di Federfarma Veneto, l&#8217;unione regionale dei titolari di farmacia \u2013 speriamo che venga implementato ed anche esteso a altre farmacie che ne avessero diritto e ad altre zone di confine interregionale\u201d. La normativa generale nazionale, infatti, non permette di presentare una ricetta veneta in una farmacia di un&#8217;altra regione o viceversa. Per farlo servono accordi locali, come quello in questione che riguarda i comuni veronesi di Mozzecane, Gazzo Veronese e Peschiera del Garda e quelli limitrofi, ma mantovani, di Ponte sul Mincio, Villimpenta e Roverbella. Con la delibera in questione la giunta regionale ha anche disposto di avviare il procedimento per la ricognizione di eventuali ulteriori farmacie aventi diritto ubicate nel territorio di confine del Veneto. Per questo Federfarma Veneto, da anni impegnata per proporre alle Regioni la soluzione del caso veneto-lombardo, porter\u00e0 all&#8217;attenzione degli uffici regionali anche altri casi che potrebbero trovare analogo esito a favore della cittadinanza. Tra gli esempi pi\u00f9 significativi ci sono le farmacie al confine con l&#8217;Emilia Romagna e quelle bellunesi al confine con Trentino e Alto Adige. \u201cSiamo convinti di migliorare cos\u00ec l\u2019assistenza farmaceutica rivolta ai cittadini residenti in zone di confine interregionale. &#8211; ha dichiarato a proposito Sandro Sandri, assessore veneto alla Sanit\u00e0 &#8211; Per molti di loro risulta infatti molto spesso pi\u00f9 agevole prelevare i medicinali in una farmacia ubicata nella Regione confinante, per motivi di ordine topografico, viabilistico, legati agli spostamenti connessi al lavoro o al raggiungimento delle strutture di erogazione delle prestazioni sanitarie\u201d. Le farmacie inserite in questo accordo Veneto-Lombardia sono le seguenti. Provincia di Verona: Farmacia Giovannini di Mozzecane; Farmacia Sabini di Roncanova di Gazzo Veronese, Farmacia Giubertoni di S. Benedetto di Peschiera del Garda; Provincia di Mantova: Farmacia Cappellari di Ponte sul Mincio, Farmacia Donelli di Villimpenta, Farmacia Brombin di Roverbella.<\/p>","protected":false},"excerpt":{"rendered":"<p>Per sei comuni ora non esiste pi\u00f9 un \u201cconfine\u201d farmaceutico. L&#8217;intesa appena siglata tra Veneto e Lombardia permetter\u00e0 ai cittadini di rivolgersi a una farmacia \u201coltre confine\u201d se risultasse pi\u00f9 comodo farlo per motivi di viabilit\u00e0, lavoro o quant&#8217;altro. \u201cAbbiamo siglato un ottimo accordo atteso da un decennio \u2013 commenta Annamaria Brusadini, presidente di Federfarma [&hellip;]<\/p>\n","protected":false},"author":2,"featured_media":0,"comment_status":"closed","ping_status":"open","sticky":false,"template":"","format":"standard","meta":{"footnotes":""},"categories":[5,26,17],"tags":[3050],"class_list":["post-7220","post","type-post","status-publish","format-standard","category-cronaca","category-prima-pagina","category-sanita","tag-sanita"],"yoast_head":"<!-- This site is optimized with the Yoast SEO plugin v28.4 - https:\/\/yoast.com\/product\/yoast-seo-wordpress\/ -->\n<title>Farmacie di confine: sbloccato l&#039;accordo Veneto-Lombardia. Federfarma Veneto: \u201cSi continui cos\u00ec per agevolare i cittadini\u201d - Bellunopress - Dolomiti<\/title>\n<meta name=\"robots\" content=\"index, follow, max-snippet:-1, max-image-preview:large, max-video-preview:-1\" \/>\n<link rel=\"canonical\" href=\"https:\/\/www.bellunopress.it\/fr\/2009\/08\/21\/farmacie-di-confine-sbloccato-laccordo-veneto-lombardia-federfarma-veneto-\u201csi-continui-cosi-per-agevolare-i-cittadini\u201d\/\" \/>\n<meta property=\"og:locale\" content=\"fr_FR\" \/>\n<meta property=\"og:type\" content=\"article\" \/>\n<meta property=\"og:title\" content=\"Farmacie di confine: sbloccato l&#039;accordo Veneto-Lombardia. Federfarma Veneto: \u201cSi continui cos\u00ec per agevolare i cittadini\u201d - Bellunopress - Dolomiti\" \/>\n<meta property=\"og:description\" content=\"Per sei comuni ora non esiste pi\u00f9 un \u201cconfine\u201d farmaceutico. L&#8217;intesa appena siglata tra Veneto e Lombardia permetter\u00e0 ai cittadini di rivolgersi a una farmacia \u201coltre confine\u201d se risultasse pi\u00f9 comodo farlo per motivi di viabilit\u00e0, lavoro o quant&#8217;altro. \u201cAbbiamo siglato un ottimo accordo atteso da un decennio \u2013 commenta Annamaria Brusadini, presidente di Federfarma [&hellip;]\" \/>\n<meta property=\"og:url\" content=\"https:\/\/www.bellunopress.it\/fr\/2009\/08\/21\/farmacie-di-confine-sbloccato-laccordo-veneto-lombardia-federfarma-veneto-\u201csi-continui-cosi-per-agevolare-i-cittadini\u201d\/\" \/>\n<meta property=\"og:site_name\" content=\"Bellunopress - Dolomiti\" \/>\n<meta property=\"article:publisher\" content=\"https:\/\/www.facebook.com\/profile.php?id=100008943462799\" \/>\n<meta property=\"article:published_time\" content=\"2009-08-21T09:42:32+00:00\" \/>\n<meta property=\"og:image\" content=\"http:\/\/www.bellunopress.it\/wp-content\/uploads\/2012\/07\/logo-bellunopress-250x250-2012.jpg\" \/>\n<meta name=\"author\" content=\"redazione\" \/>\n<meta name=\"twitter:card\" content=\"summary_large_image\" \/>\n<meta name=\"twitter:creator\" content=\"@bellunopress\" \/>\n<meta name=\"twitter:site\" content=\"@bellunopress\" \/>\n<meta name=\"twitter:label1\" content=\"\u00c9crit par\" \/>\n\t<meta name=\"twitter:data1\" content=\"redazione\" \/>\n\t<meta name=\"twitter:label2\" content=\"Dur\u00e9e de lecture estim\u00e9e\" \/>\n\t<meta name=\"twitter:data2\" content=\"2 minutes\" \/>\n<script type=\"application\/ld+json\" class=\"yoast-schema-graph\">{\"@context\":\"https:\\\/\\\/schema.org\",\"@graph\":[{\"@type\":\"Article\",\"@id\":\"https:\\\/\\\/www.bellunopress.it\\\/2009\\\/08\\\/21\\\/farmacie-di-confine-sbloccato-laccordo-veneto-lombardia-federfarma-veneto-%e2%80%9csi-continui-cosi-per-agevolare-i-cittadini%e2%80%9d\\\/#article\",\"isPartOf\":{\"@id\":\"https:\\\/\\\/www.bellunopress.it\\\/2009\\\/08\\\/21\\\/farmacie-di-confine-sbloccato-laccordo-veneto-lombardia-federfarma-veneto-%e2%80%9csi-continui-cosi-per-agevolare-i-cittadini%e2%80%9d\\\/\"},\"author\":{\"name\":\"redazione\",\"@id\":\"https:\\\/\\\/www.bellunopress.it\\\/#\\\/schema\\\/person\\\/79bb06722b37ece1c03d3e94beb30d73\"},\"headline\":\"Farmacie di confine: sbloccato l&#8217;accordo Veneto-Lombardia. Federfarma Veneto: \u201cSi continui cos\u00ec per agevolare i cittadini\u201d\",\"datePublished\":\"2009-08-21T09:42:32+00:00\",\"mainEntityOfPage\":{\"@id\":\"https:\\\/\\\/www.bellunopress.it\\\/2009\\\/08\\\/21\\\/farmacie-di-confine-sbloccato-laccordo-veneto-lombardia-federfarma-veneto-%e2%80%9csi-continui-cosi-per-agevolare-i-cittadini%e2%80%9d\\\/\"},\"wordCount\":367,\"publisher\":{\"@id\":\"https:\\\/\\\/www.bellunopress.it\\\/#organization\"},\"keywords\":[\"Sanit\u00e0\"],\"articleSection\":[\"Cronaca\\\/Politica\",\"Prima Pagina\",\"Sanit\u00e0 Medicina\"],\"inLanguage\":\"fr-FR\"},{\"@type\":\"WebPage\",\"@id\":\"https:\\\/\\\/www.bellunopress.it\\\/2009\\\/08\\\/21\\\/farmacie-di-confine-sbloccato-laccordo-veneto-lombardia-federfarma-veneto-%e2%80%9csi-continui-cosi-per-agevolare-i-cittadini%e2%80%9d\\\/\",\"url\":\"https:\\\/\\\/www.bellunopress.it\\\/2009\\\/08\\\/21\\\/farmacie-di-confine-sbloccato-laccordo-veneto-lombardia-federfarma-veneto-%e2%80%9csi-continui-cosi-per-agevolare-i-cittadini%e2%80%9d\\\/\",\"name\":\"Farmacie di confine: sbloccato l'accordo Veneto-Lombardia. Federfarma Veneto: \u201cSi continui cos\u00ec per agevolare i cittadini\u201d - Bellunopress - Dolomiti\",\"isPartOf\":{\"@id\":\"https:\\\/\\\/www.bellunopress.it\\\/#website\"},\"datePublished\":\"2009-08-21T09:42:32+00:00\",\"breadcrumb\":{\"@id\":\"https:\\\/\\\/www.bellunopress.it\\\/2009\\\/08\\\/21\\\/farmacie-di-confine-sbloccato-laccordo-veneto-lombardia-federfarma-veneto-%e2%80%9csi-continui-cosi-per-agevolare-i-cittadini%e2%80%9d\\\/#breadcrumb\"},\"inLanguage\":\"fr-FR\",\"potentialAction\":[{\"@type\":\"ReadAction\",\"target\":[\"https:\\\/\\\/www.bellunopress.it\\\/2009\\\/08\\\/21\\\/farmacie-di-confine-sbloccato-laccordo-veneto-lombardia-federfarma-veneto-%e2%80%9csi-continui-cosi-per-agevolare-i-cittadini%e2%80%9d\\\/\"]}]},{\"@type\":\"BreadcrumbList\",\"@id\":\"https:\\\/\\\/www.bellunopress.it\\\/2009\\\/08\\\/21\\\/farmacie-di-confine-sbloccato-laccordo-veneto-lombardia-federfarma-veneto-%e2%80%9csi-continui-cosi-per-agevolare-i-cittadini%e2%80%9d\\\/#breadcrumb\",\"itemListElement\":[{\"@type\":\"ListItem\",\"position\":1,\"name\":\"Home\",\"item\":\"https:\\\/\\\/www.bellunopress.it\\\/\"},{\"@type\":\"ListItem\",\"position\":2,\"name\":\"Farmacie di confine: sbloccato l&#8217;accordo Veneto-Lombardia. Federfarma Veneto: \u201cSi continui cos\u00ec per agevolare i cittadini\u201d\"}]},{\"@type\":\"WebSite\",\"@id\":\"https:\\\/\\\/www.bellunopress.it\\\/#website\",\"url\":\"https:\\\/\\\/www.bellunopress.it\\\/\",\"name\":\"Bellunopress - Dolomiti\",\"description\":\"e-mail: redazione@bellunopress.it\",\"publisher\":{\"@id\":\"https:\\\/\\\/www.bellunopress.it\\\/#organization\"},\"potentialAction\":[{\"@type\":\"SearchAction\",\"target\":{\"@type\":\"EntryPoint\",\"urlTemplate\":\"https:\\\/\\\/www.bellunopress.it\\\/?s={search_term_string}\"},\"query-input\":{\"@type\":\"PropertyValueSpecification\",\"valueRequired\":true,\"valueName\":\"search_term_string\"}}],\"inLanguage\":\"fr-FR\"},{\"@type\":\"Organization\",\"@id\":\"https:\\\/\\\/www.bellunopress.it\\\/#organization\",\"name\":\"Bellunopress\",\"url\":\"https:\\\/\\\/www.bellunopress.it\\\/\",\"logo\":{\"@type\":\"ImageObject\",\"inLanguage\":\"fr-FR\",\"@id\":\"https:\\\/\\\/www.bellunopress.it\\\/#\\\/schema\\\/logo\\\/image\\\/\",\"url\":\"https:\\\/\\\/www.bellunopress.it\\\/wp-content\\\/uploads\\\/2011\\\/05\\\/cropped-logo-bellunopress-.jpg\",\"contentUrl\":\"https:\\\/\\\/www.bellunopress.it\\\/wp-content\\\/uploads\\\/2011\\\/05\\\/cropped-logo-bellunopress-.jpg\",\"width\":512,\"height\":512,\"caption\":\"Bellunopress\"},\"image\":{\"@id\":\"https:\\\/\\\/www.bellunopress.it\\\/#\\\/schema\\\/logo\\\/image\\\/\"},\"sameAs\":[\"https:\\\/\\\/www.facebook.com\\\/profile.php?id=100008943462799\",\"https:\\\/\\\/x.com\\\/bellunopress\",\"https:\\\/\\\/www.linkedin.com\\\/hp\\\/?dnr=JBzUWaJfMUw8vbXJJ2tVW5-I3jZKvC4wsoxE&amp;amp;amp;amp;amp;amp;trk=nav_responsive_tab_home\",\"https:\\\/\\\/www.youtube.com\\\/channel\\\/UCxL0wu1uN0_3_7hGG0306cw\"]},{\"@type\":\"Person\",\"@id\":\"https:\\\/\\\/www.bellunopress.it\\\/#\\\/schema\\\/person\\\/79bb06722b37ece1c03d3e94beb30d73\",\"name\":\"redazione\",\"image\":{\"@type\":\"ImageObject\",\"inLanguage\":\"fr-FR\",\"@id\":\"https:\\\/\\\/secure.gravatar.com\\\/avatar\\\/37d968a2e67a6fd04c169c4bdef102d0bc5d31b2546345219e348575eb80e9a0?s=96&d=mm&r=g\",\"url\":\"https:\\\/\\\/secure.gravatar.com\\\/avatar\\\/37d968a2e67a6fd04c169c4bdef102d0bc5d31b2546345219e348575eb80e9a0?s=96&d=mm&r=g\",\"contentUrl\":\"https:\\\/\\\/secure.gravatar.com\\\/avatar\\\/37d968a2e67a6fd04c169c4bdef102d0bc5d31b2546345219e348575eb80e9a0?s=96&d=mm&r=g\",\"caption\":\"redazione\"},\"sameAs\":[\"http:\\\/\\\/www.bellunopress.it\",\"https:\\\/\\\/x.com\\\/bellunopress\"],\"url\":\"https:\\\/\\\/www.bellunopress.it\\\/fr\\\/author\\\/redazione\\\/\"}]}<\/script>\n<!-- \/ Yoast SEO plugin. -->","yoast_head_json":{"title":"Farmacie di confine: sbloccato l'accordo Veneto-Lombardia. Federfarma Veneto: \u201cSi continui cos\u00ec per agevolare i cittadini\u201d - Bellunopress - Dolomiti","robots":{"index":"index","follow":"follow","max-snippet":"max-snippet:-1","max-image-preview":"max-image-preview:large","max-video-preview":"max-video-preview:-1"},"canonical":"https:\/\/www.bellunopress.it\/fr\/2009\/08\/21\/farmacie-di-confine-sbloccato-laccordo-veneto-lombardia-federfarma-veneto-\u201csi-continui-cosi-per-agevolare-i-cittadini\u201d\/","og_locale":"fr_FR","og_type":"article","og_title":"Farmacie di confine: sbloccato l'accordo Veneto-Lombardia. Federfarma Veneto: \u201cSi continui cos\u00ec per agevolare i cittadini\u201d - Bellunopress - Dolomiti","og_description":"Per sei comuni ora non esiste pi\u00f9 un \u201cconfine\u201d farmaceutico. L&#8217;intesa appena siglata tra Veneto e Lombardia permetter\u00e0 ai cittadini di rivolgersi a una farmacia \u201coltre confine\u201d se risultasse pi\u00f9 comodo farlo per motivi di viabilit\u00e0, lavoro o quant&#8217;altro. \u201cAbbiamo siglato un ottimo accordo atteso da un decennio \u2013 commenta Annamaria Brusadini, presidente di Federfarma [&hellip;]","og_url":"https:\/\/www.bellunopress.it\/fr\/2009\/08\/21\/farmacie-di-confine-sbloccato-laccordo-veneto-lombardia-federfarma-veneto-\u201csi-continui-cosi-per-agevolare-i-cittadini\u201d\/","og_site_name":"Bellunopress - Dolomiti","article_publisher":"https:\/\/www.facebook.com\/profile.php?id=100008943462799","article_published_time":"2009-08-21T09:42:32+00:00","og_image":[{"url":"http:\/\/www.bellunopress.it\/wp-content\/uploads\/2012\/07\/logo-bellunopress-250x250-2012.jpg","type":"","width":"","height":""}],"author":"redazione","twitter_card":"summary_large_image","twitter_creator":"@bellunopress","twitter_site":"@bellunopress","twitter_misc":{"\u00c9crit par":"redazione","Dur\u00e9e de lecture estim\u00e9e":"2 minutes"},"schema":{"@context":"https:\/\/schema.org","@graph":[{"@type":"Article","@id":"https:\/\/www.bellunopress.it\/2009\/08\/21\/farmacie-di-confine-sbloccato-laccordo-veneto-lombardia-federfarma-veneto-%e2%80%9csi-continui-cosi-per-agevolare-i-cittadini%e2%80%9d\/#article","isPartOf":{"@id":"https:\/\/www.bellunopress.it\/2009\/08\/21\/farmacie-di-confine-sbloccato-laccordo-veneto-lombardia-federfarma-veneto-%e2%80%9csi-continui-cosi-per-agevolare-i-cittadini%e2%80%9d\/"},"author":{"name":"redazione","@id":"https:\/\/www.bellunopress.it\/#\/schema\/person\/79bb06722b37ece1c03d3e94beb30d73"},"headline":"Farmacie di confine: sbloccato l&#8217;accordo Veneto-Lombardia. Federfarma Veneto: \u201cSi continui cos\u00ec per agevolare i cittadini\u201d","datePublished":"2009-08-21T09:42:32+00:00","mainEntityOfPage":{"@id":"https:\/\/www.bellunopress.it\/2009\/08\/21\/farmacie-di-confine-sbloccato-laccordo-veneto-lombardia-federfarma-veneto-%e2%80%9csi-continui-cosi-per-agevolare-i-cittadini%e2%80%9d\/"},"wordCount":367,"publisher":{"@id":"https:\/\/www.bellunopress.it\/#organization"},"keywords":["Sanit\u00e0"],"articleSection":["Cronaca\/Politica","Prima Pagina","Sanit\u00e0 Medicina"],"inLanguage":"fr-FR"},{"@type":"WebPage","@id":"https:\/\/www.bellunopress.it\/2009\/08\/21\/farmacie-di-confine-sbloccato-laccordo-veneto-lombardia-federfarma-veneto-%e2%80%9csi-continui-cosi-per-agevolare-i-cittadini%e2%80%9d\/","url":"https:\/\/www.bellunopress.it\/2009\/08\/21\/farmacie-di-confine-sbloccato-laccordo-veneto-lombardia-federfarma-veneto-%e2%80%9csi-continui-cosi-per-agevolare-i-cittadini%e2%80%9d\/","name":"Farmacie di confine: sbloccato l'accordo Veneto-Lombardia. Federfarma Veneto: \u201cSi continui cos\u00ec per agevolare i cittadini\u201d - Bellunopress - Dolomiti","isPartOf":{"@id":"https:\/\/www.bellunopress.it\/#website"},"datePublished":"2009-08-21T09:42:32+00:00","breadcrumb":{"@id":"https:\/\/www.bellunopress.it\/2009\/08\/21\/farmacie-di-confine-sbloccato-laccordo-veneto-lombardia-federfarma-veneto-%e2%80%9csi-continui-cosi-per-agevolare-i-cittadini%e2%80%9d\/#breadcrumb"},"inLanguage":"fr-FR","potentialAction":[{"@type":"ReadAction","target":["https:\/\/www.bellunopress.it\/2009\/08\/21\/farmacie-di-confine-sbloccato-laccordo-veneto-lombardia-federfarma-veneto-%e2%80%9csi-continui-cosi-per-agevolare-i-cittadini%e2%80%9d\/"]}]},{"@type":"BreadcrumbList","@id":"https:\/\/www.bellunopress.it\/2009\/08\/21\/farmacie-di-confine-sbloccato-laccordo-veneto-lombardia-federfarma-veneto-%e2%80%9csi-continui-cosi-per-agevolare-i-cittadini%e2%80%9d\/#breadcrumb","itemListElement":[{"@type":"ListItem","position":1,"name":"Home","item":"https:\/\/www.bellunopress.it\/"},{"@type":"ListItem","position":2,"name":"Farmacie di confine: sbloccato l&#8217;accordo Veneto-Lombardia. Federfarma Veneto: \u201cSi continui cos\u00ec per agevolare i cittadini\u201d"}]},{"@type":"WebSite","@id":"https:\/\/www.bellunopress.it\/#website","url":"https:\/\/www.bellunopress.it\/","name":"Bellunopress - Dolomiti","description":"e-mail: redazione@bellunopress.it","publisher":{"@id":"https:\/\/www.bellunopress.it\/#organization"},"potentialAction":[{"@type":"SearchAction","target":{"@type":"EntryPoint","urlTemplate":"https:\/\/www.bellunopress.it\/?s={search_term_string}"},"query-input":{"@type":"PropertyValueSpecification","valueRequired":true,"valueName":"search_term_string"}}],"inLanguage":"fr-FR"},{"@type":"Organization","@id":"https:\/\/www.bellunopress.it\/#organization","name":"Bellunopress","url":"https:\/\/www.bellunopress.it\/","logo":{"@type":"ImageObject","inLanguage":"fr-FR","@id":"https:\/\/www.bellunopress.it\/#\/schema\/logo\/image\/","url":"https:\/\/www.bellunopress.it\/wp-content\/uploads\/2011\/05\/cropped-logo-bellunopress-.jpg","contentUrl":"https:\/\/www.bellunopress.it\/wp-content\/uploads\/2011\/05\/cropped-logo-bellunopress-.jpg","width":512,"height":512,"caption":"Bellunopress"},"image":{"@id":"https:\/\/www.bellunopress.it\/#\/schema\/logo\/image\/"},"sameAs":["https:\/\/www.facebook.com\/profile.php?id=100008943462799","https:\/\/x.com\/bellunopress","https:\/\/www.linkedin.com\/hp\/?dnr=JBzUWaJfMUw8vbXJJ2tVW5-I3jZKvC4wsoxE&amp;amp;amp;amp;amp;amp;trk=nav_responsive_tab_home","https:\/\/www.youtube.com\/channel\/UCxL0wu1uN0_3_7hGG0306cw"]},{"@type":"Person","@id":"https:\/\/www.bellunopress.it\/#\/schema\/person\/79bb06722b37ece1c03d3e94beb30d73","name":"r\u00e9daction","image":{"@type":"ImageObject","inLanguage":"fr-FR","@id":"https:\/\/secure.gravatar.com\/avatar\/37d968a2e67a6fd04c169c4bdef102d0bc5d31b2546345219e348575eb80e9a0?s=96&d=mm&r=g","url":"https:\/\/secure.gravatar.com\/avatar\/37d968a2e67a6fd04c169c4bdef102d0bc5d31b2546345219e348575eb80e9a0?s=96&d=mm&r=g","contentUrl":"https:\/\/secure.gravatar.com\/avatar\/37d968a2e67a6fd04c169c4bdef102d0bc5d31b2546345219e348575eb80e9a0?s=96&d=mm&r=g","caption":"redazione"},"sameAs":["http:\/\/www.bellunopress.it","https:\/\/x.com\/bellunopress"],"url":"https:\/\/www.bellunopress.it\/fr\/author\/redazione\/"}]}},"_links":{"self":[{"href":"https:\/\/www.bellunopress.it\/fr\/wp-json\/wp\/v2\/posts\/7220","targetHints":{"allow":["GET"]}}],"collection":[{"href":"https:\/\/www.bellunopress.it\/fr\/wp-json\/wp\/v2\/posts"}],"about":[{"href":"https:\/\/www.bellunopress.it\/fr\/wp-json\/wp\/v2\/types\/post"}],"author":[{"embeddable":true,"href":"https:\/\/www.bellunopress.it\/fr\/wp-json\/wp\/v2\/users\/2"}],"replies":[{"embeddable":true,"href":"https:\/\/www.bellunopress.it\/fr\/wp-json\/wp\/v2\/comments?post=7220"}],"version-history":[{"count":1,"href":"https:\/\/www.bellunopress.it\/fr\/wp-json\/wp\/v2\/posts\/7220\/revisions"}],"predecessor-version":[{"id":7222,"href":"https:\/\/www.bellunopress.it\/fr\/wp-json\/wp\/v2\/posts\/7220\/revisions\/7222"}],"wp:attachment":[{"href":"https:\/\/www.bellunopress.it\/fr\/wp-json\/wp\/v2\/media?parent=7220"}],"wp:term":[{"taxonomy":"category","embeddable":true,"href":"https:\/\/www.bellunopress.it\/fr\/wp-json\/wp\/v2\/categories?post=7220"},{"taxonomy":"post_tag","embeddable":true,"href":"https:\/\/www.bellunopress.it\/fr\/wp-json\/wp\/v2\/tags?post=7220"}],"curies":[{"name":"wp","href":"https:\/\/api.w.org\/{rel}","templated":true}]}}