{"id":7218,"date":"2009-08-21T10:05:59","date_gmt":"2009-08-21T09:05:59","guid":{"rendered":"http:\/\/www.bellunopress.it\/?p=7218"},"modified":"2009-08-21T10:05:59","modified_gmt":"2009-08-21T09:05:59","slug":"forti-in-scena-2009-domenica-a-sedico-omaggio-al-grande-scrittore-mario-rigoni-stern","status":"publish","type":"post","link":"https:\/\/www.bellunopress.it\/fr\/2009\/08\/21\/forti-in-scena-2009-domenica-a-sedico-omaggio-al-grande-scrittore-mario-rigoni-stern\/","title":{"rendered":"Forti in scena 2009: domenica a Sedico omaggio al grande scrittore Mario Rigoni Stern"},"content":{"rendered":"<p>Domenica 23 agosto alle ore 21:00, Villa de Manzoni in localit\u00e0 Patt di Sedico, sede del Museo storico del 7\u00b0 Reggimento Alpini, sar\u00e0 lo scenario del secondo appuntamento bellunese del festival \u201cForti in Scena\u201d, con uno spettacolo ideato e realizzato da Francesco Bortolini e Luisa Coin, nell\u2019ambito dell\u2019attivit\u00e0 estiva del Circolo Culturale Bellunese. Lo spettacolo vuole rivolgere un omaggio a Mario Rigoni Stern, a poco pi\u00f9 di un anno dalla morte avvenuta ad Asiago il 16 giugno 2008: \u201c100 anni sull\u2019altopiano in ricordo di Mario Rigoni Stern, uomo poeta soldato\u201d. Quell\u2019altopiano a cui sempre ritorna il pensiero dello scrittore, nel quale trova rifugio la memoria, si saldano gli affetti. Parte integrante della rappresentazione sar\u00e0 la proiezione di alcuni documenti e immagini da film: storie di eroi senza nome che riguardano sia la Prima che la Seconda Guerra Mondiale e in essa, pi\u00f9 in particolare, la Ritirata di Russia, ma che si riferiscono anche a luoghi e vicende legate all\u2019Altopiano. Le letture in programma, tratte da Emilio Lussu, Primo Levi e, naturalmente, da Rigoni Stern, ricostruiranno un passato di sofferenze ma anche di sentimenti di solidariet\u00e0, di grandi ideali e volont\u00e0 di riscatto. Infine le musiche. Faranno cornice ai tragici eventi della guerra brani d\u2019autore (Bepi De Marzi e Giancarlo Bregani) e repertori tradizionali, che avranno come interpreti il Coro Monte Dolada, diretto da Alessio Lavina, Roberto Caberlotto alla fisarmonica e Paolo Molaschi alla tromba. Questo appuntamento del festival \u00e8 promosso dall&#8217;Amministrazione provinciale di Belluno e dal Comune di Sedico. \u201cForti in scena\u201d, ideato da Luciano Padovani, \u00e8 una iniziativa della Regione Veneto, sostenuta dalla Fondazione Antonveneta. In caso di pioggia, lo spettacolo si terr\u00e0 ugualmente in loco, al coperto. Ingresso: interi \u20ac 15; soci \u20ac 10; ridotti \u20ac 5<br \/>\nPer informazioni: <a href=\"http:\/\/www.fortinscena.it\">www.fortinscena.it<\/a> &#8211; <a href=\"mailto:info@naturalislabor.it\">info@naturalislabor.it<\/a><\/p>","protected":false},"excerpt":{"rendered":"<p>Domenica 23 agosto alle ore 21:00, Villa de Manzoni in localit\u00e0 Patt di Sedico, sede del Museo storico del 7\u00b0 Reggimento Alpini, sar\u00e0 lo scenario del secondo appuntamento bellunese del festival \u201cForti in Scena\u201d, con uno spettacolo ideato e realizzato da Francesco Bortolini e Luisa Coin, nell\u2019ambito dell\u2019attivit\u00e0 estiva del Circolo Culturale Bellunese. Lo spettacolo [&hellip;]<\/p>\n","protected":false},"author":2,"featured_media":0,"comment_status":"closed","ping_status":"open","sticky":false,"template":"","format":"standard","meta":{"footnotes":""},"categories":[3,25],"tags":[139],"class_list":["post-7218","post","type-post","status-publish","format-standard","category-arte-cultura-spettacoli-scienza-archivi","category-pausa-caffe","tag-belluno"],"yoast_head":"<!-- This site is optimized with the Yoast SEO plugin v28.4 - https:\/\/yoast.com\/product\/yoast-seo-wordpress\/ -->\n<title>Forti in scena 2009: domenica a Sedico omaggio al grande scrittore Mario Rigoni Stern  - Bellunopress - Dolomiti<\/title>\n<meta name=\"robots\" content=\"index, follow, max-snippet:-1, max-image-preview:large, max-video-preview:-1\" \/>\n<link rel=\"canonical\" href=\"https:\/\/www.bellunopress.it\/fr\/2009\/08\/21\/forti-in-scena-2009-domenica-a-sedico-omaggio-al-grande-scrittore-mario-rigoni-stern\/\" \/>\n<meta property=\"og:locale\" content=\"fr_FR\" \/>\n<meta property=\"og:type\" content=\"article\" \/>\n<meta property=\"og:title\" content=\"Forti in scena 2009: domenica a Sedico omaggio al grande scrittore Mario Rigoni Stern  - Bellunopress - Dolomiti\" \/>\n<meta property=\"og:description\" content=\"Domenica 23 agosto alle ore 21:00, Villa de Manzoni in localit\u00e0 Patt di Sedico, sede del Museo storico del 7\u00b0 Reggimento Alpini, sar\u00e0 lo scenario del secondo appuntamento bellunese del festival \u201cForti in Scena\u201d, con uno spettacolo ideato e realizzato da Francesco Bortolini e Luisa Coin, nell\u2019ambito dell\u2019attivit\u00e0 estiva del Circolo Culturale Bellunese. Lo spettacolo [&hellip;]\" \/>\n<meta property=\"og:url\" content=\"https:\/\/www.bellunopress.it\/fr\/2009\/08\/21\/forti-in-scena-2009-domenica-a-sedico-omaggio-al-grande-scrittore-mario-rigoni-stern\/\" \/>\n<meta property=\"og:site_name\" content=\"Bellunopress - Dolomiti\" \/>\n<meta property=\"article:publisher\" content=\"https:\/\/www.facebook.com\/profile.php?id=100008943462799\" \/>\n<meta property=\"article:published_time\" content=\"2009-08-21T09:05:59+00:00\" \/>\n<meta property=\"og:image\" content=\"http:\/\/www.bellunopress.it\/wp-content\/uploads\/2012\/07\/logo-bellunopress-250x250-2012.jpg\" \/>\n<meta name=\"author\" content=\"redazione\" \/>\n<meta name=\"twitter:card\" content=\"summary_large_image\" \/>\n<meta name=\"twitter:creator\" content=\"@bellunopress\" \/>\n<meta name=\"twitter:site\" content=\"@bellunopress\" \/>\n<meta name=\"twitter:label1\" content=\"\u00c9crit par\" \/>\n\t<meta name=\"twitter:data1\" content=\"redazione\" \/>\n\t<meta name=\"twitter:label2\" content=\"Dur\u00e9e de lecture estim\u00e9e\" \/>\n\t<meta name=\"twitter:data2\" content=\"1 minute\" \/>\n<script type=\"application\/ld+json\" class=\"yoast-schema-graph\">{\"@context\":\"https:\\\/\\\/schema.org\",\"@graph\":[{\"@type\":\"Article\",\"@id\":\"https:\\\/\\\/www.bellunopress.it\\\/2009\\\/08\\\/21\\\/forti-in-scena-2009-domenica-a-sedico-omaggio-al-grande-scrittore-mario-rigoni-stern\\\/#article\",\"isPartOf\":{\"@id\":\"https:\\\/\\\/www.bellunopress.it\\\/2009\\\/08\\\/21\\\/forti-in-scena-2009-domenica-a-sedico-omaggio-al-grande-scrittore-mario-rigoni-stern\\\/\"},\"author\":{\"name\":\"redazione\",\"@id\":\"https:\\\/\\\/www.bellunopress.it\\\/#\\\/schema\\\/person\\\/79bb06722b37ece1c03d3e94beb30d73\"},\"headline\":\"Forti in scena 2009: domenica a Sedico omaggio al grande scrittore Mario Rigoni Stern\",\"datePublished\":\"2009-08-21T09:05:59+00:00\",\"mainEntityOfPage\":{\"@id\":\"https:\\\/\\\/www.bellunopress.it\\\/2009\\\/08\\\/21\\\/forti-in-scena-2009-domenica-a-sedico-omaggio-al-grande-scrittore-mario-rigoni-stern\\\/\"},\"wordCount\":304,\"publisher\":{\"@id\":\"https:\\\/\\\/www.bellunopress.it\\\/#organization\"},\"keywords\":[\"Belluno\"],\"articleSection\":[\"Arte, Cultura, Spettacoli, Scienza\",\"Pausa Caff\u00e8\"],\"inLanguage\":\"fr-FR\"},{\"@type\":\"WebPage\",\"@id\":\"https:\\\/\\\/www.bellunopress.it\\\/2009\\\/08\\\/21\\\/forti-in-scena-2009-domenica-a-sedico-omaggio-al-grande-scrittore-mario-rigoni-stern\\\/\",\"url\":\"https:\\\/\\\/www.bellunopress.it\\\/2009\\\/08\\\/21\\\/forti-in-scena-2009-domenica-a-sedico-omaggio-al-grande-scrittore-mario-rigoni-stern\\\/\",\"name\":\"Forti in scena 2009: domenica a Sedico omaggio al grande scrittore Mario Rigoni Stern - Bellunopress - Dolomiti\",\"isPartOf\":{\"@id\":\"https:\\\/\\\/www.bellunopress.it\\\/#website\"},\"datePublished\":\"2009-08-21T09:05:59+00:00\",\"breadcrumb\":{\"@id\":\"https:\\\/\\\/www.bellunopress.it\\\/2009\\\/08\\\/21\\\/forti-in-scena-2009-domenica-a-sedico-omaggio-al-grande-scrittore-mario-rigoni-stern\\\/#breadcrumb\"},\"inLanguage\":\"fr-FR\",\"potentialAction\":[{\"@type\":\"ReadAction\",\"target\":[\"https:\\\/\\\/www.bellunopress.it\\\/2009\\\/08\\\/21\\\/forti-in-scena-2009-domenica-a-sedico-omaggio-al-grande-scrittore-mario-rigoni-stern\\\/\"]}]},{\"@type\":\"BreadcrumbList\",\"@id\":\"https:\\\/\\\/www.bellunopress.it\\\/2009\\\/08\\\/21\\\/forti-in-scena-2009-domenica-a-sedico-omaggio-al-grande-scrittore-mario-rigoni-stern\\\/#breadcrumb\",\"itemListElement\":[{\"@type\":\"ListItem\",\"position\":1,\"name\":\"Home\",\"item\":\"https:\\\/\\\/www.bellunopress.it\\\/\"},{\"@type\":\"ListItem\",\"position\":2,\"name\":\"Forti in scena 2009: domenica a Sedico omaggio al grande scrittore Mario Rigoni Stern\"}]},{\"@type\":\"WebSite\",\"@id\":\"https:\\\/\\\/www.bellunopress.it\\\/#website\",\"url\":\"https:\\\/\\\/www.bellunopress.it\\\/\",\"name\":\"Bellunopress - Dolomiti\",\"description\":\"e-mail: redazione@bellunopress.it\",\"publisher\":{\"@id\":\"https:\\\/\\\/www.bellunopress.it\\\/#organization\"},\"potentialAction\":[{\"@type\":\"SearchAction\",\"target\":{\"@type\":\"EntryPoint\",\"urlTemplate\":\"https:\\\/\\\/www.bellunopress.it\\\/?s={search_term_string}\"},\"query-input\":{\"@type\":\"PropertyValueSpecification\",\"valueRequired\":true,\"valueName\":\"search_term_string\"}}],\"inLanguage\":\"fr-FR\"},{\"@type\":\"Organization\",\"@id\":\"https:\\\/\\\/www.bellunopress.it\\\/#organization\",\"name\":\"Bellunopress\",\"url\":\"https:\\\/\\\/www.bellunopress.it\\\/\",\"logo\":{\"@type\":\"ImageObject\",\"inLanguage\":\"fr-FR\",\"@id\":\"https:\\\/\\\/www.bellunopress.it\\\/#\\\/schema\\\/logo\\\/image\\\/\",\"url\":\"https:\\\/\\\/www.bellunopress.it\\\/wp-content\\\/uploads\\\/2011\\\/05\\\/cropped-logo-bellunopress-.jpg\",\"contentUrl\":\"https:\\\/\\\/www.bellunopress.it\\\/wp-content\\\/uploads\\\/2011\\\/05\\\/cropped-logo-bellunopress-.jpg\",\"width\":512,\"height\":512,\"caption\":\"Bellunopress\"},\"image\":{\"@id\":\"https:\\\/\\\/www.bellunopress.it\\\/#\\\/schema\\\/logo\\\/image\\\/\"},\"sameAs\":[\"https:\\\/\\\/www.facebook.com\\\/profile.php?id=100008943462799\",\"https:\\\/\\\/x.com\\\/bellunopress\",\"https:\\\/\\\/www.linkedin.com\\\/hp\\\/?dnr=JBzUWaJfMUw8vbXJJ2tVW5-I3jZKvC4wsoxE&amp;amp;amp;amp;amp;amp;trk=nav_responsive_tab_home\",\"https:\\\/\\\/www.youtube.com\\\/channel\\\/UCxL0wu1uN0_3_7hGG0306cw\"]},{\"@type\":\"Person\",\"@id\":\"https:\\\/\\\/www.bellunopress.it\\\/#\\\/schema\\\/person\\\/79bb06722b37ece1c03d3e94beb30d73\",\"name\":\"redazione\",\"image\":{\"@type\":\"ImageObject\",\"inLanguage\":\"fr-FR\",\"@id\":\"https:\\\/\\\/secure.gravatar.com\\\/avatar\\\/37d968a2e67a6fd04c169c4bdef102d0bc5d31b2546345219e348575eb80e9a0?s=96&d=mm&r=g\",\"url\":\"https:\\\/\\\/secure.gravatar.com\\\/avatar\\\/37d968a2e67a6fd04c169c4bdef102d0bc5d31b2546345219e348575eb80e9a0?s=96&d=mm&r=g\",\"contentUrl\":\"https:\\\/\\\/secure.gravatar.com\\\/avatar\\\/37d968a2e67a6fd04c169c4bdef102d0bc5d31b2546345219e348575eb80e9a0?s=96&d=mm&r=g\",\"caption\":\"redazione\"},\"sameAs\":[\"http:\\\/\\\/www.bellunopress.it\",\"https:\\\/\\\/x.com\\\/bellunopress\"],\"url\":\"https:\\\/\\\/www.bellunopress.it\\\/fr\\\/author\\\/redazione\\\/\"}]}<\/script>\n<!-- \/ Yoast SEO plugin. -->","yoast_head_json":{"title":"Forti in scena 2009: domenica a Sedico omaggio al grande scrittore Mario Rigoni Stern  - Bellunopress - Dolomiti","robots":{"index":"index","follow":"follow","max-snippet":"max-snippet:-1","max-image-preview":"max-image-preview:large","max-video-preview":"max-video-preview:-1"},"canonical":"https:\/\/www.bellunopress.it\/fr\/2009\/08\/21\/forti-in-scena-2009-domenica-a-sedico-omaggio-al-grande-scrittore-mario-rigoni-stern\/","og_locale":"fr_FR","og_type":"article","og_title":"Forti in scena 2009: domenica a Sedico omaggio al grande scrittore Mario Rigoni Stern  - Bellunopress - Dolomiti","og_description":"Domenica 23 agosto alle ore 21:00, Villa de Manzoni in localit\u00e0 Patt di Sedico, sede del Museo storico del 7\u00b0 Reggimento Alpini, sar\u00e0 lo scenario del secondo appuntamento bellunese del festival \u201cForti in Scena\u201d, con uno spettacolo ideato e realizzato da Francesco Bortolini e Luisa Coin, nell\u2019ambito dell\u2019attivit\u00e0 estiva del Circolo Culturale Bellunese. Lo spettacolo [&hellip;]","og_url":"https:\/\/www.bellunopress.it\/fr\/2009\/08\/21\/forti-in-scena-2009-domenica-a-sedico-omaggio-al-grande-scrittore-mario-rigoni-stern\/","og_site_name":"Bellunopress - Dolomiti","article_publisher":"https:\/\/www.facebook.com\/profile.php?id=100008943462799","article_published_time":"2009-08-21T09:05:59+00:00","og_image":[{"url":"http:\/\/www.bellunopress.it\/wp-content\/uploads\/2012\/07\/logo-bellunopress-250x250-2012.jpg","type":"","width":"","height":""}],"author":"redazione","twitter_card":"summary_large_image","twitter_creator":"@bellunopress","twitter_site":"@bellunopress","twitter_misc":{"\u00c9crit par":"redazione","Dur\u00e9e de lecture estim\u00e9e":"1 minute"},"schema":{"@context":"https:\/\/schema.org","@graph":[{"@type":"Article","@id":"https:\/\/www.bellunopress.it\/2009\/08\/21\/forti-in-scena-2009-domenica-a-sedico-omaggio-al-grande-scrittore-mario-rigoni-stern\/#article","isPartOf":{"@id":"https:\/\/www.bellunopress.it\/2009\/08\/21\/forti-in-scena-2009-domenica-a-sedico-omaggio-al-grande-scrittore-mario-rigoni-stern\/"},"author":{"name":"redazione","@id":"https:\/\/www.bellunopress.it\/#\/schema\/person\/79bb06722b37ece1c03d3e94beb30d73"},"headline":"Forti in scena 2009: domenica a Sedico omaggio al grande scrittore Mario Rigoni Stern","datePublished":"2009-08-21T09:05:59+00:00","mainEntityOfPage":{"@id":"https:\/\/www.bellunopress.it\/2009\/08\/21\/forti-in-scena-2009-domenica-a-sedico-omaggio-al-grande-scrittore-mario-rigoni-stern\/"},"wordCount":304,"publisher":{"@id":"https:\/\/www.bellunopress.it\/#organization"},"keywords":["Belluno"],"articleSection":["Arte, Cultura, Spettacoli, Scienza","Pausa Caff\u00e8"],"inLanguage":"fr-FR"},{"@type":"WebPage","@id":"https:\/\/www.bellunopress.it\/2009\/08\/21\/forti-in-scena-2009-domenica-a-sedico-omaggio-al-grande-scrittore-mario-rigoni-stern\/","url":"https:\/\/www.bellunopress.it\/2009\/08\/21\/forti-in-scena-2009-domenica-a-sedico-omaggio-al-grande-scrittore-mario-rigoni-stern\/","name":"Forti in scena 2009: domenica a Sedico omaggio al grande scrittore Mario Rigoni Stern - Bellunopress - Dolomiti","isPartOf":{"@id":"https:\/\/www.bellunopress.it\/#website"},"datePublished":"2009-08-21T09:05:59+00:00","breadcrumb":{"@id":"https:\/\/www.bellunopress.it\/2009\/08\/21\/forti-in-scena-2009-domenica-a-sedico-omaggio-al-grande-scrittore-mario-rigoni-stern\/#breadcrumb"},"inLanguage":"fr-FR","potentialAction":[{"@type":"ReadAction","target":["https:\/\/www.bellunopress.it\/2009\/08\/21\/forti-in-scena-2009-domenica-a-sedico-omaggio-al-grande-scrittore-mario-rigoni-stern\/"]}]},{"@type":"BreadcrumbList","@id":"https:\/\/www.bellunopress.it\/2009\/08\/21\/forti-in-scena-2009-domenica-a-sedico-omaggio-al-grande-scrittore-mario-rigoni-stern\/#breadcrumb","itemListElement":[{"@type":"ListItem","position":1,"name":"Home","item":"https:\/\/www.bellunopress.it\/"},{"@type":"ListItem","position":2,"name":"Forti in scena 2009: domenica a Sedico omaggio al grande scrittore Mario Rigoni Stern"}]},{"@type":"WebSite","@id":"https:\/\/www.bellunopress.it\/#website","url":"https:\/\/www.bellunopress.it\/","name":"Bellunopress - Dolomiti","description":"e-mail: redazione@bellunopress.it","publisher":{"@id":"https:\/\/www.bellunopress.it\/#organization"},"potentialAction":[{"@type":"SearchAction","target":{"@type":"EntryPoint","urlTemplate":"https:\/\/www.bellunopress.it\/?s={search_term_string}"},"query-input":{"@type":"PropertyValueSpecification","valueRequired":true,"valueName":"search_term_string"}}],"inLanguage":"fr-FR"},{"@type":"Organization","@id":"https:\/\/www.bellunopress.it\/#organization","name":"Bellunopress","url":"https:\/\/www.bellunopress.it\/","logo":{"@type":"ImageObject","inLanguage":"fr-FR","@id":"https:\/\/www.bellunopress.it\/#\/schema\/logo\/image\/","url":"https:\/\/www.bellunopress.it\/wp-content\/uploads\/2011\/05\/cropped-logo-bellunopress-.jpg","contentUrl":"https:\/\/www.bellunopress.it\/wp-content\/uploads\/2011\/05\/cropped-logo-bellunopress-.jpg","width":512,"height":512,"caption":"Bellunopress"},"image":{"@id":"https:\/\/www.bellunopress.it\/#\/schema\/logo\/image\/"},"sameAs":["https:\/\/www.facebook.com\/profile.php?id=100008943462799","https:\/\/x.com\/bellunopress","https:\/\/www.linkedin.com\/hp\/?dnr=JBzUWaJfMUw8vbXJJ2tVW5-I3jZKvC4wsoxE&amp;amp;amp;amp;amp;amp;trk=nav_responsive_tab_home","https:\/\/www.youtube.com\/channel\/UCxL0wu1uN0_3_7hGG0306cw"]},{"@type":"Person","@id":"https:\/\/www.bellunopress.it\/#\/schema\/person\/79bb06722b37ece1c03d3e94beb30d73","name":"r\u00e9daction","image":{"@type":"ImageObject","inLanguage":"fr-FR","@id":"https:\/\/secure.gravatar.com\/avatar\/37d968a2e67a6fd04c169c4bdef102d0bc5d31b2546345219e348575eb80e9a0?s=96&d=mm&r=g","url":"https:\/\/secure.gravatar.com\/avatar\/37d968a2e67a6fd04c169c4bdef102d0bc5d31b2546345219e348575eb80e9a0?s=96&d=mm&r=g","contentUrl":"https:\/\/secure.gravatar.com\/avatar\/37d968a2e67a6fd04c169c4bdef102d0bc5d31b2546345219e348575eb80e9a0?s=96&d=mm&r=g","caption":"redazione"},"sameAs":["http:\/\/www.bellunopress.it","https:\/\/x.com\/bellunopress"],"url":"https:\/\/www.bellunopress.it\/fr\/author\/redazione\/"}]}},"_links":{"self":[{"href":"https:\/\/www.bellunopress.it\/fr\/wp-json\/wp\/v2\/posts\/7218","targetHints":{"allow":["GET"]}}],"collection":[{"href":"https:\/\/www.bellunopress.it\/fr\/wp-json\/wp\/v2\/posts"}],"about":[{"href":"https:\/\/www.bellunopress.it\/fr\/wp-json\/wp\/v2\/types\/post"}],"author":[{"embeddable":true,"href":"https:\/\/www.bellunopress.it\/fr\/wp-json\/wp\/v2\/users\/2"}],"replies":[{"embeddable":true,"href":"https:\/\/www.bellunopress.it\/fr\/wp-json\/wp\/v2\/comments?post=7218"}],"version-history":[{"count":1,"href":"https:\/\/www.bellunopress.it\/fr\/wp-json\/wp\/v2\/posts\/7218\/revisions"}],"predecessor-version":[{"id":7219,"href":"https:\/\/www.bellunopress.it\/fr\/wp-json\/wp\/v2\/posts\/7218\/revisions\/7219"}],"wp:attachment":[{"href":"https:\/\/www.bellunopress.it\/fr\/wp-json\/wp\/v2\/media?parent=7218"}],"wp:term":[{"taxonomy":"category","embeddable":true,"href":"https:\/\/www.bellunopress.it\/fr\/wp-json\/wp\/v2\/categories?post=7218"},{"taxonomy":"post_tag","embeddable":true,"href":"https:\/\/www.bellunopress.it\/fr\/wp-json\/wp\/v2\/tags?post=7218"}],"curies":[{"name":"wp","href":"https:\/\/api.w.org\/{rel}","templated":true}]}}