{"id":7195,"date":"2009-08-20T19:47:36","date_gmt":"2009-08-20T18:47:36","guid":{"rendered":"http:\/\/www.bellunopress.it\/?p=7195"},"modified":"2009-08-20T19:48:34","modified_gmt":"2009-08-20T18:48:34","slug":"aperitivo-e-concerto-con-gli-stadio-venerdi-a-cortina","status":"publish","type":"post","link":"https:\/\/www.bellunopress.it\/fr\/2009\/08\/20\/aperitivo-e-concerto-con-gli-stadio-venerdi-a-cortina\/","title":{"rendered":"Aperitivo e concerto con gli Stadio venerd\u00ec a Cortina"},"content":{"rendered":"<p><a href=\"http:\/\/www.bellunopress.it\/wp-content\/uploads\/2009\/08\/stadio.jpg\"><img loading=\"lazy\" decoding=\"async\" class=\"alignleft size-medium wp-image-7196\" title=\"stadio\" src=\"http:\/\/www.bellunopress.it\/wp-content\/uploads\/2009\/08\/stadio.jpg\" alt=\"\" width=\"270\" height=\"179\" \/><\/a>Che questa prima volta non si potesse scordare era risaputo, ma la bella sorpresa che gli Stadio hanno riservato al pubblico di Cortina aggiunge clamore ed entusiasmo a un concerto unico. Gaetano Curreri e la sua band, infatti, hanno dato appuntamento a tutti per un aperitivo in musica: poche ore prima dell\u2019inizio del concerto, tra le 18.00 e le 18.30, il gruppo arriver\u00e0 in via XXIX Maggio, a due passi dal campanile per presentarsi agli ospiti di Cortina. Un aperitivo davvero speciale offerto sulla terrazza della caratteristica bottega artigianale di Mauro Lampo. L\u2019occasione per vedere dal vivo i protagonisti della famosa band italiana e provare a strappare qualche autografo. Insomma, un altro regalo della storica band alla Regina delle Dolomiti. Sar\u00e0 lo Stadio Olimpico del Ghiaccio ad ospitare venerd\u00ec 21 agosto le ballate della famosa band italiana, composta da Gaetano Curreri (voce e tastiere), Giovanni Pezzoli (batteria), Andrea Fornili (chitarre) e Roberto Drovandi (basso): una tappa del \u201cnever ending\u201d che vede il complesso in giro per l\u2019Italia gi\u00e0 da marzo. Brani storici si alterneranno ai nuovi pezzi di \u201cDiluvio Universale\u201d, l&#8217;ultima fatica della formazione a cui hanno collaborato Vasco Rossi come autore della title-track; Saverio Grandi che ha prodotto e scritto gran parte del disco insieme alla voce storica della gruppo; e Fabrizio Moro che ha lavorato alla stesura e alla realizzazione di uno dei pezzi. Composto da dodici canzoni che spaziano dall\u2019amore ai temi sociali, il nuovo album si discosta in parte dai precedenti lavori discografici della band nelle sonorit\u00e0 e nell\u2019approccio ad alcuni argomenti attualissimi: la prostituzione e la discriminazione nei confronti dei \u201cdiversi\u201d, l\u2019immigrazione clandestina, la crisi della politica e dei valori della coppia. All\u2019emozione unica di godersi un pezzo di storia della musica italiana si unisce l\u2019occasione di vedere, per la prima volta, l&#8217;Olimpico di Cortina in veste di arena musicale. Dopo l\u2019intervento del 2003, infatti, che ha \u201ccoperto\u201d lo Stadio, dal luglio del 2007 \u00e8 ripreso il lungo processo di restauro dell\u2019impianto. Un lavoro che ha voluto preservare la struttura originaria, simbolo delle Olimpiadi del 1956 in occasione delle quali fu costruita. Oggi, grazie ad una capienza di 2.500 posti a sedere, lo Stadio pu\u00f2 ospitare, oltre alle gare delle discipline del ghiaccio, anche grandi eventi e concerti.<br \/>\n21 agosto 2009 ore 21.00<br \/>\nStadio del Ghiaccio Cortina d\u2019Ampezzo, via dello Stadio 1<br \/>\nBiglietti in vendita presso Info Point Piazza Roma<br \/>\nda \u20ac 20,00 a \u20ac 50,00.<br \/>\nInfo: <a href=\"http:\/\/www.stadio.com\">www.stadio.com<\/a>, tel. 0436\/869086<\/p>","protected":false},"excerpt":{"rendered":"<p>Che questa prima volta non si potesse scordare era risaputo, ma la bella sorpresa che gli Stadio hanno riservato al pubblico di Cortina aggiunge clamore ed entusiasmo a un concerto unico. Gaetano Curreri e la sua band, infatti, hanno dato appuntamento a tutti per un aperitivo in musica: poche ore prima dell\u2019inizio del concerto, tra [&hellip;]<\/p>\n","protected":false},"author":2,"featured_media":0,"comment_status":"closed","ping_status":"open","sticky":false,"template":"","format":"standard","meta":{"footnotes":""},"categories":[3,25],"tags":[139,63],"class_list":["post-7195","post","type-post","status-publish","format-standard","category-arte-cultura-spettacoli-scienza-archivi","category-pausa-caffe","tag-belluno","tag-dolomiti"],"yoast_head":"<!-- This site is optimized with the Yoast SEO plugin v28.4 - https:\/\/yoast.com\/product\/yoast-seo-wordpress\/ -->\n<title>Aperitivo e concerto con gli Stadio venerd\u00ec a Cortina - Bellunopress - Dolomiti<\/title>\n<meta name=\"robots\" content=\"index, follow, max-snippet:-1, max-image-preview:large, max-video-preview:-1\" \/>\n<link rel=\"canonical\" href=\"https:\/\/www.bellunopress.it\/fr\/2009\/08\/20\/aperitivo-e-concerto-con-gli-stadio-venerdi-a-cortina\/\" \/>\n<meta property=\"og:locale\" content=\"fr_FR\" \/>\n<meta property=\"og:type\" content=\"article\" \/>\n<meta property=\"og:title\" content=\"Aperitivo e concerto con gli Stadio venerd\u00ec a Cortina - Bellunopress - Dolomiti\" \/>\n<meta property=\"og:description\" content=\"Che questa prima volta non si potesse scordare era risaputo, ma la bella sorpresa che gli Stadio hanno riservato al pubblico di Cortina aggiunge clamore ed entusiasmo a un concerto unico. Gaetano Curreri e la sua band, infatti, hanno dato appuntamento a tutti per un aperitivo in musica: poche ore prima dell\u2019inizio del concerto, tra [&hellip;]\" \/>\n<meta property=\"og:url\" content=\"https:\/\/www.bellunopress.it\/fr\/2009\/08\/20\/aperitivo-e-concerto-con-gli-stadio-venerdi-a-cortina\/\" \/>\n<meta property=\"og:site_name\" content=\"Bellunopress - Dolomiti\" \/>\n<meta property=\"article:publisher\" content=\"https:\/\/www.facebook.com\/profile.php?id=100008943462799\" \/>\n<meta property=\"article:published_time\" content=\"2009-08-20T18:47:36+00:00\" \/>\n<meta property=\"article:modified_time\" content=\"2009-08-20T18:48:34+00:00\" \/>\n<meta property=\"og:image\" content=\"http:\/\/www.bellunopress.it\/wp-content\/uploads\/2009\/08\/stadio.jpg\" \/>\n<meta name=\"author\" content=\"redazione\" \/>\n<meta name=\"twitter:card\" content=\"summary_large_image\" \/>\n<meta name=\"twitter:creator\" content=\"@bellunopress\" \/>\n<meta name=\"twitter:site\" content=\"@bellunopress\" \/>\n<meta name=\"twitter:label1\" content=\"\u00c9crit par\" \/>\n\t<meta name=\"twitter:data1\" content=\"redazione\" \/>\n\t<meta name=\"twitter:label2\" content=\"Dur\u00e9e de lecture estim\u00e9e\" \/>\n\t<meta name=\"twitter:data2\" content=\"2 minutes\" \/>\n<script type=\"application\/ld+json\" class=\"yoast-schema-graph\">{\"@context\":\"https:\\\/\\\/schema.org\",\"@graph\":[{\"@type\":\"Article\",\"@id\":\"https:\\\/\\\/www.bellunopress.it\\\/2009\\\/08\\\/20\\\/aperitivo-e-concerto-con-gli-stadio-venerdi-a-cortina\\\/#article\",\"isPartOf\":{\"@id\":\"https:\\\/\\\/www.bellunopress.it\\\/2009\\\/08\\\/20\\\/aperitivo-e-concerto-con-gli-stadio-venerdi-a-cortina\\\/\"},\"author\":{\"name\":\"redazione\",\"@id\":\"https:\\\/\\\/www.bellunopress.it\\\/#\\\/schema\\\/person\\\/79bb06722b37ece1c03d3e94beb30d73\"},\"headline\":\"Aperitivo e concerto con gli Stadio venerd\u00ec a Cortina\",\"datePublished\":\"2009-08-20T18:47:36+00:00\",\"dateModified\":\"2009-08-20T18:48:34+00:00\",\"mainEntityOfPage\":{\"@id\":\"https:\\\/\\\/www.bellunopress.it\\\/2009\\\/08\\\/20\\\/aperitivo-e-concerto-con-gli-stadio-venerdi-a-cortina\\\/\"},\"wordCount\":412,\"publisher\":{\"@id\":\"https:\\\/\\\/www.bellunopress.it\\\/#organization\"},\"image\":{\"@id\":\"https:\\\/\\\/www.bellunopress.it\\\/2009\\\/08\\\/20\\\/aperitivo-e-concerto-con-gli-stadio-venerdi-a-cortina\\\/#primaryimage\"},\"thumbnailUrl\":\"http:\\\/\\\/www.bellunopress.it\\\/wp-content\\\/uploads\\\/2009\\\/08\\\/stadio.jpg\",\"keywords\":[\"Belluno\",\"Dolomiti\"],\"articleSection\":[\"Arte, Cultura, Spettacoli, Scienza\",\"Pausa Caff\u00e8\"],\"inLanguage\":\"fr-FR\"},{\"@type\":\"WebPage\",\"@id\":\"https:\\\/\\\/www.bellunopress.it\\\/2009\\\/08\\\/20\\\/aperitivo-e-concerto-con-gli-stadio-venerdi-a-cortina\\\/\",\"url\":\"https:\\\/\\\/www.bellunopress.it\\\/2009\\\/08\\\/20\\\/aperitivo-e-concerto-con-gli-stadio-venerdi-a-cortina\\\/\",\"name\":\"Aperitivo e concerto con gli Stadio venerd\u00ec a Cortina - Bellunopress - Dolomiti\",\"isPartOf\":{\"@id\":\"https:\\\/\\\/www.bellunopress.it\\\/#website\"},\"primaryImageOfPage\":{\"@id\":\"https:\\\/\\\/www.bellunopress.it\\\/2009\\\/08\\\/20\\\/aperitivo-e-concerto-con-gli-stadio-venerdi-a-cortina\\\/#primaryimage\"},\"image\":{\"@id\":\"https:\\\/\\\/www.bellunopress.it\\\/2009\\\/08\\\/20\\\/aperitivo-e-concerto-con-gli-stadio-venerdi-a-cortina\\\/#primaryimage\"},\"thumbnailUrl\":\"http:\\\/\\\/www.bellunopress.it\\\/wp-content\\\/uploads\\\/2009\\\/08\\\/stadio.jpg\",\"datePublished\":\"2009-08-20T18:47:36+00:00\",\"dateModified\":\"2009-08-20T18:48:34+00:00\",\"breadcrumb\":{\"@id\":\"https:\\\/\\\/www.bellunopress.it\\\/2009\\\/08\\\/20\\\/aperitivo-e-concerto-con-gli-stadio-venerdi-a-cortina\\\/#breadcrumb\"},\"inLanguage\":\"fr-FR\",\"potentialAction\":[{\"@type\":\"ReadAction\",\"target\":[\"https:\\\/\\\/www.bellunopress.it\\\/2009\\\/08\\\/20\\\/aperitivo-e-concerto-con-gli-stadio-venerdi-a-cortina\\\/\"]}]},{\"@type\":\"ImageObject\",\"inLanguage\":\"fr-FR\",\"@id\":\"https:\\\/\\\/www.bellunopress.it\\\/2009\\\/08\\\/20\\\/aperitivo-e-concerto-con-gli-stadio-venerdi-a-cortina\\\/#primaryimage\",\"url\":\"http:\\\/\\\/www.bellunopress.it\\\/wp-content\\\/uploads\\\/2009\\\/08\\\/stadio.jpg\",\"contentUrl\":\"http:\\\/\\\/www.bellunopress.it\\\/wp-content\\\/uploads\\\/2009\\\/08\\\/stadio.jpg\"},{\"@type\":\"BreadcrumbList\",\"@id\":\"https:\\\/\\\/www.bellunopress.it\\\/2009\\\/08\\\/20\\\/aperitivo-e-concerto-con-gli-stadio-venerdi-a-cortina\\\/#breadcrumb\",\"itemListElement\":[{\"@type\":\"ListItem\",\"position\":1,\"name\":\"Home\",\"item\":\"https:\\\/\\\/www.bellunopress.it\\\/\"},{\"@type\":\"ListItem\",\"position\":2,\"name\":\"Aperitivo e concerto con gli Stadio venerd\u00ec a Cortina\"}]},{\"@type\":\"WebSite\",\"@id\":\"https:\\\/\\\/www.bellunopress.it\\\/#website\",\"url\":\"https:\\\/\\\/www.bellunopress.it\\\/\",\"name\":\"Bellunopress - Dolomiti\",\"description\":\"e-mail: redazione@bellunopress.it\",\"publisher\":{\"@id\":\"https:\\\/\\\/www.bellunopress.it\\\/#organization\"},\"potentialAction\":[{\"@type\":\"SearchAction\",\"target\":{\"@type\":\"EntryPoint\",\"urlTemplate\":\"https:\\\/\\\/www.bellunopress.it\\\/?s={search_term_string}\"},\"query-input\":{\"@type\":\"PropertyValueSpecification\",\"valueRequired\":true,\"valueName\":\"search_term_string\"}}],\"inLanguage\":\"fr-FR\"},{\"@type\":\"Organization\",\"@id\":\"https:\\\/\\\/www.bellunopress.it\\\/#organization\",\"name\":\"Bellunopress\",\"url\":\"https:\\\/\\\/www.bellunopress.it\\\/\",\"logo\":{\"@type\":\"ImageObject\",\"inLanguage\":\"fr-FR\",\"@id\":\"https:\\\/\\\/www.bellunopress.it\\\/#\\\/schema\\\/logo\\\/image\\\/\",\"url\":\"https:\\\/\\\/www.bellunopress.it\\\/wp-content\\\/uploads\\\/2011\\\/05\\\/cropped-logo-bellunopress-.jpg\",\"contentUrl\":\"https:\\\/\\\/www.bellunopress.it\\\/wp-content\\\/uploads\\\/2011\\\/05\\\/cropped-logo-bellunopress-.jpg\",\"width\":512,\"height\":512,\"caption\":\"Bellunopress\"},\"image\":{\"@id\":\"https:\\\/\\\/www.bellunopress.it\\\/#\\\/schema\\\/logo\\\/image\\\/\"},\"sameAs\":[\"https:\\\/\\\/www.facebook.com\\\/profile.php?id=100008943462799\",\"https:\\\/\\\/x.com\\\/bellunopress\",\"https:\\\/\\\/www.linkedin.com\\\/hp\\\/?dnr=JBzUWaJfMUw8vbXJJ2tVW5-I3jZKvC4wsoxE&amp;amp;amp;amp;amp;amp;trk=nav_responsive_tab_home\",\"https:\\\/\\\/www.youtube.com\\\/channel\\\/UCxL0wu1uN0_3_7hGG0306cw\"]},{\"@type\":\"Person\",\"@id\":\"https:\\\/\\\/www.bellunopress.it\\\/#\\\/schema\\\/person\\\/79bb06722b37ece1c03d3e94beb30d73\",\"name\":\"redazione\",\"image\":{\"@type\":\"ImageObject\",\"inLanguage\":\"fr-FR\",\"@id\":\"https:\\\/\\\/secure.gravatar.com\\\/avatar\\\/37d968a2e67a6fd04c169c4bdef102d0bc5d31b2546345219e348575eb80e9a0?s=96&d=mm&r=g\",\"url\":\"https:\\\/\\\/secure.gravatar.com\\\/avatar\\\/37d968a2e67a6fd04c169c4bdef102d0bc5d31b2546345219e348575eb80e9a0?s=96&d=mm&r=g\",\"contentUrl\":\"https:\\\/\\\/secure.gravatar.com\\\/avatar\\\/37d968a2e67a6fd04c169c4bdef102d0bc5d31b2546345219e348575eb80e9a0?s=96&d=mm&r=g\",\"caption\":\"redazione\"},\"sameAs\":[\"http:\\\/\\\/www.bellunopress.it\",\"https:\\\/\\\/x.com\\\/bellunopress\"],\"url\":\"https:\\\/\\\/www.bellunopress.it\\\/fr\\\/author\\\/redazione\\\/\"}]}<\/script>\n<!-- \/ Yoast SEO plugin. -->","yoast_head_json":{"title":"Aperitivo e concerto con gli Stadio venerd\u00ec a Cortina - Bellunopress - Dolomiti","robots":{"index":"index","follow":"follow","max-snippet":"max-snippet:-1","max-image-preview":"max-image-preview:large","max-video-preview":"max-video-preview:-1"},"canonical":"https:\/\/www.bellunopress.it\/fr\/2009\/08\/20\/aperitivo-e-concerto-con-gli-stadio-venerdi-a-cortina\/","og_locale":"fr_FR","og_type":"article","og_title":"Aperitivo e concerto con gli Stadio venerd\u00ec a Cortina - Bellunopress - Dolomiti","og_description":"Che questa prima volta non si potesse scordare era risaputo, ma la bella sorpresa che gli Stadio hanno riservato al pubblico di Cortina aggiunge clamore ed entusiasmo a un concerto unico. Gaetano Curreri e la sua band, infatti, hanno dato appuntamento a tutti per un aperitivo in musica: poche ore prima dell\u2019inizio del concerto, tra [&hellip;]","og_url":"https:\/\/www.bellunopress.it\/fr\/2009\/08\/20\/aperitivo-e-concerto-con-gli-stadio-venerdi-a-cortina\/","og_site_name":"Bellunopress - Dolomiti","article_publisher":"https:\/\/www.facebook.com\/profile.php?id=100008943462799","article_published_time":"2009-08-20T18:47:36+00:00","article_modified_time":"2009-08-20T18:48:34+00:00","og_image":[{"url":"http:\/\/www.bellunopress.it\/wp-content\/uploads\/2009\/08\/stadio.jpg","type":"","width":"","height":""}],"author":"redazione","twitter_card":"summary_large_image","twitter_creator":"@bellunopress","twitter_site":"@bellunopress","twitter_misc":{"\u00c9crit par":"redazione","Dur\u00e9e de lecture estim\u00e9e":"2 minutes"},"schema":{"@context":"https:\/\/schema.org","@graph":[{"@type":"Article","@id":"https:\/\/www.bellunopress.it\/2009\/08\/20\/aperitivo-e-concerto-con-gli-stadio-venerdi-a-cortina\/#article","isPartOf":{"@id":"https:\/\/www.bellunopress.it\/2009\/08\/20\/aperitivo-e-concerto-con-gli-stadio-venerdi-a-cortina\/"},"author":{"name":"redazione","@id":"https:\/\/www.bellunopress.it\/#\/schema\/person\/79bb06722b37ece1c03d3e94beb30d73"},"headline":"Aperitivo e concerto con gli Stadio venerd\u00ec a Cortina","datePublished":"2009-08-20T18:47:36+00:00","dateModified":"2009-08-20T18:48:34+00:00","mainEntityOfPage":{"@id":"https:\/\/www.bellunopress.it\/2009\/08\/20\/aperitivo-e-concerto-con-gli-stadio-venerdi-a-cortina\/"},"wordCount":412,"publisher":{"@id":"https:\/\/www.bellunopress.it\/#organization"},"image":{"@id":"https:\/\/www.bellunopress.it\/2009\/08\/20\/aperitivo-e-concerto-con-gli-stadio-venerdi-a-cortina\/#primaryimage"},"thumbnailUrl":"http:\/\/www.bellunopress.it\/wp-content\/uploads\/2009\/08\/stadio.jpg","keywords":["Belluno","Dolomiti"],"articleSection":["Arte, Cultura, Spettacoli, Scienza","Pausa Caff\u00e8"],"inLanguage":"fr-FR"},{"@type":"WebPage","@id":"https:\/\/www.bellunopress.it\/2009\/08\/20\/aperitivo-e-concerto-con-gli-stadio-venerdi-a-cortina\/","url":"https:\/\/www.bellunopress.it\/2009\/08\/20\/aperitivo-e-concerto-con-gli-stadio-venerdi-a-cortina\/","name":"Aperitivo e concerto con gli Stadio venerd\u00ec a Cortina - Bellunopress - Dolomiti","isPartOf":{"@id":"https:\/\/www.bellunopress.it\/#website"},"primaryImageOfPage":{"@id":"https:\/\/www.bellunopress.it\/2009\/08\/20\/aperitivo-e-concerto-con-gli-stadio-venerdi-a-cortina\/#primaryimage"},"image":{"@id":"https:\/\/www.bellunopress.it\/2009\/08\/20\/aperitivo-e-concerto-con-gli-stadio-venerdi-a-cortina\/#primaryimage"},"thumbnailUrl":"http:\/\/www.bellunopress.it\/wp-content\/uploads\/2009\/08\/stadio.jpg","datePublished":"2009-08-20T18:47:36+00:00","dateModified":"2009-08-20T18:48:34+00:00","breadcrumb":{"@id":"https:\/\/www.bellunopress.it\/2009\/08\/20\/aperitivo-e-concerto-con-gli-stadio-venerdi-a-cortina\/#breadcrumb"},"inLanguage":"fr-FR","potentialAction":[{"@type":"ReadAction","target":["https:\/\/www.bellunopress.it\/2009\/08\/20\/aperitivo-e-concerto-con-gli-stadio-venerdi-a-cortina\/"]}]},{"@type":"ImageObject","inLanguage":"fr-FR","@id":"https:\/\/www.bellunopress.it\/2009\/08\/20\/aperitivo-e-concerto-con-gli-stadio-venerdi-a-cortina\/#primaryimage","url":"http:\/\/www.bellunopress.it\/wp-content\/uploads\/2009\/08\/stadio.jpg","contentUrl":"http:\/\/www.bellunopress.it\/wp-content\/uploads\/2009\/08\/stadio.jpg"},{"@type":"BreadcrumbList","@id":"https:\/\/www.bellunopress.it\/2009\/08\/20\/aperitivo-e-concerto-con-gli-stadio-venerdi-a-cortina\/#breadcrumb","itemListElement":[{"@type":"ListItem","position":1,"name":"Home","item":"https:\/\/www.bellunopress.it\/"},{"@type":"ListItem","position":2,"name":"Aperitivo e concerto con gli Stadio venerd\u00ec a Cortina"}]},{"@type":"WebSite","@id":"https:\/\/www.bellunopress.it\/#website","url":"https:\/\/www.bellunopress.it\/","name":"Bellunopress - Dolomiti","description":"e-mail: redazione@bellunopress.it","publisher":{"@id":"https:\/\/www.bellunopress.it\/#organization"},"potentialAction":[{"@type":"SearchAction","target":{"@type":"EntryPoint","urlTemplate":"https:\/\/www.bellunopress.it\/?s={search_term_string}"},"query-input":{"@type":"PropertyValueSpecification","valueRequired":true,"valueName":"search_term_string"}}],"inLanguage":"fr-FR"},{"@type":"Organization","@id":"https:\/\/www.bellunopress.it\/#organization","name":"Bellunopress","url":"https:\/\/www.bellunopress.it\/","logo":{"@type":"ImageObject","inLanguage":"fr-FR","@id":"https:\/\/www.bellunopress.it\/#\/schema\/logo\/image\/","url":"https:\/\/www.bellunopress.it\/wp-content\/uploads\/2011\/05\/cropped-logo-bellunopress-.jpg","contentUrl":"https:\/\/www.bellunopress.it\/wp-content\/uploads\/2011\/05\/cropped-logo-bellunopress-.jpg","width":512,"height":512,"caption":"Bellunopress"},"image":{"@id":"https:\/\/www.bellunopress.it\/#\/schema\/logo\/image\/"},"sameAs":["https:\/\/www.facebook.com\/profile.php?id=100008943462799","https:\/\/x.com\/bellunopress","https:\/\/www.linkedin.com\/hp\/?dnr=JBzUWaJfMUw8vbXJJ2tVW5-I3jZKvC4wsoxE&amp;amp;amp;amp;amp;amp;trk=nav_responsive_tab_home","https:\/\/www.youtube.com\/channel\/UCxL0wu1uN0_3_7hGG0306cw"]},{"@type":"Person","@id":"https:\/\/www.bellunopress.it\/#\/schema\/person\/79bb06722b37ece1c03d3e94beb30d73","name":"r\u00e9daction","image":{"@type":"ImageObject","inLanguage":"fr-FR","@id":"https:\/\/secure.gravatar.com\/avatar\/37d968a2e67a6fd04c169c4bdef102d0bc5d31b2546345219e348575eb80e9a0?s=96&d=mm&r=g","url":"https:\/\/secure.gravatar.com\/avatar\/37d968a2e67a6fd04c169c4bdef102d0bc5d31b2546345219e348575eb80e9a0?s=96&d=mm&r=g","contentUrl":"https:\/\/secure.gravatar.com\/avatar\/37d968a2e67a6fd04c169c4bdef102d0bc5d31b2546345219e348575eb80e9a0?s=96&d=mm&r=g","caption":"redazione"},"sameAs":["http:\/\/www.bellunopress.it","https:\/\/x.com\/bellunopress"],"url":"https:\/\/www.bellunopress.it\/fr\/author\/redazione\/"}]}},"_links":{"self":[{"href":"https:\/\/www.bellunopress.it\/fr\/wp-json\/wp\/v2\/posts\/7195","targetHints":{"allow":["GET"]}}],"collection":[{"href":"https:\/\/www.bellunopress.it\/fr\/wp-json\/wp\/v2\/posts"}],"about":[{"href":"https:\/\/www.bellunopress.it\/fr\/wp-json\/wp\/v2\/types\/post"}],"author":[{"embeddable":true,"href":"https:\/\/www.bellunopress.it\/fr\/wp-json\/wp\/v2\/users\/2"}],"replies":[{"embeddable":true,"href":"https:\/\/www.bellunopress.it\/fr\/wp-json\/wp\/v2\/comments?post=7195"}],"version-history":[{"count":2,"href":"https:\/\/www.bellunopress.it\/fr\/wp-json\/wp\/v2\/posts\/7195\/revisions"}],"predecessor-version":[{"id":7198,"href":"https:\/\/www.bellunopress.it\/fr\/wp-json\/wp\/v2\/posts\/7195\/revisions\/7198"}],"wp:attachment":[{"href":"https:\/\/www.bellunopress.it\/fr\/wp-json\/wp\/v2\/media?parent=7195"}],"wp:term":[{"taxonomy":"category","embeddable":true,"href":"https:\/\/www.bellunopress.it\/fr\/wp-json\/wp\/v2\/categories?post=7195"},{"taxonomy":"post_tag","embeddable":true,"href":"https:\/\/www.bellunopress.it\/fr\/wp-json\/wp\/v2\/tags?post=7195"}],"curies":[{"name":"wp","href":"https:\/\/api.w.org\/{rel}","templated":true}]}}