{"id":7190,"date":"2009-08-20T18:12:10","date_gmt":"2009-08-20T17:12:10","guid":{"rendered":"http:\/\/www.bellunopress.it\/?p=7190"},"modified":"2009-08-20T18:12:10","modified_gmt":"2009-08-20T17:12:10","slug":"a-cuno-tarfusser-il-raponzolo-dargento-2009-sabato-si-chiude-la-rassegna-cortina-terzo-millennio-con-l%e2%80%99elezione-dello-stimato-magistrato-a-personaggio-dell%e2%80%99anno","status":"publish","type":"post","link":"https:\/\/www.bellunopress.it\/fr\/2009\/08\/20\/a-cuno-tarfusser-il-raponzolo-dargento-2009-sabato-si-chiude-la-rassegna-cortina-terzo-millennio-con-l%e2%80%99elezione-dello-stimato-magistrato-a-personaggio-dell%e2%80%99anno\/","title":{"rendered":"A Cuno Tarfusser il Raponzolo d&#8217;Argento 2009. Sabato  si chiude la rassegna Cortina Terzo Millennio con l\u2019elezione dello stimato magistrato a personaggio dell\u2019anno."},"content":{"rendered":"<figure id=\"attachment_7191\" aria-describedby=\"caption-attachment-7191\" style=\"width: 270px\" class=\"wp-caption alignleft\"><a href=\"http:\/\/www.bellunopress.it\/wp-content\/uploads\/2009\/08\/cortina-dampezzo-centro.jpg\"><img loading=\"lazy\" decoding=\"async\" class=\"size-medium wp-image-7191\" title=\"cortina-dampezzo-centro\" src=\"http:\/\/www.bellunopress.it\/wp-content\/uploads\/2009\/08\/cortina-dampezzo-centro.jpg\" alt=\"Il centro di Cortina d'Ampezzo\" width=\"270\" height=\"180\" \/><\/a><figcaption id=\"caption-attachment-7191\" class=\"wp-caption-text\">Il centro di Cortina d<\/figcaption><\/figure>\n<p>&#8220;Finale col botto\u201d per la kermesse culturale Cortina Terzo Millennio, appuntamento tradizionale dell\u2019estate ampezzana, organizzata da Rosanna Ghedina, Giuseppe Tedeschi e Francesco Monaco, con la collaborazione e il sostegno del settimanale Cortina Vacanze Oggi, la Magnifica Comunit\u00e0 di Cortina d\u2019Ampezzo, l\u2019Assessorato alla Cultura e la Gis. Dal 1996, nel palcoscenico offerto dal Splendid Hotel Venezia, Cortina Terzo Millennio offre agli ospiti in vacanza e ai valligiani numerose occasioni di confronto e riflessione sui temi pi\u00f9 svariati, dall\u2019attualit\u00e0 alla cultura, dall\u2019arte allo spettacolo, dal turismo allo sport, all\u2019ambiente.<br \/>\nIl ricco programma 2009 si chiude sabato 22 agosto, in Sala Cultura Don Pietro Alver\u00e0, con l\u2019attesissimo appuntamento, giunto quest\u2019anno alla sua 13esima edizione, con il Premio \u201cCortina Terzo Millennio \u2013 Raponzolo d\u2019Argento\u201d, riconoscimento per il personaggio dell\u2019anno, realizzato dall\u2019artista orafo mastro 7, che quest\u2019anno Cortina Vacanze Oggi consegner\u00e0 a Cuno Tarfusser, per le sue spiccate doti di elevata professionalit\u00e0 ed eccellente capacit\u00e0 organizzativa. A presentare e introdurre la serata la giornalista Rosanna Ghedina, ideatrice del premio. L\u2019ambito riconoscimento \u00e8 un\u2019opera di straordinari bellezza e pregio realizzata dal maestro Settimo Tamanini, l\u2019artista orafo conosciuto e richiesto da molte personalit\u00e0 del mondo artistico, politico e culturale. Il Premio \u00e8 stato istituito dall\u2019associazione culturale Cortina Terzo Millennio, da Cortina Vacanze Oggi e dalla direzione dello Splendid Hotel Venezia. Cuno Tarfusser \u00e8 un brillante e stimato magistrato che si \u00e8 distinto quale procuratore capo della Repubblica di Bolzano. Viene premiato, oltre che per le sue eccellenti doti investigative, per l\u2019elevata professionalit\u00e0 ed eccellente capacit\u00e0 organizzativa emersa con evidenza in un suo progetto innovativo di revisione dei processi organizzativi interni ed esterni della procura stessa, portando a una notevole riduzione dei costi e dando lustro all\u2019intera magistratura Italiana. Il 20 gennaio scorso l\u2019Assemblea Generale delle Nazioni Unite, a New York, ha eletto con la stragrande maggioranza Cuno Tarfusser a giudice della Corte penale internazionale all\u2019Aja, con giurisdizione su crimini di guerra, crimini contro l\u2019umanit\u00e0 e genocidio. Il ministro della Giustizia Angiolino Alfano nell\u2019esprimere grande soddisfazione per la sua elezione ha affermato che \u201cl\u2019esperienza e la straordinaria professionalit\u00e0 di Tarfusser costituiranno un valido apporto per questo organismo cerniera tra quei Paesi che considerano i principi di legalit\u00e0 e il rispetto delle istituzioni capisaldi fondamentali della convivenza tra i popoli\u201d.<br \/>\nFranco Frattini, ministro degli Esteri, ha puntualizzato che l\u2019incarico assunto da Tarfusser \u201c\u00e8 un\u2019ulteriore dimostrazione del prestigio internazionale del nostro Paese\u201d. Presenta e introduce la giornalista e ideatrice del premio Rosanna Raffaelli Ghedina. Durante la serata il giudice penale internazionale dell\u2019Aja guider\u00e0 anche il dibattito sul tema \u201cGiustizia e malagiustizia\u201d.<br \/>\nSabato 22 agosto<br \/>\nore 17.30, Sala Cultura Don Pietro Alver\u00e0 \u2013 Largo Poste<br \/>\nConsegna del Premio e incontro-dibattito<br \/>\nIngresso libero<\/p>","protected":false},"excerpt":{"rendered":"<p>&#8220;Finale col botto\u201d per la kermesse culturale Cortina Terzo Millennio, appuntamento tradizionale dell\u2019estate ampezzana, organizzata da Rosanna Ghedina, Giuseppe Tedeschi e Francesco Monaco, con la collaborazione e il sostegno del settimanale Cortina Vacanze Oggi, la Magnifica Comunit\u00e0 di Cortina d\u2019Ampezzo, l\u2019Assessorato alla Cultura e la Gis. Dal 1996, nel palcoscenico offerto dal Splendid Hotel Venezia, [&hellip;]<\/p>\n","protected":false},"author":2,"featured_media":0,"comment_status":"closed","ping_status":"open","sticky":false,"template":"","format":"standard","meta":{"footnotes":""},"categories":[5,26],"tags":[139],"class_list":["post-7190","post","type-post","status-publish","format-standard","category-cronaca","category-prima-pagina","tag-belluno"],"yoast_head":"<!-- This site is optimized with the Yoast SEO plugin v28.4 - https:\/\/yoast.com\/product\/yoast-seo-wordpress\/ -->\n<title>A Cuno Tarfusser il Raponzolo d&#039;Argento 2009. Sabato si chiude la rassegna Cortina Terzo Millennio con l\u2019elezione dello stimato magistrato a personaggio dell\u2019anno. - Bellunopress - Dolomiti<\/title>\n<meta name=\"robots\" content=\"index, follow, max-snippet:-1, max-image-preview:large, max-video-preview:-1\" \/>\n<link rel=\"canonical\" href=\"https:\/\/www.bellunopress.it\/fr\/2009\/08\/20\/a-cuno-tarfusser-il-raponzolo-dargento-2009-sabato-si-chiude-la-rassegna-cortina-terzo-millennio-con-l\u2019elezione-dello-stimato-magistrato-a-personaggio-dell\u2019anno\/\" \/>\n<meta property=\"og:locale\" content=\"fr_FR\" \/>\n<meta property=\"og:type\" content=\"article\" \/>\n<meta property=\"og:title\" content=\"A Cuno Tarfusser il Raponzolo d&#039;Argento 2009. Sabato si chiude la rassegna Cortina Terzo Millennio con l\u2019elezione dello stimato magistrato a personaggio dell\u2019anno. - Bellunopress - Dolomiti\" \/>\n<meta property=\"og:description\" content=\"&#8220;Finale col botto\u201d per la kermesse culturale Cortina Terzo Millennio, appuntamento tradizionale dell\u2019estate ampezzana, organizzata da Rosanna Ghedina, Giuseppe Tedeschi e Francesco Monaco, con la collaborazione e il sostegno del settimanale Cortina Vacanze Oggi, la Magnifica Comunit\u00e0 di Cortina d\u2019Ampezzo, l\u2019Assessorato alla Cultura e la Gis. Dal 1996, nel palcoscenico offerto dal Splendid Hotel Venezia, [&hellip;]\" \/>\n<meta property=\"og:url\" content=\"https:\/\/www.bellunopress.it\/fr\/2009\/08\/20\/a-cuno-tarfusser-il-raponzolo-dargento-2009-sabato-si-chiude-la-rassegna-cortina-terzo-millennio-con-l\u2019elezione-dello-stimato-magistrato-a-personaggio-dell\u2019anno\/\" \/>\n<meta property=\"og:site_name\" content=\"Bellunopress - Dolomiti\" \/>\n<meta property=\"article:publisher\" content=\"https:\/\/www.facebook.com\/profile.php?id=100008943462799\" \/>\n<meta property=\"article:published_time\" content=\"2009-08-20T17:12:10+00:00\" \/>\n<meta property=\"og:image\" content=\"http:\/\/www.bellunopress.it\/wp-content\/uploads\/2009\/08\/cortina-dampezzo-centro.jpg\" \/>\n<meta name=\"author\" content=\"redazione\" \/>\n<meta name=\"twitter:card\" content=\"summary_large_image\" \/>\n<meta name=\"twitter:creator\" content=\"@bellunopress\" \/>\n<meta name=\"twitter:site\" content=\"@bellunopress\" \/>\n<meta name=\"twitter:label1\" content=\"\u00c9crit par\" \/>\n\t<meta name=\"twitter:data1\" content=\"redazione\" \/>\n\t<meta name=\"twitter:label2\" content=\"Dur\u00e9e de lecture estim\u00e9e\" \/>\n\t<meta name=\"twitter:data2\" content=\"2 minutes\" \/>\n<script type=\"application\/ld+json\" class=\"yoast-schema-graph\">{\"@context\":\"https:\\\/\\\/schema.org\",\"@graph\":[{\"@type\":\"Article\",\"@id\":\"https:\\\/\\\/www.bellunopress.it\\\/2009\\\/08\\\/20\\\/a-cuno-tarfusser-il-raponzolo-dargento-2009-sabato-si-chiude-la-rassegna-cortina-terzo-millennio-con-l%e2%80%99elezione-dello-stimato-magistrato-a-personaggio-dell%e2%80%99anno\\\/#article\",\"isPartOf\":{\"@id\":\"https:\\\/\\\/www.bellunopress.it\\\/2009\\\/08\\\/20\\\/a-cuno-tarfusser-il-raponzolo-dargento-2009-sabato-si-chiude-la-rassegna-cortina-terzo-millennio-con-l%e2%80%99elezione-dello-stimato-magistrato-a-personaggio-dell%e2%80%99anno\\\/\"},\"author\":{\"name\":\"redazione\",\"@id\":\"https:\\\/\\\/www.bellunopress.it\\\/#\\\/schema\\\/person\\\/79bb06722b37ece1c03d3e94beb30d73\"},\"headline\":\"A Cuno Tarfusser il Raponzolo d&#8217;Argento 2009. Sabato si chiude la rassegna Cortina Terzo Millennio con l\u2019elezione dello stimato magistrato a personaggio dell\u2019anno.\",\"datePublished\":\"2009-08-20T17:12:10+00:00\",\"mainEntityOfPage\":{\"@id\":\"https:\\\/\\\/www.bellunopress.it\\\/2009\\\/08\\\/20\\\/a-cuno-tarfusser-il-raponzolo-dargento-2009-sabato-si-chiude-la-rassegna-cortina-terzo-millennio-con-l%e2%80%99elezione-dello-stimato-magistrato-a-personaggio-dell%e2%80%99anno\\\/\"},\"wordCount\":491,\"publisher\":{\"@id\":\"https:\\\/\\\/www.bellunopress.it\\\/#organization\"},\"image\":{\"@id\":\"https:\\\/\\\/www.bellunopress.it\\\/2009\\\/08\\\/20\\\/a-cuno-tarfusser-il-raponzolo-dargento-2009-sabato-si-chiude-la-rassegna-cortina-terzo-millennio-con-l%e2%80%99elezione-dello-stimato-magistrato-a-personaggio-dell%e2%80%99anno\\\/#primaryimage\"},\"thumbnailUrl\":\"http:\\\/\\\/www.bellunopress.it\\\/wp-content\\\/uploads\\\/2009\\\/08\\\/cortina-dampezzo-centro.jpg\",\"keywords\":[\"Belluno\"],\"articleSection\":[\"Cronaca\\\/Politica\",\"Prima Pagina\"],\"inLanguage\":\"fr-FR\"},{\"@type\":\"WebPage\",\"@id\":\"https:\\\/\\\/www.bellunopress.it\\\/2009\\\/08\\\/20\\\/a-cuno-tarfusser-il-raponzolo-dargento-2009-sabato-si-chiude-la-rassegna-cortina-terzo-millennio-con-l%e2%80%99elezione-dello-stimato-magistrato-a-personaggio-dell%e2%80%99anno\\\/\",\"url\":\"https:\\\/\\\/www.bellunopress.it\\\/2009\\\/08\\\/20\\\/a-cuno-tarfusser-il-raponzolo-dargento-2009-sabato-si-chiude-la-rassegna-cortina-terzo-millennio-con-l%e2%80%99elezione-dello-stimato-magistrato-a-personaggio-dell%e2%80%99anno\\\/\",\"name\":\"A Cuno Tarfusser il Raponzolo d'Argento 2009. Sabato si chiude la rassegna Cortina Terzo Millennio con l\u2019elezione dello stimato magistrato a personaggio dell\u2019anno. - Bellunopress - Dolomiti\",\"isPartOf\":{\"@id\":\"https:\\\/\\\/www.bellunopress.it\\\/#website\"},\"primaryImageOfPage\":{\"@id\":\"https:\\\/\\\/www.bellunopress.it\\\/2009\\\/08\\\/20\\\/a-cuno-tarfusser-il-raponzolo-dargento-2009-sabato-si-chiude-la-rassegna-cortina-terzo-millennio-con-l%e2%80%99elezione-dello-stimato-magistrato-a-personaggio-dell%e2%80%99anno\\\/#primaryimage\"},\"image\":{\"@id\":\"https:\\\/\\\/www.bellunopress.it\\\/2009\\\/08\\\/20\\\/a-cuno-tarfusser-il-raponzolo-dargento-2009-sabato-si-chiude-la-rassegna-cortina-terzo-millennio-con-l%e2%80%99elezione-dello-stimato-magistrato-a-personaggio-dell%e2%80%99anno\\\/#primaryimage\"},\"thumbnailUrl\":\"http:\\\/\\\/www.bellunopress.it\\\/wp-content\\\/uploads\\\/2009\\\/08\\\/cortina-dampezzo-centro.jpg\",\"datePublished\":\"2009-08-20T17:12:10+00:00\",\"breadcrumb\":{\"@id\":\"https:\\\/\\\/www.bellunopress.it\\\/2009\\\/08\\\/20\\\/a-cuno-tarfusser-il-raponzolo-dargento-2009-sabato-si-chiude-la-rassegna-cortina-terzo-millennio-con-l%e2%80%99elezione-dello-stimato-magistrato-a-personaggio-dell%e2%80%99anno\\\/#breadcrumb\"},\"inLanguage\":\"fr-FR\",\"potentialAction\":[{\"@type\":\"ReadAction\",\"target\":[\"https:\\\/\\\/www.bellunopress.it\\\/2009\\\/08\\\/20\\\/a-cuno-tarfusser-il-raponzolo-dargento-2009-sabato-si-chiude-la-rassegna-cortina-terzo-millennio-con-l%e2%80%99elezione-dello-stimato-magistrato-a-personaggio-dell%e2%80%99anno\\\/\"]}]},{\"@type\":\"ImageObject\",\"inLanguage\":\"fr-FR\",\"@id\":\"https:\\\/\\\/www.bellunopress.it\\\/2009\\\/08\\\/20\\\/a-cuno-tarfusser-il-raponzolo-dargento-2009-sabato-si-chiude-la-rassegna-cortina-terzo-millennio-con-l%e2%80%99elezione-dello-stimato-magistrato-a-personaggio-dell%e2%80%99anno\\\/#primaryimage\",\"url\":\"http:\\\/\\\/www.bellunopress.it\\\/wp-content\\\/uploads\\\/2009\\\/08\\\/cortina-dampezzo-centro.jpg\",\"contentUrl\":\"http:\\\/\\\/www.bellunopress.it\\\/wp-content\\\/uploads\\\/2009\\\/08\\\/cortina-dampezzo-centro.jpg\"},{\"@type\":\"BreadcrumbList\",\"@id\":\"https:\\\/\\\/www.bellunopress.it\\\/2009\\\/08\\\/20\\\/a-cuno-tarfusser-il-raponzolo-dargento-2009-sabato-si-chiude-la-rassegna-cortina-terzo-millennio-con-l%e2%80%99elezione-dello-stimato-magistrato-a-personaggio-dell%e2%80%99anno\\\/#breadcrumb\",\"itemListElement\":[{\"@type\":\"ListItem\",\"position\":1,\"name\":\"Home\",\"item\":\"https:\\\/\\\/www.bellunopress.it\\\/\"},{\"@type\":\"ListItem\",\"position\":2,\"name\":\"A Cuno Tarfusser il Raponzolo d&#8217;Argento 2009. Sabato si chiude la rassegna Cortina Terzo Millennio con l\u2019elezione dello stimato magistrato a personaggio dell\u2019anno.\"}]},{\"@type\":\"WebSite\",\"@id\":\"https:\\\/\\\/www.bellunopress.it\\\/#website\",\"url\":\"https:\\\/\\\/www.bellunopress.it\\\/\",\"name\":\"Bellunopress - Dolomiti\",\"description\":\"e-mail: redazione@bellunopress.it\",\"publisher\":{\"@id\":\"https:\\\/\\\/www.bellunopress.it\\\/#organization\"},\"potentialAction\":[{\"@type\":\"SearchAction\",\"target\":{\"@type\":\"EntryPoint\",\"urlTemplate\":\"https:\\\/\\\/www.bellunopress.it\\\/?s={search_term_string}\"},\"query-input\":{\"@type\":\"PropertyValueSpecification\",\"valueRequired\":true,\"valueName\":\"search_term_string\"}}],\"inLanguage\":\"fr-FR\"},{\"@type\":\"Organization\",\"@id\":\"https:\\\/\\\/www.bellunopress.it\\\/#organization\",\"name\":\"Bellunopress\",\"url\":\"https:\\\/\\\/www.bellunopress.it\\\/\",\"logo\":{\"@type\":\"ImageObject\",\"inLanguage\":\"fr-FR\",\"@id\":\"https:\\\/\\\/www.bellunopress.it\\\/#\\\/schema\\\/logo\\\/image\\\/\",\"url\":\"https:\\\/\\\/www.bellunopress.it\\\/wp-content\\\/uploads\\\/2011\\\/05\\\/cropped-logo-bellunopress-.jpg\",\"contentUrl\":\"https:\\\/\\\/www.bellunopress.it\\\/wp-content\\\/uploads\\\/2011\\\/05\\\/cropped-logo-bellunopress-.jpg\",\"width\":512,\"height\":512,\"caption\":\"Bellunopress\"},\"image\":{\"@id\":\"https:\\\/\\\/www.bellunopress.it\\\/#\\\/schema\\\/logo\\\/image\\\/\"},\"sameAs\":[\"https:\\\/\\\/www.facebook.com\\\/profile.php?id=100008943462799\",\"https:\\\/\\\/x.com\\\/bellunopress\",\"https:\\\/\\\/www.linkedin.com\\\/hp\\\/?dnr=JBzUWaJfMUw8vbXJJ2tVW5-I3jZKvC4wsoxE&amp;amp;amp;amp;amp;amp;trk=nav_responsive_tab_home\",\"https:\\\/\\\/www.youtube.com\\\/channel\\\/UCxL0wu1uN0_3_7hGG0306cw\"]},{\"@type\":\"Person\",\"@id\":\"https:\\\/\\\/www.bellunopress.it\\\/#\\\/schema\\\/person\\\/79bb06722b37ece1c03d3e94beb30d73\",\"name\":\"redazione\",\"image\":{\"@type\":\"ImageObject\",\"inLanguage\":\"fr-FR\",\"@id\":\"https:\\\/\\\/secure.gravatar.com\\\/avatar\\\/37d968a2e67a6fd04c169c4bdef102d0bc5d31b2546345219e348575eb80e9a0?s=96&d=mm&r=g\",\"url\":\"https:\\\/\\\/secure.gravatar.com\\\/avatar\\\/37d968a2e67a6fd04c169c4bdef102d0bc5d31b2546345219e348575eb80e9a0?s=96&d=mm&r=g\",\"contentUrl\":\"https:\\\/\\\/secure.gravatar.com\\\/avatar\\\/37d968a2e67a6fd04c169c4bdef102d0bc5d31b2546345219e348575eb80e9a0?s=96&d=mm&r=g\",\"caption\":\"redazione\"},\"sameAs\":[\"http:\\\/\\\/www.bellunopress.it\",\"https:\\\/\\\/x.com\\\/bellunopress\"],\"url\":\"https:\\\/\\\/www.bellunopress.it\\\/fr\\\/author\\\/redazione\\\/\"}]}<\/script>\n<!-- \/ Yoast SEO plugin. -->","yoast_head_json":{"title":"A Cuno Tarfusser il Raponzolo d'Argento 2009. Sabato si chiude la rassegna Cortina Terzo Millennio con l\u2019elezione dello stimato magistrato a personaggio dell\u2019anno. - Bellunopress - Dolomiti","robots":{"index":"index","follow":"follow","max-snippet":"max-snippet:-1","max-image-preview":"max-image-preview:large","max-video-preview":"max-video-preview:-1"},"canonical":"https:\/\/www.bellunopress.it\/fr\/2009\/08\/20\/a-cuno-tarfusser-il-raponzolo-dargento-2009-sabato-si-chiude-la-rassegna-cortina-terzo-millennio-con-l\u2019elezione-dello-stimato-magistrato-a-personaggio-dell\u2019anno\/","og_locale":"fr_FR","og_type":"article","og_title":"A Cuno Tarfusser il Raponzolo d'Argento 2009. Sabato si chiude la rassegna Cortina Terzo Millennio con l\u2019elezione dello stimato magistrato a personaggio dell\u2019anno. - Bellunopress - Dolomiti","og_description":"&#8220;Finale col botto\u201d per la kermesse culturale Cortina Terzo Millennio, appuntamento tradizionale dell\u2019estate ampezzana, organizzata da Rosanna Ghedina, Giuseppe Tedeschi e Francesco Monaco, con la collaborazione e il sostegno del settimanale Cortina Vacanze Oggi, la Magnifica Comunit\u00e0 di Cortina d\u2019Ampezzo, l\u2019Assessorato alla Cultura e la Gis. Dal 1996, nel palcoscenico offerto dal Splendid Hotel Venezia, [&hellip;]","og_url":"https:\/\/www.bellunopress.it\/fr\/2009\/08\/20\/a-cuno-tarfusser-il-raponzolo-dargento-2009-sabato-si-chiude-la-rassegna-cortina-terzo-millennio-con-l\u2019elezione-dello-stimato-magistrato-a-personaggio-dell\u2019anno\/","og_site_name":"Bellunopress - Dolomiti","article_publisher":"https:\/\/www.facebook.com\/profile.php?id=100008943462799","article_published_time":"2009-08-20T17:12:10+00:00","og_image":[{"url":"http:\/\/www.bellunopress.it\/wp-content\/uploads\/2009\/08\/cortina-dampezzo-centro.jpg","type":"","width":"","height":""}],"author":"redazione","twitter_card":"summary_large_image","twitter_creator":"@bellunopress","twitter_site":"@bellunopress","twitter_misc":{"\u00c9crit par":"redazione","Dur\u00e9e de lecture estim\u00e9e":"2 minutes"},"schema":{"@context":"https:\/\/schema.org","@graph":[{"@type":"Article","@id":"https:\/\/www.bellunopress.it\/2009\/08\/20\/a-cuno-tarfusser-il-raponzolo-dargento-2009-sabato-si-chiude-la-rassegna-cortina-terzo-millennio-con-l%e2%80%99elezione-dello-stimato-magistrato-a-personaggio-dell%e2%80%99anno\/#article","isPartOf":{"@id":"https:\/\/www.bellunopress.it\/2009\/08\/20\/a-cuno-tarfusser-il-raponzolo-dargento-2009-sabato-si-chiude-la-rassegna-cortina-terzo-millennio-con-l%e2%80%99elezione-dello-stimato-magistrato-a-personaggio-dell%e2%80%99anno\/"},"author":{"name":"redazione","@id":"https:\/\/www.bellunopress.it\/#\/schema\/person\/79bb06722b37ece1c03d3e94beb30d73"},"headline":"A Cuno Tarfusser il Raponzolo d&#8217;Argento 2009. Sabato si chiude la rassegna Cortina Terzo Millennio con l\u2019elezione dello stimato magistrato a personaggio dell\u2019anno.","datePublished":"2009-08-20T17:12:10+00:00","mainEntityOfPage":{"@id":"https:\/\/www.bellunopress.it\/2009\/08\/20\/a-cuno-tarfusser-il-raponzolo-dargento-2009-sabato-si-chiude-la-rassegna-cortina-terzo-millennio-con-l%e2%80%99elezione-dello-stimato-magistrato-a-personaggio-dell%e2%80%99anno\/"},"wordCount":491,"publisher":{"@id":"https:\/\/www.bellunopress.it\/#organization"},"image":{"@id":"https:\/\/www.bellunopress.it\/2009\/08\/20\/a-cuno-tarfusser-il-raponzolo-dargento-2009-sabato-si-chiude-la-rassegna-cortina-terzo-millennio-con-l%e2%80%99elezione-dello-stimato-magistrato-a-personaggio-dell%e2%80%99anno\/#primaryimage"},"thumbnailUrl":"http:\/\/www.bellunopress.it\/wp-content\/uploads\/2009\/08\/cortina-dampezzo-centro.jpg","keywords":["Belluno"],"articleSection":["Cronaca\/Politica","Prima Pagina"],"inLanguage":"fr-FR"},{"@type":"WebPage","@id":"https:\/\/www.bellunopress.it\/2009\/08\/20\/a-cuno-tarfusser-il-raponzolo-dargento-2009-sabato-si-chiude-la-rassegna-cortina-terzo-millennio-con-l%e2%80%99elezione-dello-stimato-magistrato-a-personaggio-dell%e2%80%99anno\/","url":"https:\/\/www.bellunopress.it\/2009\/08\/20\/a-cuno-tarfusser-il-raponzolo-dargento-2009-sabato-si-chiude-la-rassegna-cortina-terzo-millennio-con-l%e2%80%99elezione-dello-stimato-magistrato-a-personaggio-dell%e2%80%99anno\/","name":"A Cuno Tarfusser il Raponzolo d'Argento 2009. Sabato si chiude la rassegna Cortina Terzo Millennio con l\u2019elezione dello stimato magistrato a personaggio dell\u2019anno. - Bellunopress - Dolomiti","isPartOf":{"@id":"https:\/\/www.bellunopress.it\/#website"},"primaryImageOfPage":{"@id":"https:\/\/www.bellunopress.it\/2009\/08\/20\/a-cuno-tarfusser-il-raponzolo-dargento-2009-sabato-si-chiude-la-rassegna-cortina-terzo-millennio-con-l%e2%80%99elezione-dello-stimato-magistrato-a-personaggio-dell%e2%80%99anno\/#primaryimage"},"image":{"@id":"https:\/\/www.bellunopress.it\/2009\/08\/20\/a-cuno-tarfusser-il-raponzolo-dargento-2009-sabato-si-chiude-la-rassegna-cortina-terzo-millennio-con-l%e2%80%99elezione-dello-stimato-magistrato-a-personaggio-dell%e2%80%99anno\/#primaryimage"},"thumbnailUrl":"http:\/\/www.bellunopress.it\/wp-content\/uploads\/2009\/08\/cortina-dampezzo-centro.jpg","datePublished":"2009-08-20T17:12:10+00:00","breadcrumb":{"@id":"https:\/\/www.bellunopress.it\/2009\/08\/20\/a-cuno-tarfusser-il-raponzolo-dargento-2009-sabato-si-chiude-la-rassegna-cortina-terzo-millennio-con-l%e2%80%99elezione-dello-stimato-magistrato-a-personaggio-dell%e2%80%99anno\/#breadcrumb"},"inLanguage":"fr-FR","potentialAction":[{"@type":"ReadAction","target":["https:\/\/www.bellunopress.it\/2009\/08\/20\/a-cuno-tarfusser-il-raponzolo-dargento-2009-sabato-si-chiude-la-rassegna-cortina-terzo-millennio-con-l%e2%80%99elezione-dello-stimato-magistrato-a-personaggio-dell%e2%80%99anno\/"]}]},{"@type":"ImageObject","inLanguage":"fr-FR","@id":"https:\/\/www.bellunopress.it\/2009\/08\/20\/a-cuno-tarfusser-il-raponzolo-dargento-2009-sabato-si-chiude-la-rassegna-cortina-terzo-millennio-con-l%e2%80%99elezione-dello-stimato-magistrato-a-personaggio-dell%e2%80%99anno\/#primaryimage","url":"http:\/\/www.bellunopress.it\/wp-content\/uploads\/2009\/08\/cortina-dampezzo-centro.jpg","contentUrl":"http:\/\/www.bellunopress.it\/wp-content\/uploads\/2009\/08\/cortina-dampezzo-centro.jpg"},{"@type":"BreadcrumbList","@id":"https:\/\/www.bellunopress.it\/2009\/08\/20\/a-cuno-tarfusser-il-raponzolo-dargento-2009-sabato-si-chiude-la-rassegna-cortina-terzo-millennio-con-l%e2%80%99elezione-dello-stimato-magistrato-a-personaggio-dell%e2%80%99anno\/#breadcrumb","itemListElement":[{"@type":"ListItem","position":1,"name":"Home","item":"https:\/\/www.bellunopress.it\/"},{"@type":"ListItem","position":2,"name":"A Cuno Tarfusser il Raponzolo d&#8217;Argento 2009. Sabato si chiude la rassegna Cortina Terzo Millennio con l\u2019elezione dello stimato magistrato a personaggio dell\u2019anno."}]},{"@type":"WebSite","@id":"https:\/\/www.bellunopress.it\/#website","url":"https:\/\/www.bellunopress.it\/","name":"Bellunopress - Dolomiti","description":"e-mail: redazione@bellunopress.it","publisher":{"@id":"https:\/\/www.bellunopress.it\/#organization"},"potentialAction":[{"@type":"SearchAction","target":{"@type":"EntryPoint","urlTemplate":"https:\/\/www.bellunopress.it\/?s={search_term_string}"},"query-input":{"@type":"PropertyValueSpecification","valueRequired":true,"valueName":"search_term_string"}}],"inLanguage":"fr-FR"},{"@type":"Organization","@id":"https:\/\/www.bellunopress.it\/#organization","name":"Bellunopress","url":"https:\/\/www.bellunopress.it\/","logo":{"@type":"ImageObject","inLanguage":"fr-FR","@id":"https:\/\/www.bellunopress.it\/#\/schema\/logo\/image\/","url":"https:\/\/www.bellunopress.it\/wp-content\/uploads\/2011\/05\/cropped-logo-bellunopress-.jpg","contentUrl":"https:\/\/www.bellunopress.it\/wp-content\/uploads\/2011\/05\/cropped-logo-bellunopress-.jpg","width":512,"height":512,"caption":"Bellunopress"},"image":{"@id":"https:\/\/www.bellunopress.it\/#\/schema\/logo\/image\/"},"sameAs":["https:\/\/www.facebook.com\/profile.php?id=100008943462799","https:\/\/x.com\/bellunopress","https:\/\/www.linkedin.com\/hp\/?dnr=JBzUWaJfMUw8vbXJJ2tVW5-I3jZKvC4wsoxE&amp;amp;amp;amp;amp;amp;trk=nav_responsive_tab_home","https:\/\/www.youtube.com\/channel\/UCxL0wu1uN0_3_7hGG0306cw"]},{"@type":"Person","@id":"https:\/\/www.bellunopress.it\/#\/schema\/person\/79bb06722b37ece1c03d3e94beb30d73","name":"r\u00e9daction","image":{"@type":"ImageObject","inLanguage":"fr-FR","@id":"https:\/\/secure.gravatar.com\/avatar\/37d968a2e67a6fd04c169c4bdef102d0bc5d31b2546345219e348575eb80e9a0?s=96&d=mm&r=g","url":"https:\/\/secure.gravatar.com\/avatar\/37d968a2e67a6fd04c169c4bdef102d0bc5d31b2546345219e348575eb80e9a0?s=96&d=mm&r=g","contentUrl":"https:\/\/secure.gravatar.com\/avatar\/37d968a2e67a6fd04c169c4bdef102d0bc5d31b2546345219e348575eb80e9a0?s=96&d=mm&r=g","caption":"redazione"},"sameAs":["http:\/\/www.bellunopress.it","https:\/\/x.com\/bellunopress"],"url":"https:\/\/www.bellunopress.it\/fr\/author\/redazione\/"}]}},"_links":{"self":[{"href":"https:\/\/www.bellunopress.it\/fr\/wp-json\/wp\/v2\/posts\/7190","targetHints":{"allow":["GET"]}}],"collection":[{"href":"https:\/\/www.bellunopress.it\/fr\/wp-json\/wp\/v2\/posts"}],"about":[{"href":"https:\/\/www.bellunopress.it\/fr\/wp-json\/wp\/v2\/types\/post"}],"author":[{"embeddable":true,"href":"https:\/\/www.bellunopress.it\/fr\/wp-json\/wp\/v2\/users\/2"}],"replies":[{"embeddable":true,"href":"https:\/\/www.bellunopress.it\/fr\/wp-json\/wp\/v2\/comments?post=7190"}],"version-history":[{"count":1,"href":"https:\/\/www.bellunopress.it\/fr\/wp-json\/wp\/v2\/posts\/7190\/revisions"}],"predecessor-version":[{"id":7192,"href":"https:\/\/www.bellunopress.it\/fr\/wp-json\/wp\/v2\/posts\/7190\/revisions\/7192"}],"wp:attachment":[{"href":"https:\/\/www.bellunopress.it\/fr\/wp-json\/wp\/v2\/media?parent=7190"}],"wp:term":[{"taxonomy":"category","embeddable":true,"href":"https:\/\/www.bellunopress.it\/fr\/wp-json\/wp\/v2\/categories?post=7190"},{"taxonomy":"post_tag","embeddable":true,"href":"https:\/\/www.bellunopress.it\/fr\/wp-json\/wp\/v2\/tags?post=7190"}],"curies":[{"name":"wp","href":"https:\/\/api.w.org\/{rel}","templated":true}]}}