{"id":7179,"date":"2009-08-20T15:17:51","date_gmt":"2009-08-20T14:17:51","guid":{"rendered":"http:\/\/www.bellunopress.it\/?p=7179"},"modified":"2009-08-20T15:17:51","modified_gmt":"2009-08-20T14:17:51","slug":"caliera-trophy-2009-di-apecar-a-sedico-pronto-al-via","status":"publish","type":"post","link":"https:\/\/www.bellunopress.it\/fr\/2009\/08\/20\/caliera-trophy-2009-di-apecar-a-sedico-pronto-al-via\/","title":{"rendered":"Caliera Trophy 2009 di Apecar a Sedico pronto al via"},"content":{"rendered":"<p>Quasi tutto pronto nel &#8220;Principato de Roe Basse&#8221; (Sedico) per l\u2019edizione 2009 del Caliera Trophy. Sar\u00e0 questa la diciannovesima volta dello stravagante trofeo per le Apecar elaborate e modificate che sar\u00e0 disputato all\u2019&#8221;Apodromo Tazio Nuvolari&#8221;. Il percorso, tranne poche modifiche, ricalca quello dell\u2019anno scorso; un anello di 600 metri su pi\u00f9 livelli con curve e chicane che metteranno a dura prova la capacit\u00e0 di giuda dei piloti. E\u2019 prevista la partecipazione di una settantina di mezzi delle diverse motorizzazioni che compongono le cinque categorie usuali e che arriveranno da varie localit\u00e0 del nord e centro Italia. Gi\u00e0 dalle 14 di sabato 29 sar\u00e0 possibile ammirare le evoluzioni di coloro che effettueranno le prove libere di percorso e motori mentre dalle 10 della domenica avr\u00e0 il via la prima delle tre manche cronometrate valide per la classifica finale. Verso le ore 18 si prevede la chiusura della manifestazione con le premiazioni e la tradizionale distribuzione gratuita della porchetta gigante. La manifestazione assegna punti per la classifica del campionato bellunese e del campionato mondiale che vedono al momento in testa .rispettivamente Daniele Da Rui e Alain Sommacal per la classifica piloti ed i team Mine vaganti e Magnon fora tuti per la classifica costruttori.<\/p>","protected":false},"excerpt":{"rendered":"<p>Quasi tutto pronto nel &#8220;Principato de Roe Basse&#8221; (Sedico) per l\u2019edizione 2009 del Caliera Trophy. Sar\u00e0 questa la diciannovesima volta dello stravagante trofeo per le Apecar elaborate e modificate che sar\u00e0 disputato all\u2019&#8221;Apodromo Tazio Nuvolari&#8221;. Il percorso, tranne poche modifiche, ricalca quello dell\u2019anno scorso; un anello di 600 metri su pi\u00f9 livelli con curve e [&hellip;]<\/p>\n","protected":false},"author":2,"featured_media":0,"comment_status":"closed","ping_status":"open","sticky":false,"template":"","format":"standard","meta":{"footnotes":""},"categories":[25,4],"tags":[],"class_list":["post-7179","post","type-post","status-publish","format-standard","category-pausa-caffe","category-sport"],"yoast_head":"<!-- This site is optimized with the Yoast SEO plugin v28.4 - https:\/\/yoast.com\/product\/yoast-seo-wordpress\/ -->\n<title>Caliera Trophy 2009 di Apecar a Sedico pronto al via  - Bellunopress - Dolomiti<\/title>\n<meta name=\"robots\" content=\"index, follow, max-snippet:-1, max-image-preview:large, max-video-preview:-1\" \/>\n<link rel=\"canonical\" href=\"https:\/\/www.bellunopress.it\/fr\/2009\/08\/20\/caliera-trophy-2009-di-apecar-a-sedico-pronto-al-via\/\" \/>\n<meta property=\"og:locale\" content=\"fr_FR\" \/>\n<meta property=\"og:type\" content=\"article\" \/>\n<meta property=\"og:title\" content=\"Caliera Trophy 2009 di Apecar a Sedico pronto al via  - Bellunopress - Dolomiti\" \/>\n<meta property=\"og:description\" content=\"Quasi tutto pronto nel &#8220;Principato de Roe Basse&#8221; (Sedico) per l\u2019edizione 2009 del Caliera Trophy. Sar\u00e0 questa la diciannovesima volta dello stravagante trofeo per le Apecar elaborate e modificate che sar\u00e0 disputato all\u2019&#8221;Apodromo Tazio Nuvolari&#8221;. Il percorso, tranne poche modifiche, ricalca quello dell\u2019anno scorso; un anello di 600 metri su pi\u00f9 livelli con curve e [&hellip;]\" \/>\n<meta property=\"og:url\" content=\"https:\/\/www.bellunopress.it\/fr\/2009\/08\/20\/caliera-trophy-2009-di-apecar-a-sedico-pronto-al-via\/\" \/>\n<meta property=\"og:site_name\" content=\"Bellunopress - Dolomiti\" \/>\n<meta property=\"article:publisher\" content=\"https:\/\/www.facebook.com\/profile.php?id=100008943462799\" \/>\n<meta property=\"article:published_time\" content=\"2009-08-20T14:17:51+00:00\" \/>\n<meta property=\"og:image\" content=\"http:\/\/www.bellunopress.it\/wp-content\/uploads\/2012\/07\/logo-bellunopress-250x250-2012.jpg\" \/>\n<meta name=\"author\" content=\"redazione\" \/>\n<meta name=\"twitter:card\" content=\"summary_large_image\" \/>\n<meta name=\"twitter:creator\" content=\"@bellunopress\" \/>\n<meta name=\"twitter:site\" content=\"@bellunopress\" \/>\n<meta name=\"twitter:label1\" content=\"\u00c9crit par\" \/>\n\t<meta name=\"twitter:data1\" content=\"redazione\" \/>\n\t<meta name=\"twitter:label2\" content=\"Dur\u00e9e de lecture estim\u00e9e\" \/>\n\t<meta name=\"twitter:data2\" content=\"1 minute\" \/>\n<script type=\"application\/ld+json\" class=\"yoast-schema-graph\">{\"@context\":\"https:\\\/\\\/schema.org\",\"@graph\":[{\"@type\":\"Article\",\"@id\":\"https:\\\/\\\/www.bellunopress.it\\\/2009\\\/08\\\/20\\\/caliera-trophy-2009-di-apecar-a-sedico-pronto-al-via\\\/#article\",\"isPartOf\":{\"@id\":\"https:\\\/\\\/www.bellunopress.it\\\/2009\\\/08\\\/20\\\/caliera-trophy-2009-di-apecar-a-sedico-pronto-al-via\\\/\"},\"author\":{\"name\":\"redazione\",\"@id\":\"https:\\\/\\\/www.bellunopress.it\\\/#\\\/schema\\\/person\\\/79bb06722b37ece1c03d3e94beb30d73\"},\"headline\":\"Caliera Trophy 2009 di Apecar a Sedico pronto al via\",\"datePublished\":\"2009-08-20T14:17:51+00:00\",\"mainEntityOfPage\":{\"@id\":\"https:\\\/\\\/www.bellunopress.it\\\/2009\\\/08\\\/20\\\/caliera-trophy-2009-di-apecar-a-sedico-pronto-al-via\\\/\"},\"wordCount\":208,\"publisher\":{\"@id\":\"https:\\\/\\\/www.bellunopress.it\\\/#organization\"},\"articleSection\":[\"Pausa Caff\u00e8\",\"Sport, tempo libero\"],\"inLanguage\":\"fr-FR\"},{\"@type\":\"WebPage\",\"@id\":\"https:\\\/\\\/www.bellunopress.it\\\/2009\\\/08\\\/20\\\/caliera-trophy-2009-di-apecar-a-sedico-pronto-al-via\\\/\",\"url\":\"https:\\\/\\\/www.bellunopress.it\\\/2009\\\/08\\\/20\\\/caliera-trophy-2009-di-apecar-a-sedico-pronto-al-via\\\/\",\"name\":\"Caliera Trophy 2009 di Apecar a Sedico pronto al via - Bellunopress - Dolomiti\",\"isPartOf\":{\"@id\":\"https:\\\/\\\/www.bellunopress.it\\\/#website\"},\"datePublished\":\"2009-08-20T14:17:51+00:00\",\"breadcrumb\":{\"@id\":\"https:\\\/\\\/www.bellunopress.it\\\/2009\\\/08\\\/20\\\/caliera-trophy-2009-di-apecar-a-sedico-pronto-al-via\\\/#breadcrumb\"},\"inLanguage\":\"fr-FR\",\"potentialAction\":[{\"@type\":\"ReadAction\",\"target\":[\"https:\\\/\\\/www.bellunopress.it\\\/2009\\\/08\\\/20\\\/caliera-trophy-2009-di-apecar-a-sedico-pronto-al-via\\\/\"]}]},{\"@type\":\"BreadcrumbList\",\"@id\":\"https:\\\/\\\/www.bellunopress.it\\\/2009\\\/08\\\/20\\\/caliera-trophy-2009-di-apecar-a-sedico-pronto-al-via\\\/#breadcrumb\",\"itemListElement\":[{\"@type\":\"ListItem\",\"position\":1,\"name\":\"Home\",\"item\":\"https:\\\/\\\/www.bellunopress.it\\\/\"},{\"@type\":\"ListItem\",\"position\":2,\"name\":\"Caliera Trophy 2009 di Apecar a Sedico pronto al via\"}]},{\"@type\":\"WebSite\",\"@id\":\"https:\\\/\\\/www.bellunopress.it\\\/#website\",\"url\":\"https:\\\/\\\/www.bellunopress.it\\\/\",\"name\":\"Bellunopress - Dolomiti\",\"description\":\"e-mail: redazione@bellunopress.it\",\"publisher\":{\"@id\":\"https:\\\/\\\/www.bellunopress.it\\\/#organization\"},\"potentialAction\":[{\"@type\":\"SearchAction\",\"target\":{\"@type\":\"EntryPoint\",\"urlTemplate\":\"https:\\\/\\\/www.bellunopress.it\\\/?s={search_term_string}\"},\"query-input\":{\"@type\":\"PropertyValueSpecification\",\"valueRequired\":true,\"valueName\":\"search_term_string\"}}],\"inLanguage\":\"fr-FR\"},{\"@type\":\"Organization\",\"@id\":\"https:\\\/\\\/www.bellunopress.it\\\/#organization\",\"name\":\"Bellunopress\",\"url\":\"https:\\\/\\\/www.bellunopress.it\\\/\",\"logo\":{\"@type\":\"ImageObject\",\"inLanguage\":\"fr-FR\",\"@id\":\"https:\\\/\\\/www.bellunopress.it\\\/#\\\/schema\\\/logo\\\/image\\\/\",\"url\":\"https:\\\/\\\/www.bellunopress.it\\\/wp-content\\\/uploads\\\/2011\\\/05\\\/cropped-logo-bellunopress-.jpg\",\"contentUrl\":\"https:\\\/\\\/www.bellunopress.it\\\/wp-content\\\/uploads\\\/2011\\\/05\\\/cropped-logo-bellunopress-.jpg\",\"width\":512,\"height\":512,\"caption\":\"Bellunopress\"},\"image\":{\"@id\":\"https:\\\/\\\/www.bellunopress.it\\\/#\\\/schema\\\/logo\\\/image\\\/\"},\"sameAs\":[\"https:\\\/\\\/www.facebook.com\\\/profile.php?id=100008943462799\",\"https:\\\/\\\/x.com\\\/bellunopress\",\"https:\\\/\\\/www.linkedin.com\\\/hp\\\/?dnr=JBzUWaJfMUw8vbXJJ2tVW5-I3jZKvC4wsoxE&amp;amp;amp;amp;amp;amp;trk=nav_responsive_tab_home\",\"https:\\\/\\\/www.youtube.com\\\/channel\\\/UCxL0wu1uN0_3_7hGG0306cw\"]},{\"@type\":\"Person\",\"@id\":\"https:\\\/\\\/www.bellunopress.it\\\/#\\\/schema\\\/person\\\/79bb06722b37ece1c03d3e94beb30d73\",\"name\":\"redazione\",\"image\":{\"@type\":\"ImageObject\",\"inLanguage\":\"fr-FR\",\"@id\":\"https:\\\/\\\/secure.gravatar.com\\\/avatar\\\/37d968a2e67a6fd04c169c4bdef102d0bc5d31b2546345219e348575eb80e9a0?s=96&d=mm&r=g\",\"url\":\"https:\\\/\\\/secure.gravatar.com\\\/avatar\\\/37d968a2e67a6fd04c169c4bdef102d0bc5d31b2546345219e348575eb80e9a0?s=96&d=mm&r=g\",\"contentUrl\":\"https:\\\/\\\/secure.gravatar.com\\\/avatar\\\/37d968a2e67a6fd04c169c4bdef102d0bc5d31b2546345219e348575eb80e9a0?s=96&d=mm&r=g\",\"caption\":\"redazione\"},\"sameAs\":[\"http:\\\/\\\/www.bellunopress.it\",\"https:\\\/\\\/x.com\\\/bellunopress\"],\"url\":\"https:\\\/\\\/www.bellunopress.it\\\/fr\\\/author\\\/redazione\\\/\"}]}<\/script>\n<!-- \/ Yoast SEO plugin. -->","yoast_head_json":{"title":"Caliera Trophy 2009 di Apecar a Sedico pronto al via  - Bellunopress - Dolomiti","robots":{"index":"index","follow":"follow","max-snippet":"max-snippet:-1","max-image-preview":"max-image-preview:large","max-video-preview":"max-video-preview:-1"},"canonical":"https:\/\/www.bellunopress.it\/fr\/2009\/08\/20\/caliera-trophy-2009-di-apecar-a-sedico-pronto-al-via\/","og_locale":"fr_FR","og_type":"article","og_title":"Caliera Trophy 2009 di Apecar a Sedico pronto al via  - Bellunopress - Dolomiti","og_description":"Quasi tutto pronto nel &#8220;Principato de Roe Basse&#8221; (Sedico) per l\u2019edizione 2009 del Caliera Trophy. Sar\u00e0 questa la diciannovesima volta dello stravagante trofeo per le Apecar elaborate e modificate che sar\u00e0 disputato all\u2019&#8221;Apodromo Tazio Nuvolari&#8221;. Il percorso, tranne poche modifiche, ricalca quello dell\u2019anno scorso; un anello di 600 metri su pi\u00f9 livelli con curve e [&hellip;]","og_url":"https:\/\/www.bellunopress.it\/fr\/2009\/08\/20\/caliera-trophy-2009-di-apecar-a-sedico-pronto-al-via\/","og_site_name":"Bellunopress - Dolomiti","article_publisher":"https:\/\/www.facebook.com\/profile.php?id=100008943462799","article_published_time":"2009-08-20T14:17:51+00:00","og_image":[{"url":"http:\/\/www.bellunopress.it\/wp-content\/uploads\/2012\/07\/logo-bellunopress-250x250-2012.jpg","type":"","width":"","height":""}],"author":"redazione","twitter_card":"summary_large_image","twitter_creator":"@bellunopress","twitter_site":"@bellunopress","twitter_misc":{"\u00c9crit par":"redazione","Dur\u00e9e de lecture estim\u00e9e":"1 minute"},"schema":{"@context":"https:\/\/schema.org","@graph":[{"@type":"Article","@id":"https:\/\/www.bellunopress.it\/2009\/08\/20\/caliera-trophy-2009-di-apecar-a-sedico-pronto-al-via\/#article","isPartOf":{"@id":"https:\/\/www.bellunopress.it\/2009\/08\/20\/caliera-trophy-2009-di-apecar-a-sedico-pronto-al-via\/"},"author":{"name":"redazione","@id":"https:\/\/www.bellunopress.it\/#\/schema\/person\/79bb06722b37ece1c03d3e94beb30d73"},"headline":"Caliera Trophy 2009 di Apecar a Sedico pronto al via","datePublished":"2009-08-20T14:17:51+00:00","mainEntityOfPage":{"@id":"https:\/\/www.bellunopress.it\/2009\/08\/20\/caliera-trophy-2009-di-apecar-a-sedico-pronto-al-via\/"},"wordCount":208,"publisher":{"@id":"https:\/\/www.bellunopress.it\/#organization"},"articleSection":["Pausa Caff\u00e8","Sport, tempo libero"],"inLanguage":"fr-FR"},{"@type":"WebPage","@id":"https:\/\/www.bellunopress.it\/2009\/08\/20\/caliera-trophy-2009-di-apecar-a-sedico-pronto-al-via\/","url":"https:\/\/www.bellunopress.it\/2009\/08\/20\/caliera-trophy-2009-di-apecar-a-sedico-pronto-al-via\/","name":"Caliera Trophy 2009 di Apecar a Sedico pronto al via - Bellunopress - Dolomiti","isPartOf":{"@id":"https:\/\/www.bellunopress.it\/#website"},"datePublished":"2009-08-20T14:17:51+00:00","breadcrumb":{"@id":"https:\/\/www.bellunopress.it\/2009\/08\/20\/caliera-trophy-2009-di-apecar-a-sedico-pronto-al-via\/#breadcrumb"},"inLanguage":"fr-FR","potentialAction":[{"@type":"ReadAction","target":["https:\/\/www.bellunopress.it\/2009\/08\/20\/caliera-trophy-2009-di-apecar-a-sedico-pronto-al-via\/"]}]},{"@type":"BreadcrumbList","@id":"https:\/\/www.bellunopress.it\/2009\/08\/20\/caliera-trophy-2009-di-apecar-a-sedico-pronto-al-via\/#breadcrumb","itemListElement":[{"@type":"ListItem","position":1,"name":"Home","item":"https:\/\/www.bellunopress.it\/"},{"@type":"ListItem","position":2,"name":"Caliera Trophy 2009 di Apecar a Sedico pronto al via"}]},{"@type":"WebSite","@id":"https:\/\/www.bellunopress.it\/#website","url":"https:\/\/www.bellunopress.it\/","name":"Bellunopress - Dolomiti","description":"e-mail: redazione@bellunopress.it","publisher":{"@id":"https:\/\/www.bellunopress.it\/#organization"},"potentialAction":[{"@type":"SearchAction","target":{"@type":"EntryPoint","urlTemplate":"https:\/\/www.bellunopress.it\/?s={search_term_string}"},"query-input":{"@type":"PropertyValueSpecification","valueRequired":true,"valueName":"search_term_string"}}],"inLanguage":"fr-FR"},{"@type":"Organization","@id":"https:\/\/www.bellunopress.it\/#organization","name":"Bellunopress","url":"https:\/\/www.bellunopress.it\/","logo":{"@type":"ImageObject","inLanguage":"fr-FR","@id":"https:\/\/www.bellunopress.it\/#\/schema\/logo\/image\/","url":"https:\/\/www.bellunopress.it\/wp-content\/uploads\/2011\/05\/cropped-logo-bellunopress-.jpg","contentUrl":"https:\/\/www.bellunopress.it\/wp-content\/uploads\/2011\/05\/cropped-logo-bellunopress-.jpg","width":512,"height":512,"caption":"Bellunopress"},"image":{"@id":"https:\/\/www.bellunopress.it\/#\/schema\/logo\/image\/"},"sameAs":["https:\/\/www.facebook.com\/profile.php?id=100008943462799","https:\/\/x.com\/bellunopress","https:\/\/www.linkedin.com\/hp\/?dnr=JBzUWaJfMUw8vbXJJ2tVW5-I3jZKvC4wsoxE&amp;amp;amp;amp;amp;amp;trk=nav_responsive_tab_home","https:\/\/www.youtube.com\/channel\/UCxL0wu1uN0_3_7hGG0306cw"]},{"@type":"Person","@id":"https:\/\/www.bellunopress.it\/#\/schema\/person\/79bb06722b37ece1c03d3e94beb30d73","name":"r\u00e9daction","image":{"@type":"ImageObject","inLanguage":"fr-FR","@id":"https:\/\/secure.gravatar.com\/avatar\/37d968a2e67a6fd04c169c4bdef102d0bc5d31b2546345219e348575eb80e9a0?s=96&d=mm&r=g","url":"https:\/\/secure.gravatar.com\/avatar\/37d968a2e67a6fd04c169c4bdef102d0bc5d31b2546345219e348575eb80e9a0?s=96&d=mm&r=g","contentUrl":"https:\/\/secure.gravatar.com\/avatar\/37d968a2e67a6fd04c169c4bdef102d0bc5d31b2546345219e348575eb80e9a0?s=96&d=mm&r=g","caption":"redazione"},"sameAs":["http:\/\/www.bellunopress.it","https:\/\/x.com\/bellunopress"],"url":"https:\/\/www.bellunopress.it\/fr\/author\/redazione\/"}]}},"_links":{"self":[{"href":"https:\/\/www.bellunopress.it\/fr\/wp-json\/wp\/v2\/posts\/7179","targetHints":{"allow":["GET"]}}],"collection":[{"href":"https:\/\/www.bellunopress.it\/fr\/wp-json\/wp\/v2\/posts"}],"about":[{"href":"https:\/\/www.bellunopress.it\/fr\/wp-json\/wp\/v2\/types\/post"}],"author":[{"embeddable":true,"href":"https:\/\/www.bellunopress.it\/fr\/wp-json\/wp\/v2\/users\/2"}],"replies":[{"embeddable":true,"href":"https:\/\/www.bellunopress.it\/fr\/wp-json\/wp\/v2\/comments?post=7179"}],"version-history":[{"count":1,"href":"https:\/\/www.bellunopress.it\/fr\/wp-json\/wp\/v2\/posts\/7179\/revisions"}],"predecessor-version":[{"id":7180,"href":"https:\/\/www.bellunopress.it\/fr\/wp-json\/wp\/v2\/posts\/7179\/revisions\/7180"}],"wp:attachment":[{"href":"https:\/\/www.bellunopress.it\/fr\/wp-json\/wp\/v2\/media?parent=7179"}],"wp:term":[{"taxonomy":"category","embeddable":true,"href":"https:\/\/www.bellunopress.it\/fr\/wp-json\/wp\/v2\/categories?post=7179"},{"taxonomy":"post_tag","embeddable":true,"href":"https:\/\/www.bellunopress.it\/fr\/wp-json\/wp\/v2\/tags?post=7179"}],"curies":[{"name":"wp","href":"https:\/\/api.w.org\/{rel}","templated":true}]}}