{"id":7169,"date":"2009-08-20T14:29:25","date_gmt":"2009-08-20T13:29:25","guid":{"rendered":"http:\/\/www.bellunopress.it\/?p=7169"},"modified":"2009-08-20T14:30:38","modified_gmt":"2009-08-20T13:30:38","slug":"ciclabile-lunga-via-delle-dolomiti-funziona-il-servizio-bike%e2%80%99n-bus","status":"publish","type":"post","link":"https:\/\/www.bellunopress.it\/fr\/2009\/08\/20\/ciclabile-lunga-via-delle-dolomiti-funziona-il-servizio-bike%e2%80%99n-bus\/","title":{"rendered":"Ciclabile &#8220;Lunga Via delle Dolomiti&#8221;: funziona il servizio Bike\u2019n Bus"},"content":{"rendered":"<p><span style=\"font-size: medium; font-family: Garamond;\"><font style=\"font-size: medium;\" face=\"Garamond\" size=\"4\"><span style=\"font-size: medium; font-family: Garamond;\">Il servizio Biken Bus (autobus con carrello per il trasporto delle biciclette) istituito dalla Provincia di Belluno, partito il 26 giugno e attivo sino al 6 settembre, ha confermato il proprio successo. Infatti sono aumentati gli utenti che approfittando dellopportunit\u00e0 di un viaggio alternativo utilizzano il bus per percorrere la pista ciclabile Lunga Via delle Dolomiti.\u00a0<\/span><\/p>\n<p><\/font><\/span><span style=\"font-size: medium; font-family: Garamond;\">Il servizio garantisce il trasporto dellappassionato con la propria bicicletta dalla stazione di Calalzo sino a Cortina, Cimabanche e Misurina con quattro corse giornaliere. Lorario di partenza e di arrivo alla stazione FS di Calalzo \u00e8 in coincidenza con i treni. Come per le passate stagioni (ricordiamo che il servizio \u00e8 alla sua quinta edizione) le giornate di maggior frequentazione sono il sabato e la domenica. Questanno i viaggiatori trasportati (fino al 8 agosto) sono stati 987, e di questi 396 avevano al seguito la propria bici. Da segnalare che il viaggiatore pu\u00f2 noleggiare la bicicletta lungo il percorso e restituirla al punto di arrivo, senza doverla riportare indietro.<\/span><span style=\"font-size: medium; font-family: Garamond;\"> <\/span><span style=\"font-size: medium; font-family: Garamond;\">La ciclabile Lunga via delle Dolomiti \u00e8 definita dalla federazione Italiana Amici della Bicicletta (FIAB) una delle migliori dItalia per qualit\u00e0 delle infrastrutture, per il paesaggio e per laccessibilit\u00e0, in quanto pu\u00f2 essere percorsa da tutti.Queste qualit\u00e0 vengono anche dimostrate dallapprezzamento degli appassionati che dal giugno di questanno vengono contati da una sezione di rilevamento installata dallAmministrazione Provinciale a San Vito di Cadore.<\/span><span style=\"font-size: medium; font-family: Garamond;\"> <\/span><span style=\"font-size: medium; font-family: Garamond;\">Nel periodo dal 4 giugno al 17 agosto sono transitati 12.597 ciclisti (una media di 170 al giorno), di cui 3066 nel mese di giugno, 4960 nel mese di luglio e 4571 nella prima met\u00e0 di agosto. Il maggior numero di ciclisti transita dalle 9:00 alle 12:00 del mattino (38% dei passaggi giornalieri); segue quindi una punta dalle 15:00 alle 18:00 in cui transita il 31%. I giorni pi\u00f9 frequentati sono stati il 26 giugno con un record di 567 passaggi, il periodo dal 22 al 26 luglio con circa 300 transiti giornalieri per un totale di 1.500 utenti, ed il week end di ferragosto con circa 400 passaggi giornalieri.Per usufruire del servizio Biken Bus \u00e8 opportuno prenotare ai numeri 0437 217226 e 217227 dal luned\u00ec al venerd\u00ec dalle 7.00 alle 18.00 e il sabato dalle 7.00 alle 13.00.<\/span><\/p>","protected":false},"excerpt":{"rendered":"<p>Il servizio Biken Bus (autobus con carrello per il trasporto delle biciclette) istituito dalla Provincia di Belluno, partito il 26 giugno e attivo sino al 6 settembre, ha confermato il proprio successo. Infatti sono aumentati gli utenti che approfittando dellopportunit\u00e0 di un viaggio alternativo utilizzano il bus per percorrere la pista ciclabile Lunga Via delle [&hellip;]<\/p>\n","protected":false},"author":2,"featured_media":0,"comment_status":"closed","ping_status":"open","sticky":false,"template":"","format":"standard","meta":{"footnotes":""},"categories":[25,8,4],"tags":[139,151,63],"class_list":["post-7169","post","type-post","status-publish","format-standard","category-pausa-caffe","category-societa-istituzioni","category-sport","tag-belluno","tag-cadore","tag-dolomiti"],"yoast_head":"<!-- This site is optimized with the Yoast SEO plugin v28.4 - https:\/\/yoast.com\/product\/yoast-seo-wordpress\/ -->\n<title>Ciclabile &quot;Lunga Via delle Dolomiti&quot;: funziona il servizio Bike\u2019n Bus - Bellunopress - Dolomiti<\/title>\n<meta name=\"robots\" content=\"index, follow, max-snippet:-1, max-image-preview:large, max-video-preview:-1\" \/>\n<link rel=\"canonical\" href=\"https:\/\/www.bellunopress.it\/fr\/2009\/08\/20\/ciclabile-lunga-via-delle-dolomiti-funziona-il-servizio-bike\u2019n-bus\/\" \/>\n<meta property=\"og:locale\" content=\"fr_FR\" \/>\n<meta property=\"og:type\" content=\"article\" \/>\n<meta property=\"og:title\" content=\"Ciclabile &quot;Lunga Via delle Dolomiti&quot;: funziona il servizio Bike\u2019n Bus - Bellunopress - Dolomiti\" \/>\n<meta property=\"og:description\" content=\"Il servizio Biken Bus (autobus con carrello per il trasporto delle biciclette) istituito dalla Provincia di Belluno, partito il 26 giugno e attivo sino al 6 settembre, ha confermato il proprio successo. Infatti sono aumentati gli utenti che approfittando dellopportunit\u00e0 di un viaggio alternativo utilizzano il bus per percorrere la pista ciclabile Lunga Via delle [&hellip;]\" \/>\n<meta property=\"og:url\" content=\"https:\/\/www.bellunopress.it\/fr\/2009\/08\/20\/ciclabile-lunga-via-delle-dolomiti-funziona-il-servizio-bike\u2019n-bus\/\" \/>\n<meta property=\"og:site_name\" content=\"Bellunopress - Dolomiti\" \/>\n<meta property=\"article:publisher\" content=\"https:\/\/www.facebook.com\/profile.php?id=100008943462799\" \/>\n<meta property=\"article:published_time\" content=\"2009-08-20T13:29:25+00:00\" \/>\n<meta property=\"article:modified_time\" content=\"2009-08-20T13:30:38+00:00\" \/>\n<meta property=\"og:image\" content=\"http:\/\/www.bellunopress.it\/wp-content\/uploads\/2012\/07\/logo-bellunopress-250x250-2012.jpg\" \/>\n<meta name=\"author\" content=\"redazione\" \/>\n<meta name=\"twitter:card\" content=\"summary_large_image\" \/>\n<meta name=\"twitter:creator\" content=\"@bellunopress\" \/>\n<meta name=\"twitter:site\" content=\"@bellunopress\" \/>\n<meta name=\"twitter:label1\" content=\"\u00c9crit par\" \/>\n\t<meta name=\"twitter:data1\" content=\"redazione\" \/>\n\t<meta name=\"twitter:label2\" content=\"Dur\u00e9e de lecture estim\u00e9e\" \/>\n\t<meta name=\"twitter:data2\" content=\"2 minutes\" \/>\n<script type=\"application\/ld+json\" class=\"yoast-schema-graph\">{\"@context\":\"https:\\\/\\\/schema.org\",\"@graph\":[{\"@type\":\"Article\",\"@id\":\"https:\\\/\\\/www.bellunopress.it\\\/2009\\\/08\\\/20\\\/ciclabile-lunga-via-delle-dolomiti-funziona-il-servizio-bike%e2%80%99n-bus\\\/#article\",\"isPartOf\":{\"@id\":\"https:\\\/\\\/www.bellunopress.it\\\/2009\\\/08\\\/20\\\/ciclabile-lunga-via-delle-dolomiti-funziona-il-servizio-bike%e2%80%99n-bus\\\/\"},\"author\":{\"name\":\"redazione\",\"@id\":\"https:\\\/\\\/www.bellunopress.it\\\/#\\\/schema\\\/person\\\/79bb06722b37ece1c03d3e94beb30d73\"},\"headline\":\"Ciclabile &#8220;Lunga Via delle Dolomiti&#8221;: funziona il servizio Bike\u2019n Bus\",\"datePublished\":\"2009-08-20T13:29:25+00:00\",\"dateModified\":\"2009-08-20T13:30:38+00:00\",\"mainEntityOfPage\":{\"@id\":\"https:\\\/\\\/www.bellunopress.it\\\/2009\\\/08\\\/20\\\/ciclabile-lunga-via-delle-dolomiti-funziona-il-servizio-bike%e2%80%99n-bus\\\/\"},\"wordCount\":344,\"publisher\":{\"@id\":\"https:\\\/\\\/www.bellunopress.it\\\/#organization\"},\"keywords\":[\"Belluno\",\"Cadore\",\"Dolomiti\"],\"articleSection\":[\"Pausa Caff\u00e8\",\"Societ\u00e0, Associazioni, Istituzioni\",\"Sport, tempo libero\"],\"inLanguage\":\"fr-FR\"},{\"@type\":\"WebPage\",\"@id\":\"https:\\\/\\\/www.bellunopress.it\\\/2009\\\/08\\\/20\\\/ciclabile-lunga-via-delle-dolomiti-funziona-il-servizio-bike%e2%80%99n-bus\\\/\",\"url\":\"https:\\\/\\\/www.bellunopress.it\\\/2009\\\/08\\\/20\\\/ciclabile-lunga-via-delle-dolomiti-funziona-il-servizio-bike%e2%80%99n-bus\\\/\",\"name\":\"Ciclabile \\\"Lunga Via delle Dolomiti\\\": funziona il servizio Bike\u2019n Bus - Bellunopress - Dolomiti\",\"isPartOf\":{\"@id\":\"https:\\\/\\\/www.bellunopress.it\\\/#website\"},\"datePublished\":\"2009-08-20T13:29:25+00:00\",\"dateModified\":\"2009-08-20T13:30:38+00:00\",\"breadcrumb\":{\"@id\":\"https:\\\/\\\/www.bellunopress.it\\\/2009\\\/08\\\/20\\\/ciclabile-lunga-via-delle-dolomiti-funziona-il-servizio-bike%e2%80%99n-bus\\\/#breadcrumb\"},\"inLanguage\":\"fr-FR\",\"potentialAction\":[{\"@type\":\"ReadAction\",\"target\":[\"https:\\\/\\\/www.bellunopress.it\\\/2009\\\/08\\\/20\\\/ciclabile-lunga-via-delle-dolomiti-funziona-il-servizio-bike%e2%80%99n-bus\\\/\"]}]},{\"@type\":\"BreadcrumbList\",\"@id\":\"https:\\\/\\\/www.bellunopress.it\\\/2009\\\/08\\\/20\\\/ciclabile-lunga-via-delle-dolomiti-funziona-il-servizio-bike%e2%80%99n-bus\\\/#breadcrumb\",\"itemListElement\":[{\"@type\":\"ListItem\",\"position\":1,\"name\":\"Home\",\"item\":\"https:\\\/\\\/www.bellunopress.it\\\/\"},{\"@type\":\"ListItem\",\"position\":2,\"name\":\"Ciclabile &#8220;Lunga Via delle Dolomiti&#8221;: funziona il servizio Bike\u2019n Bus\"}]},{\"@type\":\"WebSite\",\"@id\":\"https:\\\/\\\/www.bellunopress.it\\\/#website\",\"url\":\"https:\\\/\\\/www.bellunopress.it\\\/\",\"name\":\"Bellunopress - Dolomiti\",\"description\":\"e-mail: redazione@bellunopress.it\",\"publisher\":{\"@id\":\"https:\\\/\\\/www.bellunopress.it\\\/#organization\"},\"potentialAction\":[{\"@type\":\"SearchAction\",\"target\":{\"@type\":\"EntryPoint\",\"urlTemplate\":\"https:\\\/\\\/www.bellunopress.it\\\/?s={search_term_string}\"},\"query-input\":{\"@type\":\"PropertyValueSpecification\",\"valueRequired\":true,\"valueName\":\"search_term_string\"}}],\"inLanguage\":\"fr-FR\"},{\"@type\":\"Organization\",\"@id\":\"https:\\\/\\\/www.bellunopress.it\\\/#organization\",\"name\":\"Bellunopress\",\"url\":\"https:\\\/\\\/www.bellunopress.it\\\/\",\"logo\":{\"@type\":\"ImageObject\",\"inLanguage\":\"fr-FR\",\"@id\":\"https:\\\/\\\/www.bellunopress.it\\\/#\\\/schema\\\/logo\\\/image\\\/\",\"url\":\"https:\\\/\\\/www.bellunopress.it\\\/wp-content\\\/uploads\\\/2011\\\/05\\\/cropped-logo-bellunopress-.jpg\",\"contentUrl\":\"https:\\\/\\\/www.bellunopress.it\\\/wp-content\\\/uploads\\\/2011\\\/05\\\/cropped-logo-bellunopress-.jpg\",\"width\":512,\"height\":512,\"caption\":\"Bellunopress\"},\"image\":{\"@id\":\"https:\\\/\\\/www.bellunopress.it\\\/#\\\/schema\\\/logo\\\/image\\\/\"},\"sameAs\":[\"https:\\\/\\\/www.facebook.com\\\/profile.php?id=100008943462799\",\"https:\\\/\\\/x.com\\\/bellunopress\",\"https:\\\/\\\/www.linkedin.com\\\/hp\\\/?dnr=JBzUWaJfMUw8vbXJJ2tVW5-I3jZKvC4wsoxE&amp;amp;amp;amp;amp;amp;trk=nav_responsive_tab_home\",\"https:\\\/\\\/www.youtube.com\\\/channel\\\/UCxL0wu1uN0_3_7hGG0306cw\"]},{\"@type\":\"Person\",\"@id\":\"https:\\\/\\\/www.bellunopress.it\\\/#\\\/schema\\\/person\\\/79bb06722b37ece1c03d3e94beb30d73\",\"name\":\"redazione\",\"image\":{\"@type\":\"ImageObject\",\"inLanguage\":\"fr-FR\",\"@id\":\"https:\\\/\\\/secure.gravatar.com\\\/avatar\\\/37d968a2e67a6fd04c169c4bdef102d0bc5d31b2546345219e348575eb80e9a0?s=96&d=mm&r=g\",\"url\":\"https:\\\/\\\/secure.gravatar.com\\\/avatar\\\/37d968a2e67a6fd04c169c4bdef102d0bc5d31b2546345219e348575eb80e9a0?s=96&d=mm&r=g\",\"contentUrl\":\"https:\\\/\\\/secure.gravatar.com\\\/avatar\\\/37d968a2e67a6fd04c169c4bdef102d0bc5d31b2546345219e348575eb80e9a0?s=96&d=mm&r=g\",\"caption\":\"redazione\"},\"sameAs\":[\"http:\\\/\\\/www.bellunopress.it\",\"https:\\\/\\\/x.com\\\/bellunopress\"],\"url\":\"https:\\\/\\\/www.bellunopress.it\\\/fr\\\/author\\\/redazione\\\/\"}]}<\/script>\n<!-- \/ Yoast SEO plugin. -->","yoast_head_json":{"title":"Ciclabile \"Lunga Via delle Dolomiti\": funziona il servizio Bike\u2019n Bus - Bellunopress - Dolomiti","robots":{"index":"index","follow":"follow","max-snippet":"max-snippet:-1","max-image-preview":"max-image-preview:large","max-video-preview":"max-video-preview:-1"},"canonical":"https:\/\/www.bellunopress.it\/fr\/2009\/08\/20\/ciclabile-lunga-via-delle-dolomiti-funziona-il-servizio-bike\u2019n-bus\/","og_locale":"fr_FR","og_type":"article","og_title":"Ciclabile \"Lunga Via delle Dolomiti\": funziona il servizio Bike\u2019n Bus - Bellunopress - Dolomiti","og_description":"Il servizio Biken Bus (autobus con carrello per il trasporto delle biciclette) istituito dalla Provincia di Belluno, partito il 26 giugno e attivo sino al 6 settembre, ha confermato il proprio successo. Infatti sono aumentati gli utenti che approfittando dellopportunit\u00e0 di un viaggio alternativo utilizzano il bus per percorrere la pista ciclabile Lunga Via delle [&hellip;]","og_url":"https:\/\/www.bellunopress.it\/fr\/2009\/08\/20\/ciclabile-lunga-via-delle-dolomiti-funziona-il-servizio-bike\u2019n-bus\/","og_site_name":"Bellunopress - Dolomiti","article_publisher":"https:\/\/www.facebook.com\/profile.php?id=100008943462799","article_published_time":"2009-08-20T13:29:25+00:00","article_modified_time":"2009-08-20T13:30:38+00:00","og_image":[{"url":"http:\/\/www.bellunopress.it\/wp-content\/uploads\/2012\/07\/logo-bellunopress-250x250-2012.jpg","type":"","width":"","height":""}],"author":"redazione","twitter_card":"summary_large_image","twitter_creator":"@bellunopress","twitter_site":"@bellunopress","twitter_misc":{"\u00c9crit par":"redazione","Dur\u00e9e de lecture estim\u00e9e":"2 minutes"},"schema":{"@context":"https:\/\/schema.org","@graph":[{"@type":"Article","@id":"https:\/\/www.bellunopress.it\/2009\/08\/20\/ciclabile-lunga-via-delle-dolomiti-funziona-il-servizio-bike%e2%80%99n-bus\/#article","isPartOf":{"@id":"https:\/\/www.bellunopress.it\/2009\/08\/20\/ciclabile-lunga-via-delle-dolomiti-funziona-il-servizio-bike%e2%80%99n-bus\/"},"author":{"name":"redazione","@id":"https:\/\/www.bellunopress.it\/#\/schema\/person\/79bb06722b37ece1c03d3e94beb30d73"},"headline":"Ciclabile &#8220;Lunga Via delle Dolomiti&#8221;: funziona il servizio Bike\u2019n Bus","datePublished":"2009-08-20T13:29:25+00:00","dateModified":"2009-08-20T13:30:38+00:00","mainEntityOfPage":{"@id":"https:\/\/www.bellunopress.it\/2009\/08\/20\/ciclabile-lunga-via-delle-dolomiti-funziona-il-servizio-bike%e2%80%99n-bus\/"},"wordCount":344,"publisher":{"@id":"https:\/\/www.bellunopress.it\/#organization"},"keywords":["Belluno","Cadore","Dolomiti"],"articleSection":["Pausa Caff\u00e8","Societ\u00e0, Associazioni, Istituzioni","Sport, tempo libero"],"inLanguage":"fr-FR"},{"@type":"WebPage","@id":"https:\/\/www.bellunopress.it\/2009\/08\/20\/ciclabile-lunga-via-delle-dolomiti-funziona-il-servizio-bike%e2%80%99n-bus\/","url":"https:\/\/www.bellunopress.it\/2009\/08\/20\/ciclabile-lunga-via-delle-dolomiti-funziona-il-servizio-bike%e2%80%99n-bus\/","name":"Ciclabile \"Lunga Via delle Dolomiti\": funziona il servizio Bike\u2019n Bus - Bellunopress - Dolomiti","isPartOf":{"@id":"https:\/\/www.bellunopress.it\/#website"},"datePublished":"2009-08-20T13:29:25+00:00","dateModified":"2009-08-20T13:30:38+00:00","breadcrumb":{"@id":"https:\/\/www.bellunopress.it\/2009\/08\/20\/ciclabile-lunga-via-delle-dolomiti-funziona-il-servizio-bike%e2%80%99n-bus\/#breadcrumb"},"inLanguage":"fr-FR","potentialAction":[{"@type":"ReadAction","target":["https:\/\/www.bellunopress.it\/2009\/08\/20\/ciclabile-lunga-via-delle-dolomiti-funziona-il-servizio-bike%e2%80%99n-bus\/"]}]},{"@type":"BreadcrumbList","@id":"https:\/\/www.bellunopress.it\/2009\/08\/20\/ciclabile-lunga-via-delle-dolomiti-funziona-il-servizio-bike%e2%80%99n-bus\/#breadcrumb","itemListElement":[{"@type":"ListItem","position":1,"name":"Home","item":"https:\/\/www.bellunopress.it\/"},{"@type":"ListItem","position":2,"name":"Ciclabile &#8220;Lunga Via delle Dolomiti&#8221;: funziona il servizio Bike\u2019n Bus"}]},{"@type":"WebSite","@id":"https:\/\/www.bellunopress.it\/#website","url":"https:\/\/www.bellunopress.it\/","name":"Bellunopress - Dolomiti","description":"e-mail: redazione@bellunopress.it","publisher":{"@id":"https:\/\/www.bellunopress.it\/#organization"},"potentialAction":[{"@type":"SearchAction","target":{"@type":"EntryPoint","urlTemplate":"https:\/\/www.bellunopress.it\/?s={search_term_string}"},"query-input":{"@type":"PropertyValueSpecification","valueRequired":true,"valueName":"search_term_string"}}],"inLanguage":"fr-FR"},{"@type":"Organization","@id":"https:\/\/www.bellunopress.it\/#organization","name":"Bellunopress","url":"https:\/\/www.bellunopress.it\/","logo":{"@type":"ImageObject","inLanguage":"fr-FR","@id":"https:\/\/www.bellunopress.it\/#\/schema\/logo\/image\/","url":"https:\/\/www.bellunopress.it\/wp-content\/uploads\/2011\/05\/cropped-logo-bellunopress-.jpg","contentUrl":"https:\/\/www.bellunopress.it\/wp-content\/uploads\/2011\/05\/cropped-logo-bellunopress-.jpg","width":512,"height":512,"caption":"Bellunopress"},"image":{"@id":"https:\/\/www.bellunopress.it\/#\/schema\/logo\/image\/"},"sameAs":["https:\/\/www.facebook.com\/profile.php?id=100008943462799","https:\/\/x.com\/bellunopress","https:\/\/www.linkedin.com\/hp\/?dnr=JBzUWaJfMUw8vbXJJ2tVW5-I3jZKvC4wsoxE&amp;amp;amp;amp;amp;amp;trk=nav_responsive_tab_home","https:\/\/www.youtube.com\/channel\/UCxL0wu1uN0_3_7hGG0306cw"]},{"@type":"Person","@id":"https:\/\/www.bellunopress.it\/#\/schema\/person\/79bb06722b37ece1c03d3e94beb30d73","name":"r\u00e9daction","image":{"@type":"ImageObject","inLanguage":"fr-FR","@id":"https:\/\/secure.gravatar.com\/avatar\/37d968a2e67a6fd04c169c4bdef102d0bc5d31b2546345219e348575eb80e9a0?s=96&d=mm&r=g","url":"https:\/\/secure.gravatar.com\/avatar\/37d968a2e67a6fd04c169c4bdef102d0bc5d31b2546345219e348575eb80e9a0?s=96&d=mm&r=g","contentUrl":"https:\/\/secure.gravatar.com\/avatar\/37d968a2e67a6fd04c169c4bdef102d0bc5d31b2546345219e348575eb80e9a0?s=96&d=mm&r=g","caption":"redazione"},"sameAs":["http:\/\/www.bellunopress.it","https:\/\/x.com\/bellunopress"],"url":"https:\/\/www.bellunopress.it\/fr\/author\/redazione\/"}]}},"_links":{"self":[{"href":"https:\/\/www.bellunopress.it\/fr\/wp-json\/wp\/v2\/posts\/7169","targetHints":{"allow":["GET"]}}],"collection":[{"href":"https:\/\/www.bellunopress.it\/fr\/wp-json\/wp\/v2\/posts"}],"about":[{"href":"https:\/\/www.bellunopress.it\/fr\/wp-json\/wp\/v2\/types\/post"}],"author":[{"embeddable":true,"href":"https:\/\/www.bellunopress.it\/fr\/wp-json\/wp\/v2\/users\/2"}],"replies":[{"embeddable":true,"href":"https:\/\/www.bellunopress.it\/fr\/wp-json\/wp\/v2\/comments?post=7169"}],"version-history":[{"count":2,"href":"https:\/\/www.bellunopress.it\/fr\/wp-json\/wp\/v2\/posts\/7169\/revisions"}],"predecessor-version":[{"id":7171,"href":"https:\/\/www.bellunopress.it\/fr\/wp-json\/wp\/v2\/posts\/7169\/revisions\/7171"}],"wp:attachment":[{"href":"https:\/\/www.bellunopress.it\/fr\/wp-json\/wp\/v2\/media?parent=7169"}],"wp:term":[{"taxonomy":"category","embeddable":true,"href":"https:\/\/www.bellunopress.it\/fr\/wp-json\/wp\/v2\/categories?post=7169"},{"taxonomy":"post_tag","embeddable":true,"href":"https:\/\/www.bellunopress.it\/fr\/wp-json\/wp\/v2\/tags?post=7169"}],"curies":[{"name":"wp","href":"https:\/\/api.w.org\/{rel}","templated":true}]}}