{"id":7153,"date":"2009-08-20T00:46:47","date_gmt":"2009-08-19T23:46:47","guid":{"rendered":"http:\/\/www.bellunopress.it\/?p=7153"},"modified":"2009-08-20T06:56:13","modified_gmt":"2009-08-20T05:56:13","slug":"enrico-vaime-al-miramonti-per-presentare-il-suo-ultimo-libro-anche-a-costo-di-mentire","status":"publish","type":"post","link":"https:\/\/www.bellunopress.it\/fr\/2009\/08\/20\/enrico-vaime-al-miramonti-per-presentare-il-suo-ultimo-libro-anche-a-costo-di-mentire\/","title":{"rendered":"Enrico Vaime al Miramonti per presentare il suo ultimo libro &#8220;Anche a costo di mentire&#8221;"},"content":{"rendered":"<div>\n<figure id=\"attachment_7154\" aria-describedby=\"caption-attachment-7154\" style=\"width: 270px\" class=\"wp-caption alignleft\"><a href=\"http:\/\/www.bellunopress.it\/wp-content\/uploads\/2009\/08\/enrico-vaime-e-jole-cisnetto.jpg\"><img loading=\"lazy\" decoding=\"async\" class=\"size-medium wp-image-7154\" title=\"enrico-vaime-e-jole-cisnetto\" src=\"http:\/\/www.bellunopress.it\/wp-content\/uploads\/2009\/08\/enrico-vaime-e-jole-cisnetto.jpg\" alt=\"Enrico Vaime e Jole Cisnetto\" width=\"270\" height=\"180\" \/><\/a><figcaption id=\"caption-attachment-7154\" class=\"wp-caption-text\">Enrico Vaime e Jole Cisnetto<\/figcaption><\/figure>\n<p>\u00abBisogna perdonare chi si lascia andare al biografismo\u00bb ha esordito con autoironia Enrico Vaime mercoled\u00ec sera (19 agosto)\u00a0all&#8217;Hotel Miramonti di Cortina d&#8217;Ampezzo nel presentare l&#8217;ultimo suo libro dal titolo \u201cAnche a costo di mentire\u201d. Una collana di ricordi pensati \u201cmentre si va in macchina\u201d come il celebre autore televisivo in Rai dal 1960, oltre che scrittore e conduttore radiofonico dal 1980 del programma Black Out, ha definito. A condurre l&#8217;incontro, inserito nel ricco programma di CortinaInConTra, c&#8217;era Jole Cisnetto, presidente dell&#8217;Associazione \u201cAmici di Cortina\u201d. \u00abFacciamo parte di una generazione che non ha fatto nulla, non ha combattuto la guerra e quello che abbiamo avuto ce lo siamo trovato e non l&#8217;abbiamo conquistato &#8211; ha detto Vaime, che \u00e8 nato nel 1936 a Perugia &#8211; siamo stati solo dei testimoni, peraltro attenti, dei fatti. Ci siamo inseriti da clandestini nel mondo del lavoro. E tutto questo ci ha procurato delle frustrazioni. Ma io credo che raccontare i nostri errori sia utile per trarre delle conclusioni\u00bb. I ricordi di tutti i suoi anni in Rai riaffiorano, in un&#8217;esposizione sobria, senza alcun eccesso spettacolare come siamo oramai abituati a vedere sui palcoscenici con protagonisti pi\u00f9 o meno famosi. Vaime racconta gli aneddoti con Flaiano, Zavattini, Bianciardi, Marchesi. Di quella Milano degli anni &#8217;60, quando alle sette di sera i milanesi si affrettavano ad andare a casa per la cena di stelline in brodo. Mentre lui passeggiava insieme a Bianciardi in ciabatte \u00ablo chiamavano il professore, perch\u00e9 avevano capito che era un tipo un po&#8217; strano\u00bb. In piazza Gramsci vedono un uomo disteso a terra che faceva la parte del morto per una scenografia. Allora Bianciardi, rivolgendosi a un signore di fretta (per il brodino) dice: \u201cForse respira ancora\u201d. E l&#8217;altro: \u201cfrega un casso\u201d! Insomma, questa era l&#8217;aria che tirava nella Milano che non era ancora \u201cda bere\u201d. Oppure quel Ferragosto del 1964 al Quartiere Montesacro di Roma dove abitava Flaiano, quando in giardino iniziano a battere a macchina e un gruppo di ragazzi piuttosto brutti e macilenti si avvicinano alla recinzione, li guardano, e poi dicono: \u201cah froci!!!\u201d e Flaiano: \u201cCredevo peggio\u201d. Qualche leggera frecciata Vaime la riserva alla politica. \u00abChe la politica italiana si sia sempre rivolta allo spiritismo &#8211; dice Vaime ricordando l&#8217;episodio del medium nel caso Moro &#8211;\u00a0 ne abbiamo la riprova oggi. Solo che abbiamo sbagliato chiromante&#8230;\u00bb. E ancora: \u00abla situazione culturale italiana \u00e8 drammatica, e nessuno pu\u00f2 fare niente. Il dialetto nelle scuole cosa pu\u00f2 portare in pi\u00f9?\u00bb Non c&#8217;\u00e8 dubbio che per un professionista come Vaime, che era entrato in Rai con un concorso pubblico (poi non ne fecero pi\u00f9&#8230;) dove agli orali chiedevano Svevo e agli scritti Eug\u00e8ne Ionesco. E nell&#8217;ultimo colloquio incontr\u00f2 Ungaretti, Bertolucci, Moravia e Pasolini, i criteri di oggi per arrivare in Tv devono far riflettere assai.<\/p>\n<figure id=\"attachment_7159\" aria-describedby=\"caption-attachment-7159\" style=\"width: 270px\" class=\"wp-caption alignleft\"><a href=\"http:\/\/www.bellunopress.it\/wp-content\/uploads\/2009\/08\/enrico-vaime.jpg\"><img loading=\"lazy\" decoding=\"async\" class=\"size-medium wp-image-7159\" title=\"enrico-vaime\" src=\"http:\/\/www.bellunopress.it\/wp-content\/uploads\/2009\/08\/enrico-vaime.jpg\" alt=\"Enrico Vaime\" width=\"270\" height=\"270\" \/><\/a><figcaption id=\"caption-attachment-7159\" class=\"wp-caption-text\">Enrico Vaime<\/figcaption><\/figure>\n<p>Ma questo Enrico Vaime, da signore qual \u00e8, non l&#8217;ha detto.<\/p><\/div>\n<dl><\/dl>\n<p>\u00a0<\/p>\n<dl><\/dl>","protected":false},"excerpt":{"rendered":"<p>\u00abBisogna perdonare chi si lascia andare al biografismo\u00bb ha esordito con autoironia Enrico Vaime mercoled\u00ec sera (19 agosto)\u00a0all&#8217;Hotel Miramonti di Cortina d&#8217;Ampezzo nel presentare l&#8217;ultimo suo libro dal titolo \u201cAnche a costo di mentire\u201d. Una collana di ricordi pensati \u201cmentre si va in macchina\u201d come il celebre autore televisivo in Rai dal 1960, oltre che [&hellip;]<\/p>\n","protected":false},"author":2,"featured_media":0,"comment_status":"closed","ping_status":"open","sticky":false,"template":"","format":"standard","meta":{"footnotes":""},"categories":[3],"tags":[139],"class_list":["post-7153","post","type-post","status-publish","format-standard","category-arte-cultura-spettacoli-scienza-archivi","tag-belluno"],"yoast_head":"<!-- This site is optimized with the Yoast SEO plugin v28.4 - https:\/\/yoast.com\/product\/yoast-seo-wordpress\/ -->\n<title>Enrico Vaime al Miramonti per presentare il suo ultimo libro &quot;Anche a costo di mentire&quot; - Bellunopress - Dolomiti<\/title>\n<meta name=\"robots\" content=\"index, follow, max-snippet:-1, max-image-preview:large, max-video-preview:-1\" \/>\n<link rel=\"canonical\" href=\"https:\/\/www.bellunopress.it\/fr\/2009\/08\/20\/enrico-vaime-al-miramonti-per-presentare-il-suo-ultimo-libro-anche-a-costo-di-mentire\/\" \/>\n<meta property=\"og:locale\" content=\"fr_FR\" \/>\n<meta property=\"og:type\" content=\"article\" \/>\n<meta property=\"og:title\" content=\"Enrico Vaime al Miramonti per presentare il suo ultimo libro &quot;Anche a costo di mentire&quot; - Bellunopress - Dolomiti\" \/>\n<meta property=\"og:description\" content=\"\u00abBisogna perdonare chi si lascia andare al biografismo\u00bb ha esordito con autoironia Enrico Vaime mercoled\u00ec sera (19 agosto)\u00a0all&#8217;Hotel Miramonti di Cortina d&#8217;Ampezzo nel presentare l&#8217;ultimo suo libro dal titolo \u201cAnche a costo di mentire\u201d. Una collana di ricordi pensati \u201cmentre si va in macchina\u201d come il celebre autore televisivo in Rai dal 1960, oltre che [&hellip;]\" \/>\n<meta property=\"og:url\" content=\"https:\/\/www.bellunopress.it\/fr\/2009\/08\/20\/enrico-vaime-al-miramonti-per-presentare-il-suo-ultimo-libro-anche-a-costo-di-mentire\/\" \/>\n<meta property=\"og:site_name\" content=\"Bellunopress - Dolomiti\" \/>\n<meta property=\"article:publisher\" content=\"https:\/\/www.facebook.com\/profile.php?id=100008943462799\" \/>\n<meta property=\"article:published_time\" content=\"2009-08-19T23:46:47+00:00\" \/>\n<meta property=\"article:modified_time\" content=\"2009-08-20T05:56:13+00:00\" \/>\n<meta property=\"og:image\" content=\"http:\/\/www.bellunopress.it\/wp-content\/uploads\/2009\/08\/enrico-vaime-e-jole-cisnetto.jpg\" \/>\n<meta name=\"author\" content=\"redazione\" \/>\n<meta name=\"twitter:card\" content=\"summary_large_image\" \/>\n<meta name=\"twitter:creator\" content=\"@bellunopress\" \/>\n<meta name=\"twitter:site\" content=\"@bellunopress\" \/>\n<meta name=\"twitter:label1\" content=\"Written by\" \/>\n\t<meta name=\"twitter:data1\" content=\"redazione\" \/>\n\t<meta name=\"twitter:label2\" content=\"Est. reading time\" \/>\n\t<meta name=\"twitter:data2\" content=\"2 minutes\" \/>\n<script type=\"application\/ld+json\" class=\"yoast-schema-graph\">{\"@context\":\"https:\\\/\\\/schema.org\",\"@graph\":[{\"@type\":\"Article\",\"@id\":\"https:\\\/\\\/www.bellunopress.it\\\/2009\\\/08\\\/20\\\/enrico-vaime-al-miramonti-per-presentare-il-suo-ultimo-libro-anche-a-costo-di-mentire\\\/#article\",\"isPartOf\":{\"@id\":\"https:\\\/\\\/www.bellunopress.it\\\/2009\\\/08\\\/20\\\/enrico-vaime-al-miramonti-per-presentare-il-suo-ultimo-libro-anche-a-costo-di-mentire\\\/\"},\"author\":{\"name\":\"redazione\",\"@id\":\"https:\\\/\\\/www.bellunopress.it\\\/#\\\/schema\\\/person\\\/79bb06722b37ece1c03d3e94beb30d73\"},\"headline\":\"Enrico Vaime al Miramonti per presentare il suo ultimo libro &#8220;Anche a costo di mentire&#8221;\",\"datePublished\":\"2009-08-19T23:46:47+00:00\",\"dateModified\":\"2009-08-20T05:56:13+00:00\",\"mainEntityOfPage\":{\"@id\":\"https:\\\/\\\/www.bellunopress.it\\\/2009\\\/08\\\/20\\\/enrico-vaime-al-miramonti-per-presentare-il-suo-ultimo-libro-anche-a-costo-di-mentire\\\/\"},\"wordCount\":519,\"publisher\":{\"@id\":\"https:\\\/\\\/www.bellunopress.it\\\/#organization\"},\"image\":{\"@id\":\"https:\\\/\\\/www.bellunopress.it\\\/2009\\\/08\\\/20\\\/enrico-vaime-al-miramonti-per-presentare-il-suo-ultimo-libro-anche-a-costo-di-mentire\\\/#primaryimage\"},\"thumbnailUrl\":\"http:\\\/\\\/www.bellunopress.it\\\/wp-content\\\/uploads\\\/2009\\\/08\\\/enrico-vaime-e-jole-cisnetto.jpg\",\"keywords\":[\"Belluno\"],\"articleSection\":[\"Arte, Cultura, Spettacoli, Scienza\"],\"inLanguage\":\"fr-FR\"},{\"@type\":\"WebPage\",\"@id\":\"https:\\\/\\\/www.bellunopress.it\\\/2009\\\/08\\\/20\\\/enrico-vaime-al-miramonti-per-presentare-il-suo-ultimo-libro-anche-a-costo-di-mentire\\\/\",\"url\":\"https:\\\/\\\/www.bellunopress.it\\\/2009\\\/08\\\/20\\\/enrico-vaime-al-miramonti-per-presentare-il-suo-ultimo-libro-anche-a-costo-di-mentire\\\/\",\"name\":\"Enrico Vaime al Miramonti per presentare il suo ultimo libro \\\"Anche a costo di mentire\\\" - Bellunopress - Dolomiti\",\"isPartOf\":{\"@id\":\"https:\\\/\\\/www.bellunopress.it\\\/#website\"},\"primaryImageOfPage\":{\"@id\":\"https:\\\/\\\/www.bellunopress.it\\\/2009\\\/08\\\/20\\\/enrico-vaime-al-miramonti-per-presentare-il-suo-ultimo-libro-anche-a-costo-di-mentire\\\/#primaryimage\"},\"image\":{\"@id\":\"https:\\\/\\\/www.bellunopress.it\\\/2009\\\/08\\\/20\\\/enrico-vaime-al-miramonti-per-presentare-il-suo-ultimo-libro-anche-a-costo-di-mentire\\\/#primaryimage\"},\"thumbnailUrl\":\"http:\\\/\\\/www.bellunopress.it\\\/wp-content\\\/uploads\\\/2009\\\/08\\\/enrico-vaime-e-jole-cisnetto.jpg\",\"datePublished\":\"2009-08-19T23:46:47+00:00\",\"dateModified\":\"2009-08-20T05:56:13+00:00\",\"breadcrumb\":{\"@id\":\"https:\\\/\\\/www.bellunopress.it\\\/2009\\\/08\\\/20\\\/enrico-vaime-al-miramonti-per-presentare-il-suo-ultimo-libro-anche-a-costo-di-mentire\\\/#breadcrumb\"},\"inLanguage\":\"fr-FR\",\"potentialAction\":[{\"@type\":\"ReadAction\",\"target\":[\"https:\\\/\\\/www.bellunopress.it\\\/2009\\\/08\\\/20\\\/enrico-vaime-al-miramonti-per-presentare-il-suo-ultimo-libro-anche-a-costo-di-mentire\\\/\"]}]},{\"@type\":\"ImageObject\",\"inLanguage\":\"fr-FR\",\"@id\":\"https:\\\/\\\/www.bellunopress.it\\\/2009\\\/08\\\/20\\\/enrico-vaime-al-miramonti-per-presentare-il-suo-ultimo-libro-anche-a-costo-di-mentire\\\/#primaryimage\",\"url\":\"http:\\\/\\\/www.bellunopress.it\\\/wp-content\\\/uploads\\\/2009\\\/08\\\/enrico-vaime-e-jole-cisnetto.jpg\",\"contentUrl\":\"http:\\\/\\\/www.bellunopress.it\\\/wp-content\\\/uploads\\\/2009\\\/08\\\/enrico-vaime-e-jole-cisnetto.jpg\"},{\"@type\":\"BreadcrumbList\",\"@id\":\"https:\\\/\\\/www.bellunopress.it\\\/2009\\\/08\\\/20\\\/enrico-vaime-al-miramonti-per-presentare-il-suo-ultimo-libro-anche-a-costo-di-mentire\\\/#breadcrumb\",\"itemListElement\":[{\"@type\":\"ListItem\",\"position\":1,\"name\":\"Home\",\"item\":\"https:\\\/\\\/www.bellunopress.it\\\/\"},{\"@type\":\"ListItem\",\"position\":2,\"name\":\"Enrico Vaime al Miramonti per presentare il suo ultimo libro &#8220;Anche a costo di mentire&#8221;\"}]},{\"@type\":\"WebSite\",\"@id\":\"https:\\\/\\\/www.bellunopress.it\\\/#website\",\"url\":\"https:\\\/\\\/www.bellunopress.it\\\/\",\"name\":\"Bellunopress - Dolomiti\",\"description\":\"e-mail: redazione@bellunopress.it\",\"publisher\":{\"@id\":\"https:\\\/\\\/www.bellunopress.it\\\/#organization\"},\"potentialAction\":[{\"@type\":\"SearchAction\",\"target\":{\"@type\":\"EntryPoint\",\"urlTemplate\":\"https:\\\/\\\/www.bellunopress.it\\\/?s={search_term_string}\"},\"query-input\":{\"@type\":\"PropertyValueSpecification\",\"valueRequired\":true,\"valueName\":\"search_term_string\"}}],\"inLanguage\":\"fr-FR\"},{\"@type\":\"Organization\",\"@id\":\"https:\\\/\\\/www.bellunopress.it\\\/#organization\",\"name\":\"Bellunopress\",\"url\":\"https:\\\/\\\/www.bellunopress.it\\\/\",\"logo\":{\"@type\":\"ImageObject\",\"inLanguage\":\"fr-FR\",\"@id\":\"https:\\\/\\\/www.bellunopress.it\\\/#\\\/schema\\\/logo\\\/image\\\/\",\"url\":\"https:\\\/\\\/www.bellunopress.it\\\/wp-content\\\/uploads\\\/2011\\\/05\\\/cropped-logo-bellunopress-.jpg\",\"contentUrl\":\"https:\\\/\\\/www.bellunopress.it\\\/wp-content\\\/uploads\\\/2011\\\/05\\\/cropped-logo-bellunopress-.jpg\",\"width\":512,\"height\":512,\"caption\":\"Bellunopress\"},\"image\":{\"@id\":\"https:\\\/\\\/www.bellunopress.it\\\/#\\\/schema\\\/logo\\\/image\\\/\"},\"sameAs\":[\"https:\\\/\\\/www.facebook.com\\\/profile.php?id=100008943462799\",\"https:\\\/\\\/x.com\\\/bellunopress\",\"https:\\\/\\\/www.linkedin.com\\\/hp\\\/?dnr=JBzUWaJfMUw8vbXJJ2tVW5-I3jZKvC4wsoxE&amp;amp;amp;amp;amp;amp;trk=nav_responsive_tab_home\",\"https:\\\/\\\/www.youtube.com\\\/channel\\\/UCxL0wu1uN0_3_7hGG0306cw\"]},{\"@type\":\"Person\",\"@id\":\"https:\\\/\\\/www.bellunopress.it\\\/#\\\/schema\\\/person\\\/79bb06722b37ece1c03d3e94beb30d73\",\"name\":\"redazione\",\"image\":{\"@type\":\"ImageObject\",\"inLanguage\":\"fr-FR\",\"@id\":\"https:\\\/\\\/secure.gravatar.com\\\/avatar\\\/37d968a2e67a6fd04c169c4bdef102d0bc5d31b2546345219e348575eb80e9a0?s=96&d=mm&r=g\",\"url\":\"https:\\\/\\\/secure.gravatar.com\\\/avatar\\\/37d968a2e67a6fd04c169c4bdef102d0bc5d31b2546345219e348575eb80e9a0?s=96&d=mm&r=g\",\"contentUrl\":\"https:\\\/\\\/secure.gravatar.com\\\/avatar\\\/37d968a2e67a6fd04c169c4bdef102d0bc5d31b2546345219e348575eb80e9a0?s=96&d=mm&r=g\",\"caption\":\"redazione\"},\"sameAs\":[\"http:\\\/\\\/www.bellunopress.it\",\"https:\\\/\\\/x.com\\\/bellunopress\"],\"url\":\"https:\\\/\\\/www.bellunopress.it\\\/fr\\\/author\\\/redazione\\\/\"}]}<\/script>\n<!-- \/ Yoast SEO plugin. -->","yoast_head_json":{"title":"Enrico Vaime al Miramonti per presentare il suo ultimo libro \"Anche a costo di mentire\" - Bellunopress - Dolomiti","robots":{"index":"index","follow":"follow","max-snippet":"max-snippet:-1","max-image-preview":"max-image-preview:large","max-video-preview":"max-video-preview:-1"},"canonical":"https:\/\/www.bellunopress.it\/fr\/2009\/08\/20\/enrico-vaime-al-miramonti-per-presentare-il-suo-ultimo-libro-anche-a-costo-di-mentire\/","og_locale":"fr_FR","og_type":"article","og_title":"Enrico Vaime al Miramonti per presentare il suo ultimo libro \"Anche a costo di mentire\" - Bellunopress - Dolomiti","og_description":"\u00abBisogna perdonare chi si lascia andare al biografismo\u00bb ha esordito con autoironia Enrico Vaime mercoled\u00ec sera (19 agosto)\u00a0all&#8217;Hotel Miramonti di Cortina d&#8217;Ampezzo nel presentare l&#8217;ultimo suo libro dal titolo \u201cAnche a costo di mentire\u201d. Una collana di ricordi pensati \u201cmentre si va in macchina\u201d come il celebre autore televisivo in Rai dal 1960, oltre che [&hellip;]","og_url":"https:\/\/www.bellunopress.it\/fr\/2009\/08\/20\/enrico-vaime-al-miramonti-per-presentare-il-suo-ultimo-libro-anche-a-costo-di-mentire\/","og_site_name":"Bellunopress - Dolomiti","article_publisher":"https:\/\/www.facebook.com\/profile.php?id=100008943462799","article_published_time":"2009-08-19T23:46:47+00:00","article_modified_time":"2009-08-20T05:56:13+00:00","og_image":[{"url":"http:\/\/www.bellunopress.it\/wp-content\/uploads\/2009\/08\/enrico-vaime-e-jole-cisnetto.jpg","type":"","width":"","height":""}],"author":"redazione","twitter_card":"summary_large_image","twitter_creator":"@bellunopress","twitter_site":"@bellunopress","twitter_misc":{"Written by":"redazione","Est. reading time":"2 minutes"},"schema":{"@context":"https:\/\/schema.org","@graph":[{"@type":"Article","@id":"https:\/\/www.bellunopress.it\/2009\/08\/20\/enrico-vaime-al-miramonti-per-presentare-il-suo-ultimo-libro-anche-a-costo-di-mentire\/#article","isPartOf":{"@id":"https:\/\/www.bellunopress.it\/2009\/08\/20\/enrico-vaime-al-miramonti-per-presentare-il-suo-ultimo-libro-anche-a-costo-di-mentire\/"},"author":{"name":"redazione","@id":"https:\/\/www.bellunopress.it\/#\/schema\/person\/79bb06722b37ece1c03d3e94beb30d73"},"headline":"Enrico Vaime al Miramonti per presentare il suo ultimo libro &#8220;Anche a costo di mentire&#8221;","datePublished":"2009-08-19T23:46:47+00:00","dateModified":"2009-08-20T05:56:13+00:00","mainEntityOfPage":{"@id":"https:\/\/www.bellunopress.it\/2009\/08\/20\/enrico-vaime-al-miramonti-per-presentare-il-suo-ultimo-libro-anche-a-costo-di-mentire\/"},"wordCount":519,"publisher":{"@id":"https:\/\/www.bellunopress.it\/#organization"},"image":{"@id":"https:\/\/www.bellunopress.it\/2009\/08\/20\/enrico-vaime-al-miramonti-per-presentare-il-suo-ultimo-libro-anche-a-costo-di-mentire\/#primaryimage"},"thumbnailUrl":"http:\/\/www.bellunopress.it\/wp-content\/uploads\/2009\/08\/enrico-vaime-e-jole-cisnetto.jpg","keywords":["Belluno"],"articleSection":["Arte, Cultura, Spettacoli, Scienza"],"inLanguage":"fr-FR"},{"@type":"WebPage","@id":"https:\/\/www.bellunopress.it\/2009\/08\/20\/enrico-vaime-al-miramonti-per-presentare-il-suo-ultimo-libro-anche-a-costo-di-mentire\/","url":"https:\/\/www.bellunopress.it\/2009\/08\/20\/enrico-vaime-al-miramonti-per-presentare-il-suo-ultimo-libro-anche-a-costo-di-mentire\/","name":"Enrico Vaime al Miramonti per presentare il suo ultimo libro \"Anche a costo di mentire\" - Bellunopress - Dolomiti","isPartOf":{"@id":"https:\/\/www.bellunopress.it\/#website"},"primaryImageOfPage":{"@id":"https:\/\/www.bellunopress.it\/2009\/08\/20\/enrico-vaime-al-miramonti-per-presentare-il-suo-ultimo-libro-anche-a-costo-di-mentire\/#primaryimage"},"image":{"@id":"https:\/\/www.bellunopress.it\/2009\/08\/20\/enrico-vaime-al-miramonti-per-presentare-il-suo-ultimo-libro-anche-a-costo-di-mentire\/#primaryimage"},"thumbnailUrl":"http:\/\/www.bellunopress.it\/wp-content\/uploads\/2009\/08\/enrico-vaime-e-jole-cisnetto.jpg","datePublished":"2009-08-19T23:46:47+00:00","dateModified":"2009-08-20T05:56:13+00:00","breadcrumb":{"@id":"https:\/\/www.bellunopress.it\/2009\/08\/20\/enrico-vaime-al-miramonti-per-presentare-il-suo-ultimo-libro-anche-a-costo-di-mentire\/#breadcrumb"},"inLanguage":"fr-FR","potentialAction":[{"@type":"ReadAction","target":["https:\/\/www.bellunopress.it\/2009\/08\/20\/enrico-vaime-al-miramonti-per-presentare-il-suo-ultimo-libro-anche-a-costo-di-mentire\/"]}]},{"@type":"ImageObject","inLanguage":"fr-FR","@id":"https:\/\/www.bellunopress.it\/2009\/08\/20\/enrico-vaime-al-miramonti-per-presentare-il-suo-ultimo-libro-anche-a-costo-di-mentire\/#primaryimage","url":"http:\/\/www.bellunopress.it\/wp-content\/uploads\/2009\/08\/enrico-vaime-e-jole-cisnetto.jpg","contentUrl":"http:\/\/www.bellunopress.it\/wp-content\/uploads\/2009\/08\/enrico-vaime-e-jole-cisnetto.jpg"},{"@type":"BreadcrumbList","@id":"https:\/\/www.bellunopress.it\/2009\/08\/20\/enrico-vaime-al-miramonti-per-presentare-il-suo-ultimo-libro-anche-a-costo-di-mentire\/#breadcrumb","itemListElement":[{"@type":"ListItem","position":1,"name":"Home","item":"https:\/\/www.bellunopress.it\/"},{"@type":"ListItem","position":2,"name":"Enrico Vaime al Miramonti per presentare il suo ultimo libro &#8220;Anche a costo di mentire&#8221;"}]},{"@type":"WebSite","@id":"https:\/\/www.bellunopress.it\/#website","url":"https:\/\/www.bellunopress.it\/","name":"Bellunopress - Dolomiti","description":"e-mail: redazione@bellunopress.it","publisher":{"@id":"https:\/\/www.bellunopress.it\/#organization"},"potentialAction":[{"@type":"SearchAction","target":{"@type":"EntryPoint","urlTemplate":"https:\/\/www.bellunopress.it\/?s={search_term_string}"},"query-input":{"@type":"PropertyValueSpecification","valueRequired":true,"valueName":"search_term_string"}}],"inLanguage":"fr-FR"},{"@type":"Organization","@id":"https:\/\/www.bellunopress.it\/#organization","name":"Bellunopress","url":"https:\/\/www.bellunopress.it\/","logo":{"@type":"ImageObject","inLanguage":"fr-FR","@id":"https:\/\/www.bellunopress.it\/#\/schema\/logo\/image\/","url":"https:\/\/www.bellunopress.it\/wp-content\/uploads\/2011\/05\/cropped-logo-bellunopress-.jpg","contentUrl":"https:\/\/www.bellunopress.it\/wp-content\/uploads\/2011\/05\/cropped-logo-bellunopress-.jpg","width":512,"height":512,"caption":"Bellunopress"},"image":{"@id":"https:\/\/www.bellunopress.it\/#\/schema\/logo\/image\/"},"sameAs":["https:\/\/www.facebook.com\/profile.php?id=100008943462799","https:\/\/x.com\/bellunopress","https:\/\/www.linkedin.com\/hp\/?dnr=JBzUWaJfMUw8vbXJJ2tVW5-I3jZKvC4wsoxE&amp;amp;amp;amp;amp;amp;trk=nav_responsive_tab_home","https:\/\/www.youtube.com\/channel\/UCxL0wu1uN0_3_7hGG0306cw"]},{"@type":"Person","@id":"https:\/\/www.bellunopress.it\/#\/schema\/person\/79bb06722b37ece1c03d3e94beb30d73","name":"r\u00e9daction","image":{"@type":"ImageObject","inLanguage":"fr-FR","@id":"https:\/\/secure.gravatar.com\/avatar\/37d968a2e67a6fd04c169c4bdef102d0bc5d31b2546345219e348575eb80e9a0?s=96&d=mm&r=g","url":"https:\/\/secure.gravatar.com\/avatar\/37d968a2e67a6fd04c169c4bdef102d0bc5d31b2546345219e348575eb80e9a0?s=96&d=mm&r=g","contentUrl":"https:\/\/secure.gravatar.com\/avatar\/37d968a2e67a6fd04c169c4bdef102d0bc5d31b2546345219e348575eb80e9a0?s=96&d=mm&r=g","caption":"redazione"},"sameAs":["http:\/\/www.bellunopress.it","https:\/\/x.com\/bellunopress"],"url":"https:\/\/www.bellunopress.it\/fr\/author\/redazione\/"}]}},"_links":{"self":[{"href":"https:\/\/www.bellunopress.it\/fr\/wp-json\/wp\/v2\/posts\/7153","targetHints":{"allow":["GET"]}}],"collection":[{"href":"https:\/\/www.bellunopress.it\/fr\/wp-json\/wp\/v2\/posts"}],"about":[{"href":"https:\/\/www.bellunopress.it\/fr\/wp-json\/wp\/v2\/types\/post"}],"author":[{"embeddable":true,"href":"https:\/\/www.bellunopress.it\/fr\/wp-json\/wp\/v2\/users\/2"}],"replies":[{"embeddable":true,"href":"https:\/\/www.bellunopress.it\/fr\/wp-json\/wp\/v2\/comments?post=7153"}],"version-history":[{"count":8,"href":"https:\/\/www.bellunopress.it\/fr\/wp-json\/wp\/v2\/posts\/7153\/revisions"}],"predecessor-version":[{"id":7166,"href":"https:\/\/www.bellunopress.it\/fr\/wp-json\/wp\/v2\/posts\/7153\/revisions\/7166"}],"wp:attachment":[{"href":"https:\/\/www.bellunopress.it\/fr\/wp-json\/wp\/v2\/media?parent=7153"}],"wp:term":[{"taxonomy":"category","embeddable":true,"href":"https:\/\/www.bellunopress.it\/fr\/wp-json\/wp\/v2\/categories?post=7153"},{"taxonomy":"post_tag","embeddable":true,"href":"https:\/\/www.bellunopress.it\/fr\/wp-json\/wp\/v2\/tags?post=7153"}],"curies":[{"name":"wp","href":"https:\/\/api.w.org\/{rel}","templated":true}]}}