{"id":715,"date":"2009-02-16T21:35:38","date_gmt":"2009-02-16T20:35:38","guid":{"rendered":"http:\/\/www.bellunopress.it\/?p=715"},"modified":"2009-02-16T21:39:51","modified_gmt":"2009-02-16T20:39:51","slug":"il-centro-cadore-aspetta-nuovi-soccorritori","status":"publish","type":"post","link":"https:\/\/www.bellunopress.it\/fr\/2009\/02\/16\/il-centro-cadore-aspetta-nuovi-soccorritori\/","title":{"rendered":"Il Centro Cadore aspetta nuovi soccorritori"},"content":{"rendered":"<p><a href=\"http:\/\/www.bellunopress.it\/wp-content\/uploads\/2009\/02\/soccorso-alpino-80x801.jpg\"><img loading=\"lazy\" decoding=\"async\" class=\"alignleft size-medium wp-image-502\" title=\"soccorso-alpino-80x801\" src=\"http:\/\/www.bellunopress.it\/wp-content\/uploads\/2009\/02\/soccorso-alpino-80x801.jpg\" alt=\"\" width=\"75\" height=\"100\" \/><\/a>La Stazione del Centro Cadore cerca giovani che vogliano entrare a far parte della grande squadra del Soccorso alpino. E&#8217; un invito a farsi avanti quello lanciato dai soccorritori cadorini ed \u00e8 rivolto ai tantissimi ragazzi appassionati di montagna, affinch\u00e8 possano avvicinarsi a questa organizzazione radicata sul territorio. Il Centro Cadore conta oggi una quindicina di volontari, oltre ai soccorritori &#8216;storici&#8221;, che operano nei comuni di Domegge, Lozzo, Vigo e Lorenzago di Cadore. Gli interventi sono i pi\u00f9 svariati, dalle emergenze in parete, alla ricerca di persone disperse, all&#8217;aiuto dato alle famiglie in difficolt\u00e0, non da ultimo spalando la neve dai tetti. Il ricambio generazionale si fa sentire ed \u00e8 per questo che la Stazione si fa avanti per cercare nuova forza, consapevole dei tanti giovani appassionati e conoscitori delle loro montagne, capaci di arrampicare e sciare (non occorre essere dei campioni) e con la voglia di dare una mano agli altri. Per ulteriori informazioni, \u00e8 possibile contattare il sito della Stazione www.soccorsoalpinocentrocadore.org.<\/p>","protected":false},"excerpt":{"rendered":"<p>La Stazione del Centro Cadore cerca giovani che vogliano entrare a far parte della grande squadra del Soccorso alpino. E&#8217; un invito a farsi avanti quello lanciato dai soccorritori cadorini ed \u00e8 rivolto ai tantissimi ragazzi appassionati di montagna, affinch\u00e8 possano avvicinarsi a questa organizzazione radicata sul territorio. Il Centro Cadore conta oggi una quindicina [&hellip;]<\/p>\n","protected":false},"author":2,"featured_media":0,"comment_status":"closed","ping_status":"open","sticky":false,"template":"","format":"standard","meta":{"footnotes":""},"categories":[26],"tags":[23],"class_list":["post-715","post","type-post","status-publish","format-standard","category-prima-pagina","tag-salp"],"yoast_head":"<!-- This site is optimized with the Yoast SEO plugin v28.4 - https:\/\/yoast.com\/product\/yoast-seo-wordpress\/ -->\n<title>Il Centro Cadore aspetta nuovi soccorritori - Bellunopress - Dolomiti<\/title>\n<meta name=\"robots\" content=\"index, follow, max-snippet:-1, max-image-preview:large, max-video-preview:-1\" \/>\n<link rel=\"canonical\" href=\"https:\/\/www.bellunopress.it\/fr\/2009\/02\/16\/il-centro-cadore-aspetta-nuovi-soccorritori\/\" \/>\n<meta property=\"og:locale\" content=\"fr_FR\" \/>\n<meta property=\"og:type\" content=\"article\" \/>\n<meta property=\"og:title\" content=\"Il Centro Cadore aspetta nuovi soccorritori - Bellunopress - Dolomiti\" \/>\n<meta property=\"og:description\" content=\"La Stazione del Centro Cadore cerca giovani che vogliano entrare a far parte della grande squadra del Soccorso alpino. E&#8217; un invito a farsi avanti quello lanciato dai soccorritori cadorini ed \u00e8 rivolto ai tantissimi ragazzi appassionati di montagna, affinch\u00e8 possano avvicinarsi a questa organizzazione radicata sul territorio. Il Centro Cadore conta oggi una quindicina [&hellip;]\" \/>\n<meta property=\"og:url\" content=\"https:\/\/www.bellunopress.it\/fr\/2009\/02\/16\/il-centro-cadore-aspetta-nuovi-soccorritori\/\" \/>\n<meta property=\"og:site_name\" content=\"Bellunopress - Dolomiti\" \/>\n<meta property=\"article:publisher\" content=\"https:\/\/www.facebook.com\/profile.php?id=100008943462799\" \/>\n<meta property=\"article:published_time\" content=\"2009-02-16T20:35:38+00:00\" \/>\n<meta property=\"article:modified_time\" content=\"2009-02-16T20:39:51+00:00\" \/>\n<meta property=\"og:image\" content=\"http:\/\/www.bellunopress.it\/wp-content\/uploads\/2009\/02\/soccorso-alpino-80x801.jpg\" \/>\n<meta name=\"author\" content=\"redazione\" \/>\n<meta name=\"twitter:card\" content=\"summary_large_image\" \/>\n<meta name=\"twitter:creator\" content=\"@bellunopress\" \/>\n<meta name=\"twitter:site\" content=\"@bellunopress\" \/>\n<meta name=\"twitter:label1\" content=\"Written by\" \/>\n\t<meta name=\"twitter:data1\" content=\"redazione\" \/>\n\t<meta name=\"twitter:label2\" content=\"Est. reading time\" \/>\n\t<meta name=\"twitter:data2\" content=\"1 minute\" \/>\n<script type=\"application\/ld+json\" class=\"yoast-schema-graph\">{\"@context\":\"https:\\\/\\\/schema.org\",\"@graph\":[{\"@type\":\"Article\",\"@id\":\"https:\\\/\\\/www.bellunopress.it\\\/2009\\\/02\\\/16\\\/il-centro-cadore-aspetta-nuovi-soccorritori\\\/#article\",\"isPartOf\":{\"@id\":\"https:\\\/\\\/www.bellunopress.it\\\/2009\\\/02\\\/16\\\/il-centro-cadore-aspetta-nuovi-soccorritori\\\/\"},\"author\":{\"name\":\"redazione\",\"@id\":\"https:\\\/\\\/www.bellunopress.it\\\/#\\\/schema\\\/person\\\/79bb06722b37ece1c03d3e94beb30d73\"},\"headline\":\"Il Centro Cadore aspetta nuovi soccorritori\",\"datePublished\":\"2009-02-16T20:35:38+00:00\",\"dateModified\":\"2009-02-16T20:39:51+00:00\",\"mainEntityOfPage\":{\"@id\":\"https:\\\/\\\/www.bellunopress.it\\\/2009\\\/02\\\/16\\\/il-centro-cadore-aspetta-nuovi-soccorritori\\\/\"},\"wordCount\":169,\"publisher\":{\"@id\":\"https:\\\/\\\/www.bellunopress.it\\\/#organization\"},\"image\":{\"@id\":\"https:\\\/\\\/www.bellunopress.it\\\/2009\\\/02\\\/16\\\/il-centro-cadore-aspetta-nuovi-soccorritori\\\/#primaryimage\"},\"thumbnailUrl\":\"http:\\\/\\\/www.bellunopress.it\\\/wp-content\\\/uploads\\\/2009\\\/02\\\/soccorso-alpino-80x801.jpg\",\"keywords\":[\"Soccorso Alpino\"],\"articleSection\":[\"Prima Pagina\"],\"inLanguage\":\"fr-FR\"},{\"@type\":\"WebPage\",\"@id\":\"https:\\\/\\\/www.bellunopress.it\\\/2009\\\/02\\\/16\\\/il-centro-cadore-aspetta-nuovi-soccorritori\\\/\",\"url\":\"https:\\\/\\\/www.bellunopress.it\\\/2009\\\/02\\\/16\\\/il-centro-cadore-aspetta-nuovi-soccorritori\\\/\",\"name\":\"Il Centro Cadore aspetta nuovi soccorritori - Bellunopress - Dolomiti\",\"isPartOf\":{\"@id\":\"https:\\\/\\\/www.bellunopress.it\\\/#website\"},\"primaryImageOfPage\":{\"@id\":\"https:\\\/\\\/www.bellunopress.it\\\/2009\\\/02\\\/16\\\/il-centro-cadore-aspetta-nuovi-soccorritori\\\/#primaryimage\"},\"image\":{\"@id\":\"https:\\\/\\\/www.bellunopress.it\\\/2009\\\/02\\\/16\\\/il-centro-cadore-aspetta-nuovi-soccorritori\\\/#primaryimage\"},\"thumbnailUrl\":\"http:\\\/\\\/www.bellunopress.it\\\/wp-content\\\/uploads\\\/2009\\\/02\\\/soccorso-alpino-80x801.jpg\",\"datePublished\":\"2009-02-16T20:35:38+00:00\",\"dateModified\":\"2009-02-16T20:39:51+00:00\",\"breadcrumb\":{\"@id\":\"https:\\\/\\\/www.bellunopress.it\\\/2009\\\/02\\\/16\\\/il-centro-cadore-aspetta-nuovi-soccorritori\\\/#breadcrumb\"},\"inLanguage\":\"fr-FR\",\"potentialAction\":[{\"@type\":\"ReadAction\",\"target\":[\"https:\\\/\\\/www.bellunopress.it\\\/2009\\\/02\\\/16\\\/il-centro-cadore-aspetta-nuovi-soccorritori\\\/\"]}]},{\"@type\":\"ImageObject\",\"inLanguage\":\"fr-FR\",\"@id\":\"https:\\\/\\\/www.bellunopress.it\\\/2009\\\/02\\\/16\\\/il-centro-cadore-aspetta-nuovi-soccorritori\\\/#primaryimage\",\"url\":\"http:\\\/\\\/www.bellunopress.it\\\/wp-content\\\/uploads\\\/2009\\\/02\\\/soccorso-alpino-80x801.jpg\",\"contentUrl\":\"http:\\\/\\\/www.bellunopress.it\\\/wp-content\\\/uploads\\\/2009\\\/02\\\/soccorso-alpino-80x801.jpg\"},{\"@type\":\"BreadcrumbList\",\"@id\":\"https:\\\/\\\/www.bellunopress.it\\\/2009\\\/02\\\/16\\\/il-centro-cadore-aspetta-nuovi-soccorritori\\\/#breadcrumb\",\"itemListElement\":[{\"@type\":\"ListItem\",\"position\":1,\"name\":\"Home\",\"item\":\"https:\\\/\\\/www.bellunopress.it\\\/\"},{\"@type\":\"ListItem\",\"position\":2,\"name\":\"Il Centro Cadore aspetta nuovi soccorritori\"}]},{\"@type\":\"WebSite\",\"@id\":\"https:\\\/\\\/www.bellunopress.it\\\/#website\",\"url\":\"https:\\\/\\\/www.bellunopress.it\\\/\",\"name\":\"Bellunopress - Dolomiti\",\"description\":\"e-mail: redazione@bellunopress.it\",\"publisher\":{\"@id\":\"https:\\\/\\\/www.bellunopress.it\\\/#organization\"},\"potentialAction\":[{\"@type\":\"SearchAction\",\"target\":{\"@type\":\"EntryPoint\",\"urlTemplate\":\"https:\\\/\\\/www.bellunopress.it\\\/?s={search_term_string}\"},\"query-input\":{\"@type\":\"PropertyValueSpecification\",\"valueRequired\":true,\"valueName\":\"search_term_string\"}}],\"inLanguage\":\"fr-FR\"},{\"@type\":\"Organization\",\"@id\":\"https:\\\/\\\/www.bellunopress.it\\\/#organization\",\"name\":\"Bellunopress\",\"url\":\"https:\\\/\\\/www.bellunopress.it\\\/\",\"logo\":{\"@type\":\"ImageObject\",\"inLanguage\":\"fr-FR\",\"@id\":\"https:\\\/\\\/www.bellunopress.it\\\/#\\\/schema\\\/logo\\\/image\\\/\",\"url\":\"https:\\\/\\\/www.bellunopress.it\\\/wp-content\\\/uploads\\\/2011\\\/05\\\/cropped-logo-bellunopress-.jpg\",\"contentUrl\":\"https:\\\/\\\/www.bellunopress.it\\\/wp-content\\\/uploads\\\/2011\\\/05\\\/cropped-logo-bellunopress-.jpg\",\"width\":512,\"height\":512,\"caption\":\"Bellunopress\"},\"image\":{\"@id\":\"https:\\\/\\\/www.bellunopress.it\\\/#\\\/schema\\\/logo\\\/image\\\/\"},\"sameAs\":[\"https:\\\/\\\/www.facebook.com\\\/profile.php?id=100008943462799\",\"https:\\\/\\\/x.com\\\/bellunopress\",\"https:\\\/\\\/www.linkedin.com\\\/hp\\\/?dnr=JBzUWaJfMUw8vbXJJ2tVW5-I3jZKvC4wsoxE&amp;amp;amp;amp;amp;amp;trk=nav_responsive_tab_home\",\"https:\\\/\\\/www.youtube.com\\\/channel\\\/UCxL0wu1uN0_3_7hGG0306cw\"]},{\"@type\":\"Person\",\"@id\":\"https:\\\/\\\/www.bellunopress.it\\\/#\\\/schema\\\/person\\\/79bb06722b37ece1c03d3e94beb30d73\",\"name\":\"redazione\",\"image\":{\"@type\":\"ImageObject\",\"inLanguage\":\"fr-FR\",\"@id\":\"https:\\\/\\\/secure.gravatar.com\\\/avatar\\\/37d968a2e67a6fd04c169c4bdef102d0bc5d31b2546345219e348575eb80e9a0?s=96&d=mm&r=g\",\"url\":\"https:\\\/\\\/secure.gravatar.com\\\/avatar\\\/37d968a2e67a6fd04c169c4bdef102d0bc5d31b2546345219e348575eb80e9a0?s=96&d=mm&r=g\",\"contentUrl\":\"https:\\\/\\\/secure.gravatar.com\\\/avatar\\\/37d968a2e67a6fd04c169c4bdef102d0bc5d31b2546345219e348575eb80e9a0?s=96&d=mm&r=g\",\"caption\":\"redazione\"},\"sameAs\":[\"http:\\\/\\\/www.bellunopress.it\",\"https:\\\/\\\/x.com\\\/bellunopress\"],\"url\":\"https:\\\/\\\/www.bellunopress.it\\\/fr\\\/author\\\/redazione\\\/\"}]}<\/script>\n<!-- \/ Yoast SEO plugin. -->","yoast_head_json":{"title":"Il Centro Cadore aspetta nuovi soccorritori - Bellunopress - Dolomiti","robots":{"index":"index","follow":"follow","max-snippet":"max-snippet:-1","max-image-preview":"max-image-preview:large","max-video-preview":"max-video-preview:-1"},"canonical":"https:\/\/www.bellunopress.it\/fr\/2009\/02\/16\/il-centro-cadore-aspetta-nuovi-soccorritori\/","og_locale":"fr_FR","og_type":"article","og_title":"Il Centro Cadore aspetta nuovi soccorritori - Bellunopress - Dolomiti","og_description":"La Stazione del Centro Cadore cerca giovani che vogliano entrare a far parte della grande squadra del Soccorso alpino. E&#8217; un invito a farsi avanti quello lanciato dai soccorritori cadorini ed \u00e8 rivolto ai tantissimi ragazzi appassionati di montagna, affinch\u00e8 possano avvicinarsi a questa organizzazione radicata sul territorio. Il Centro Cadore conta oggi una quindicina [&hellip;]","og_url":"https:\/\/www.bellunopress.it\/fr\/2009\/02\/16\/il-centro-cadore-aspetta-nuovi-soccorritori\/","og_site_name":"Bellunopress - Dolomiti","article_publisher":"https:\/\/www.facebook.com\/profile.php?id=100008943462799","article_published_time":"2009-02-16T20:35:38+00:00","article_modified_time":"2009-02-16T20:39:51+00:00","og_image":[{"url":"http:\/\/www.bellunopress.it\/wp-content\/uploads\/2009\/02\/soccorso-alpino-80x801.jpg","type":"","width":"","height":""}],"author":"redazione","twitter_card":"summary_large_image","twitter_creator":"@bellunopress","twitter_site":"@bellunopress","twitter_misc":{"Written by":"redazione","Est. reading time":"1 minute"},"schema":{"@context":"https:\/\/schema.org","@graph":[{"@type":"Article","@id":"https:\/\/www.bellunopress.it\/2009\/02\/16\/il-centro-cadore-aspetta-nuovi-soccorritori\/#article","isPartOf":{"@id":"https:\/\/www.bellunopress.it\/2009\/02\/16\/il-centro-cadore-aspetta-nuovi-soccorritori\/"},"author":{"name":"redazione","@id":"https:\/\/www.bellunopress.it\/#\/schema\/person\/79bb06722b37ece1c03d3e94beb30d73"},"headline":"Il Centro Cadore aspetta nuovi soccorritori","datePublished":"2009-02-16T20:35:38+00:00","dateModified":"2009-02-16T20:39:51+00:00","mainEntityOfPage":{"@id":"https:\/\/www.bellunopress.it\/2009\/02\/16\/il-centro-cadore-aspetta-nuovi-soccorritori\/"},"wordCount":169,"publisher":{"@id":"https:\/\/www.bellunopress.it\/#organization"},"image":{"@id":"https:\/\/www.bellunopress.it\/2009\/02\/16\/il-centro-cadore-aspetta-nuovi-soccorritori\/#primaryimage"},"thumbnailUrl":"http:\/\/www.bellunopress.it\/wp-content\/uploads\/2009\/02\/soccorso-alpino-80x801.jpg","keywords":["Soccorso Alpino"],"articleSection":["Prima Pagina"],"inLanguage":"fr-FR"},{"@type":"WebPage","@id":"https:\/\/www.bellunopress.it\/2009\/02\/16\/il-centro-cadore-aspetta-nuovi-soccorritori\/","url":"https:\/\/www.bellunopress.it\/2009\/02\/16\/il-centro-cadore-aspetta-nuovi-soccorritori\/","name":"Il Centro Cadore aspetta nuovi soccorritori - Bellunopress - Dolomiti","isPartOf":{"@id":"https:\/\/www.bellunopress.it\/#website"},"primaryImageOfPage":{"@id":"https:\/\/www.bellunopress.it\/2009\/02\/16\/il-centro-cadore-aspetta-nuovi-soccorritori\/#primaryimage"},"image":{"@id":"https:\/\/www.bellunopress.it\/2009\/02\/16\/il-centro-cadore-aspetta-nuovi-soccorritori\/#primaryimage"},"thumbnailUrl":"http:\/\/www.bellunopress.it\/wp-content\/uploads\/2009\/02\/soccorso-alpino-80x801.jpg","datePublished":"2009-02-16T20:35:38+00:00","dateModified":"2009-02-16T20:39:51+00:00","breadcrumb":{"@id":"https:\/\/www.bellunopress.it\/2009\/02\/16\/il-centro-cadore-aspetta-nuovi-soccorritori\/#breadcrumb"},"inLanguage":"fr-FR","potentialAction":[{"@type":"ReadAction","target":["https:\/\/www.bellunopress.it\/2009\/02\/16\/il-centro-cadore-aspetta-nuovi-soccorritori\/"]}]},{"@type":"ImageObject","inLanguage":"fr-FR","@id":"https:\/\/www.bellunopress.it\/2009\/02\/16\/il-centro-cadore-aspetta-nuovi-soccorritori\/#primaryimage","url":"http:\/\/www.bellunopress.it\/wp-content\/uploads\/2009\/02\/soccorso-alpino-80x801.jpg","contentUrl":"http:\/\/www.bellunopress.it\/wp-content\/uploads\/2009\/02\/soccorso-alpino-80x801.jpg"},{"@type":"BreadcrumbList","@id":"https:\/\/www.bellunopress.it\/2009\/02\/16\/il-centro-cadore-aspetta-nuovi-soccorritori\/#breadcrumb","itemListElement":[{"@type":"ListItem","position":1,"name":"Home","item":"https:\/\/www.bellunopress.it\/"},{"@type":"ListItem","position":2,"name":"Il Centro Cadore aspetta nuovi soccorritori"}]},{"@type":"WebSite","@id":"https:\/\/www.bellunopress.it\/#website","url":"https:\/\/www.bellunopress.it\/","name":"Bellunopress - Dolomiti","description":"e-mail: redazione@bellunopress.it","publisher":{"@id":"https:\/\/www.bellunopress.it\/#organization"},"potentialAction":[{"@type":"SearchAction","target":{"@type":"EntryPoint","urlTemplate":"https:\/\/www.bellunopress.it\/?s={search_term_string}"},"query-input":{"@type":"PropertyValueSpecification","valueRequired":true,"valueName":"search_term_string"}}],"inLanguage":"fr-FR"},{"@type":"Organization","@id":"https:\/\/www.bellunopress.it\/#organization","name":"Bellunopress","url":"https:\/\/www.bellunopress.it\/","logo":{"@type":"ImageObject","inLanguage":"fr-FR","@id":"https:\/\/www.bellunopress.it\/#\/schema\/logo\/image\/","url":"https:\/\/www.bellunopress.it\/wp-content\/uploads\/2011\/05\/cropped-logo-bellunopress-.jpg","contentUrl":"https:\/\/www.bellunopress.it\/wp-content\/uploads\/2011\/05\/cropped-logo-bellunopress-.jpg","width":512,"height":512,"caption":"Bellunopress"},"image":{"@id":"https:\/\/www.bellunopress.it\/#\/schema\/logo\/image\/"},"sameAs":["https:\/\/www.facebook.com\/profile.php?id=100008943462799","https:\/\/x.com\/bellunopress","https:\/\/www.linkedin.com\/hp\/?dnr=JBzUWaJfMUw8vbXJJ2tVW5-I3jZKvC4wsoxE&amp;amp;amp;amp;amp;amp;trk=nav_responsive_tab_home","https:\/\/www.youtube.com\/channel\/UCxL0wu1uN0_3_7hGG0306cw"]},{"@type":"Person","@id":"https:\/\/www.bellunopress.it\/#\/schema\/person\/79bb06722b37ece1c03d3e94beb30d73","name":"r\u00e9daction","image":{"@type":"ImageObject","inLanguage":"fr-FR","@id":"https:\/\/secure.gravatar.com\/avatar\/37d968a2e67a6fd04c169c4bdef102d0bc5d31b2546345219e348575eb80e9a0?s=96&d=mm&r=g","url":"https:\/\/secure.gravatar.com\/avatar\/37d968a2e67a6fd04c169c4bdef102d0bc5d31b2546345219e348575eb80e9a0?s=96&d=mm&r=g","contentUrl":"https:\/\/secure.gravatar.com\/avatar\/37d968a2e67a6fd04c169c4bdef102d0bc5d31b2546345219e348575eb80e9a0?s=96&d=mm&r=g","caption":"redazione"},"sameAs":["http:\/\/www.bellunopress.it","https:\/\/x.com\/bellunopress"],"url":"https:\/\/www.bellunopress.it\/fr\/author\/redazione\/"}]}},"_links":{"self":[{"href":"https:\/\/www.bellunopress.it\/fr\/wp-json\/wp\/v2\/posts\/715","targetHints":{"allow":["GET"]}}],"collection":[{"href":"https:\/\/www.bellunopress.it\/fr\/wp-json\/wp\/v2\/posts"}],"about":[{"href":"https:\/\/www.bellunopress.it\/fr\/wp-json\/wp\/v2\/types\/post"}],"author":[{"embeddable":true,"href":"https:\/\/www.bellunopress.it\/fr\/wp-json\/wp\/v2\/users\/2"}],"replies":[{"embeddable":true,"href":"https:\/\/www.bellunopress.it\/fr\/wp-json\/wp\/v2\/comments?post=715"}],"version-history":[{"count":3,"href":"https:\/\/www.bellunopress.it\/fr\/wp-json\/wp\/v2\/posts\/715\/revisions"}],"predecessor-version":[{"id":718,"href":"https:\/\/www.bellunopress.it\/fr\/wp-json\/wp\/v2\/posts\/715\/revisions\/718"}],"wp:attachment":[{"href":"https:\/\/www.bellunopress.it\/fr\/wp-json\/wp\/v2\/media?parent=715"}],"wp:term":[{"taxonomy":"category","embeddable":true,"href":"https:\/\/www.bellunopress.it\/fr\/wp-json\/wp\/v2\/categories?post=715"},{"taxonomy":"post_tag","embeddable":true,"href":"https:\/\/www.bellunopress.it\/fr\/wp-json\/wp\/v2\/tags?post=715"}],"curies":[{"name":"wp","href":"https:\/\/api.w.org\/{rel}","templated":true}]}}