{"id":71348,"date":"2015-08-31T21:41:16","date_gmt":"2015-08-31T19:41:16","guid":{"rendered":"http:\/\/www.bellunopress.it\/?p=71348"},"modified":"2015-08-31T21:41:16","modified_gmt":"2015-08-31T19:41:16","slug":"unaltra-edizione-di-successo-per-pom-per-domenica-scorsa-a-villa-zasso","status":"publish","type":"post","link":"https:\/\/www.bellunopress.it\/fr\/2015\/08\/31\/unaltra-edizione-di-successo-per-pom-per-domenica-scorsa-a-villa-zasso\/","title":{"rendered":"Un\u2019altra edizione di successo per Pom &#038; Per domenica scorsa a Villa Zasso\u00a0"},"content":{"rendered":"<p><a href=\"http:\/\/www.bellunopress.it\/wp-content\/uploads\/2015\/08\/pom-e-per-moldoi-sospirolo.jpg\"><img loading=\"lazy\" decoding=\"async\" class=\"alignleft size-full wp-image-71349\" src=\"http:\/\/www.bellunopress.it\/wp-content\/uploads\/2015\/08\/pom-e-per-moldoi-sospirolo.jpg\" alt=\"pom e per moldoi sospirolo\" width=\"167\" height=\"190\" \/><\/a>Un\u2019altra edizione di successo per \u201cPom &amp; Per a Moldoi de Sospiroi\u201d che si \u00e8 svolta domenica a Villa Zasso. Molti i visitatori che hanno reso onore alle diverse iniziative proposte da Pro loco \u201cMonti del Sole\u201d e Comune di Sospirolo nel corso della giornata.<\/p>\n<p>\u00abCi si pu\u00f2 ritenere soddisfatti per la proposta complessiva che i tanti volontari della pro loco sono riusciti a offrire\u00bb: \u00e8 l\u2019opinione del presidente della Pro loco Francesco Bacchetti. \u00abOltre ai volontari, il merito va al bel tempo. L\u2019ambiente era splendido ed \u00e8 stato eccezionale pranzare sotto gli alberi nel retro della villa con un\u2019atmosfera campestre. Grazie al Comune, rappresentato dal vicesindaco Rudy Vallet, agli enti patrocinatori, al consigliere regionale Franco Gidoni per la presenza, alla famiglia Zasso per l\u2019accoglienza\u00bb.<\/p>\n<p><a href=\"http:\/\/www.bellunopress.it\/wp-content\/uploads\/2015\/08\/villa-zasso-moldoi-di-sospirolo.jpg\"><img loading=\"lazy\" decoding=\"async\" class=\"alignleft size-full wp-image-71350\" src=\"http:\/\/www.bellunopress.it\/wp-content\/uploads\/2015\/08\/villa-zasso-moldoi-di-sospirolo.jpg\" alt=\"villa zasso moldoi di sospirolo\" width=\"300\" height=\"247\" \/><\/a>Di grande qualit\u00e0 il convegno sulle tecniche di difesa agro-biologiche nei castagneti da frutto colpiti dal Cinipide, dove Fulvio Viesi (Associazione Nazionale Citt\u00e0 del Castagno) e Serena Turrin (Iis \u201cDella Lucia\u201d di Feltre) hanno dispensato preziosi consigli, al fianco dell\u2019esperto Alessandro Gallon. Nei giardini, nelle ex stalle, nel forno e nell\u2019ingresso della villa i visitatori hanno apprezzato l\u2019esposizione di prodotti agricoli e di artigianato locale. \u00ab\u00c8 stata data visibilit\u00e0 ai produttori locali. Importante l\u2019esposizione di Veneto Agricoltura, presente con il dottor Lugino Shiavon del Centro regionale frutticolo &#8220;Pradon&#8221; di Porto Tolle, che ha esposto diverse qualit\u00e0 di mele e pere con l\u2019indicazione del tipo e quella di mele antiche bellunesi di Oscar Padovani. Partecipata la visita alla chiesetta di San Biagio e il commento storico su Villa Zasso con Valentina Pilotti; finale con Francesco Piero Franchi che ha attratto un numeroso e attento pubblico, presentando il delizioso romanzo \u201cla Recita\u201d di Perego.<\/p>\n<p>Durante la giornata i Piloti di Montagna (Aipm), alcuni provenienti dall\u2019Austria, hanno sorpreso con atterraggi e decolli sui prati circostanti la villa; le mostre \u201cL\u2019Oro di Cornia Visioni\u201d (installazioni e fotografie di Mauro Bianchet) e i dipinti di Augusta Tibolla hanno sorpreso per le diverse scelte stilistiche. La Pro loco ha aderito anche al progetto S.Co.re (sviluppo rete trasfrontaliera di promozione e valorizzazione del territorio): \u201cPom &amp; Per\u201d \u00e8 stata inserita in un circuito di manifestazioni che promuovono prodotti e turismo in un depliant distribuito in questi giorni in tutta la Regione Veneto e in seguito anche in altri territori.<\/p>","protected":false},"excerpt":{"rendered":"<p>Un\u2019altra edizione di successo per \u201cPom &amp; Per a Moldoi de Sospiroi\u201d che si \u00e8 svolta domenica a Villa Zasso. Molti i visitatori che hanno reso onore alle diverse iniziative proposte da Pro loco \u201cMonti del Sole\u201d e Comune di Sospirolo nel corso della giornata. \u00abCi si pu\u00f2 ritenere soddisfatti per la proposta complessiva che [&hellip;]<\/p>\n","protected":false},"author":2,"featured_media":0,"comment_status":"closed","ping_status":"open","sticky":false,"template":"","format":"standard","meta":{"footnotes":""},"categories":[5,26],"tags":[],"class_list":["post-71348","post","type-post","status-publish","format-standard","category-cronaca","category-prima-pagina"],"yoast_head":"<!-- This site is optimized with the Yoast SEO plugin v28.4 - https:\/\/yoast.com\/product\/yoast-seo-wordpress\/ -->\n<title>Un\u2019altra edizione di successo per Pom &amp; Per domenica scorsa a Villa Zasso\u00a0 - Bellunopress - Dolomiti<\/title>\n<meta name=\"robots\" content=\"index, follow, max-snippet:-1, max-image-preview:large, max-video-preview:-1\" \/>\n<link rel=\"canonical\" href=\"https:\/\/www.bellunopress.it\/fr\/2015\/08\/31\/unaltra-edizione-di-successo-per-pom-per-domenica-scorsa-a-villa-zasso\/\" \/>\n<meta property=\"og:locale\" content=\"fr_FR\" \/>\n<meta property=\"og:type\" content=\"article\" \/>\n<meta property=\"og:title\" content=\"Un\u2019altra edizione di successo per Pom &amp; Per domenica scorsa a Villa Zasso\u00a0 - Bellunopress - Dolomiti\" \/>\n<meta property=\"og:description\" content=\"Un\u2019altra edizione di successo per \u201cPom &amp; Per a Moldoi de Sospiroi\u201d che si \u00e8 svolta domenica a Villa Zasso. Molti i visitatori che hanno reso onore alle diverse iniziative proposte da Pro loco \u201cMonti del Sole\u201d e Comune di Sospirolo nel corso della giornata. \u00abCi si pu\u00f2 ritenere soddisfatti per la proposta complessiva che [&hellip;]\" \/>\n<meta property=\"og:url\" content=\"https:\/\/www.bellunopress.it\/fr\/2015\/08\/31\/unaltra-edizione-di-successo-per-pom-per-domenica-scorsa-a-villa-zasso\/\" \/>\n<meta property=\"og:site_name\" content=\"Bellunopress - Dolomiti\" \/>\n<meta property=\"article:publisher\" content=\"https:\/\/www.facebook.com\/profile.php?id=100008943462799\" \/>\n<meta property=\"article:published_time\" content=\"2015-08-31T19:41:16+00:00\" \/>\n<meta property=\"og:image\" content=\"http:\/\/www.bellunopress.it\/wp-content\/uploads\/2015\/08\/pom-e-per-moldoi-sospirolo.jpg\" \/>\n<meta name=\"author\" content=\"redazione\" \/>\n<meta name=\"twitter:card\" content=\"summary_large_image\" \/>\n<meta name=\"twitter:creator\" content=\"@bellunopress\" \/>\n<meta name=\"twitter:site\" content=\"@bellunopress\" \/>\n<meta name=\"twitter:label1\" content=\"\u00c9crit par\" \/>\n\t<meta name=\"twitter:data1\" content=\"redazione\" \/>\n\t<meta name=\"twitter:label2\" content=\"Dur\u00e9e de lecture estim\u00e9e\" \/>\n\t<meta name=\"twitter:data2\" content=\"2 minutes\" \/>\n<script type=\"application\/ld+json\" class=\"yoast-schema-graph\">{\"@context\":\"https:\\\/\\\/schema.org\",\"@graph\":[{\"@type\":\"Article\",\"@id\":\"https:\\\/\\\/www.bellunopress.it\\\/2015\\\/08\\\/31\\\/unaltra-edizione-di-successo-per-pom-per-domenica-scorsa-a-villa-zasso\\\/#article\",\"isPartOf\":{\"@id\":\"https:\\\/\\\/www.bellunopress.it\\\/2015\\\/08\\\/31\\\/unaltra-edizione-di-successo-per-pom-per-domenica-scorsa-a-villa-zasso\\\/\"},\"author\":{\"name\":\"redazione\",\"@id\":\"https:\\\/\\\/www.bellunopress.it\\\/#\\\/schema\\\/person\\\/79bb06722b37ece1c03d3e94beb30d73\"},\"headline\":\"Un\u2019altra edizione di successo per Pom &#038; Per domenica scorsa a Villa Zasso\u00a0\",\"datePublished\":\"2015-08-31T19:41:16+00:00\",\"mainEntityOfPage\":{\"@id\":\"https:\\\/\\\/www.bellunopress.it\\\/2015\\\/08\\\/31\\\/unaltra-edizione-di-successo-per-pom-per-domenica-scorsa-a-villa-zasso\\\/\"},\"wordCount\":399,\"publisher\":{\"@id\":\"https:\\\/\\\/www.bellunopress.it\\\/#organization\"},\"image\":{\"@id\":\"https:\\\/\\\/www.bellunopress.it\\\/2015\\\/08\\\/31\\\/unaltra-edizione-di-successo-per-pom-per-domenica-scorsa-a-villa-zasso\\\/#primaryimage\"},\"thumbnailUrl\":\"http:\\\/\\\/www.bellunopress.it\\\/wp-content\\\/uploads\\\/2015\\\/08\\\/pom-e-per-moldoi-sospirolo.jpg\",\"articleSection\":[\"Cronaca\\\/Politica\",\"Prima Pagina\"],\"inLanguage\":\"fr-FR\"},{\"@type\":\"WebPage\",\"@id\":\"https:\\\/\\\/www.bellunopress.it\\\/2015\\\/08\\\/31\\\/unaltra-edizione-di-successo-per-pom-per-domenica-scorsa-a-villa-zasso\\\/\",\"url\":\"https:\\\/\\\/www.bellunopress.it\\\/2015\\\/08\\\/31\\\/unaltra-edizione-di-successo-per-pom-per-domenica-scorsa-a-villa-zasso\\\/\",\"name\":\"Un\u2019altra edizione di successo per Pom & Per domenica scorsa a Villa Zasso\u00a0 - Bellunopress - Dolomiti\",\"isPartOf\":{\"@id\":\"https:\\\/\\\/www.bellunopress.it\\\/#website\"},\"primaryImageOfPage\":{\"@id\":\"https:\\\/\\\/www.bellunopress.it\\\/2015\\\/08\\\/31\\\/unaltra-edizione-di-successo-per-pom-per-domenica-scorsa-a-villa-zasso\\\/#primaryimage\"},\"image\":{\"@id\":\"https:\\\/\\\/www.bellunopress.it\\\/2015\\\/08\\\/31\\\/unaltra-edizione-di-successo-per-pom-per-domenica-scorsa-a-villa-zasso\\\/#primaryimage\"},\"thumbnailUrl\":\"http:\\\/\\\/www.bellunopress.it\\\/wp-content\\\/uploads\\\/2015\\\/08\\\/pom-e-per-moldoi-sospirolo.jpg\",\"datePublished\":\"2015-08-31T19:41:16+00:00\",\"breadcrumb\":{\"@id\":\"https:\\\/\\\/www.bellunopress.it\\\/2015\\\/08\\\/31\\\/unaltra-edizione-di-successo-per-pom-per-domenica-scorsa-a-villa-zasso\\\/#breadcrumb\"},\"inLanguage\":\"fr-FR\",\"potentialAction\":[{\"@type\":\"ReadAction\",\"target\":[\"https:\\\/\\\/www.bellunopress.it\\\/2015\\\/08\\\/31\\\/unaltra-edizione-di-successo-per-pom-per-domenica-scorsa-a-villa-zasso\\\/\"]}]},{\"@type\":\"ImageObject\",\"inLanguage\":\"fr-FR\",\"@id\":\"https:\\\/\\\/www.bellunopress.it\\\/2015\\\/08\\\/31\\\/unaltra-edizione-di-successo-per-pom-per-domenica-scorsa-a-villa-zasso\\\/#primaryimage\",\"url\":\"http:\\\/\\\/www.bellunopress.it\\\/wp-content\\\/uploads\\\/2015\\\/08\\\/pom-e-per-moldoi-sospirolo.jpg\",\"contentUrl\":\"http:\\\/\\\/www.bellunopress.it\\\/wp-content\\\/uploads\\\/2015\\\/08\\\/pom-e-per-moldoi-sospirolo.jpg\"},{\"@type\":\"BreadcrumbList\",\"@id\":\"https:\\\/\\\/www.bellunopress.it\\\/2015\\\/08\\\/31\\\/unaltra-edizione-di-successo-per-pom-per-domenica-scorsa-a-villa-zasso\\\/#breadcrumb\",\"itemListElement\":[{\"@type\":\"ListItem\",\"position\":1,\"name\":\"Home\",\"item\":\"https:\\\/\\\/www.bellunopress.it\\\/\"},{\"@type\":\"ListItem\",\"position\":2,\"name\":\"Un\u2019altra edizione di successo per Pom &#038; Per domenica scorsa a Villa Zasso\u00a0\"}]},{\"@type\":\"WebSite\",\"@id\":\"https:\\\/\\\/www.bellunopress.it\\\/#website\",\"url\":\"https:\\\/\\\/www.bellunopress.it\\\/\",\"name\":\"Bellunopress - Dolomiti\",\"description\":\"e-mail: redazione@bellunopress.it\",\"publisher\":{\"@id\":\"https:\\\/\\\/www.bellunopress.it\\\/#organization\"},\"potentialAction\":[{\"@type\":\"SearchAction\",\"target\":{\"@type\":\"EntryPoint\",\"urlTemplate\":\"https:\\\/\\\/www.bellunopress.it\\\/?s={search_term_string}\"},\"query-input\":{\"@type\":\"PropertyValueSpecification\",\"valueRequired\":true,\"valueName\":\"search_term_string\"}}],\"inLanguage\":\"fr-FR\"},{\"@type\":\"Organization\",\"@id\":\"https:\\\/\\\/www.bellunopress.it\\\/#organization\",\"name\":\"Bellunopress\",\"url\":\"https:\\\/\\\/www.bellunopress.it\\\/\",\"logo\":{\"@type\":\"ImageObject\",\"inLanguage\":\"fr-FR\",\"@id\":\"https:\\\/\\\/www.bellunopress.it\\\/#\\\/schema\\\/logo\\\/image\\\/\",\"url\":\"https:\\\/\\\/www.bellunopress.it\\\/wp-content\\\/uploads\\\/2011\\\/05\\\/cropped-logo-bellunopress-.jpg\",\"contentUrl\":\"https:\\\/\\\/www.bellunopress.it\\\/wp-content\\\/uploads\\\/2011\\\/05\\\/cropped-logo-bellunopress-.jpg\",\"width\":512,\"height\":512,\"caption\":\"Bellunopress\"},\"image\":{\"@id\":\"https:\\\/\\\/www.bellunopress.it\\\/#\\\/schema\\\/logo\\\/image\\\/\"},\"sameAs\":[\"https:\\\/\\\/www.facebook.com\\\/profile.php?id=100008943462799\",\"https:\\\/\\\/x.com\\\/bellunopress\",\"https:\\\/\\\/www.linkedin.com\\\/hp\\\/?dnr=JBzUWaJfMUw8vbXJJ2tVW5-I3jZKvC4wsoxE&amp;amp;amp;amp;amp;amp;trk=nav_responsive_tab_home\",\"https:\\\/\\\/www.youtube.com\\\/channel\\\/UCxL0wu1uN0_3_7hGG0306cw\"]},{\"@type\":\"Person\",\"@id\":\"https:\\\/\\\/www.bellunopress.it\\\/#\\\/schema\\\/person\\\/79bb06722b37ece1c03d3e94beb30d73\",\"name\":\"redazione\",\"image\":{\"@type\":\"ImageObject\",\"inLanguage\":\"fr-FR\",\"@id\":\"https:\\\/\\\/secure.gravatar.com\\\/avatar\\\/37d968a2e67a6fd04c169c4bdef102d0bc5d31b2546345219e348575eb80e9a0?s=96&d=mm&r=g\",\"url\":\"https:\\\/\\\/secure.gravatar.com\\\/avatar\\\/37d968a2e67a6fd04c169c4bdef102d0bc5d31b2546345219e348575eb80e9a0?s=96&d=mm&r=g\",\"contentUrl\":\"https:\\\/\\\/secure.gravatar.com\\\/avatar\\\/37d968a2e67a6fd04c169c4bdef102d0bc5d31b2546345219e348575eb80e9a0?s=96&d=mm&r=g\",\"caption\":\"redazione\"},\"sameAs\":[\"http:\\\/\\\/www.bellunopress.it\",\"https:\\\/\\\/x.com\\\/bellunopress\"],\"url\":\"https:\\\/\\\/www.bellunopress.it\\\/fr\\\/author\\\/redazione\\\/\"}]}<\/script>\n<!-- \/ Yoast SEO plugin. -->","yoast_head_json":{"title":"Un\u2019altra edizione di successo per Pom & Per domenica scorsa a Villa Zasso\u00a0 - Bellunopress - Dolomiti","robots":{"index":"index","follow":"follow","max-snippet":"max-snippet:-1","max-image-preview":"max-image-preview:large","max-video-preview":"max-video-preview:-1"},"canonical":"https:\/\/www.bellunopress.it\/fr\/2015\/08\/31\/unaltra-edizione-di-successo-per-pom-per-domenica-scorsa-a-villa-zasso\/","og_locale":"fr_FR","og_type":"article","og_title":"Un\u2019altra edizione di successo per Pom & Per domenica scorsa a Villa Zasso\u00a0 - Bellunopress - Dolomiti","og_description":"Un\u2019altra edizione di successo per \u201cPom &amp; Per a Moldoi de Sospiroi\u201d che si \u00e8 svolta domenica a Villa Zasso. Molti i visitatori che hanno reso onore alle diverse iniziative proposte da Pro loco \u201cMonti del Sole\u201d e Comune di Sospirolo nel corso della giornata. \u00abCi si pu\u00f2 ritenere soddisfatti per la proposta complessiva che [&hellip;]","og_url":"https:\/\/www.bellunopress.it\/fr\/2015\/08\/31\/unaltra-edizione-di-successo-per-pom-per-domenica-scorsa-a-villa-zasso\/","og_site_name":"Bellunopress - Dolomiti","article_publisher":"https:\/\/www.facebook.com\/profile.php?id=100008943462799","article_published_time":"2015-08-31T19:41:16+00:00","og_image":[{"url":"http:\/\/www.bellunopress.it\/wp-content\/uploads\/2015\/08\/pom-e-per-moldoi-sospirolo.jpg","type":"","width":"","height":""}],"author":"redazione","twitter_card":"summary_large_image","twitter_creator":"@bellunopress","twitter_site":"@bellunopress","twitter_misc":{"\u00c9crit par":"redazione","Dur\u00e9e de lecture estim\u00e9e":"2 minutes"},"schema":{"@context":"https:\/\/schema.org","@graph":[{"@type":"Article","@id":"https:\/\/www.bellunopress.it\/2015\/08\/31\/unaltra-edizione-di-successo-per-pom-per-domenica-scorsa-a-villa-zasso\/#article","isPartOf":{"@id":"https:\/\/www.bellunopress.it\/2015\/08\/31\/unaltra-edizione-di-successo-per-pom-per-domenica-scorsa-a-villa-zasso\/"},"author":{"name":"redazione","@id":"https:\/\/www.bellunopress.it\/#\/schema\/person\/79bb06722b37ece1c03d3e94beb30d73"},"headline":"Un\u2019altra edizione di successo per Pom &#038; Per domenica scorsa a Villa Zasso\u00a0","datePublished":"2015-08-31T19:41:16+00:00","mainEntityOfPage":{"@id":"https:\/\/www.bellunopress.it\/2015\/08\/31\/unaltra-edizione-di-successo-per-pom-per-domenica-scorsa-a-villa-zasso\/"},"wordCount":399,"publisher":{"@id":"https:\/\/www.bellunopress.it\/#organization"},"image":{"@id":"https:\/\/www.bellunopress.it\/2015\/08\/31\/unaltra-edizione-di-successo-per-pom-per-domenica-scorsa-a-villa-zasso\/#primaryimage"},"thumbnailUrl":"http:\/\/www.bellunopress.it\/wp-content\/uploads\/2015\/08\/pom-e-per-moldoi-sospirolo.jpg","articleSection":["Cronaca\/Politica","Prima Pagina"],"inLanguage":"fr-FR"},{"@type":"WebPage","@id":"https:\/\/www.bellunopress.it\/2015\/08\/31\/unaltra-edizione-di-successo-per-pom-per-domenica-scorsa-a-villa-zasso\/","url":"https:\/\/www.bellunopress.it\/2015\/08\/31\/unaltra-edizione-di-successo-per-pom-per-domenica-scorsa-a-villa-zasso\/","name":"Un\u2019altra edizione di successo per Pom & Per domenica scorsa a Villa Zasso\u00a0 - Bellunopress - Dolomiti","isPartOf":{"@id":"https:\/\/www.bellunopress.it\/#website"},"primaryImageOfPage":{"@id":"https:\/\/www.bellunopress.it\/2015\/08\/31\/unaltra-edizione-di-successo-per-pom-per-domenica-scorsa-a-villa-zasso\/#primaryimage"},"image":{"@id":"https:\/\/www.bellunopress.it\/2015\/08\/31\/unaltra-edizione-di-successo-per-pom-per-domenica-scorsa-a-villa-zasso\/#primaryimage"},"thumbnailUrl":"http:\/\/www.bellunopress.it\/wp-content\/uploads\/2015\/08\/pom-e-per-moldoi-sospirolo.jpg","datePublished":"2015-08-31T19:41:16+00:00","breadcrumb":{"@id":"https:\/\/www.bellunopress.it\/2015\/08\/31\/unaltra-edizione-di-successo-per-pom-per-domenica-scorsa-a-villa-zasso\/#breadcrumb"},"inLanguage":"fr-FR","potentialAction":[{"@type":"ReadAction","target":["https:\/\/www.bellunopress.it\/2015\/08\/31\/unaltra-edizione-di-successo-per-pom-per-domenica-scorsa-a-villa-zasso\/"]}]},{"@type":"ImageObject","inLanguage":"fr-FR","@id":"https:\/\/www.bellunopress.it\/2015\/08\/31\/unaltra-edizione-di-successo-per-pom-per-domenica-scorsa-a-villa-zasso\/#primaryimage","url":"http:\/\/www.bellunopress.it\/wp-content\/uploads\/2015\/08\/pom-e-per-moldoi-sospirolo.jpg","contentUrl":"http:\/\/www.bellunopress.it\/wp-content\/uploads\/2015\/08\/pom-e-per-moldoi-sospirolo.jpg"},{"@type":"BreadcrumbList","@id":"https:\/\/www.bellunopress.it\/2015\/08\/31\/unaltra-edizione-di-successo-per-pom-per-domenica-scorsa-a-villa-zasso\/#breadcrumb","itemListElement":[{"@type":"ListItem","position":1,"name":"Home","item":"https:\/\/www.bellunopress.it\/"},{"@type":"ListItem","position":2,"name":"Un\u2019altra edizione di successo per Pom &#038; Per domenica scorsa a Villa Zasso\u00a0"}]},{"@type":"WebSite","@id":"https:\/\/www.bellunopress.it\/#website","url":"https:\/\/www.bellunopress.it\/","name":"Bellunopress - Dolomiti","description":"e-mail: redazione@bellunopress.it","publisher":{"@id":"https:\/\/www.bellunopress.it\/#organization"},"potentialAction":[{"@type":"SearchAction","target":{"@type":"EntryPoint","urlTemplate":"https:\/\/www.bellunopress.it\/?s={search_term_string}"},"query-input":{"@type":"PropertyValueSpecification","valueRequired":true,"valueName":"search_term_string"}}],"inLanguage":"fr-FR"},{"@type":"Organization","@id":"https:\/\/www.bellunopress.it\/#organization","name":"Bellunopress","url":"https:\/\/www.bellunopress.it\/","logo":{"@type":"ImageObject","inLanguage":"fr-FR","@id":"https:\/\/www.bellunopress.it\/#\/schema\/logo\/image\/","url":"https:\/\/www.bellunopress.it\/wp-content\/uploads\/2011\/05\/cropped-logo-bellunopress-.jpg","contentUrl":"https:\/\/www.bellunopress.it\/wp-content\/uploads\/2011\/05\/cropped-logo-bellunopress-.jpg","width":512,"height":512,"caption":"Bellunopress"},"image":{"@id":"https:\/\/www.bellunopress.it\/#\/schema\/logo\/image\/"},"sameAs":["https:\/\/www.facebook.com\/profile.php?id=100008943462799","https:\/\/x.com\/bellunopress","https:\/\/www.linkedin.com\/hp\/?dnr=JBzUWaJfMUw8vbXJJ2tVW5-I3jZKvC4wsoxE&amp;amp;amp;amp;amp;amp;trk=nav_responsive_tab_home","https:\/\/www.youtube.com\/channel\/UCxL0wu1uN0_3_7hGG0306cw"]},{"@type":"Person","@id":"https:\/\/www.bellunopress.it\/#\/schema\/person\/79bb06722b37ece1c03d3e94beb30d73","name":"r\u00e9daction","image":{"@type":"ImageObject","inLanguage":"fr-FR","@id":"https:\/\/secure.gravatar.com\/avatar\/37d968a2e67a6fd04c169c4bdef102d0bc5d31b2546345219e348575eb80e9a0?s=96&d=mm&r=g","url":"https:\/\/secure.gravatar.com\/avatar\/37d968a2e67a6fd04c169c4bdef102d0bc5d31b2546345219e348575eb80e9a0?s=96&d=mm&r=g","contentUrl":"https:\/\/secure.gravatar.com\/avatar\/37d968a2e67a6fd04c169c4bdef102d0bc5d31b2546345219e348575eb80e9a0?s=96&d=mm&r=g","caption":"redazione"},"sameAs":["http:\/\/www.bellunopress.it","https:\/\/x.com\/bellunopress"],"url":"https:\/\/www.bellunopress.it\/fr\/author\/redazione\/"}]}},"_links":{"self":[{"href":"https:\/\/www.bellunopress.it\/fr\/wp-json\/wp\/v2\/posts\/71348","targetHints":{"allow":["GET"]}}],"collection":[{"href":"https:\/\/www.bellunopress.it\/fr\/wp-json\/wp\/v2\/posts"}],"about":[{"href":"https:\/\/www.bellunopress.it\/fr\/wp-json\/wp\/v2\/types\/post"}],"author":[{"embeddable":true,"href":"https:\/\/www.bellunopress.it\/fr\/wp-json\/wp\/v2\/users\/2"}],"replies":[{"embeddable":true,"href":"https:\/\/www.bellunopress.it\/fr\/wp-json\/wp\/v2\/comments?post=71348"}],"version-history":[{"count":1,"href":"https:\/\/www.bellunopress.it\/fr\/wp-json\/wp\/v2\/posts\/71348\/revisions"}],"predecessor-version":[{"id":71351,"href":"https:\/\/www.bellunopress.it\/fr\/wp-json\/wp\/v2\/posts\/71348\/revisions\/71351"}],"wp:attachment":[{"href":"https:\/\/www.bellunopress.it\/fr\/wp-json\/wp\/v2\/media?parent=71348"}],"wp:term":[{"taxonomy":"category","embeddable":true,"href":"https:\/\/www.bellunopress.it\/fr\/wp-json\/wp\/v2\/categories?post=71348"},{"taxonomy":"post_tag","embeddable":true,"href":"https:\/\/www.bellunopress.it\/fr\/wp-json\/wp\/v2\/tags?post=71348"}],"curies":[{"name":"wp","href":"https:\/\/api.w.org\/{rel}","templated":true}]}}