{"id":71344,"date":"2015-08-31T20:55:35","date_gmt":"2015-08-31T18:55:35","guid":{"rendered":"http:\/\/www.bellunopress.it\/?p=71344"},"modified":"2015-08-31T20:55:35","modified_gmt":"2015-08-31T18:55:35","slug":"lospedale-di-belluno-gia-hub-di-francesca-de-biasi-e-pierenrico-lecis","status":"publish","type":"post","link":"https:\/\/www.bellunopress.it\/fr\/2015\/08\/31\/lospedale-di-belluno-gia-hub-di-francesca-de-biasi-e-pierenrico-lecis\/","title":{"rendered":"L&#8217;ospedale di Belluno? Gi\u00e0 hub   * di Francesca De Biasi e Pierenrico Lecis"},"content":{"rendered":"<p><a href=\"http:\/\/www.bellunopress.it\/wp-content\/uploads\/2012\/03\/ospedale-belluno.jpg\"><img loading=\"lazy\" decoding=\"async\" class=\"alignleft size-full wp-image-36164\" src=\"http:\/\/www.bellunopress.it\/wp-content\/uploads\/2012\/03\/ospedale-belluno.jpg\" alt=\"ospedale belluno\" width=\"290\" height=\"187\" \/><\/a>Alla polemica e preoccupazione circa l&#8217;inadeguatezza del nostro nosocomio a far da riferimento hub ad una ulss provinciale, vogliamo ricordare come gi\u00e0 ora esistano attivit\u00e0 consolidate ad esempio per quel modello di rete ed eccellenza che non solo si chiede ad un ospedale di riferimento provinciale, ma che a tutt&#8217;oggi offre un servizio provinciale per i cittadini del ulss 1 e dell ulss 2.<br \/>\nTra queste ricordiamo che la nostra ulss svolge attivit\u00e0 per tutto il territorio dell&#8217;ulss 1 e ulss 2, con la Sede di Centrale Operativa Provinciale SUEM 118, come qui vi sia la gestione dei politrami complessi richiedenti integrazione multidisciplinare ( Neurochirurgo, Radiologo Interventista, Chirurgo generale d&#8217;urgenza etc ), come sempre nel nostro ospedale abbia sede l&#8217; Emodinamica Interventistica per il trattamento dell&#8217;infarto del miocardio, e molte altre realt\u00e0 che, grazie all&#8217;integrazione tra i servizi, gestiscono patologie con ambulatori multidisciplinari (vedi anche la presenza del reparto di malattie infettive) a riferimento dell&#8217;intera provincia. Ancora, molte unit\u00e0 operative sono presenti a Belluno e non a Feltre , come la Radioterapia, la Medicina Nucleare, M. Infettive, Neurochirurgia, Oncologia, la Terapia Antalgica e Dermatologia. E a breve nascer\u00e0 il centro provinciale per la promozione del benessere organizzativo, anch&#8217;esso con sede a Belluno ma operativo per tutta la provincia.<br \/>\nNei 3 ospedali di Belluno, Pieve di Cadore ed Agordo inoltre numerose UUOO hanno specialisti che garantiscono percorsi clinico-assistenziali condivisi permettendo ai cittadini della periferia di avere una risposta sicura per i problemi pi\u00f9 frequenti e un trasferimento immediato all&#8217;ospedale di Belluno per quelli che richiedono un intervento specialistico maggiore. Tra queste ad esempio la Chirurgia (Belluno Agordo e Pieve, la Ostetricia-Ginecologia (Belluno e Cadore), la Pediatria (a Belluno e a Pieve di Cadore), ma molte altre, attraverso i propri specialisti abituati a lavorare a scavalco tra gli ospedali, permettono alla periferia di avere la stessa qualit\u00e0 di prestazione nel territorio della ulss 1.<\/p>\n<p>Siamo sicuri che vogliamo svendere il nostro territorio a province vicine o non sarebbe pi\u00f9 corretto concentrarsi ad una integrazione dei nostri servizi forti dell&#8217;esperienza consolidata nel tempo?<\/p>\n<p>Francesca De Biasi e Pierenrico Lecis &#8211; Gruppo In movimento<\/p>","protected":false},"excerpt":{"rendered":"<p>Alla polemica e preoccupazione circa l&#8217;inadeguatezza del nostro nosocomio a far da riferimento hub ad una ulss provinciale, vogliamo ricordare come gi\u00e0 ora esistano attivit\u00e0 consolidate ad esempio per quel modello di rete ed eccellenza che non solo si chiede ad un ospedale di riferimento provinciale, ma che a tutt&#8217;oggi offre un servizio provinciale per [&hellip;]<\/p>\n","protected":false},"author":2,"featured_media":0,"comment_status":"closed","ping_status":"open","sticky":false,"template":"","format":"standard","meta":{"footnotes":""},"categories":[26,17],"tags":[],"class_list":["post-71344","post","type-post","status-publish","format-standard","category-prima-pagina","category-sanita"],"yoast_head":"<!-- This site is optimized with the Yoast SEO plugin v28.4 - https:\/\/yoast.com\/product\/yoast-seo-wordpress\/ -->\n<title>L&#039;ospedale di Belluno? Gi\u00e0 hub  * di Francesca De Biasi e Pierenrico Lecis - Bellunopress - Dolomiti<\/title>\n<meta name=\"robots\" content=\"index, follow, max-snippet:-1, max-image-preview:large, max-video-preview:-1\" \/>\n<link rel=\"canonical\" href=\"https:\/\/www.bellunopress.it\/fr\/2015\/08\/31\/lospedale-di-belluno-gia-hub-di-francesca-de-biasi-e-pierenrico-lecis\/\" \/>\n<meta property=\"og:locale\" content=\"fr_FR\" \/>\n<meta property=\"og:type\" content=\"article\" \/>\n<meta property=\"og:title\" content=\"L&#039;ospedale di Belluno? Gi\u00e0 hub  * di Francesca De Biasi e Pierenrico Lecis - Bellunopress - Dolomiti\" \/>\n<meta property=\"og:description\" content=\"Alla polemica e preoccupazione circa l&#8217;inadeguatezza del nostro nosocomio a far da riferimento hub ad una ulss provinciale, vogliamo ricordare come gi\u00e0 ora esistano attivit\u00e0 consolidate ad esempio per quel modello di rete ed eccellenza che non solo si chiede ad un ospedale di riferimento provinciale, ma che a tutt&#8217;oggi offre un servizio provinciale per [&hellip;]\" \/>\n<meta property=\"og:url\" content=\"https:\/\/www.bellunopress.it\/fr\/2015\/08\/31\/lospedale-di-belluno-gia-hub-di-francesca-de-biasi-e-pierenrico-lecis\/\" \/>\n<meta property=\"og:site_name\" content=\"Bellunopress - Dolomiti\" \/>\n<meta property=\"article:publisher\" content=\"https:\/\/www.facebook.com\/profile.php?id=100008943462799\" \/>\n<meta property=\"article:published_time\" content=\"2015-08-31T18:55:35+00:00\" \/>\n<meta property=\"og:image\" content=\"http:\/\/www.bellunopress.it\/wp-content\/uploads\/2012\/03\/ospedale-belluno.jpg\" \/>\n<meta name=\"author\" content=\"redazione\" \/>\n<meta name=\"twitter:card\" content=\"summary_large_image\" \/>\n<meta name=\"twitter:creator\" content=\"@bellunopress\" \/>\n<meta name=\"twitter:site\" content=\"@bellunopress\" \/>\n<meta name=\"twitter:label1\" content=\"\u00c9crit par\" \/>\n\t<meta name=\"twitter:data1\" content=\"redazione\" \/>\n\t<meta name=\"twitter:label2\" content=\"Dur\u00e9e de lecture estim\u00e9e\" \/>\n\t<meta name=\"twitter:data2\" content=\"2 minutes\" \/>\n<script type=\"application\/ld+json\" class=\"yoast-schema-graph\">{\"@context\":\"https:\\\/\\\/schema.org\",\"@graph\":[{\"@type\":\"Article\",\"@id\":\"https:\\\/\\\/www.bellunopress.it\\\/2015\\\/08\\\/31\\\/lospedale-di-belluno-gia-hub-di-francesca-de-biasi-e-pierenrico-lecis\\\/#article\",\"isPartOf\":{\"@id\":\"https:\\\/\\\/www.bellunopress.it\\\/2015\\\/08\\\/31\\\/lospedale-di-belluno-gia-hub-di-francesca-de-biasi-e-pierenrico-lecis\\\/\"},\"author\":{\"name\":\"redazione\",\"@id\":\"https:\\\/\\\/www.bellunopress.it\\\/#\\\/schema\\\/person\\\/79bb06722b37ece1c03d3e94beb30d73\"},\"headline\":\"L&#8217;ospedale di Belluno? Gi\u00e0 hub * di Francesca De Biasi e Pierenrico Lecis\",\"datePublished\":\"2015-08-31T18:55:35+00:00\",\"mainEntityOfPage\":{\"@id\":\"https:\\\/\\\/www.bellunopress.it\\\/2015\\\/08\\\/31\\\/lospedale-di-belluno-gia-hub-di-francesca-de-biasi-e-pierenrico-lecis\\\/\"},\"wordCount\":363,\"publisher\":{\"@id\":\"https:\\\/\\\/www.bellunopress.it\\\/#organization\"},\"image\":{\"@id\":\"https:\\\/\\\/www.bellunopress.it\\\/2015\\\/08\\\/31\\\/lospedale-di-belluno-gia-hub-di-francesca-de-biasi-e-pierenrico-lecis\\\/#primaryimage\"},\"thumbnailUrl\":\"http:\\\/\\\/www.bellunopress.it\\\/wp-content\\\/uploads\\\/2012\\\/03\\\/ospedale-belluno.jpg\",\"articleSection\":[\"Prima Pagina\",\"Sanit\u00e0 Medicina\"],\"inLanguage\":\"fr-FR\"},{\"@type\":\"WebPage\",\"@id\":\"https:\\\/\\\/www.bellunopress.it\\\/2015\\\/08\\\/31\\\/lospedale-di-belluno-gia-hub-di-francesca-de-biasi-e-pierenrico-lecis\\\/\",\"url\":\"https:\\\/\\\/www.bellunopress.it\\\/2015\\\/08\\\/31\\\/lospedale-di-belluno-gia-hub-di-francesca-de-biasi-e-pierenrico-lecis\\\/\",\"name\":\"L'ospedale di Belluno? Gi\u00e0 hub * di Francesca De Biasi e Pierenrico Lecis - Bellunopress - Dolomiti\",\"isPartOf\":{\"@id\":\"https:\\\/\\\/www.bellunopress.it\\\/#website\"},\"primaryImageOfPage\":{\"@id\":\"https:\\\/\\\/www.bellunopress.it\\\/2015\\\/08\\\/31\\\/lospedale-di-belluno-gia-hub-di-francesca-de-biasi-e-pierenrico-lecis\\\/#primaryimage\"},\"image\":{\"@id\":\"https:\\\/\\\/www.bellunopress.it\\\/2015\\\/08\\\/31\\\/lospedale-di-belluno-gia-hub-di-francesca-de-biasi-e-pierenrico-lecis\\\/#primaryimage\"},\"thumbnailUrl\":\"http:\\\/\\\/www.bellunopress.it\\\/wp-content\\\/uploads\\\/2012\\\/03\\\/ospedale-belluno.jpg\",\"datePublished\":\"2015-08-31T18:55:35+00:00\",\"breadcrumb\":{\"@id\":\"https:\\\/\\\/www.bellunopress.it\\\/2015\\\/08\\\/31\\\/lospedale-di-belluno-gia-hub-di-francesca-de-biasi-e-pierenrico-lecis\\\/#breadcrumb\"},\"inLanguage\":\"fr-FR\",\"potentialAction\":[{\"@type\":\"ReadAction\",\"target\":[\"https:\\\/\\\/www.bellunopress.it\\\/2015\\\/08\\\/31\\\/lospedale-di-belluno-gia-hub-di-francesca-de-biasi-e-pierenrico-lecis\\\/\"]}]},{\"@type\":\"ImageObject\",\"inLanguage\":\"fr-FR\",\"@id\":\"https:\\\/\\\/www.bellunopress.it\\\/2015\\\/08\\\/31\\\/lospedale-di-belluno-gia-hub-di-francesca-de-biasi-e-pierenrico-lecis\\\/#primaryimage\",\"url\":\"http:\\\/\\\/www.bellunopress.it\\\/wp-content\\\/uploads\\\/2012\\\/03\\\/ospedale-belluno.jpg\",\"contentUrl\":\"http:\\\/\\\/www.bellunopress.it\\\/wp-content\\\/uploads\\\/2012\\\/03\\\/ospedale-belluno.jpg\"},{\"@type\":\"BreadcrumbList\",\"@id\":\"https:\\\/\\\/www.bellunopress.it\\\/2015\\\/08\\\/31\\\/lospedale-di-belluno-gia-hub-di-francesca-de-biasi-e-pierenrico-lecis\\\/#breadcrumb\",\"itemListElement\":[{\"@type\":\"ListItem\",\"position\":1,\"name\":\"Home\",\"item\":\"https:\\\/\\\/www.bellunopress.it\\\/\"},{\"@type\":\"ListItem\",\"position\":2,\"name\":\"L&#8217;ospedale di Belluno? Gi\u00e0 hub * di Francesca De Biasi e Pierenrico Lecis\"}]},{\"@type\":\"WebSite\",\"@id\":\"https:\\\/\\\/www.bellunopress.it\\\/#website\",\"url\":\"https:\\\/\\\/www.bellunopress.it\\\/\",\"name\":\"Bellunopress - Dolomiti\",\"description\":\"e-mail: redazione@bellunopress.it\",\"publisher\":{\"@id\":\"https:\\\/\\\/www.bellunopress.it\\\/#organization\"},\"potentialAction\":[{\"@type\":\"SearchAction\",\"target\":{\"@type\":\"EntryPoint\",\"urlTemplate\":\"https:\\\/\\\/www.bellunopress.it\\\/?s={search_term_string}\"},\"query-input\":{\"@type\":\"PropertyValueSpecification\",\"valueRequired\":true,\"valueName\":\"search_term_string\"}}],\"inLanguage\":\"fr-FR\"},{\"@type\":\"Organization\",\"@id\":\"https:\\\/\\\/www.bellunopress.it\\\/#organization\",\"name\":\"Bellunopress\",\"url\":\"https:\\\/\\\/www.bellunopress.it\\\/\",\"logo\":{\"@type\":\"ImageObject\",\"inLanguage\":\"fr-FR\",\"@id\":\"https:\\\/\\\/www.bellunopress.it\\\/#\\\/schema\\\/logo\\\/image\\\/\",\"url\":\"https:\\\/\\\/www.bellunopress.it\\\/wp-content\\\/uploads\\\/2011\\\/05\\\/cropped-logo-bellunopress-.jpg\",\"contentUrl\":\"https:\\\/\\\/www.bellunopress.it\\\/wp-content\\\/uploads\\\/2011\\\/05\\\/cropped-logo-bellunopress-.jpg\",\"width\":512,\"height\":512,\"caption\":\"Bellunopress\"},\"image\":{\"@id\":\"https:\\\/\\\/www.bellunopress.it\\\/#\\\/schema\\\/logo\\\/image\\\/\"},\"sameAs\":[\"https:\\\/\\\/www.facebook.com\\\/profile.php?id=100008943462799\",\"https:\\\/\\\/x.com\\\/bellunopress\",\"https:\\\/\\\/www.linkedin.com\\\/hp\\\/?dnr=JBzUWaJfMUw8vbXJJ2tVW5-I3jZKvC4wsoxE&amp;amp;amp;amp;amp;amp;trk=nav_responsive_tab_home\",\"https:\\\/\\\/www.youtube.com\\\/channel\\\/UCxL0wu1uN0_3_7hGG0306cw\"]},{\"@type\":\"Person\",\"@id\":\"https:\\\/\\\/www.bellunopress.it\\\/#\\\/schema\\\/person\\\/79bb06722b37ece1c03d3e94beb30d73\",\"name\":\"redazione\",\"image\":{\"@type\":\"ImageObject\",\"inLanguage\":\"fr-FR\",\"@id\":\"https:\\\/\\\/secure.gravatar.com\\\/avatar\\\/37d968a2e67a6fd04c169c4bdef102d0bc5d31b2546345219e348575eb80e9a0?s=96&d=mm&r=g\",\"url\":\"https:\\\/\\\/secure.gravatar.com\\\/avatar\\\/37d968a2e67a6fd04c169c4bdef102d0bc5d31b2546345219e348575eb80e9a0?s=96&d=mm&r=g\",\"contentUrl\":\"https:\\\/\\\/secure.gravatar.com\\\/avatar\\\/37d968a2e67a6fd04c169c4bdef102d0bc5d31b2546345219e348575eb80e9a0?s=96&d=mm&r=g\",\"caption\":\"redazione\"},\"sameAs\":[\"http:\\\/\\\/www.bellunopress.it\",\"https:\\\/\\\/x.com\\\/bellunopress\"],\"url\":\"https:\\\/\\\/www.bellunopress.it\\\/fr\\\/author\\\/redazione\\\/\"}]}<\/script>\n<!-- \/ Yoast SEO plugin. -->","yoast_head_json":{"title":"L'ospedale di Belluno? Gi\u00e0 hub  * di Francesca De Biasi e Pierenrico Lecis - Bellunopress - Dolomiti","robots":{"index":"index","follow":"follow","max-snippet":"max-snippet:-1","max-image-preview":"max-image-preview:large","max-video-preview":"max-video-preview:-1"},"canonical":"https:\/\/www.bellunopress.it\/fr\/2015\/08\/31\/lospedale-di-belluno-gia-hub-di-francesca-de-biasi-e-pierenrico-lecis\/","og_locale":"fr_FR","og_type":"article","og_title":"L'ospedale di Belluno? Gi\u00e0 hub  * di Francesca De Biasi e Pierenrico Lecis - Bellunopress - Dolomiti","og_description":"Alla polemica e preoccupazione circa l&#8217;inadeguatezza del nostro nosocomio a far da riferimento hub ad una ulss provinciale, vogliamo ricordare come gi\u00e0 ora esistano attivit\u00e0 consolidate ad esempio per quel modello di rete ed eccellenza che non solo si chiede ad un ospedale di riferimento provinciale, ma che a tutt&#8217;oggi offre un servizio provinciale per [&hellip;]","og_url":"https:\/\/www.bellunopress.it\/fr\/2015\/08\/31\/lospedale-di-belluno-gia-hub-di-francesca-de-biasi-e-pierenrico-lecis\/","og_site_name":"Bellunopress - Dolomiti","article_publisher":"https:\/\/www.facebook.com\/profile.php?id=100008943462799","article_published_time":"2015-08-31T18:55:35+00:00","og_image":[{"url":"http:\/\/www.bellunopress.it\/wp-content\/uploads\/2012\/03\/ospedale-belluno.jpg","type":"","width":"","height":""}],"author":"redazione","twitter_card":"summary_large_image","twitter_creator":"@bellunopress","twitter_site":"@bellunopress","twitter_misc":{"\u00c9crit par":"redazione","Dur\u00e9e de lecture estim\u00e9e":"2 minutes"},"schema":{"@context":"https:\/\/schema.org","@graph":[{"@type":"Article","@id":"https:\/\/www.bellunopress.it\/2015\/08\/31\/lospedale-di-belluno-gia-hub-di-francesca-de-biasi-e-pierenrico-lecis\/#article","isPartOf":{"@id":"https:\/\/www.bellunopress.it\/2015\/08\/31\/lospedale-di-belluno-gia-hub-di-francesca-de-biasi-e-pierenrico-lecis\/"},"author":{"name":"redazione","@id":"https:\/\/www.bellunopress.it\/#\/schema\/person\/79bb06722b37ece1c03d3e94beb30d73"},"headline":"L&#8217;ospedale di Belluno? Gi\u00e0 hub * di Francesca De Biasi e Pierenrico Lecis","datePublished":"2015-08-31T18:55:35+00:00","mainEntityOfPage":{"@id":"https:\/\/www.bellunopress.it\/2015\/08\/31\/lospedale-di-belluno-gia-hub-di-francesca-de-biasi-e-pierenrico-lecis\/"},"wordCount":363,"publisher":{"@id":"https:\/\/www.bellunopress.it\/#organization"},"image":{"@id":"https:\/\/www.bellunopress.it\/2015\/08\/31\/lospedale-di-belluno-gia-hub-di-francesca-de-biasi-e-pierenrico-lecis\/#primaryimage"},"thumbnailUrl":"http:\/\/www.bellunopress.it\/wp-content\/uploads\/2012\/03\/ospedale-belluno.jpg","articleSection":["Prima Pagina","Sanit\u00e0 Medicina"],"inLanguage":"fr-FR"},{"@type":"WebPage","@id":"https:\/\/www.bellunopress.it\/2015\/08\/31\/lospedale-di-belluno-gia-hub-di-francesca-de-biasi-e-pierenrico-lecis\/","url":"https:\/\/www.bellunopress.it\/2015\/08\/31\/lospedale-di-belluno-gia-hub-di-francesca-de-biasi-e-pierenrico-lecis\/","name":"L'ospedale di Belluno? Gi\u00e0 hub * di Francesca De Biasi e Pierenrico Lecis - Bellunopress - Dolomiti","isPartOf":{"@id":"https:\/\/www.bellunopress.it\/#website"},"primaryImageOfPage":{"@id":"https:\/\/www.bellunopress.it\/2015\/08\/31\/lospedale-di-belluno-gia-hub-di-francesca-de-biasi-e-pierenrico-lecis\/#primaryimage"},"image":{"@id":"https:\/\/www.bellunopress.it\/2015\/08\/31\/lospedale-di-belluno-gia-hub-di-francesca-de-biasi-e-pierenrico-lecis\/#primaryimage"},"thumbnailUrl":"http:\/\/www.bellunopress.it\/wp-content\/uploads\/2012\/03\/ospedale-belluno.jpg","datePublished":"2015-08-31T18:55:35+00:00","breadcrumb":{"@id":"https:\/\/www.bellunopress.it\/2015\/08\/31\/lospedale-di-belluno-gia-hub-di-francesca-de-biasi-e-pierenrico-lecis\/#breadcrumb"},"inLanguage":"fr-FR","potentialAction":[{"@type":"ReadAction","target":["https:\/\/www.bellunopress.it\/2015\/08\/31\/lospedale-di-belluno-gia-hub-di-francesca-de-biasi-e-pierenrico-lecis\/"]}]},{"@type":"ImageObject","inLanguage":"fr-FR","@id":"https:\/\/www.bellunopress.it\/2015\/08\/31\/lospedale-di-belluno-gia-hub-di-francesca-de-biasi-e-pierenrico-lecis\/#primaryimage","url":"http:\/\/www.bellunopress.it\/wp-content\/uploads\/2012\/03\/ospedale-belluno.jpg","contentUrl":"http:\/\/www.bellunopress.it\/wp-content\/uploads\/2012\/03\/ospedale-belluno.jpg"},{"@type":"BreadcrumbList","@id":"https:\/\/www.bellunopress.it\/2015\/08\/31\/lospedale-di-belluno-gia-hub-di-francesca-de-biasi-e-pierenrico-lecis\/#breadcrumb","itemListElement":[{"@type":"ListItem","position":1,"name":"Home","item":"https:\/\/www.bellunopress.it\/"},{"@type":"ListItem","position":2,"name":"L&#8217;ospedale di Belluno? Gi\u00e0 hub * di Francesca De Biasi e Pierenrico Lecis"}]},{"@type":"WebSite","@id":"https:\/\/www.bellunopress.it\/#website","url":"https:\/\/www.bellunopress.it\/","name":"Bellunopress - Dolomiti","description":"e-mail: redazione@bellunopress.it","publisher":{"@id":"https:\/\/www.bellunopress.it\/#organization"},"potentialAction":[{"@type":"SearchAction","target":{"@type":"EntryPoint","urlTemplate":"https:\/\/www.bellunopress.it\/?s={search_term_string}"},"query-input":{"@type":"PropertyValueSpecification","valueRequired":true,"valueName":"search_term_string"}}],"inLanguage":"fr-FR"},{"@type":"Organization","@id":"https:\/\/www.bellunopress.it\/#organization","name":"Bellunopress","url":"https:\/\/www.bellunopress.it\/","logo":{"@type":"ImageObject","inLanguage":"fr-FR","@id":"https:\/\/www.bellunopress.it\/#\/schema\/logo\/image\/","url":"https:\/\/www.bellunopress.it\/wp-content\/uploads\/2011\/05\/cropped-logo-bellunopress-.jpg","contentUrl":"https:\/\/www.bellunopress.it\/wp-content\/uploads\/2011\/05\/cropped-logo-bellunopress-.jpg","width":512,"height":512,"caption":"Bellunopress"},"image":{"@id":"https:\/\/www.bellunopress.it\/#\/schema\/logo\/image\/"},"sameAs":["https:\/\/www.facebook.com\/profile.php?id=100008943462799","https:\/\/x.com\/bellunopress","https:\/\/www.linkedin.com\/hp\/?dnr=JBzUWaJfMUw8vbXJJ2tVW5-I3jZKvC4wsoxE&amp;amp;amp;amp;amp;amp;trk=nav_responsive_tab_home","https:\/\/www.youtube.com\/channel\/UCxL0wu1uN0_3_7hGG0306cw"]},{"@type":"Person","@id":"https:\/\/www.bellunopress.it\/#\/schema\/person\/79bb06722b37ece1c03d3e94beb30d73","name":"r\u00e9daction","image":{"@type":"ImageObject","inLanguage":"fr-FR","@id":"https:\/\/secure.gravatar.com\/avatar\/37d968a2e67a6fd04c169c4bdef102d0bc5d31b2546345219e348575eb80e9a0?s=96&d=mm&r=g","url":"https:\/\/secure.gravatar.com\/avatar\/37d968a2e67a6fd04c169c4bdef102d0bc5d31b2546345219e348575eb80e9a0?s=96&d=mm&r=g","contentUrl":"https:\/\/secure.gravatar.com\/avatar\/37d968a2e67a6fd04c169c4bdef102d0bc5d31b2546345219e348575eb80e9a0?s=96&d=mm&r=g","caption":"redazione"},"sameAs":["http:\/\/www.bellunopress.it","https:\/\/x.com\/bellunopress"],"url":"https:\/\/www.bellunopress.it\/fr\/author\/redazione\/"}]}},"_links":{"self":[{"href":"https:\/\/www.bellunopress.it\/fr\/wp-json\/wp\/v2\/posts\/71344","targetHints":{"allow":["GET"]}}],"collection":[{"href":"https:\/\/www.bellunopress.it\/fr\/wp-json\/wp\/v2\/posts"}],"about":[{"href":"https:\/\/www.bellunopress.it\/fr\/wp-json\/wp\/v2\/types\/post"}],"author":[{"embeddable":true,"href":"https:\/\/www.bellunopress.it\/fr\/wp-json\/wp\/v2\/users\/2"}],"replies":[{"embeddable":true,"href":"https:\/\/www.bellunopress.it\/fr\/wp-json\/wp\/v2\/comments?post=71344"}],"version-history":[{"count":1,"href":"https:\/\/www.bellunopress.it\/fr\/wp-json\/wp\/v2\/posts\/71344\/revisions"}],"predecessor-version":[{"id":71345,"href":"https:\/\/www.bellunopress.it\/fr\/wp-json\/wp\/v2\/posts\/71344\/revisions\/71345"}],"wp:attachment":[{"href":"https:\/\/www.bellunopress.it\/fr\/wp-json\/wp\/v2\/media?parent=71344"}],"wp:term":[{"taxonomy":"category","embeddable":true,"href":"https:\/\/www.bellunopress.it\/fr\/wp-json\/wp\/v2\/categories?post=71344"},{"taxonomy":"post_tag","embeddable":true,"href":"https:\/\/www.bellunopress.it\/fr\/wp-json\/wp\/v2\/tags?post=71344"}],"curies":[{"name":"wp","href":"https:\/\/api.w.org\/{rel}","templated":true}]}}