{"id":71328,"date":"2015-08-31T15:46:13","date_gmt":"2015-08-31T13:46:13","guid":{"rendered":"http:\/\/www.bellunopress.it\/?p=71328"},"modified":"2015-08-31T16:39:54","modified_gmt":"2015-08-31T14:39:54","slug":"inaugurazione-della-valdastico-sud-ciambetti-portera-benefici-immensi-alleconomia-e-alla-qualita-della-vita","status":"publish","type":"post","link":"https:\/\/www.bellunopress.it\/fr\/2015\/08\/31\/inaugurazione-della-valdastico-sud-ciambetti-portera-benefici-immensi-alleconomia-e-alla-qualita-della-vita\/","title":{"rendered":"Inaugurazione della Valdastico Sud. Ciambetti: &#8220;Porter\u00e0 benefici immensi all&#8217;economia e alla qualit\u00e0 della vita&#8221;"},"content":{"rendered":"<figure id=\"attachment_71329\" aria-describedby=\"caption-attachment-71329\" style=\"width: 300px\" class=\"wp-caption alignleft\"><a href=\"http:\/\/www.bellunopress.it\/wp-content\/uploads\/2015\/08\/ciambetti-valdastico-sud.jpg\"><img loading=\"lazy\" decoding=\"async\" class=\"size-full wp-image-71329\" src=\"http:\/\/www.bellunopress.it\/wp-content\/uploads\/2015\/08\/ciambetti-valdastico-sud.jpg\" alt=\"Roberto Ciambetti, presidente Consiglio regionale del Veneto \" width=\"300\" height=\"197\" \/><\/a><figcaption id=\"caption-attachment-71329\" class=\"wp-caption-text\">Roberto Ciambetti, presidente Consiglio regionale del Veneto<\/figcaption><\/figure>\n<p>E&#8217; stata inaugurata oggi ad Agugliaro la tratta autostradale\u00a0Valdastico Sud alla presenza di autorit\u00e0 ed istituzioni, tra cui un gruppo di consiglieri regionali che vedeva nelle prime file Massimo Giorgetti (FI), Marino Zorzato (AP), Massimiliano Barison (FI), Stefano Valdegamberi (LZ), Sergio Berlato (FdI).<\/p>\n<p>Il presidente del Consiglio Regionale del Veneto Roberto Ciambetti ha espresso la soddisfazione &#8220;per un opera importante, che ho visto partire nel 2004, e che ora finalmente viene completata, a dimostrazione che in Veneto &#8211; come ha detto Luca Zaia &#8211; le grandi opere non solo vengono iniziate, ma vengono anche portate a compimento, per il bene del territorio regionale e di tutto il Paese&#8221;.<\/p>\n<p>&#8220;Questi 54 chilometri di stupenda autostrada inaugurati oggi &#8211; ha continuato il presidente del Consiglio regionale &#8211; sono un asse viario che avr\u00e0 un impatto enorme sulla vita quotidiana dei territori attraversati: porteranno uno sviluppo economico ed imprenditoriale sostanziale, favorendo spostamenti, rapporti economici, commercio e forniture, ma anche miglioreranno nel contempo la qualit\u00e0 della vita dei cittadini, spostando il traffico dei mezzi pesanti dai centri abitati, rendendoli cos\u00ec molto pi\u00f9 vivibili e meno inquinati&#8221;.<\/p>\n<p>Roberto Ciambetti ha concluso le sue dichiarazioni esprimendo compiacimento per le dichiarazioni rilasciate dal ministro Graziano Delrio, che durante l&#8217;inaugurazione parlando a tutto campo ha plaudito alla legge regionale del Veneto che per prima offre la possibilit\u00e0 di rivedere i project financing in ambito infrastrutturale: &#8220;\u00e8 molto positivo che il ministro Delrio abbia notato e plaudito l&#8217;innovazione introdotta dalla nostra legge sul project financing. Sarebbe a questo punto auspicabile che anche altre regioni acquisiscano questo nostro modello legislativo, utilizzandolo per dare nuovo spirito e nuovo respiro alla programmazione infrastrutturale in molte parti del Paese&#8221;.<\/p>\n<p>Anche\u00a0l\u2019ultimo tassello mancante, dunque, che consente, entrando in autostrada da Badia Polesine di accedere all&#8217;autostrada A4, Milano-Venezia e di collegare direttamente le provincie di Rovigo e Vicenza \u00e8 completato.<br \/>\nE si parla gi\u00e0 della Valdastico Nord fino a Trento, il completamento da Legnago (VR) ad Este (PD) della Strada regionale 10 Padana inferiore,\u00a0e della Nogara Mare. Il Veneto, insomma, si muove e se saranno i bellunesi, come 40 anni fa, a remare contro lo sbocco a Nord della Venezia-Monaco non ci dovremmo poi lamentare dell&#8217;isolamento della montagna e dello spopolamento.<\/p>\n<p>&nbsp;<\/p>","protected":false},"excerpt":{"rendered":"<p>E&#8217; stata inaugurata oggi ad Agugliaro la tratta autostradale\u00a0Valdastico Sud alla presenza di autorit\u00e0 ed istituzioni, tra cui un gruppo di consiglieri regionali che vedeva nelle prime file Massimo Giorgetti (FI), Marino Zorzato (AP), Massimiliano Barison (FI), Stefano Valdegamberi (LZ), Sergio Berlato (FdI). Il presidente del Consiglio Regionale del Veneto Roberto Ciambetti ha espresso la [&hellip;]<\/p>\n","protected":false},"author":2,"featured_media":0,"comment_status":"closed","ping_status":"open","sticky":false,"template":"","format":"standard","meta":{"footnotes":""},"categories":[1],"tags":[],"class_list":["post-71328","post","type-post","status-publish","format-standard","category-leo"],"yoast_head":"<!-- This site is optimized with the Yoast SEO plugin v28.4 - https:\/\/yoast.com\/product\/yoast-seo-wordpress\/ -->\n<title>Inaugurazione della Valdastico Sud. Ciambetti: &quot;Porter\u00e0 benefici immensi all&#039;economia e alla qualit\u00e0 della vita&quot; - Bellunopress - Dolomiti<\/title>\n<meta name=\"robots\" content=\"index, follow, max-snippet:-1, max-image-preview:large, max-video-preview:-1\" \/>\n<link rel=\"canonical\" href=\"https:\/\/www.bellunopress.it\/fr\/2015\/08\/31\/inaugurazione-della-valdastico-sud-ciambetti-portera-benefici-immensi-alleconomia-e-alla-qualita-della-vita\/\" \/>\n<meta property=\"og:locale\" content=\"fr_FR\" \/>\n<meta property=\"og:type\" content=\"article\" \/>\n<meta property=\"og:title\" content=\"Inaugurazione della Valdastico Sud. Ciambetti: &quot;Porter\u00e0 benefici immensi all&#039;economia e alla qualit\u00e0 della vita&quot; - Bellunopress - Dolomiti\" \/>\n<meta property=\"og:description\" content=\"E&#8217; stata inaugurata oggi ad Agugliaro la tratta autostradale\u00a0Valdastico Sud alla presenza di autorit\u00e0 ed istituzioni, tra cui un gruppo di consiglieri regionali che vedeva nelle prime file Massimo Giorgetti (FI), Marino Zorzato (AP), Massimiliano Barison (FI), Stefano Valdegamberi (LZ), Sergio Berlato (FdI). Il presidente del Consiglio Regionale del Veneto Roberto Ciambetti ha espresso la [&hellip;]\" \/>\n<meta property=\"og:url\" content=\"https:\/\/www.bellunopress.it\/fr\/2015\/08\/31\/inaugurazione-della-valdastico-sud-ciambetti-portera-benefici-immensi-alleconomia-e-alla-qualita-della-vita\/\" \/>\n<meta property=\"og:site_name\" content=\"Bellunopress - Dolomiti\" \/>\n<meta property=\"article:publisher\" content=\"https:\/\/www.facebook.com\/profile.php?id=100008943462799\" \/>\n<meta property=\"article:published_time\" content=\"2015-08-31T13:46:13+00:00\" \/>\n<meta property=\"article:modified_time\" content=\"2015-08-31T14:39:54+00:00\" \/>\n<meta property=\"og:image\" content=\"http:\/\/www.bellunopress.it\/wp-content\/uploads\/2015\/08\/ciambetti-valdastico-sud.jpg\" \/>\n<meta name=\"author\" content=\"redazione\" \/>\n<meta name=\"twitter:card\" content=\"summary_large_image\" \/>\n<meta name=\"twitter:creator\" content=\"@bellunopress\" \/>\n<meta name=\"twitter:site\" content=\"@bellunopress\" \/>\n<meta name=\"twitter:label1\" content=\"\u00c9crit par\" \/>\n\t<meta name=\"twitter:data1\" content=\"redazione\" \/>\n\t<meta name=\"twitter:label2\" content=\"Dur\u00e9e de lecture estim\u00e9e\" \/>\n\t<meta name=\"twitter:data2\" content=\"2 minutes\" \/>\n<script type=\"application\/ld+json\" class=\"yoast-schema-graph\">{\"@context\":\"https:\\\/\\\/schema.org\",\"@graph\":[{\"@type\":\"Article\",\"@id\":\"https:\\\/\\\/www.bellunopress.it\\\/2015\\\/08\\\/31\\\/inaugurazione-della-valdastico-sud-ciambetti-portera-benefici-immensi-alleconomia-e-alla-qualita-della-vita\\\/#article\",\"isPartOf\":{\"@id\":\"https:\\\/\\\/www.bellunopress.it\\\/2015\\\/08\\\/31\\\/inaugurazione-della-valdastico-sud-ciambetti-portera-benefici-immensi-alleconomia-e-alla-qualita-della-vita\\\/\"},\"author\":{\"name\":\"redazione\",\"@id\":\"https:\\\/\\\/www.bellunopress.it\\\/#\\\/schema\\\/person\\\/79bb06722b37ece1c03d3e94beb30d73\"},\"headline\":\"Inaugurazione della Valdastico Sud. Ciambetti: &#8220;Porter\u00e0 benefici immensi all&#8217;economia e alla qualit\u00e0 della vita&#8221;\",\"datePublished\":\"2015-08-31T13:46:13+00:00\",\"dateModified\":\"2015-08-31T14:39:54+00:00\",\"mainEntityOfPage\":{\"@id\":\"https:\\\/\\\/www.bellunopress.it\\\/2015\\\/08\\\/31\\\/inaugurazione-della-valdastico-sud-ciambetti-portera-benefici-immensi-alleconomia-e-alla-qualita-della-vita\\\/\"},\"wordCount\":398,\"publisher\":{\"@id\":\"https:\\\/\\\/www.bellunopress.it\\\/#organization\"},\"image\":{\"@id\":\"https:\\\/\\\/www.bellunopress.it\\\/2015\\\/08\\\/31\\\/inaugurazione-della-valdastico-sud-ciambetti-portera-benefici-immensi-alleconomia-e-alla-qualita-della-vita\\\/#primaryimage\"},\"thumbnailUrl\":\"http:\\\/\\\/www.bellunopress.it\\\/wp-content\\\/uploads\\\/2015\\\/08\\\/ciambetti-valdastico-sud.jpg\",\"articleSection\":[\"Lettere Opinioni\"],\"inLanguage\":\"fr-FR\"},{\"@type\":\"WebPage\",\"@id\":\"https:\\\/\\\/www.bellunopress.it\\\/2015\\\/08\\\/31\\\/inaugurazione-della-valdastico-sud-ciambetti-portera-benefici-immensi-alleconomia-e-alla-qualita-della-vita\\\/\",\"url\":\"https:\\\/\\\/www.bellunopress.it\\\/2015\\\/08\\\/31\\\/inaugurazione-della-valdastico-sud-ciambetti-portera-benefici-immensi-alleconomia-e-alla-qualita-della-vita\\\/\",\"name\":\"Inaugurazione della Valdastico Sud. Ciambetti: \\\"Porter\u00e0 benefici immensi all'economia e alla qualit\u00e0 della vita\\\" - Bellunopress - Dolomiti\",\"isPartOf\":{\"@id\":\"https:\\\/\\\/www.bellunopress.it\\\/#website\"},\"primaryImageOfPage\":{\"@id\":\"https:\\\/\\\/www.bellunopress.it\\\/2015\\\/08\\\/31\\\/inaugurazione-della-valdastico-sud-ciambetti-portera-benefici-immensi-alleconomia-e-alla-qualita-della-vita\\\/#primaryimage\"},\"image\":{\"@id\":\"https:\\\/\\\/www.bellunopress.it\\\/2015\\\/08\\\/31\\\/inaugurazione-della-valdastico-sud-ciambetti-portera-benefici-immensi-alleconomia-e-alla-qualita-della-vita\\\/#primaryimage\"},\"thumbnailUrl\":\"http:\\\/\\\/www.bellunopress.it\\\/wp-content\\\/uploads\\\/2015\\\/08\\\/ciambetti-valdastico-sud.jpg\",\"datePublished\":\"2015-08-31T13:46:13+00:00\",\"dateModified\":\"2015-08-31T14:39:54+00:00\",\"breadcrumb\":{\"@id\":\"https:\\\/\\\/www.bellunopress.it\\\/2015\\\/08\\\/31\\\/inaugurazione-della-valdastico-sud-ciambetti-portera-benefici-immensi-alleconomia-e-alla-qualita-della-vita\\\/#breadcrumb\"},\"inLanguage\":\"fr-FR\",\"potentialAction\":[{\"@type\":\"ReadAction\",\"target\":[\"https:\\\/\\\/www.bellunopress.it\\\/2015\\\/08\\\/31\\\/inaugurazione-della-valdastico-sud-ciambetti-portera-benefici-immensi-alleconomia-e-alla-qualita-della-vita\\\/\"]}]},{\"@type\":\"ImageObject\",\"inLanguage\":\"fr-FR\",\"@id\":\"https:\\\/\\\/www.bellunopress.it\\\/2015\\\/08\\\/31\\\/inaugurazione-della-valdastico-sud-ciambetti-portera-benefici-immensi-alleconomia-e-alla-qualita-della-vita\\\/#primaryimage\",\"url\":\"http:\\\/\\\/www.bellunopress.it\\\/wp-content\\\/uploads\\\/2015\\\/08\\\/ciambetti-valdastico-sud.jpg\",\"contentUrl\":\"http:\\\/\\\/www.bellunopress.it\\\/wp-content\\\/uploads\\\/2015\\\/08\\\/ciambetti-valdastico-sud.jpg\"},{\"@type\":\"BreadcrumbList\",\"@id\":\"https:\\\/\\\/www.bellunopress.it\\\/2015\\\/08\\\/31\\\/inaugurazione-della-valdastico-sud-ciambetti-portera-benefici-immensi-alleconomia-e-alla-qualita-della-vita\\\/#breadcrumb\",\"itemListElement\":[{\"@type\":\"ListItem\",\"position\":1,\"name\":\"Home\",\"item\":\"https:\\\/\\\/www.bellunopress.it\\\/\"},{\"@type\":\"ListItem\",\"position\":2,\"name\":\"Inaugurazione della Valdastico Sud. Ciambetti: &#8220;Porter\u00e0 benefici immensi all&#8217;economia e alla qualit\u00e0 della vita&#8221;\"}]},{\"@type\":\"WebSite\",\"@id\":\"https:\\\/\\\/www.bellunopress.it\\\/#website\",\"url\":\"https:\\\/\\\/www.bellunopress.it\\\/\",\"name\":\"Bellunopress - Dolomiti\",\"description\":\"e-mail: redazione@bellunopress.it\",\"publisher\":{\"@id\":\"https:\\\/\\\/www.bellunopress.it\\\/#organization\"},\"potentialAction\":[{\"@type\":\"SearchAction\",\"target\":{\"@type\":\"EntryPoint\",\"urlTemplate\":\"https:\\\/\\\/www.bellunopress.it\\\/?s={search_term_string}\"},\"query-input\":{\"@type\":\"PropertyValueSpecification\",\"valueRequired\":true,\"valueName\":\"search_term_string\"}}],\"inLanguage\":\"fr-FR\"},{\"@type\":\"Organization\",\"@id\":\"https:\\\/\\\/www.bellunopress.it\\\/#organization\",\"name\":\"Bellunopress\",\"url\":\"https:\\\/\\\/www.bellunopress.it\\\/\",\"logo\":{\"@type\":\"ImageObject\",\"inLanguage\":\"fr-FR\",\"@id\":\"https:\\\/\\\/www.bellunopress.it\\\/#\\\/schema\\\/logo\\\/image\\\/\",\"url\":\"https:\\\/\\\/www.bellunopress.it\\\/wp-content\\\/uploads\\\/2011\\\/05\\\/cropped-logo-bellunopress-.jpg\",\"contentUrl\":\"https:\\\/\\\/www.bellunopress.it\\\/wp-content\\\/uploads\\\/2011\\\/05\\\/cropped-logo-bellunopress-.jpg\",\"width\":512,\"height\":512,\"caption\":\"Bellunopress\"},\"image\":{\"@id\":\"https:\\\/\\\/www.bellunopress.it\\\/#\\\/schema\\\/logo\\\/image\\\/\"},\"sameAs\":[\"https:\\\/\\\/www.facebook.com\\\/profile.php?id=100008943462799\",\"https:\\\/\\\/x.com\\\/bellunopress\",\"https:\\\/\\\/www.linkedin.com\\\/hp\\\/?dnr=JBzUWaJfMUw8vbXJJ2tVW5-I3jZKvC4wsoxE&amp;amp;amp;amp;amp;amp;trk=nav_responsive_tab_home\",\"https:\\\/\\\/www.youtube.com\\\/channel\\\/UCxL0wu1uN0_3_7hGG0306cw\"]},{\"@type\":\"Person\",\"@id\":\"https:\\\/\\\/www.bellunopress.it\\\/#\\\/schema\\\/person\\\/79bb06722b37ece1c03d3e94beb30d73\",\"name\":\"redazione\",\"image\":{\"@type\":\"ImageObject\",\"inLanguage\":\"fr-FR\",\"@id\":\"https:\\\/\\\/secure.gravatar.com\\\/avatar\\\/37d968a2e67a6fd04c169c4bdef102d0bc5d31b2546345219e348575eb80e9a0?s=96&d=mm&r=g\",\"url\":\"https:\\\/\\\/secure.gravatar.com\\\/avatar\\\/37d968a2e67a6fd04c169c4bdef102d0bc5d31b2546345219e348575eb80e9a0?s=96&d=mm&r=g\",\"contentUrl\":\"https:\\\/\\\/secure.gravatar.com\\\/avatar\\\/37d968a2e67a6fd04c169c4bdef102d0bc5d31b2546345219e348575eb80e9a0?s=96&d=mm&r=g\",\"caption\":\"redazione\"},\"sameAs\":[\"http:\\\/\\\/www.bellunopress.it\",\"https:\\\/\\\/x.com\\\/bellunopress\"],\"url\":\"https:\\\/\\\/www.bellunopress.it\\\/fr\\\/author\\\/redazione\\\/\"}]}<\/script>\n<!-- \/ Yoast SEO plugin. -->","yoast_head_json":{"title":"Inaugurazione della Valdastico Sud. Ciambetti: \"Porter\u00e0 benefici immensi all'economia e alla qualit\u00e0 della vita\" - Bellunopress - Dolomiti","robots":{"index":"index","follow":"follow","max-snippet":"max-snippet:-1","max-image-preview":"max-image-preview:large","max-video-preview":"max-video-preview:-1"},"canonical":"https:\/\/www.bellunopress.it\/fr\/2015\/08\/31\/inaugurazione-della-valdastico-sud-ciambetti-portera-benefici-immensi-alleconomia-e-alla-qualita-della-vita\/","og_locale":"fr_FR","og_type":"article","og_title":"Inaugurazione della Valdastico Sud. Ciambetti: \"Porter\u00e0 benefici immensi all'economia e alla qualit\u00e0 della vita\" - Bellunopress - Dolomiti","og_description":"E&#8217; stata inaugurata oggi ad Agugliaro la tratta autostradale\u00a0Valdastico Sud alla presenza di autorit\u00e0 ed istituzioni, tra cui un gruppo di consiglieri regionali che vedeva nelle prime file Massimo Giorgetti (FI), Marino Zorzato (AP), Massimiliano Barison (FI), Stefano Valdegamberi (LZ), Sergio Berlato (FdI). Il presidente del Consiglio Regionale del Veneto Roberto Ciambetti ha espresso la [&hellip;]","og_url":"https:\/\/www.bellunopress.it\/fr\/2015\/08\/31\/inaugurazione-della-valdastico-sud-ciambetti-portera-benefici-immensi-alleconomia-e-alla-qualita-della-vita\/","og_site_name":"Bellunopress - Dolomiti","article_publisher":"https:\/\/www.facebook.com\/profile.php?id=100008943462799","article_published_time":"2015-08-31T13:46:13+00:00","article_modified_time":"2015-08-31T14:39:54+00:00","og_image":[{"url":"http:\/\/www.bellunopress.it\/wp-content\/uploads\/2015\/08\/ciambetti-valdastico-sud.jpg","type":"","width":"","height":""}],"author":"redazione","twitter_card":"summary_large_image","twitter_creator":"@bellunopress","twitter_site":"@bellunopress","twitter_misc":{"\u00c9crit par":"redazione","Dur\u00e9e de lecture estim\u00e9e":"2 minutes"},"schema":{"@context":"https:\/\/schema.org","@graph":[{"@type":"Article","@id":"https:\/\/www.bellunopress.it\/2015\/08\/31\/inaugurazione-della-valdastico-sud-ciambetti-portera-benefici-immensi-alleconomia-e-alla-qualita-della-vita\/#article","isPartOf":{"@id":"https:\/\/www.bellunopress.it\/2015\/08\/31\/inaugurazione-della-valdastico-sud-ciambetti-portera-benefici-immensi-alleconomia-e-alla-qualita-della-vita\/"},"author":{"name":"redazione","@id":"https:\/\/www.bellunopress.it\/#\/schema\/person\/79bb06722b37ece1c03d3e94beb30d73"},"headline":"Inaugurazione della Valdastico Sud. Ciambetti: &#8220;Porter\u00e0 benefici immensi all&#8217;economia e alla qualit\u00e0 della vita&#8221;","datePublished":"2015-08-31T13:46:13+00:00","dateModified":"2015-08-31T14:39:54+00:00","mainEntityOfPage":{"@id":"https:\/\/www.bellunopress.it\/2015\/08\/31\/inaugurazione-della-valdastico-sud-ciambetti-portera-benefici-immensi-alleconomia-e-alla-qualita-della-vita\/"},"wordCount":398,"publisher":{"@id":"https:\/\/www.bellunopress.it\/#organization"},"image":{"@id":"https:\/\/www.bellunopress.it\/2015\/08\/31\/inaugurazione-della-valdastico-sud-ciambetti-portera-benefici-immensi-alleconomia-e-alla-qualita-della-vita\/#primaryimage"},"thumbnailUrl":"http:\/\/www.bellunopress.it\/wp-content\/uploads\/2015\/08\/ciambetti-valdastico-sud.jpg","articleSection":["Lettere Opinioni"],"inLanguage":"fr-FR"},{"@type":"WebPage","@id":"https:\/\/www.bellunopress.it\/2015\/08\/31\/inaugurazione-della-valdastico-sud-ciambetti-portera-benefici-immensi-alleconomia-e-alla-qualita-della-vita\/","url":"https:\/\/www.bellunopress.it\/2015\/08\/31\/inaugurazione-della-valdastico-sud-ciambetti-portera-benefici-immensi-alleconomia-e-alla-qualita-della-vita\/","name":"Inaugurazione della Valdastico Sud. Ciambetti: \"Porter\u00e0 benefici immensi all'economia e alla qualit\u00e0 della vita\" - Bellunopress - Dolomiti","isPartOf":{"@id":"https:\/\/www.bellunopress.it\/#website"},"primaryImageOfPage":{"@id":"https:\/\/www.bellunopress.it\/2015\/08\/31\/inaugurazione-della-valdastico-sud-ciambetti-portera-benefici-immensi-alleconomia-e-alla-qualita-della-vita\/#primaryimage"},"image":{"@id":"https:\/\/www.bellunopress.it\/2015\/08\/31\/inaugurazione-della-valdastico-sud-ciambetti-portera-benefici-immensi-alleconomia-e-alla-qualita-della-vita\/#primaryimage"},"thumbnailUrl":"http:\/\/www.bellunopress.it\/wp-content\/uploads\/2015\/08\/ciambetti-valdastico-sud.jpg","datePublished":"2015-08-31T13:46:13+00:00","dateModified":"2015-08-31T14:39:54+00:00","breadcrumb":{"@id":"https:\/\/www.bellunopress.it\/2015\/08\/31\/inaugurazione-della-valdastico-sud-ciambetti-portera-benefici-immensi-alleconomia-e-alla-qualita-della-vita\/#breadcrumb"},"inLanguage":"fr-FR","potentialAction":[{"@type":"ReadAction","target":["https:\/\/www.bellunopress.it\/2015\/08\/31\/inaugurazione-della-valdastico-sud-ciambetti-portera-benefici-immensi-alleconomia-e-alla-qualita-della-vita\/"]}]},{"@type":"ImageObject","inLanguage":"fr-FR","@id":"https:\/\/www.bellunopress.it\/2015\/08\/31\/inaugurazione-della-valdastico-sud-ciambetti-portera-benefici-immensi-alleconomia-e-alla-qualita-della-vita\/#primaryimage","url":"http:\/\/www.bellunopress.it\/wp-content\/uploads\/2015\/08\/ciambetti-valdastico-sud.jpg","contentUrl":"http:\/\/www.bellunopress.it\/wp-content\/uploads\/2015\/08\/ciambetti-valdastico-sud.jpg"},{"@type":"BreadcrumbList","@id":"https:\/\/www.bellunopress.it\/2015\/08\/31\/inaugurazione-della-valdastico-sud-ciambetti-portera-benefici-immensi-alleconomia-e-alla-qualita-della-vita\/#breadcrumb","itemListElement":[{"@type":"ListItem","position":1,"name":"Home","item":"https:\/\/www.bellunopress.it\/"},{"@type":"ListItem","position":2,"name":"Inaugurazione della Valdastico Sud. Ciambetti: &#8220;Porter\u00e0 benefici immensi all&#8217;economia e alla qualit\u00e0 della vita&#8221;"}]},{"@type":"WebSite","@id":"https:\/\/www.bellunopress.it\/#website","url":"https:\/\/www.bellunopress.it\/","name":"Bellunopress - Dolomiti","description":"e-mail: redazione@bellunopress.it","publisher":{"@id":"https:\/\/www.bellunopress.it\/#organization"},"potentialAction":[{"@type":"SearchAction","target":{"@type":"EntryPoint","urlTemplate":"https:\/\/www.bellunopress.it\/?s={search_term_string}"},"query-input":{"@type":"PropertyValueSpecification","valueRequired":true,"valueName":"search_term_string"}}],"inLanguage":"fr-FR"},{"@type":"Organization","@id":"https:\/\/www.bellunopress.it\/#organization","name":"Bellunopress","url":"https:\/\/www.bellunopress.it\/","logo":{"@type":"ImageObject","inLanguage":"fr-FR","@id":"https:\/\/www.bellunopress.it\/#\/schema\/logo\/image\/","url":"https:\/\/www.bellunopress.it\/wp-content\/uploads\/2011\/05\/cropped-logo-bellunopress-.jpg","contentUrl":"https:\/\/www.bellunopress.it\/wp-content\/uploads\/2011\/05\/cropped-logo-bellunopress-.jpg","width":512,"height":512,"caption":"Bellunopress"},"image":{"@id":"https:\/\/www.bellunopress.it\/#\/schema\/logo\/image\/"},"sameAs":["https:\/\/www.facebook.com\/profile.php?id=100008943462799","https:\/\/x.com\/bellunopress","https:\/\/www.linkedin.com\/hp\/?dnr=JBzUWaJfMUw8vbXJJ2tVW5-I3jZKvC4wsoxE&amp;amp;amp;amp;amp;amp;trk=nav_responsive_tab_home","https:\/\/www.youtube.com\/channel\/UCxL0wu1uN0_3_7hGG0306cw"]},{"@type":"Person","@id":"https:\/\/www.bellunopress.it\/#\/schema\/person\/79bb06722b37ece1c03d3e94beb30d73","name":"r\u00e9daction","image":{"@type":"ImageObject","inLanguage":"fr-FR","@id":"https:\/\/secure.gravatar.com\/avatar\/37d968a2e67a6fd04c169c4bdef102d0bc5d31b2546345219e348575eb80e9a0?s=96&d=mm&r=g","url":"https:\/\/secure.gravatar.com\/avatar\/37d968a2e67a6fd04c169c4bdef102d0bc5d31b2546345219e348575eb80e9a0?s=96&d=mm&r=g","contentUrl":"https:\/\/secure.gravatar.com\/avatar\/37d968a2e67a6fd04c169c4bdef102d0bc5d31b2546345219e348575eb80e9a0?s=96&d=mm&r=g","caption":"redazione"},"sameAs":["http:\/\/www.bellunopress.it","https:\/\/x.com\/bellunopress"],"url":"https:\/\/www.bellunopress.it\/fr\/author\/redazione\/"}]}},"_links":{"self":[{"href":"https:\/\/www.bellunopress.it\/fr\/wp-json\/wp\/v2\/posts\/71328","targetHints":{"allow":["GET"]}}],"collection":[{"href":"https:\/\/www.bellunopress.it\/fr\/wp-json\/wp\/v2\/posts"}],"about":[{"href":"https:\/\/www.bellunopress.it\/fr\/wp-json\/wp\/v2\/types\/post"}],"author":[{"embeddable":true,"href":"https:\/\/www.bellunopress.it\/fr\/wp-json\/wp\/v2\/users\/2"}],"replies":[{"embeddable":true,"href":"https:\/\/www.bellunopress.it\/fr\/wp-json\/wp\/v2\/comments?post=71328"}],"version-history":[{"count":4,"href":"https:\/\/www.bellunopress.it\/fr\/wp-json\/wp\/v2\/posts\/71328\/revisions"}],"predecessor-version":[{"id":71335,"href":"https:\/\/www.bellunopress.it\/fr\/wp-json\/wp\/v2\/posts\/71328\/revisions\/71335"}],"wp:attachment":[{"href":"https:\/\/www.bellunopress.it\/fr\/wp-json\/wp\/v2\/media?parent=71328"}],"wp:term":[{"taxonomy":"category","embeddable":true,"href":"https:\/\/www.bellunopress.it\/fr\/wp-json\/wp\/v2\/categories?post=71328"},{"taxonomy":"post_tag","embeddable":true,"href":"https:\/\/www.bellunopress.it\/fr\/wp-json\/wp\/v2\/tags?post=71328"}],"curies":[{"name":"wp","href":"https:\/\/api.w.org\/{rel}","templated":true}]}}