{"id":7128,"date":"2009-08-19T22:34:56","date_gmt":"2009-08-19T21:34:56","guid":{"rendered":"http:\/\/www.bellunopress.it\/?p=7128"},"modified":"2009-08-19T22:34:56","modified_gmt":"2009-08-19T21:34:56","slug":"il-comune-di-belluno-cede-alcune-pertinenze-del-rifugio-7mo-alpini-al-cai","status":"publish","type":"post","link":"https:\/\/www.bellunopress.it\/fr\/2009\/08\/19\/il-comune-di-belluno-cede-alcune-pertinenze-del-rifugio-7mo-alpini-al-cai\/","title":{"rendered":"Il Comune di Belluno cede alcune pertinenze del rifugio 7mo Alpini al Cai"},"content":{"rendered":"<p style=\"text-align: left;\">Marted\u00ec mattina a Palazzo Rosso, presente anche l&#8217;assessore al patrimonio, Tiziana Martire, il sindaco di Belluno, Antonio Prade ha incontrato il presidente della Sezione di Belluno del Club Alpino Italiano, Alessandro Farinazzo. L&#8217;incontro, richiesto dal Cai, aveva per oggetto l&#8217;acquisto di alcune pertinenze del rifugio 7\u00b0 Alpini (tra le quali la chiesetta), oggi di propriet\u00e0 comunale ma ritenute necessarie dal CAI per una migliore manutenzione e presentazione del rifugio. La risposta del sindaco \u00e8 stata positiva e nei prossimi giorni gli uffici lavoreranno per il trasferimento della propriet\u00e0. Nelle settimane scorse gi\u00e0 si era avviata una preziosa collaborazione fra Comune di Belluno e CAI su di una realt\u00e0 piccola ma importante, quella della sistemazione della segnaletica nella zona del sentiero Vaus. Si tratta di un luogo di straordinaria bellezza ma anche di gravi incidenti, ultimo quello costato la vita a Paolo Longi lo scorso luglio. L&#8217;incontro \u00e8 dunque servito anche per condividere la criticit\u00e0 della segnaletica di molti sentieri del Comune, criticit\u00e0 in buona parte derivante da un quadro di competenze poco chiaro. Inoltre molte consuetudini, anche se dovute alla buona volont\u00e0, non hanno sempre prodotto una realt\u00e0 di sicurezza e di trasparenza. E questo vale sia per i sentieri che per le vie ferrate della Schiara. \u201cDobbiamo uscire da queste incertezze &#8211; ha detto il sindaco Antonio Prade &#8211; ne va del buon nome del nostro comune. La collaborazione con le donne e gli uomini del CAI, ma non solo, ci aiuter\u00e0 a venire a capo di questi problemi. Noi abbiamo l&#8217;obiettivo di una segnaletica evidente, completa e sicura su tutto il nostro comune, per tutti i nostri sentieri e per le vie ferrate. Dunque i prossimi giorni proseguir\u00e0 il nostro lavoro per mettere bene a fuoco la situazione esistente. Poi arriveranno le soluzioni\u201d.<\/p>","protected":false},"excerpt":{"rendered":"<p>Marted\u00ec mattina a Palazzo Rosso, presente anche l&#8217;assessore al patrimonio, Tiziana Martire, il sindaco di Belluno, Antonio Prade ha incontrato il presidente della Sezione di Belluno del Club Alpino Italiano, Alessandro Farinazzo. L&#8217;incontro, richiesto dal Cai, aveva per oggetto l&#8217;acquisto di alcune pertinenze del rifugio 7\u00b0 Alpini (tra le quali la chiesetta), oggi di propriet\u00e0 [&hellip;]<\/p>\n","protected":false},"author":2,"featured_media":0,"comment_status":"closed","ping_status":"open","sticky":false,"template":"","format":"standard","meta":{"footnotes":""},"categories":[5,26],"tags":[139],"class_list":["post-7128","post","type-post","status-publish","format-standard","category-cronaca","category-prima-pagina","tag-belluno"],"yoast_head":"<!-- This site is optimized with the Yoast SEO plugin v28.4 - https:\/\/yoast.com\/product\/yoast-seo-wordpress\/ -->\n<title>Il Comune di Belluno cede alcune pertinenze del rifugio 7mo Alpini al Cai - Bellunopress - Dolomiti<\/title>\n<meta name=\"robots\" content=\"index, follow, max-snippet:-1, max-image-preview:large, max-video-preview:-1\" \/>\n<link rel=\"canonical\" href=\"https:\/\/www.bellunopress.it\/fr\/2009\/08\/19\/il-comune-di-belluno-cede-alcune-pertinenze-del-rifugio-7mo-alpini-al-cai\/\" \/>\n<meta property=\"og:locale\" content=\"fr_FR\" \/>\n<meta property=\"og:type\" content=\"article\" \/>\n<meta property=\"og:title\" content=\"Il Comune di Belluno cede alcune pertinenze del rifugio 7mo Alpini al Cai - Bellunopress - Dolomiti\" \/>\n<meta property=\"og:description\" content=\"Marted\u00ec mattina a Palazzo Rosso, presente anche l&#8217;assessore al patrimonio, Tiziana Martire, il sindaco di Belluno, Antonio Prade ha incontrato il presidente della Sezione di Belluno del Club Alpino Italiano, Alessandro Farinazzo. L&#8217;incontro, richiesto dal Cai, aveva per oggetto l&#8217;acquisto di alcune pertinenze del rifugio 7\u00b0 Alpini (tra le quali la chiesetta), oggi di propriet\u00e0 [&hellip;]\" \/>\n<meta property=\"og:url\" content=\"https:\/\/www.bellunopress.it\/fr\/2009\/08\/19\/il-comune-di-belluno-cede-alcune-pertinenze-del-rifugio-7mo-alpini-al-cai\/\" \/>\n<meta property=\"og:site_name\" content=\"Bellunopress - Dolomiti\" \/>\n<meta property=\"article:publisher\" content=\"https:\/\/www.facebook.com\/profile.php?id=100008943462799\" \/>\n<meta property=\"article:published_time\" content=\"2009-08-19T21:34:56+00:00\" \/>\n<meta property=\"og:image\" content=\"http:\/\/www.bellunopress.it\/wp-content\/uploads\/2012\/07\/logo-bellunopress-250x250-2012.jpg\" \/>\n<meta name=\"author\" content=\"redazione\" \/>\n<meta name=\"twitter:card\" content=\"summary_large_image\" \/>\n<meta name=\"twitter:creator\" content=\"@bellunopress\" \/>\n<meta name=\"twitter:site\" content=\"@bellunopress\" \/>\n<meta name=\"twitter:label1\" content=\"\u00c9crit par\" \/>\n\t<meta name=\"twitter:data1\" content=\"redazione\" \/>\n\t<meta name=\"twitter:label2\" content=\"Dur\u00e9e de lecture estim\u00e9e\" \/>\n\t<meta name=\"twitter:data2\" content=\"1 minute\" \/>\n<script type=\"application\/ld+json\" class=\"yoast-schema-graph\">{\"@context\":\"https:\\\/\\\/schema.org\",\"@graph\":[{\"@type\":\"Article\",\"@id\":\"https:\\\/\\\/www.bellunopress.it\\\/2009\\\/08\\\/19\\\/il-comune-di-belluno-cede-alcune-pertinenze-del-rifugio-7mo-alpini-al-cai\\\/#article\",\"isPartOf\":{\"@id\":\"https:\\\/\\\/www.bellunopress.it\\\/2009\\\/08\\\/19\\\/il-comune-di-belluno-cede-alcune-pertinenze-del-rifugio-7mo-alpini-al-cai\\\/\"},\"author\":{\"name\":\"redazione\",\"@id\":\"https:\\\/\\\/www.bellunopress.it\\\/#\\\/schema\\\/person\\\/79bb06722b37ece1c03d3e94beb30d73\"},\"headline\":\"Il Comune di Belluno cede alcune pertinenze del rifugio 7mo Alpini al Cai\",\"datePublished\":\"2009-08-19T21:34:56+00:00\",\"mainEntityOfPage\":{\"@id\":\"https:\\\/\\\/www.bellunopress.it\\\/2009\\\/08\\\/19\\\/il-comune-di-belluno-cede-alcune-pertinenze-del-rifugio-7mo-alpini-al-cai\\\/\"},\"wordCount\":310,\"publisher\":{\"@id\":\"https:\\\/\\\/www.bellunopress.it\\\/#organization\"},\"keywords\":[\"Belluno\"],\"articleSection\":[\"Cronaca\\\/Politica\",\"Prima Pagina\"],\"inLanguage\":\"fr-FR\"},{\"@type\":\"WebPage\",\"@id\":\"https:\\\/\\\/www.bellunopress.it\\\/2009\\\/08\\\/19\\\/il-comune-di-belluno-cede-alcune-pertinenze-del-rifugio-7mo-alpini-al-cai\\\/\",\"url\":\"https:\\\/\\\/www.bellunopress.it\\\/2009\\\/08\\\/19\\\/il-comune-di-belluno-cede-alcune-pertinenze-del-rifugio-7mo-alpini-al-cai\\\/\",\"name\":\"Il Comune di Belluno cede alcune pertinenze del rifugio 7mo Alpini al Cai - Bellunopress - Dolomiti\",\"isPartOf\":{\"@id\":\"https:\\\/\\\/www.bellunopress.it\\\/#website\"},\"datePublished\":\"2009-08-19T21:34:56+00:00\",\"breadcrumb\":{\"@id\":\"https:\\\/\\\/www.bellunopress.it\\\/2009\\\/08\\\/19\\\/il-comune-di-belluno-cede-alcune-pertinenze-del-rifugio-7mo-alpini-al-cai\\\/#breadcrumb\"},\"inLanguage\":\"fr-FR\",\"potentialAction\":[{\"@type\":\"ReadAction\",\"target\":[\"https:\\\/\\\/www.bellunopress.it\\\/2009\\\/08\\\/19\\\/il-comune-di-belluno-cede-alcune-pertinenze-del-rifugio-7mo-alpini-al-cai\\\/\"]}]},{\"@type\":\"BreadcrumbList\",\"@id\":\"https:\\\/\\\/www.bellunopress.it\\\/2009\\\/08\\\/19\\\/il-comune-di-belluno-cede-alcune-pertinenze-del-rifugio-7mo-alpini-al-cai\\\/#breadcrumb\",\"itemListElement\":[{\"@type\":\"ListItem\",\"position\":1,\"name\":\"Home\",\"item\":\"https:\\\/\\\/www.bellunopress.it\\\/\"},{\"@type\":\"ListItem\",\"position\":2,\"name\":\"Il Comune di Belluno cede alcune pertinenze del rifugio 7mo Alpini al Cai\"}]},{\"@type\":\"WebSite\",\"@id\":\"https:\\\/\\\/www.bellunopress.it\\\/#website\",\"url\":\"https:\\\/\\\/www.bellunopress.it\\\/\",\"name\":\"Bellunopress - Dolomiti\",\"description\":\"e-mail: redazione@bellunopress.it\",\"publisher\":{\"@id\":\"https:\\\/\\\/www.bellunopress.it\\\/#organization\"},\"potentialAction\":[{\"@type\":\"SearchAction\",\"target\":{\"@type\":\"EntryPoint\",\"urlTemplate\":\"https:\\\/\\\/www.bellunopress.it\\\/?s={search_term_string}\"},\"query-input\":{\"@type\":\"PropertyValueSpecification\",\"valueRequired\":true,\"valueName\":\"search_term_string\"}}],\"inLanguage\":\"fr-FR\"},{\"@type\":\"Organization\",\"@id\":\"https:\\\/\\\/www.bellunopress.it\\\/#organization\",\"name\":\"Bellunopress\",\"url\":\"https:\\\/\\\/www.bellunopress.it\\\/\",\"logo\":{\"@type\":\"ImageObject\",\"inLanguage\":\"fr-FR\",\"@id\":\"https:\\\/\\\/www.bellunopress.it\\\/#\\\/schema\\\/logo\\\/image\\\/\",\"url\":\"https:\\\/\\\/www.bellunopress.it\\\/wp-content\\\/uploads\\\/2011\\\/05\\\/cropped-logo-bellunopress-.jpg\",\"contentUrl\":\"https:\\\/\\\/www.bellunopress.it\\\/wp-content\\\/uploads\\\/2011\\\/05\\\/cropped-logo-bellunopress-.jpg\",\"width\":512,\"height\":512,\"caption\":\"Bellunopress\"},\"image\":{\"@id\":\"https:\\\/\\\/www.bellunopress.it\\\/#\\\/schema\\\/logo\\\/image\\\/\"},\"sameAs\":[\"https:\\\/\\\/www.facebook.com\\\/profile.php?id=100008943462799\",\"https:\\\/\\\/x.com\\\/bellunopress\",\"https:\\\/\\\/www.linkedin.com\\\/hp\\\/?dnr=JBzUWaJfMUw8vbXJJ2tVW5-I3jZKvC4wsoxE&amp;amp;amp;amp;amp;amp;trk=nav_responsive_tab_home\",\"https:\\\/\\\/www.youtube.com\\\/channel\\\/UCxL0wu1uN0_3_7hGG0306cw\"]},{\"@type\":\"Person\",\"@id\":\"https:\\\/\\\/www.bellunopress.it\\\/#\\\/schema\\\/person\\\/79bb06722b37ece1c03d3e94beb30d73\",\"name\":\"redazione\",\"image\":{\"@type\":\"ImageObject\",\"inLanguage\":\"fr-FR\",\"@id\":\"https:\\\/\\\/secure.gravatar.com\\\/avatar\\\/37d968a2e67a6fd04c169c4bdef102d0bc5d31b2546345219e348575eb80e9a0?s=96&d=mm&r=g\",\"url\":\"https:\\\/\\\/secure.gravatar.com\\\/avatar\\\/37d968a2e67a6fd04c169c4bdef102d0bc5d31b2546345219e348575eb80e9a0?s=96&d=mm&r=g\",\"contentUrl\":\"https:\\\/\\\/secure.gravatar.com\\\/avatar\\\/37d968a2e67a6fd04c169c4bdef102d0bc5d31b2546345219e348575eb80e9a0?s=96&d=mm&r=g\",\"caption\":\"redazione\"},\"sameAs\":[\"http:\\\/\\\/www.bellunopress.it\",\"https:\\\/\\\/x.com\\\/bellunopress\"],\"url\":\"https:\\\/\\\/www.bellunopress.it\\\/fr\\\/author\\\/redazione\\\/\"}]}<\/script>\n<!-- \/ Yoast SEO plugin. -->","yoast_head_json":{"title":"Il Comune di Belluno cede alcune pertinenze del rifugio 7mo Alpini al Cai - Bellunopress - Dolomiti","robots":{"index":"index","follow":"follow","max-snippet":"max-snippet:-1","max-image-preview":"max-image-preview:large","max-video-preview":"max-video-preview:-1"},"canonical":"https:\/\/www.bellunopress.it\/fr\/2009\/08\/19\/il-comune-di-belluno-cede-alcune-pertinenze-del-rifugio-7mo-alpini-al-cai\/","og_locale":"fr_FR","og_type":"article","og_title":"Il Comune di Belluno cede alcune pertinenze del rifugio 7mo Alpini al Cai - Bellunopress - Dolomiti","og_description":"Marted\u00ec mattina a Palazzo Rosso, presente anche l&#8217;assessore al patrimonio, Tiziana Martire, il sindaco di Belluno, Antonio Prade ha incontrato il presidente della Sezione di Belluno del Club Alpino Italiano, Alessandro Farinazzo. L&#8217;incontro, richiesto dal Cai, aveva per oggetto l&#8217;acquisto di alcune pertinenze del rifugio 7\u00b0 Alpini (tra le quali la chiesetta), oggi di propriet\u00e0 [&hellip;]","og_url":"https:\/\/www.bellunopress.it\/fr\/2009\/08\/19\/il-comune-di-belluno-cede-alcune-pertinenze-del-rifugio-7mo-alpini-al-cai\/","og_site_name":"Bellunopress - Dolomiti","article_publisher":"https:\/\/www.facebook.com\/profile.php?id=100008943462799","article_published_time":"2009-08-19T21:34:56+00:00","og_image":[{"url":"http:\/\/www.bellunopress.it\/wp-content\/uploads\/2012\/07\/logo-bellunopress-250x250-2012.jpg","type":"","width":"","height":""}],"author":"redazione","twitter_card":"summary_large_image","twitter_creator":"@bellunopress","twitter_site":"@bellunopress","twitter_misc":{"\u00c9crit par":"redazione","Dur\u00e9e de lecture estim\u00e9e":"1 minute"},"schema":{"@context":"https:\/\/schema.org","@graph":[{"@type":"Article","@id":"https:\/\/www.bellunopress.it\/2009\/08\/19\/il-comune-di-belluno-cede-alcune-pertinenze-del-rifugio-7mo-alpini-al-cai\/#article","isPartOf":{"@id":"https:\/\/www.bellunopress.it\/2009\/08\/19\/il-comune-di-belluno-cede-alcune-pertinenze-del-rifugio-7mo-alpini-al-cai\/"},"author":{"name":"redazione","@id":"https:\/\/www.bellunopress.it\/#\/schema\/person\/79bb06722b37ece1c03d3e94beb30d73"},"headline":"Il Comune di Belluno cede alcune pertinenze del rifugio 7mo Alpini al Cai","datePublished":"2009-08-19T21:34:56+00:00","mainEntityOfPage":{"@id":"https:\/\/www.bellunopress.it\/2009\/08\/19\/il-comune-di-belluno-cede-alcune-pertinenze-del-rifugio-7mo-alpini-al-cai\/"},"wordCount":310,"publisher":{"@id":"https:\/\/www.bellunopress.it\/#organization"},"keywords":["Belluno"],"articleSection":["Cronaca\/Politica","Prima Pagina"],"inLanguage":"fr-FR"},{"@type":"WebPage","@id":"https:\/\/www.bellunopress.it\/2009\/08\/19\/il-comune-di-belluno-cede-alcune-pertinenze-del-rifugio-7mo-alpini-al-cai\/","url":"https:\/\/www.bellunopress.it\/2009\/08\/19\/il-comune-di-belluno-cede-alcune-pertinenze-del-rifugio-7mo-alpini-al-cai\/","name":"Il Comune di Belluno cede alcune pertinenze del rifugio 7mo Alpini al Cai - Bellunopress - Dolomiti","isPartOf":{"@id":"https:\/\/www.bellunopress.it\/#website"},"datePublished":"2009-08-19T21:34:56+00:00","breadcrumb":{"@id":"https:\/\/www.bellunopress.it\/2009\/08\/19\/il-comune-di-belluno-cede-alcune-pertinenze-del-rifugio-7mo-alpini-al-cai\/#breadcrumb"},"inLanguage":"fr-FR","potentialAction":[{"@type":"ReadAction","target":["https:\/\/www.bellunopress.it\/2009\/08\/19\/il-comune-di-belluno-cede-alcune-pertinenze-del-rifugio-7mo-alpini-al-cai\/"]}]},{"@type":"BreadcrumbList","@id":"https:\/\/www.bellunopress.it\/2009\/08\/19\/il-comune-di-belluno-cede-alcune-pertinenze-del-rifugio-7mo-alpini-al-cai\/#breadcrumb","itemListElement":[{"@type":"ListItem","position":1,"name":"Home","item":"https:\/\/www.bellunopress.it\/"},{"@type":"ListItem","position":2,"name":"Il Comune di Belluno cede alcune pertinenze del rifugio 7mo Alpini al Cai"}]},{"@type":"WebSite","@id":"https:\/\/www.bellunopress.it\/#website","url":"https:\/\/www.bellunopress.it\/","name":"Bellunopress - Dolomiti","description":"e-mail: redazione@bellunopress.it","publisher":{"@id":"https:\/\/www.bellunopress.it\/#organization"},"potentialAction":[{"@type":"SearchAction","target":{"@type":"EntryPoint","urlTemplate":"https:\/\/www.bellunopress.it\/?s={search_term_string}"},"query-input":{"@type":"PropertyValueSpecification","valueRequired":true,"valueName":"search_term_string"}}],"inLanguage":"fr-FR"},{"@type":"Organization","@id":"https:\/\/www.bellunopress.it\/#organization","name":"Bellunopress","url":"https:\/\/www.bellunopress.it\/","logo":{"@type":"ImageObject","inLanguage":"fr-FR","@id":"https:\/\/www.bellunopress.it\/#\/schema\/logo\/image\/","url":"https:\/\/www.bellunopress.it\/wp-content\/uploads\/2011\/05\/cropped-logo-bellunopress-.jpg","contentUrl":"https:\/\/www.bellunopress.it\/wp-content\/uploads\/2011\/05\/cropped-logo-bellunopress-.jpg","width":512,"height":512,"caption":"Bellunopress"},"image":{"@id":"https:\/\/www.bellunopress.it\/#\/schema\/logo\/image\/"},"sameAs":["https:\/\/www.facebook.com\/profile.php?id=100008943462799","https:\/\/x.com\/bellunopress","https:\/\/www.linkedin.com\/hp\/?dnr=JBzUWaJfMUw8vbXJJ2tVW5-I3jZKvC4wsoxE&amp;amp;amp;amp;amp;amp;trk=nav_responsive_tab_home","https:\/\/www.youtube.com\/channel\/UCxL0wu1uN0_3_7hGG0306cw"]},{"@type":"Person","@id":"https:\/\/www.bellunopress.it\/#\/schema\/person\/79bb06722b37ece1c03d3e94beb30d73","name":"r\u00e9daction","image":{"@type":"ImageObject","inLanguage":"fr-FR","@id":"https:\/\/secure.gravatar.com\/avatar\/37d968a2e67a6fd04c169c4bdef102d0bc5d31b2546345219e348575eb80e9a0?s=96&d=mm&r=g","url":"https:\/\/secure.gravatar.com\/avatar\/37d968a2e67a6fd04c169c4bdef102d0bc5d31b2546345219e348575eb80e9a0?s=96&d=mm&r=g","contentUrl":"https:\/\/secure.gravatar.com\/avatar\/37d968a2e67a6fd04c169c4bdef102d0bc5d31b2546345219e348575eb80e9a0?s=96&d=mm&r=g","caption":"redazione"},"sameAs":["http:\/\/www.bellunopress.it","https:\/\/x.com\/bellunopress"],"url":"https:\/\/www.bellunopress.it\/fr\/author\/redazione\/"}]}},"_links":{"self":[{"href":"https:\/\/www.bellunopress.it\/fr\/wp-json\/wp\/v2\/posts\/7128","targetHints":{"allow":["GET"]}}],"collection":[{"href":"https:\/\/www.bellunopress.it\/fr\/wp-json\/wp\/v2\/posts"}],"about":[{"href":"https:\/\/www.bellunopress.it\/fr\/wp-json\/wp\/v2\/types\/post"}],"author":[{"embeddable":true,"href":"https:\/\/www.bellunopress.it\/fr\/wp-json\/wp\/v2\/users\/2"}],"replies":[{"embeddable":true,"href":"https:\/\/www.bellunopress.it\/fr\/wp-json\/wp\/v2\/comments?post=7128"}],"version-history":[{"count":1,"href":"https:\/\/www.bellunopress.it\/fr\/wp-json\/wp\/v2\/posts\/7128\/revisions"}],"predecessor-version":[{"id":7129,"href":"https:\/\/www.bellunopress.it\/fr\/wp-json\/wp\/v2\/posts\/7128\/revisions\/7129"}],"wp:attachment":[{"href":"https:\/\/www.bellunopress.it\/fr\/wp-json\/wp\/v2\/media?parent=7128"}],"wp:term":[{"taxonomy":"category","embeddable":true,"href":"https:\/\/www.bellunopress.it\/fr\/wp-json\/wp\/v2\/categories?post=7128"},{"taxonomy":"post_tag","embeddable":true,"href":"https:\/\/www.bellunopress.it\/fr\/wp-json\/wp\/v2\/tags?post=7128"}],"curies":[{"name":"wp","href":"https:\/\/api.w.org\/{rel}","templated":true}]}}