{"id":7079,"date":"2009-08-18T11:39:14","date_gmt":"2009-08-18T10:39:14","guid":{"rendered":"http:\/\/www.bellunopress.it\/?p=7079"},"modified":"2009-08-18T11:39:14","modified_gmt":"2009-08-18T10:39:14","slug":"i-grandi-nomi-del-design-in-convegno-giovedi-a-cortina","status":"publish","type":"post","link":"https:\/\/www.bellunopress.it\/fr\/2009\/08\/18\/i-grandi-nomi-del-design-in-convegno-giovedi-a-cortina\/","title":{"rendered":"I grandi nomi del design in convegno gioved\u00ec a Cortina"},"content":{"rendered":"<p><strong>Appuntamento il 20 agosto a Cortina d\u2019Ampezzo con importanti personaggi del mondo dell\u2019architettura e del design che si confronteranno sul tema della creazione di un marchio territoriale di qualit\u00e0, tra abilit\u00e0 progettuale e maestria artigiana. Il dibattito, momento clou del progetto \u201cTotem. Innovazione e tradizione\u201d\u00a0\u00a0inaugurato venerd\u00ec 7 agosto con l\u2019esposizione di 15 totem lungo Corso Italia, sar\u00e0 il giusto coronamento del processo di valorizzazione delle eccellenze locali. Una finestra privilegiata da cui guardare il nuovo che avanza, restando radicati alle proprie identit\u00e0 e tradizioni.<br \/>\n<\/strong>Attesi per gioved\u00ec 20 agosto grandi nomi dell\u2019architettura e del design a Cortina d\u2019Ampezzo che, per questa estate 2009, sceglie di celebrare l\u2019eccellenza delle maestranze e dei progettisti locali con un convegno dedicato. Protagonisti del dibattito saranno Gjlla Giani, direttrice editoriale della Di Baio Editore, Francesco Ponzellini, amministratore delegato della Editrice Compositori, Kuno Prey, fondatore e preside della Facolt\u00e0 di Design e Arti della Libera Universit\u00e0 di Bolzano, e Massimo Spampani, collaboratore di AD. La serata sar\u00e0 il momento clou del progetto \u201cTotem. Innovazione e tradizione\u201d. Un concorso di idee per un espositore nella Regina delle Dolomiti, nato dalla collaborazione tra Luca Menardi Ruggeri e Ambra Piccin, fondatori dell\u2019Ape (Associazione professionisti edili), e Renzo Siorpaes \u201cZino\u201d e Loris Zanol (Associazione Artigiani di Cortina d\u2019Ampezzo) e inaugurato venerd\u00ec 7 agosto dall\u2019esposizione dei 15 totem lungo la famosa via dello struscio, divenuta per l\u2019occasione un set a cielo aperto. In occasione del convegno del 20 saranno premiati i tre espositori pi\u00f9 suggestivi con particolari riconoscimenti. Due premi andranno ai totem pi\u00f9 votati dal pubblico \u2013 uno dei quali sar\u00e0 consegnato al progetto vincitore tra quelli proposti dagli studenti della Scuola d\u2019Arte di Cortina d\u2019Ampezzo, istituto unico nel suo genere in Europa e custode di antichi saperi e tecniche tradizionali. Il Premio Speciale AD Cond\u00e8 Nast, invece, gruppo editoriale con cui Cortina Turismo ha da poco avviato un rapporto di media partnership, sar\u00e0 uno speciale attestato firmato dal direttore della rivista Ettore Mochetti che, non potendo partecipare in prima persona alla serata, ha incaricato l\u2019amico e collaboratore Massimo Spampani di consegnare il premio al totem prescelto. Obiettivo dell\u2019intero evento \u00e8 la creazione di un marchio territoriale di qualit\u00e0, di competenza progettuale e sapienza artigiana: la realizzazione di un sogno accarezzato da anni che sar\u00e0 spunto di riflessioni per gli ospiti invitati al convegno. Fino al 29 agosto, i totem progettati dagli architetti e realizzati dalle esperte mani delle maestranze locali e gli scatti fotografici di Stefano Zardini incorniciati negli espositori, potranno essere ammirati lungo Corso Italia. Le opere, infatti, oltre ad esporre se stesse, conterranno ognuna un\u2019immagine rappresentativa dei protagonisti che si celano dietro gli arredi, le architetture e i prodotti artigianali. Eccellenze che fanno di Cortina un osservatorio privilegiato per guardare al nuovo che avanza, sulla scia di saperi e identit\u00e0 antiche nel tempo. Media-partner dell\u2019evento \u00e8 CORTINA.Top Living, l\u2019ultimo progetto editoriale della collana pubblicata dal Consorzio Cortina Turismo per svelare le caratteristiche che rendono unica la valle d\u2019Ampezzo. L\u2019obiettivo \u00e8 quello di guardare all\u2019architettura, al design e all\u2019arredo attraverso uno strumento in grado di raccontare il connubio di tradizione e innovazione, che in uno scenario caratterizzato dall&#8217;omologazione e dalla serialit\u00e0 come quello odierno, ribadisce l&#8217;eccellenza di cui Cortina \u00e8 simbolo ed espressione.<br \/>\n<a href=\"http:\/\/www.dolomiti.org\/ita\/Cortina\/press\/index_testate.html\">http:\/\/www.dolomiti.org\/ita\/Cortina\/press\/index_testate.html<\/a>.<\/p>\n<p>Il progetto \u00e8 promosso dall\u2019Ape, Associazione professionisti edili (Luca Menardi Ruggeri e Ambra Piccin) e dall\u2019associazione Artigiani di Cortina (Renzo Siorpaes &#8220;Zino&#8221; e Loris Zanol) in collaborazione con l\u2019Istituto d\u2019Arte di Cortina.<br \/>\nL\u2019esposizione sar\u00e0 allestita in Corso Italia fino al 29 agosto.<br \/>\nSerata convegno\/dibattito e premiazione concorso di idee:<br \/>\n20 agosto, ore 21.00, Alexander Girardi Hall (Centro Congressi via Marangoni, 1, Cortina d\u2019Ampezzo).<\/p>\n<p><strong>I relatori<\/strong><\/p>\n<p><strong>Gjlla Giani (Di Baio editore)<br \/>\n<\/strong>La laurea in Architettura ottenuta al Politecnico di Milano \u00e8 il la di una carriera in ascesa continua. Gjlla Giani, da sempre impegnata nel mondo dell\u2019arredo e dell\u2019architettura, \u00e8 oggi direttore editoriale e responsabile della Di Baio Editore, la nota casa editrice dedicata al settore, che pubblica riviste come 99 Idee Casa, di cui Giani fu direttrice, e Case di Montagna. Ha collaborato con il Ministero dei Beni culturali, come inviata a Mosca, e con l\u2019Assessorato alla Cultura di Milano. Giani \u00e8 stata inoltre organizzatrice e membro di importanti concorsi di architettura e relatrice in convegni specializzati. \u00c9 inoltre autrice di fondamentali pubblicazioni sulla storia dell\u2019architettura tradizionale e del genius loci.<\/p>\n<p><strong>Francesco Ponzellini (Editrice Compositori)<br \/>\n<\/strong>Francesco Ponzellini \u00e8 amministratore delegato della Editrice Compositori che, nata a Bologna nel 1966, \u00e8 oggi una consolidata realt\u00e0 editoriale nel settore dell&#8217;arte, del design e dell&#8217;architettura. Oltre alle collane dedicate al mondo dell\u2019architettura e del design, Editrice Compositori pubblica le riviste bilingui Ottagono, mensile di design, Rassegna, testata di cultura architettonica dall\u2019importante passato, ora completamente rinnovata e OP\/ Opera Progetto, semestrale di architettura.<\/p>\n<p><strong>Kuno Prey<br \/>\n<\/strong>Kuno Prey, designer e preside della facolt\u00e0 di Design e arti della Libera Universit\u00e0 di Bolzano si diploma al celebre Istituto d\u2019Arte di Cortina d\u2019Ampezzo. Frequenta la Domus Academy di Milano in cui avr\u00e0 come insegnanti, tra gli altri, Ettore Sottsass e Gianfranco Ferr\u00e8. Diventa quindi consulente per la ricerca di varie industrie e realizza numerosi progetti di successo per marchi storici del design, come Alessi, Danese e Zanotta, ottenendo riconoscimenti a livello internazionale. Nel 1993 viene nominato professore di Product Design alla Bauhaus\u2013Universit\u00e4t di Weimar in Germania, nella Fakult\u00e4t Gestaltung, che lascia nel 2002 per tornare in Italia, dove \u00e8 stato chiamato dalla Libera Universit\u00e0 di Bolzano per fondare e avviare la nuova facolt\u00e0 di Design e arti.<\/p>\n<p><strong>Massimo Spampani (AD)<br \/>\n<\/strong>Giornalista e scrittore, da quasi vent\u2019anni interviene sulle pagine del Corriere delle Sera con articoli che spaziano dall\u2019attualit\u00e0, alla scienza, alla cultura. Collabora con Io Donna, Sci e AD. Per Traveller Cond\u00e8 Nast ha raccontato ai lettori i luoghi pi\u00f9 belli del mondo. Nato a Cortina d\u2019Ampezzo, conosce profondamente il mondo della montagna e le sue tradizioni architettoniche e artigianali. Autore di numerosi libri che hanno come soggetto aspetti naturalistici e storici delle Dolomiti, ha pubblicato nel 2009 per Mursia Alemagna, in cui racconta la storia della\u00a0 celebre Strada delle Dolomiti che festeggia quest\u2019anno il suo centenario.<\/p>","protected":false},"excerpt":{"rendered":"<p>Appuntamento il 20 agosto a Cortina d\u2019Ampezzo con importanti personaggi del mondo dell\u2019architettura e del design che si confronteranno sul tema della creazione di un marchio territoriale di qualit\u00e0, tra abilit\u00e0 progettuale e maestria artigiana. Il dibattito, momento clou del progetto \u201cTotem. Innovazione e tradizione\u201d\u00a0\u00a0inaugurato venerd\u00ec 7 agosto con l\u2019esposizione di 15 totem lungo Corso [&hellip;]<\/p>\n","protected":false},"author":2,"featured_media":0,"comment_status":"closed","ping_status":"open","sticky":false,"template":"","format":"standard","meta":{"footnotes":""},"categories":[3,25],"tags":[63],"class_list":["post-7079","post","type-post","status-publish","format-standard","category-arte-cultura-spettacoli-scienza-archivi","category-pausa-caffe","tag-dolomiti"],"yoast_head":"<!-- This site is optimized with the Yoast SEO plugin v28.4 - https:\/\/yoast.com\/product\/yoast-seo-wordpress\/ -->\n<title>I grandi nomi del design in convegno gioved\u00ec a Cortina - Bellunopress - Dolomiti<\/title>\n<meta name=\"robots\" content=\"index, follow, max-snippet:-1, max-image-preview:large, max-video-preview:-1\" \/>\n<link rel=\"canonical\" href=\"https:\/\/www.bellunopress.it\/fr\/2009\/08\/18\/i-grandi-nomi-del-design-in-convegno-giovedi-a-cortina\/\" \/>\n<meta property=\"og:locale\" content=\"fr_FR\" \/>\n<meta property=\"og:type\" content=\"article\" \/>\n<meta property=\"og:title\" content=\"I grandi nomi del design in convegno gioved\u00ec a Cortina - Bellunopress - Dolomiti\" \/>\n<meta property=\"og:description\" content=\"Appuntamento il 20 agosto a Cortina d\u2019Ampezzo con importanti personaggi del mondo dell\u2019architettura e del design che si confronteranno sul tema della creazione di un marchio territoriale di qualit\u00e0, tra abilit\u00e0 progettuale e maestria artigiana. Il dibattito, momento clou del progetto \u201cTotem. Innovazione e tradizione\u201d\u00a0\u00a0inaugurato venerd\u00ec 7 agosto con l\u2019esposizione di 15 totem lungo Corso [&hellip;]\" \/>\n<meta property=\"og:url\" content=\"https:\/\/www.bellunopress.it\/fr\/2009\/08\/18\/i-grandi-nomi-del-design-in-convegno-giovedi-a-cortina\/\" \/>\n<meta property=\"og:site_name\" content=\"Bellunopress - Dolomiti\" \/>\n<meta property=\"article:publisher\" content=\"https:\/\/www.facebook.com\/profile.php?id=100008943462799\" \/>\n<meta property=\"article:published_time\" content=\"2009-08-18T10:39:14+00:00\" \/>\n<meta property=\"og:image\" content=\"http:\/\/www.bellunopress.it\/wp-content\/uploads\/2012\/07\/logo-bellunopress-250x250-2012.jpg\" \/>\n<meta name=\"author\" content=\"redazione\" \/>\n<meta name=\"twitter:card\" content=\"summary_large_image\" \/>\n<meta name=\"twitter:creator\" content=\"@bellunopress\" \/>\n<meta name=\"twitter:site\" content=\"@bellunopress\" \/>\n<meta name=\"twitter:label1\" content=\"\u00c9crit par\" \/>\n\t<meta name=\"twitter:data1\" content=\"redazione\" \/>\n\t<meta name=\"twitter:label2\" content=\"Dur\u00e9e de lecture estim\u00e9e\" \/>\n\t<meta name=\"twitter:data2\" content=\"5 minutes\" \/>\n<script type=\"application\/ld+json\" class=\"yoast-schema-graph\">{\"@context\":\"https:\\\/\\\/schema.org\",\"@graph\":[{\"@type\":\"Article\",\"@id\":\"https:\\\/\\\/www.bellunopress.it\\\/2009\\\/08\\\/18\\\/i-grandi-nomi-del-design-in-convegno-giovedi-a-cortina\\\/#article\",\"isPartOf\":{\"@id\":\"https:\\\/\\\/www.bellunopress.it\\\/2009\\\/08\\\/18\\\/i-grandi-nomi-del-design-in-convegno-giovedi-a-cortina\\\/\"},\"author\":{\"name\":\"redazione\",\"@id\":\"https:\\\/\\\/www.bellunopress.it\\\/#\\\/schema\\\/person\\\/79bb06722b37ece1c03d3e94beb30d73\"},\"headline\":\"I grandi nomi del design in convegno gioved\u00ec a Cortina\",\"datePublished\":\"2009-08-18T10:39:14+00:00\",\"mainEntityOfPage\":{\"@id\":\"https:\\\/\\\/www.bellunopress.it\\\/2009\\\/08\\\/18\\\/i-grandi-nomi-del-design-in-convegno-giovedi-a-cortina\\\/\"},\"wordCount\":1043,\"publisher\":{\"@id\":\"https:\\\/\\\/www.bellunopress.it\\\/#organization\"},\"keywords\":[\"Dolomiti\"],\"articleSection\":[\"Arte, Cultura, Spettacoli, Scienza\",\"Pausa Caff\u00e8\"],\"inLanguage\":\"fr-FR\"},{\"@type\":\"WebPage\",\"@id\":\"https:\\\/\\\/www.bellunopress.it\\\/2009\\\/08\\\/18\\\/i-grandi-nomi-del-design-in-convegno-giovedi-a-cortina\\\/\",\"url\":\"https:\\\/\\\/www.bellunopress.it\\\/2009\\\/08\\\/18\\\/i-grandi-nomi-del-design-in-convegno-giovedi-a-cortina\\\/\",\"name\":\"I grandi nomi del design in convegno gioved\u00ec a Cortina - Bellunopress - Dolomiti\",\"isPartOf\":{\"@id\":\"https:\\\/\\\/www.bellunopress.it\\\/#website\"},\"datePublished\":\"2009-08-18T10:39:14+00:00\",\"breadcrumb\":{\"@id\":\"https:\\\/\\\/www.bellunopress.it\\\/2009\\\/08\\\/18\\\/i-grandi-nomi-del-design-in-convegno-giovedi-a-cortina\\\/#breadcrumb\"},\"inLanguage\":\"fr-FR\",\"potentialAction\":[{\"@type\":\"ReadAction\",\"target\":[\"https:\\\/\\\/www.bellunopress.it\\\/2009\\\/08\\\/18\\\/i-grandi-nomi-del-design-in-convegno-giovedi-a-cortina\\\/\"]}]},{\"@type\":\"BreadcrumbList\",\"@id\":\"https:\\\/\\\/www.bellunopress.it\\\/2009\\\/08\\\/18\\\/i-grandi-nomi-del-design-in-convegno-giovedi-a-cortina\\\/#breadcrumb\",\"itemListElement\":[{\"@type\":\"ListItem\",\"position\":1,\"name\":\"Home\",\"item\":\"https:\\\/\\\/www.bellunopress.it\\\/\"},{\"@type\":\"ListItem\",\"position\":2,\"name\":\"I grandi nomi del design in convegno gioved\u00ec a Cortina\"}]},{\"@type\":\"WebSite\",\"@id\":\"https:\\\/\\\/www.bellunopress.it\\\/#website\",\"url\":\"https:\\\/\\\/www.bellunopress.it\\\/\",\"name\":\"Bellunopress - Dolomiti\",\"description\":\"e-mail: redazione@bellunopress.it\",\"publisher\":{\"@id\":\"https:\\\/\\\/www.bellunopress.it\\\/#organization\"},\"potentialAction\":[{\"@type\":\"SearchAction\",\"target\":{\"@type\":\"EntryPoint\",\"urlTemplate\":\"https:\\\/\\\/www.bellunopress.it\\\/?s={search_term_string}\"},\"query-input\":{\"@type\":\"PropertyValueSpecification\",\"valueRequired\":true,\"valueName\":\"search_term_string\"}}],\"inLanguage\":\"fr-FR\"},{\"@type\":\"Organization\",\"@id\":\"https:\\\/\\\/www.bellunopress.it\\\/#organization\",\"name\":\"Bellunopress\",\"url\":\"https:\\\/\\\/www.bellunopress.it\\\/\",\"logo\":{\"@type\":\"ImageObject\",\"inLanguage\":\"fr-FR\",\"@id\":\"https:\\\/\\\/www.bellunopress.it\\\/#\\\/schema\\\/logo\\\/image\\\/\",\"url\":\"https:\\\/\\\/www.bellunopress.it\\\/wp-content\\\/uploads\\\/2011\\\/05\\\/cropped-logo-bellunopress-.jpg\",\"contentUrl\":\"https:\\\/\\\/www.bellunopress.it\\\/wp-content\\\/uploads\\\/2011\\\/05\\\/cropped-logo-bellunopress-.jpg\",\"width\":512,\"height\":512,\"caption\":\"Bellunopress\"},\"image\":{\"@id\":\"https:\\\/\\\/www.bellunopress.it\\\/#\\\/schema\\\/logo\\\/image\\\/\"},\"sameAs\":[\"https:\\\/\\\/www.facebook.com\\\/profile.php?id=100008943462799\",\"https:\\\/\\\/x.com\\\/bellunopress\",\"https:\\\/\\\/www.linkedin.com\\\/hp\\\/?dnr=JBzUWaJfMUw8vbXJJ2tVW5-I3jZKvC4wsoxE&amp;amp;amp;amp;amp;amp;trk=nav_responsive_tab_home\",\"https:\\\/\\\/www.youtube.com\\\/channel\\\/UCxL0wu1uN0_3_7hGG0306cw\"]},{\"@type\":\"Person\",\"@id\":\"https:\\\/\\\/www.bellunopress.it\\\/#\\\/schema\\\/person\\\/79bb06722b37ece1c03d3e94beb30d73\",\"name\":\"redazione\",\"image\":{\"@type\":\"ImageObject\",\"inLanguage\":\"fr-FR\",\"@id\":\"https:\\\/\\\/secure.gravatar.com\\\/avatar\\\/37d968a2e67a6fd04c169c4bdef102d0bc5d31b2546345219e348575eb80e9a0?s=96&d=mm&r=g\",\"url\":\"https:\\\/\\\/secure.gravatar.com\\\/avatar\\\/37d968a2e67a6fd04c169c4bdef102d0bc5d31b2546345219e348575eb80e9a0?s=96&d=mm&r=g\",\"contentUrl\":\"https:\\\/\\\/secure.gravatar.com\\\/avatar\\\/37d968a2e67a6fd04c169c4bdef102d0bc5d31b2546345219e348575eb80e9a0?s=96&d=mm&r=g\",\"caption\":\"redazione\"},\"sameAs\":[\"http:\\\/\\\/www.bellunopress.it\",\"https:\\\/\\\/x.com\\\/bellunopress\"],\"url\":\"https:\\\/\\\/www.bellunopress.it\\\/fr\\\/author\\\/redazione\\\/\"}]}<\/script>\n<!-- \/ Yoast SEO plugin. -->","yoast_head_json":{"title":"I grandi nomi del design in convegno gioved\u00ec a Cortina - Bellunopress - Dolomiti","robots":{"index":"index","follow":"follow","max-snippet":"max-snippet:-1","max-image-preview":"max-image-preview:large","max-video-preview":"max-video-preview:-1"},"canonical":"https:\/\/www.bellunopress.it\/fr\/2009\/08\/18\/i-grandi-nomi-del-design-in-convegno-giovedi-a-cortina\/","og_locale":"fr_FR","og_type":"article","og_title":"I grandi nomi del design in convegno gioved\u00ec a Cortina - Bellunopress - Dolomiti","og_description":"Appuntamento il 20 agosto a Cortina d\u2019Ampezzo con importanti personaggi del mondo dell\u2019architettura e del design che si confronteranno sul tema della creazione di un marchio territoriale di qualit\u00e0, tra abilit\u00e0 progettuale e maestria artigiana. Il dibattito, momento clou del progetto \u201cTotem. Innovazione e tradizione\u201d\u00a0\u00a0inaugurato venerd\u00ec 7 agosto con l\u2019esposizione di 15 totem lungo Corso [&hellip;]","og_url":"https:\/\/www.bellunopress.it\/fr\/2009\/08\/18\/i-grandi-nomi-del-design-in-convegno-giovedi-a-cortina\/","og_site_name":"Bellunopress - Dolomiti","article_publisher":"https:\/\/www.facebook.com\/profile.php?id=100008943462799","article_published_time":"2009-08-18T10:39:14+00:00","og_image":[{"url":"http:\/\/www.bellunopress.it\/wp-content\/uploads\/2012\/07\/logo-bellunopress-250x250-2012.jpg","type":"","width":"","height":""}],"author":"redazione","twitter_card":"summary_large_image","twitter_creator":"@bellunopress","twitter_site":"@bellunopress","twitter_misc":{"\u00c9crit par":"redazione","Dur\u00e9e de lecture estim\u00e9e":"5 minutes"},"schema":{"@context":"https:\/\/schema.org","@graph":[{"@type":"Article","@id":"https:\/\/www.bellunopress.it\/2009\/08\/18\/i-grandi-nomi-del-design-in-convegno-giovedi-a-cortina\/#article","isPartOf":{"@id":"https:\/\/www.bellunopress.it\/2009\/08\/18\/i-grandi-nomi-del-design-in-convegno-giovedi-a-cortina\/"},"author":{"name":"redazione","@id":"https:\/\/www.bellunopress.it\/#\/schema\/person\/79bb06722b37ece1c03d3e94beb30d73"},"headline":"I grandi nomi del design in convegno gioved\u00ec a Cortina","datePublished":"2009-08-18T10:39:14+00:00","mainEntityOfPage":{"@id":"https:\/\/www.bellunopress.it\/2009\/08\/18\/i-grandi-nomi-del-design-in-convegno-giovedi-a-cortina\/"},"wordCount":1043,"publisher":{"@id":"https:\/\/www.bellunopress.it\/#organization"},"keywords":["Dolomiti"],"articleSection":["Arte, Cultura, Spettacoli, Scienza","Pausa Caff\u00e8"],"inLanguage":"fr-FR"},{"@type":"WebPage","@id":"https:\/\/www.bellunopress.it\/2009\/08\/18\/i-grandi-nomi-del-design-in-convegno-giovedi-a-cortina\/","url":"https:\/\/www.bellunopress.it\/2009\/08\/18\/i-grandi-nomi-del-design-in-convegno-giovedi-a-cortina\/","name":"I grandi nomi del design in convegno gioved\u00ec a Cortina - Bellunopress - Dolomiti","isPartOf":{"@id":"https:\/\/www.bellunopress.it\/#website"},"datePublished":"2009-08-18T10:39:14+00:00","breadcrumb":{"@id":"https:\/\/www.bellunopress.it\/2009\/08\/18\/i-grandi-nomi-del-design-in-convegno-giovedi-a-cortina\/#breadcrumb"},"inLanguage":"fr-FR","potentialAction":[{"@type":"ReadAction","target":["https:\/\/www.bellunopress.it\/2009\/08\/18\/i-grandi-nomi-del-design-in-convegno-giovedi-a-cortina\/"]}]},{"@type":"BreadcrumbList","@id":"https:\/\/www.bellunopress.it\/2009\/08\/18\/i-grandi-nomi-del-design-in-convegno-giovedi-a-cortina\/#breadcrumb","itemListElement":[{"@type":"ListItem","position":1,"name":"Home","item":"https:\/\/www.bellunopress.it\/"},{"@type":"ListItem","position":2,"name":"I grandi nomi del design in convegno gioved\u00ec a Cortina"}]},{"@type":"WebSite","@id":"https:\/\/www.bellunopress.it\/#website","url":"https:\/\/www.bellunopress.it\/","name":"Bellunopress - Dolomiti","description":"e-mail: redazione@bellunopress.it","publisher":{"@id":"https:\/\/www.bellunopress.it\/#organization"},"potentialAction":[{"@type":"SearchAction","target":{"@type":"EntryPoint","urlTemplate":"https:\/\/www.bellunopress.it\/?s={search_term_string}"},"query-input":{"@type":"PropertyValueSpecification","valueRequired":true,"valueName":"search_term_string"}}],"inLanguage":"fr-FR"},{"@type":"Organization","@id":"https:\/\/www.bellunopress.it\/#organization","name":"Bellunopress","url":"https:\/\/www.bellunopress.it\/","logo":{"@type":"ImageObject","inLanguage":"fr-FR","@id":"https:\/\/www.bellunopress.it\/#\/schema\/logo\/image\/","url":"https:\/\/www.bellunopress.it\/wp-content\/uploads\/2011\/05\/cropped-logo-bellunopress-.jpg","contentUrl":"https:\/\/www.bellunopress.it\/wp-content\/uploads\/2011\/05\/cropped-logo-bellunopress-.jpg","width":512,"height":512,"caption":"Bellunopress"},"image":{"@id":"https:\/\/www.bellunopress.it\/#\/schema\/logo\/image\/"},"sameAs":["https:\/\/www.facebook.com\/profile.php?id=100008943462799","https:\/\/x.com\/bellunopress","https:\/\/www.linkedin.com\/hp\/?dnr=JBzUWaJfMUw8vbXJJ2tVW5-I3jZKvC4wsoxE&amp;amp;amp;amp;amp;amp;trk=nav_responsive_tab_home","https:\/\/www.youtube.com\/channel\/UCxL0wu1uN0_3_7hGG0306cw"]},{"@type":"Person","@id":"https:\/\/www.bellunopress.it\/#\/schema\/person\/79bb06722b37ece1c03d3e94beb30d73","name":"r\u00e9daction","image":{"@type":"ImageObject","inLanguage":"fr-FR","@id":"https:\/\/secure.gravatar.com\/avatar\/37d968a2e67a6fd04c169c4bdef102d0bc5d31b2546345219e348575eb80e9a0?s=96&d=mm&r=g","url":"https:\/\/secure.gravatar.com\/avatar\/37d968a2e67a6fd04c169c4bdef102d0bc5d31b2546345219e348575eb80e9a0?s=96&d=mm&r=g","contentUrl":"https:\/\/secure.gravatar.com\/avatar\/37d968a2e67a6fd04c169c4bdef102d0bc5d31b2546345219e348575eb80e9a0?s=96&d=mm&r=g","caption":"redazione"},"sameAs":["http:\/\/www.bellunopress.it","https:\/\/x.com\/bellunopress"],"url":"https:\/\/www.bellunopress.it\/fr\/author\/redazione\/"}]}},"_links":{"self":[{"href":"https:\/\/www.bellunopress.it\/fr\/wp-json\/wp\/v2\/posts\/7079","targetHints":{"allow":["GET"]}}],"collection":[{"href":"https:\/\/www.bellunopress.it\/fr\/wp-json\/wp\/v2\/posts"}],"about":[{"href":"https:\/\/www.bellunopress.it\/fr\/wp-json\/wp\/v2\/types\/post"}],"author":[{"embeddable":true,"href":"https:\/\/www.bellunopress.it\/fr\/wp-json\/wp\/v2\/users\/2"}],"replies":[{"embeddable":true,"href":"https:\/\/www.bellunopress.it\/fr\/wp-json\/wp\/v2\/comments?post=7079"}],"version-history":[{"count":1,"href":"https:\/\/www.bellunopress.it\/fr\/wp-json\/wp\/v2\/posts\/7079\/revisions"}],"predecessor-version":[{"id":7080,"href":"https:\/\/www.bellunopress.it\/fr\/wp-json\/wp\/v2\/posts\/7079\/revisions\/7080"}],"wp:attachment":[{"href":"https:\/\/www.bellunopress.it\/fr\/wp-json\/wp\/v2\/media?parent=7079"}],"wp:term":[{"taxonomy":"category","embeddable":true,"href":"https:\/\/www.bellunopress.it\/fr\/wp-json\/wp\/v2\/categories?post=7079"},{"taxonomy":"post_tag","embeddable":true,"href":"https:\/\/www.bellunopress.it\/fr\/wp-json\/wp\/v2\/tags?post=7079"}],"curies":[{"name":"wp","href":"https:\/\/api.w.org\/{rel}","templated":true}]}}