{"id":7075,"date":"2009-08-17T22:34:20","date_gmt":"2009-08-17T21:34:20","guid":{"rendered":"http:\/\/www.bellunopress.it\/?p=7075"},"modified":"2009-08-17T22:34:20","modified_gmt":"2009-08-17T21:34:20","slug":"la-peggio-gioventu-faccia-a-faccia-tra-due-ex-di-lotta-continua-mughini-che-condanna-quegli-anni-e-boato-che-li-difende","status":"publish","type":"post","link":"https:\/\/www.bellunopress.it\/fr\/2009\/08\/17\/la-peggio-gioventu-faccia-a-faccia-tra-due-ex-di-lotta-continua-mughini-che-condanna-quegli-anni-e-boato-che-li-difende\/","title":{"rendered":"La peggio giovent\u00f9: faccia a faccia tra due ex di Lotta Continua, Mughini che condanna quegli anni e Boato che li difende"},"content":{"rendered":"<figure id=\"attachment_7076\" aria-describedby=\"caption-attachment-7076\" style=\"width: 270px\" class=\"wp-caption alignright\"><a href=\"http:\/\/www.bellunopress.it\/wp-content\/uploads\/2009\/08\/cortina-incontra-mughini.jpg\"><img loading=\"lazy\" decoding=\"async\" class=\"size-medium wp-image-7076\" title=\"cortina-incontra-mughini\" src=\"http:\/\/www.bellunopress.it\/wp-content\/uploads\/2009\/08\/cortina-incontra-mughini.jpg\" alt=\"Gianpiero Mughini\" width=\"270\" height=\"280\" \/><\/a><figcaption id=\"caption-attachment-7076\" class=\"wp-caption-text\">Gianpiero Mughini<\/figcaption><\/figure>\n<p>&#8220;Cortina InConTra\u201d ha ospitato quest\u2019oggi (17 agosto) un evento intitolato \u201cC\u2019era una volta la peggio giovent\u00f9\u201d. Sul palco, insieme all\u2019editorialista Angelo Mellone, Giampiero Mughini, direttore responsabile negli anni &#8217;70 del giornale di Lotta Continua e autore del\u00a0 libro &#8220;Gli anni della peggio giovent\u00f9. L\u2019omicidio Calabresi e la tragedia di una generazione\u201d, e Marco Boato, saggista, esponente dei Verdi, gi\u00e0 leader di Lotta Continua. \u00c8 stata l\u2019occasione per riportare all\u2019attenzione del pubblico uno dei periodi pi\u00f9 neri della storia recente italiana: l\u2019omicidio del commissario Calabresi, avvenuto a Milano il 17 maggio 1972, apr\u00ec la stagione del terrorismo e degli \u201canni di piombo\u201d. Giampiero Mughini ha sottolineato come \u201cse fossi stato il giudice avrei assolto Adriano Sofri per insufficienza di prove. Ora non posso che sperare che gli venga concessa la grazia, anche se lui non l\u2019ha mai chiesta&#8221;. E del resto, in un&#8217;intervista al Corriere della Sera del 15 maggio 2009 Mughini aveva detto che \u00abSofri sapeva dell\u2019azione contro Calabresi, ma non ne era stato il responsabile, non era stato quello che l\u2019aveva decisa e ordinata\u00bb. Eppure si addossa tutta intera la storia della sua organizzazione, al punto da definire \u00abnon malvagi\u00bb e anzi \u00abmossi dallo sdegno e dalla commozione per le vittime\u00bb gli autori dell\u2019omicidio Calabresi. Deduce Mughini che \u00abse uno spende parole talmente impegnative nei confronti di chi uccise Calabresi, vuol dire che li conosce per nome e cognome e curriculum\u00bb.\u00a0 &#8220;Ma sono convinto &#8211; ha detto al PalaInfiniti &#8211; che Marino e Bompressi fossero l\u00ec la mattina del 17 maggio 1972\u201d.\u00a0 L\u2019omicidio Calabresi\u201d, ha proseguito Mughini, \u201c\u00e8 stata la prima volta in cui qualcuno di noi, reputati buoni non si sa a quale titolo, ha dato la morte ad un personaggio. La nostra generazione ha vissuto di tre istantanee fondamentali: la morte di Kennedy, che ha significato la fine dei sogni, l\u2019omicidio Calabresi, che ha significato l\u2019inizio del terrorismo rosso, e l\u2019omicidio Moro, che ha segnato la fine del brigatismo. Mi fa ridere chi pensa che in qualche modo Moretti possa aver messo sotto pressione o sotto scacco Moro, uno dei pi\u00f9 grandi statisti di sempre\u201d. \u201cL\u2019omicidio Calabresi\u201d, ha concluso Mughini, \u201c\u00e8 nato dalle viscere pi\u00f9 nere di Lotta Continua. Chi sostiene di non ricordare il momento in cui fu annunciata la morte del commissario sostiene il falso: tutti i membri di Lotta Continua lo ricordano perfettamente\u201d.\u00a0 Marco Boato, che nella facolt\u00e0 di Sociologia dell\u2019Universit\u00e0 di Trento fond\u00f2 nel 1969 il gruppo comunista di Lotta Continua assieme a Sofri, Viale, Rostagno e Pietrostefani. E poi divenne un parlamentare della sinistra verde e garantista, ha invece voluto difendere il gruppo di cui faceva parte. \u201cQuando ho saputo dell\u2019omicidio Calabresi sono rimasto agghiacciato &#8211; ha detto &#8211; Ho pensato a una provocazione, non a un atto di Lotta Continua. Quest\u2019ultima, come organizzazione politica, \u00e8 completamente estranea all\u2019omicidio di Giuseppe Calabresi. Stigmatizzare l\u2019omicidio politico \u00e8 sacrosanto, ma \u00e8 sbagliato, come invece fa Mughini, stigmatizzare un\u2019intera generazione. Dal canto mio, ho passato la mia intera vita ad evitare lo scontro politico\u201d.<\/p>","protected":false},"excerpt":{"rendered":"<p>&#8220;Cortina InConTra\u201d ha ospitato quest\u2019oggi (17 agosto) un evento intitolato \u201cC\u2019era una volta la peggio giovent\u00f9\u201d. Sul palco, insieme all\u2019editorialista Angelo Mellone, Giampiero Mughini, direttore responsabile negli anni &#8217;70 del giornale di Lotta Continua e autore del\u00a0 libro &#8220;Gli anni della peggio giovent\u00f9. L\u2019omicidio Calabresi e la tragedia di una generazione\u201d, e Marco Boato, saggista, [&hellip;]<\/p>\n","protected":false},"author":2,"featured_media":0,"comment_status":"closed","ping_status":"open","sticky":false,"template":"","format":"standard","meta":{"footnotes":""},"categories":[5],"tags":[139],"class_list":["post-7075","post","type-post","status-publish","format-standard","category-cronaca","tag-belluno"],"yoast_head":"<!-- This site is optimized with the Yoast SEO plugin v28.4 - https:\/\/yoast.com\/product\/yoast-seo-wordpress\/ -->\n<title>La peggio giovent\u00f9: faccia a faccia tra due ex di Lotta Continua, Mughini che condanna quegli anni e Boato che li difende - Bellunopress - Dolomiti<\/title>\n<meta name=\"robots\" content=\"index, follow, max-snippet:-1, max-image-preview:large, max-video-preview:-1\" \/>\n<link rel=\"canonical\" href=\"https:\/\/www.bellunopress.it\/fr\/2009\/08\/17\/la-peggio-gioventu-faccia-a-faccia-tra-due-ex-di-lotta-continua-mughini-che-condanna-quegli-anni-e-boato-che-li-difende\/\" \/>\n<meta property=\"og:locale\" content=\"fr_FR\" \/>\n<meta property=\"og:type\" content=\"article\" \/>\n<meta property=\"og:title\" content=\"La peggio giovent\u00f9: faccia a faccia tra due ex di Lotta Continua, Mughini che condanna quegli anni e Boato che li difende - Bellunopress - Dolomiti\" \/>\n<meta property=\"og:description\" content=\"&#8220;Cortina InConTra\u201d ha ospitato quest\u2019oggi (17 agosto) un evento intitolato \u201cC\u2019era una volta la peggio giovent\u00f9\u201d. Sul palco, insieme all\u2019editorialista Angelo Mellone, Giampiero Mughini, direttore responsabile negli anni &#8217;70 del giornale di Lotta Continua e autore del\u00a0 libro &#8220;Gli anni della peggio giovent\u00f9. L\u2019omicidio Calabresi e la tragedia di una generazione\u201d, e Marco Boato, saggista, [&hellip;]\" \/>\n<meta property=\"og:url\" content=\"https:\/\/www.bellunopress.it\/fr\/2009\/08\/17\/la-peggio-gioventu-faccia-a-faccia-tra-due-ex-di-lotta-continua-mughini-che-condanna-quegli-anni-e-boato-che-li-difende\/\" \/>\n<meta property=\"og:site_name\" content=\"Bellunopress - Dolomiti\" \/>\n<meta property=\"article:publisher\" content=\"https:\/\/www.facebook.com\/profile.php?id=100008943462799\" \/>\n<meta property=\"article:published_time\" content=\"2009-08-17T21:34:20+00:00\" \/>\n<meta property=\"og:image\" content=\"http:\/\/www.bellunopress.it\/wp-content\/uploads\/2009\/08\/cortina-incontra-mughini.jpg\" \/>\n<meta name=\"author\" content=\"redazione\" \/>\n<meta name=\"twitter:card\" content=\"summary_large_image\" \/>\n<meta name=\"twitter:creator\" content=\"@bellunopress\" \/>\n<meta name=\"twitter:site\" content=\"@bellunopress\" \/>\n<meta name=\"twitter:label1\" content=\"\u00c9crit par\" \/>\n\t<meta name=\"twitter:data1\" content=\"redazione\" \/>\n\t<meta name=\"twitter:label2\" content=\"Dur\u00e9e de lecture estim\u00e9e\" \/>\n\t<meta name=\"twitter:data2\" content=\"3 minutes\" \/>\n<script type=\"application\/ld+json\" class=\"yoast-schema-graph\">{\"@context\":\"https:\\\/\\\/schema.org\",\"@graph\":[{\"@type\":\"Article\",\"@id\":\"https:\\\/\\\/www.bellunopress.it\\\/2009\\\/08\\\/17\\\/la-peggio-gioventu-faccia-a-faccia-tra-due-ex-di-lotta-continua-mughini-che-condanna-quegli-anni-e-boato-che-li-difende\\\/#article\",\"isPartOf\":{\"@id\":\"https:\\\/\\\/www.bellunopress.it\\\/2009\\\/08\\\/17\\\/la-peggio-gioventu-faccia-a-faccia-tra-due-ex-di-lotta-continua-mughini-che-condanna-quegli-anni-e-boato-che-li-difende\\\/\"},\"author\":{\"name\":\"redazione\",\"@id\":\"https:\\\/\\\/www.bellunopress.it\\\/#\\\/schema\\\/person\\\/79bb06722b37ece1c03d3e94beb30d73\"},\"headline\":\"La peggio giovent\u00f9: faccia a faccia tra due ex di Lotta Continua, Mughini che condanna quegli anni e Boato che li difende\",\"datePublished\":\"2009-08-17T21:34:20+00:00\",\"mainEntityOfPage\":{\"@id\":\"https:\\\/\\\/www.bellunopress.it\\\/2009\\\/08\\\/17\\\/la-peggio-gioventu-faccia-a-faccia-tra-due-ex-di-lotta-continua-mughini-che-condanna-quegli-anni-e-boato-che-li-difende\\\/\"},\"wordCount\":539,\"publisher\":{\"@id\":\"https:\\\/\\\/www.bellunopress.it\\\/#organization\"},\"image\":{\"@id\":\"https:\\\/\\\/www.bellunopress.it\\\/2009\\\/08\\\/17\\\/la-peggio-gioventu-faccia-a-faccia-tra-due-ex-di-lotta-continua-mughini-che-condanna-quegli-anni-e-boato-che-li-difende\\\/#primaryimage\"},\"thumbnailUrl\":\"http:\\\/\\\/www.bellunopress.it\\\/wp-content\\\/uploads\\\/2009\\\/08\\\/cortina-incontra-mughini.jpg\",\"keywords\":[\"Belluno\"],\"articleSection\":[\"Cronaca\\\/Politica\"],\"inLanguage\":\"fr-FR\"},{\"@type\":\"WebPage\",\"@id\":\"https:\\\/\\\/www.bellunopress.it\\\/2009\\\/08\\\/17\\\/la-peggio-gioventu-faccia-a-faccia-tra-due-ex-di-lotta-continua-mughini-che-condanna-quegli-anni-e-boato-che-li-difende\\\/\",\"url\":\"https:\\\/\\\/www.bellunopress.it\\\/2009\\\/08\\\/17\\\/la-peggio-gioventu-faccia-a-faccia-tra-due-ex-di-lotta-continua-mughini-che-condanna-quegli-anni-e-boato-che-li-difende\\\/\",\"name\":\"La peggio giovent\u00f9: faccia a faccia tra due ex di Lotta Continua, Mughini che condanna quegli anni e Boato che li difende - Bellunopress - Dolomiti\",\"isPartOf\":{\"@id\":\"https:\\\/\\\/www.bellunopress.it\\\/#website\"},\"primaryImageOfPage\":{\"@id\":\"https:\\\/\\\/www.bellunopress.it\\\/2009\\\/08\\\/17\\\/la-peggio-gioventu-faccia-a-faccia-tra-due-ex-di-lotta-continua-mughini-che-condanna-quegli-anni-e-boato-che-li-difende\\\/#primaryimage\"},\"image\":{\"@id\":\"https:\\\/\\\/www.bellunopress.it\\\/2009\\\/08\\\/17\\\/la-peggio-gioventu-faccia-a-faccia-tra-due-ex-di-lotta-continua-mughini-che-condanna-quegli-anni-e-boato-che-li-difende\\\/#primaryimage\"},\"thumbnailUrl\":\"http:\\\/\\\/www.bellunopress.it\\\/wp-content\\\/uploads\\\/2009\\\/08\\\/cortina-incontra-mughini.jpg\",\"datePublished\":\"2009-08-17T21:34:20+00:00\",\"breadcrumb\":{\"@id\":\"https:\\\/\\\/www.bellunopress.it\\\/2009\\\/08\\\/17\\\/la-peggio-gioventu-faccia-a-faccia-tra-due-ex-di-lotta-continua-mughini-che-condanna-quegli-anni-e-boato-che-li-difende\\\/#breadcrumb\"},\"inLanguage\":\"fr-FR\",\"potentialAction\":[{\"@type\":\"ReadAction\",\"target\":[\"https:\\\/\\\/www.bellunopress.it\\\/2009\\\/08\\\/17\\\/la-peggio-gioventu-faccia-a-faccia-tra-due-ex-di-lotta-continua-mughini-che-condanna-quegli-anni-e-boato-che-li-difende\\\/\"]}]},{\"@type\":\"ImageObject\",\"inLanguage\":\"fr-FR\",\"@id\":\"https:\\\/\\\/www.bellunopress.it\\\/2009\\\/08\\\/17\\\/la-peggio-gioventu-faccia-a-faccia-tra-due-ex-di-lotta-continua-mughini-che-condanna-quegli-anni-e-boato-che-li-difende\\\/#primaryimage\",\"url\":\"http:\\\/\\\/www.bellunopress.it\\\/wp-content\\\/uploads\\\/2009\\\/08\\\/cortina-incontra-mughini.jpg\",\"contentUrl\":\"http:\\\/\\\/www.bellunopress.it\\\/wp-content\\\/uploads\\\/2009\\\/08\\\/cortina-incontra-mughini.jpg\"},{\"@type\":\"BreadcrumbList\",\"@id\":\"https:\\\/\\\/www.bellunopress.it\\\/2009\\\/08\\\/17\\\/la-peggio-gioventu-faccia-a-faccia-tra-due-ex-di-lotta-continua-mughini-che-condanna-quegli-anni-e-boato-che-li-difende\\\/#breadcrumb\",\"itemListElement\":[{\"@type\":\"ListItem\",\"position\":1,\"name\":\"Home\",\"item\":\"https:\\\/\\\/www.bellunopress.it\\\/\"},{\"@type\":\"ListItem\",\"position\":2,\"name\":\"La peggio giovent\u00f9: faccia a faccia tra due ex di Lotta Continua, Mughini che condanna quegli anni e Boato che li difende\"}]},{\"@type\":\"WebSite\",\"@id\":\"https:\\\/\\\/www.bellunopress.it\\\/#website\",\"url\":\"https:\\\/\\\/www.bellunopress.it\\\/\",\"name\":\"Bellunopress - Dolomiti\",\"description\":\"e-mail: redazione@bellunopress.it\",\"publisher\":{\"@id\":\"https:\\\/\\\/www.bellunopress.it\\\/#organization\"},\"potentialAction\":[{\"@type\":\"SearchAction\",\"target\":{\"@type\":\"EntryPoint\",\"urlTemplate\":\"https:\\\/\\\/www.bellunopress.it\\\/?s={search_term_string}\"},\"query-input\":{\"@type\":\"PropertyValueSpecification\",\"valueRequired\":true,\"valueName\":\"search_term_string\"}}],\"inLanguage\":\"fr-FR\"},{\"@type\":\"Organization\",\"@id\":\"https:\\\/\\\/www.bellunopress.it\\\/#organization\",\"name\":\"Bellunopress\",\"url\":\"https:\\\/\\\/www.bellunopress.it\\\/\",\"logo\":{\"@type\":\"ImageObject\",\"inLanguage\":\"fr-FR\",\"@id\":\"https:\\\/\\\/www.bellunopress.it\\\/#\\\/schema\\\/logo\\\/image\\\/\",\"url\":\"https:\\\/\\\/www.bellunopress.it\\\/wp-content\\\/uploads\\\/2011\\\/05\\\/cropped-logo-bellunopress-.jpg\",\"contentUrl\":\"https:\\\/\\\/www.bellunopress.it\\\/wp-content\\\/uploads\\\/2011\\\/05\\\/cropped-logo-bellunopress-.jpg\",\"width\":512,\"height\":512,\"caption\":\"Bellunopress\"},\"image\":{\"@id\":\"https:\\\/\\\/www.bellunopress.it\\\/#\\\/schema\\\/logo\\\/image\\\/\"},\"sameAs\":[\"https:\\\/\\\/www.facebook.com\\\/profile.php?id=100008943462799\",\"https:\\\/\\\/x.com\\\/bellunopress\",\"https:\\\/\\\/www.linkedin.com\\\/hp\\\/?dnr=JBzUWaJfMUw8vbXJJ2tVW5-I3jZKvC4wsoxE&amp;amp;amp;amp;amp;amp;trk=nav_responsive_tab_home\",\"https:\\\/\\\/www.youtube.com\\\/channel\\\/UCxL0wu1uN0_3_7hGG0306cw\"]},{\"@type\":\"Person\",\"@id\":\"https:\\\/\\\/www.bellunopress.it\\\/#\\\/schema\\\/person\\\/79bb06722b37ece1c03d3e94beb30d73\",\"name\":\"redazione\",\"image\":{\"@type\":\"ImageObject\",\"inLanguage\":\"fr-FR\",\"@id\":\"https:\\\/\\\/secure.gravatar.com\\\/avatar\\\/37d968a2e67a6fd04c169c4bdef102d0bc5d31b2546345219e348575eb80e9a0?s=96&d=mm&r=g\",\"url\":\"https:\\\/\\\/secure.gravatar.com\\\/avatar\\\/37d968a2e67a6fd04c169c4bdef102d0bc5d31b2546345219e348575eb80e9a0?s=96&d=mm&r=g\",\"contentUrl\":\"https:\\\/\\\/secure.gravatar.com\\\/avatar\\\/37d968a2e67a6fd04c169c4bdef102d0bc5d31b2546345219e348575eb80e9a0?s=96&d=mm&r=g\",\"caption\":\"redazione\"},\"sameAs\":[\"http:\\\/\\\/www.bellunopress.it\",\"https:\\\/\\\/x.com\\\/bellunopress\"],\"url\":\"https:\\\/\\\/www.bellunopress.it\\\/fr\\\/author\\\/redazione\\\/\"}]}<\/script>\n<!-- \/ Yoast SEO plugin. -->","yoast_head_json":{"title":"La peggio giovent\u00f9: faccia a faccia tra due ex di Lotta Continua, Mughini che condanna quegli anni e Boato che li difende - Bellunopress - Dolomiti","robots":{"index":"index","follow":"follow","max-snippet":"max-snippet:-1","max-image-preview":"max-image-preview:large","max-video-preview":"max-video-preview:-1"},"canonical":"https:\/\/www.bellunopress.it\/fr\/2009\/08\/17\/la-peggio-gioventu-faccia-a-faccia-tra-due-ex-di-lotta-continua-mughini-che-condanna-quegli-anni-e-boato-che-li-difende\/","og_locale":"fr_FR","og_type":"article","og_title":"La peggio giovent\u00f9: faccia a faccia tra due ex di Lotta Continua, Mughini che condanna quegli anni e Boato che li difende - Bellunopress - Dolomiti","og_description":"&#8220;Cortina InConTra\u201d ha ospitato quest\u2019oggi (17 agosto) un evento intitolato \u201cC\u2019era una volta la peggio giovent\u00f9\u201d. Sul palco, insieme all\u2019editorialista Angelo Mellone, Giampiero Mughini, direttore responsabile negli anni &#8217;70 del giornale di Lotta Continua e autore del\u00a0 libro &#8220;Gli anni della peggio giovent\u00f9. L\u2019omicidio Calabresi e la tragedia di una generazione\u201d, e Marco Boato, saggista, [&hellip;]","og_url":"https:\/\/www.bellunopress.it\/fr\/2009\/08\/17\/la-peggio-gioventu-faccia-a-faccia-tra-due-ex-di-lotta-continua-mughini-che-condanna-quegli-anni-e-boato-che-li-difende\/","og_site_name":"Bellunopress - Dolomiti","article_publisher":"https:\/\/www.facebook.com\/profile.php?id=100008943462799","article_published_time":"2009-08-17T21:34:20+00:00","og_image":[{"url":"http:\/\/www.bellunopress.it\/wp-content\/uploads\/2009\/08\/cortina-incontra-mughini.jpg","type":"","width":"","height":""}],"author":"redazione","twitter_card":"summary_large_image","twitter_creator":"@bellunopress","twitter_site":"@bellunopress","twitter_misc":{"\u00c9crit par":"redazione","Dur\u00e9e de lecture estim\u00e9e":"3 minutes"},"schema":{"@context":"https:\/\/schema.org","@graph":[{"@type":"Article","@id":"https:\/\/www.bellunopress.it\/2009\/08\/17\/la-peggio-gioventu-faccia-a-faccia-tra-due-ex-di-lotta-continua-mughini-che-condanna-quegli-anni-e-boato-che-li-difende\/#article","isPartOf":{"@id":"https:\/\/www.bellunopress.it\/2009\/08\/17\/la-peggio-gioventu-faccia-a-faccia-tra-due-ex-di-lotta-continua-mughini-che-condanna-quegli-anni-e-boato-che-li-difende\/"},"author":{"name":"redazione","@id":"https:\/\/www.bellunopress.it\/#\/schema\/person\/79bb06722b37ece1c03d3e94beb30d73"},"headline":"La peggio giovent\u00f9: faccia a faccia tra due ex di Lotta Continua, Mughini che condanna quegli anni e Boato che li difende","datePublished":"2009-08-17T21:34:20+00:00","mainEntityOfPage":{"@id":"https:\/\/www.bellunopress.it\/2009\/08\/17\/la-peggio-gioventu-faccia-a-faccia-tra-due-ex-di-lotta-continua-mughini-che-condanna-quegli-anni-e-boato-che-li-difende\/"},"wordCount":539,"publisher":{"@id":"https:\/\/www.bellunopress.it\/#organization"},"image":{"@id":"https:\/\/www.bellunopress.it\/2009\/08\/17\/la-peggio-gioventu-faccia-a-faccia-tra-due-ex-di-lotta-continua-mughini-che-condanna-quegli-anni-e-boato-che-li-difende\/#primaryimage"},"thumbnailUrl":"http:\/\/www.bellunopress.it\/wp-content\/uploads\/2009\/08\/cortina-incontra-mughini.jpg","keywords":["Belluno"],"articleSection":["Cronaca\/Politica"],"inLanguage":"fr-FR"},{"@type":"WebPage","@id":"https:\/\/www.bellunopress.it\/2009\/08\/17\/la-peggio-gioventu-faccia-a-faccia-tra-due-ex-di-lotta-continua-mughini-che-condanna-quegli-anni-e-boato-che-li-difende\/","url":"https:\/\/www.bellunopress.it\/2009\/08\/17\/la-peggio-gioventu-faccia-a-faccia-tra-due-ex-di-lotta-continua-mughini-che-condanna-quegli-anni-e-boato-che-li-difende\/","name":"La peggio giovent\u00f9: faccia a faccia tra due ex di Lotta Continua, Mughini che condanna quegli anni e Boato che li difende - Bellunopress - Dolomiti","isPartOf":{"@id":"https:\/\/www.bellunopress.it\/#website"},"primaryImageOfPage":{"@id":"https:\/\/www.bellunopress.it\/2009\/08\/17\/la-peggio-gioventu-faccia-a-faccia-tra-due-ex-di-lotta-continua-mughini-che-condanna-quegli-anni-e-boato-che-li-difende\/#primaryimage"},"image":{"@id":"https:\/\/www.bellunopress.it\/2009\/08\/17\/la-peggio-gioventu-faccia-a-faccia-tra-due-ex-di-lotta-continua-mughini-che-condanna-quegli-anni-e-boato-che-li-difende\/#primaryimage"},"thumbnailUrl":"http:\/\/www.bellunopress.it\/wp-content\/uploads\/2009\/08\/cortina-incontra-mughini.jpg","datePublished":"2009-08-17T21:34:20+00:00","breadcrumb":{"@id":"https:\/\/www.bellunopress.it\/2009\/08\/17\/la-peggio-gioventu-faccia-a-faccia-tra-due-ex-di-lotta-continua-mughini-che-condanna-quegli-anni-e-boato-che-li-difende\/#breadcrumb"},"inLanguage":"fr-FR","potentialAction":[{"@type":"ReadAction","target":["https:\/\/www.bellunopress.it\/2009\/08\/17\/la-peggio-gioventu-faccia-a-faccia-tra-due-ex-di-lotta-continua-mughini-che-condanna-quegli-anni-e-boato-che-li-difende\/"]}]},{"@type":"ImageObject","inLanguage":"fr-FR","@id":"https:\/\/www.bellunopress.it\/2009\/08\/17\/la-peggio-gioventu-faccia-a-faccia-tra-due-ex-di-lotta-continua-mughini-che-condanna-quegli-anni-e-boato-che-li-difende\/#primaryimage","url":"http:\/\/www.bellunopress.it\/wp-content\/uploads\/2009\/08\/cortina-incontra-mughini.jpg","contentUrl":"http:\/\/www.bellunopress.it\/wp-content\/uploads\/2009\/08\/cortina-incontra-mughini.jpg"},{"@type":"BreadcrumbList","@id":"https:\/\/www.bellunopress.it\/2009\/08\/17\/la-peggio-gioventu-faccia-a-faccia-tra-due-ex-di-lotta-continua-mughini-che-condanna-quegli-anni-e-boato-che-li-difende\/#breadcrumb","itemListElement":[{"@type":"ListItem","position":1,"name":"Home","item":"https:\/\/www.bellunopress.it\/"},{"@type":"ListItem","position":2,"name":"La peggio giovent\u00f9: faccia a faccia tra due ex di Lotta Continua, Mughini che condanna quegli anni e Boato che li difende"}]},{"@type":"WebSite","@id":"https:\/\/www.bellunopress.it\/#website","url":"https:\/\/www.bellunopress.it\/","name":"Bellunopress - Dolomiti","description":"e-mail: redazione@bellunopress.it","publisher":{"@id":"https:\/\/www.bellunopress.it\/#organization"},"potentialAction":[{"@type":"SearchAction","target":{"@type":"EntryPoint","urlTemplate":"https:\/\/www.bellunopress.it\/?s={search_term_string}"},"query-input":{"@type":"PropertyValueSpecification","valueRequired":true,"valueName":"search_term_string"}}],"inLanguage":"fr-FR"},{"@type":"Organization","@id":"https:\/\/www.bellunopress.it\/#organization","name":"Bellunopress","url":"https:\/\/www.bellunopress.it\/","logo":{"@type":"ImageObject","inLanguage":"fr-FR","@id":"https:\/\/www.bellunopress.it\/#\/schema\/logo\/image\/","url":"https:\/\/www.bellunopress.it\/wp-content\/uploads\/2011\/05\/cropped-logo-bellunopress-.jpg","contentUrl":"https:\/\/www.bellunopress.it\/wp-content\/uploads\/2011\/05\/cropped-logo-bellunopress-.jpg","width":512,"height":512,"caption":"Bellunopress"},"image":{"@id":"https:\/\/www.bellunopress.it\/#\/schema\/logo\/image\/"},"sameAs":["https:\/\/www.facebook.com\/profile.php?id=100008943462799","https:\/\/x.com\/bellunopress","https:\/\/www.linkedin.com\/hp\/?dnr=JBzUWaJfMUw8vbXJJ2tVW5-I3jZKvC4wsoxE&amp;amp;amp;amp;amp;amp;trk=nav_responsive_tab_home","https:\/\/www.youtube.com\/channel\/UCxL0wu1uN0_3_7hGG0306cw"]},{"@type":"Person","@id":"https:\/\/www.bellunopress.it\/#\/schema\/person\/79bb06722b37ece1c03d3e94beb30d73","name":"r\u00e9daction","image":{"@type":"ImageObject","inLanguage":"fr-FR","@id":"https:\/\/secure.gravatar.com\/avatar\/37d968a2e67a6fd04c169c4bdef102d0bc5d31b2546345219e348575eb80e9a0?s=96&d=mm&r=g","url":"https:\/\/secure.gravatar.com\/avatar\/37d968a2e67a6fd04c169c4bdef102d0bc5d31b2546345219e348575eb80e9a0?s=96&d=mm&r=g","contentUrl":"https:\/\/secure.gravatar.com\/avatar\/37d968a2e67a6fd04c169c4bdef102d0bc5d31b2546345219e348575eb80e9a0?s=96&d=mm&r=g","caption":"redazione"},"sameAs":["http:\/\/www.bellunopress.it","https:\/\/x.com\/bellunopress"],"url":"https:\/\/www.bellunopress.it\/fr\/author\/redazione\/"}]}},"_links":{"self":[{"href":"https:\/\/www.bellunopress.it\/fr\/wp-json\/wp\/v2\/posts\/7075","targetHints":{"allow":["GET"]}}],"collection":[{"href":"https:\/\/www.bellunopress.it\/fr\/wp-json\/wp\/v2\/posts"}],"about":[{"href":"https:\/\/www.bellunopress.it\/fr\/wp-json\/wp\/v2\/types\/post"}],"author":[{"embeddable":true,"href":"https:\/\/www.bellunopress.it\/fr\/wp-json\/wp\/v2\/users\/2"}],"replies":[{"embeddable":true,"href":"https:\/\/www.bellunopress.it\/fr\/wp-json\/wp\/v2\/comments?post=7075"}],"version-history":[{"count":1,"href":"https:\/\/www.bellunopress.it\/fr\/wp-json\/wp\/v2\/posts\/7075\/revisions"}],"predecessor-version":[{"id":7078,"href":"https:\/\/www.bellunopress.it\/fr\/wp-json\/wp\/v2\/posts\/7075\/revisions\/7078"}],"wp:attachment":[{"href":"https:\/\/www.bellunopress.it\/fr\/wp-json\/wp\/v2\/media?parent=7075"}],"wp:term":[{"taxonomy":"category","embeddable":true,"href":"https:\/\/www.bellunopress.it\/fr\/wp-json\/wp\/v2\/categories?post=7075"},{"taxonomy":"post_tag","embeddable":true,"href":"https:\/\/www.bellunopress.it\/fr\/wp-json\/wp\/v2\/tags?post=7075"}],"curies":[{"name":"wp","href":"https:\/\/api.w.org\/{rel}","templated":true}]}}