{"id":7064,"date":"2009-08-17T15:02:40","date_gmt":"2009-08-17T14:02:40","guid":{"rendered":"http:\/\/www.bellunopress.it\/?p=7064"},"modified":"2009-08-18T16:44:43","modified_gmt":"2009-08-18T15:44:43","slug":"attenti-al-lupo-al-via-domani-a-cesiomaggiore-il-primo-dei-tre-incontri-promossi-da-fondazione-universita-e-associazione-dino-buzzati","status":"publish","type":"post","link":"https:\/\/www.bellunopress.it\/fr\/2009\/08\/17\/attenti-al-lupo-al-via-domani-a-cesiomaggiore-il-primo-dei-tre-incontri-promossi-da-fondazione-universita-e-associazione-dino-buzzati\/","title":{"rendered":"Attenti al lupo: al via domani a Cesiomaggiore il primo dei tre incontri promossi da Fondazione Universit\u00e0 e Associazione Dino Buzzati"},"content":{"rendered":"<p>Sar\u00e0 il lupo il protagonista mercoled\u00ec 18 agosto alle 14.00 a Serravella di Cesiomaggiore del primo dei tre appuntamenti di letture e laboratori creativi creativi della Fondazione Internazionale Dino Buzzati.Promossi grazie ad un progetto sostenuto dalla Fondazione per l\u2019Universit\u00e0 e l\u2019Alta Cultura in Provincia di Belluno con il contributo della Regione Veneto, gli incontri sono aperti a bambini e ragazzi dai 6 ai 14 anni. Un\u2019occasione per esplorare con la fantasia ma anche con le mani la natura della provincia bellunese, sulle tracce degli animali che la popolano o di quelli che in tanti auspicano possano un giorno tornare a popolarla. E\u2019 questo il caso del lupo, spiega Enrico Vettorazzo, del Parco Nazionale Dolomiti Bellunesi che ha offerto il proprio patrocinio all\u2019iniziativa. \u201cQuesto carnivoro che negli anni Settanta sopravviveva solo nell\u2019Appennino centrale negli ultimi quarant\u2019anni ha iniziato un processo di ricolonizzazione spontanea che ha interessato prima la dorsale appenninica e ora anche l\u2019arco alpino. Attualmente \u00e8 presente fino alle Alpi lombarde. E chiss\u00e0 che un giorno non\u00a0 possa arrivare anche nel nostro Parco\u201d. Un auspicio che render\u00e0 dunque ancor pi\u00f9 viva la suggestione dei racconti di Buzzati domani a Serravella di Cesiomaggiore con \u201cMagari avessimo il lupo! Il lupo e altri animali nelle pagine di Buzzati\u201d. Ore 14, Museo Etnografico di Serravella. Letture di Simonetta Vanzin e Manuela Gallina. Laboratori di disegno a cura di Stefania Paoletti. Per informazioni e iscrizioni: Biblioteca di Cesiomaggiore, tel. 0439.43480, mail: <a href=\"mailto:biblioteca.cesio@feltrino.bl.it\">biblioteca.cesio@feltrino.bl.it<\/a><\/p>","protected":false},"excerpt":{"rendered":"<p>Sar\u00e0 il lupo il protagonista mercoled\u00ec 18 agosto alle 14.00 a Serravella di Cesiomaggiore del primo dei tre appuntamenti di letture e laboratori creativi creativi della Fondazione Internazionale Dino Buzzati.Promossi grazie ad un progetto sostenuto dalla Fondazione per l\u2019Universit\u00e0 e l\u2019Alta Cultura in Provincia di Belluno con il contributo della Regione Veneto, gli incontri sono [&hellip;]<\/p>\n","protected":false},"author":2,"featured_media":0,"comment_status":"closed","ping_status":"open","sticky":false,"template":"","format":"standard","meta":{"footnotes":""},"categories":[27,25],"tags":[139,63,2261],"class_list":["post-7064","post","type-post","status-publish","format-standard","category-appuntamenti","category-pausa-caffe","tag-belluno","tag-dolomiti","tag-feltrino"],"yoast_head":"<!-- This site is optimized with the Yoast SEO plugin v28.4 - https:\/\/yoast.com\/product\/yoast-seo-wordpress\/ -->\n<title>Attenti al lupo: al via domani a Cesiomaggiore il primo dei tre incontri promossi da Fondazione Universit\u00e0 e Associazione Dino Buzzati - Bellunopress - Dolomiti<\/title>\n<meta name=\"robots\" content=\"index, follow, max-snippet:-1, max-image-preview:large, max-video-preview:-1\" \/>\n<link rel=\"canonical\" href=\"https:\/\/www.bellunopress.it\/fr\/2009\/08\/17\/attenti-al-lupo-al-via-domani-a-cesiomaggiore-il-primo-dei-tre-incontri-promossi-da-fondazione-universita-e-associazione-dino-buzzati\/\" \/>\n<meta property=\"og:locale\" content=\"fr_FR\" \/>\n<meta property=\"og:type\" content=\"article\" \/>\n<meta property=\"og:title\" content=\"Attenti al lupo: al via domani a Cesiomaggiore il primo dei tre incontri promossi da Fondazione Universit\u00e0 e Associazione Dino Buzzati - Bellunopress - Dolomiti\" \/>\n<meta property=\"og:description\" content=\"Sar\u00e0 il lupo il protagonista mercoled\u00ec 18 agosto alle 14.00 a Serravella di Cesiomaggiore del primo dei tre appuntamenti di letture e laboratori creativi creativi della Fondazione Internazionale Dino Buzzati.Promossi grazie ad un progetto sostenuto dalla Fondazione per l\u2019Universit\u00e0 e l\u2019Alta Cultura in Provincia di Belluno con il contributo della Regione Veneto, gli incontri sono [&hellip;]\" \/>\n<meta property=\"og:url\" content=\"https:\/\/www.bellunopress.it\/fr\/2009\/08\/17\/attenti-al-lupo-al-via-domani-a-cesiomaggiore-il-primo-dei-tre-incontri-promossi-da-fondazione-universita-e-associazione-dino-buzzati\/\" \/>\n<meta property=\"og:site_name\" content=\"Bellunopress - Dolomiti\" \/>\n<meta property=\"article:publisher\" content=\"https:\/\/www.facebook.com\/profile.php?id=100008943462799\" \/>\n<meta property=\"article:published_time\" content=\"2009-08-17T14:02:40+00:00\" \/>\n<meta property=\"article:modified_time\" content=\"2009-08-18T15:44:43+00:00\" \/>\n<meta property=\"og:image\" content=\"http:\/\/www.bellunopress.it\/wp-content\/uploads\/2012\/07\/logo-bellunopress-250x250-2012.jpg\" \/>\n<meta name=\"author\" content=\"redazione\" \/>\n<meta name=\"twitter:card\" content=\"summary_large_image\" \/>\n<meta name=\"twitter:creator\" content=\"@bellunopress\" \/>\n<meta name=\"twitter:site\" content=\"@bellunopress\" \/>\n<meta name=\"twitter:label1\" content=\"\u00c9crit par\" \/>\n\t<meta name=\"twitter:data1\" content=\"redazione\" \/>\n\t<meta name=\"twitter:label2\" content=\"Dur\u00e9e de lecture estim\u00e9e\" \/>\n\t<meta name=\"twitter:data2\" content=\"1 minute\" \/>\n<script type=\"application\/ld+json\" class=\"yoast-schema-graph\">{\"@context\":\"https:\\\/\\\/schema.org\",\"@graph\":[{\"@type\":\"Article\",\"@id\":\"https:\\\/\\\/www.bellunopress.it\\\/2009\\\/08\\\/17\\\/attenti-al-lupo-al-via-domani-a-cesiomaggiore-il-primo-dei-tre-incontri-promossi-da-fondazione-universita-e-associazione-dino-buzzati\\\/#article\",\"isPartOf\":{\"@id\":\"https:\\\/\\\/www.bellunopress.it\\\/2009\\\/08\\\/17\\\/attenti-al-lupo-al-via-domani-a-cesiomaggiore-il-primo-dei-tre-incontri-promossi-da-fondazione-universita-e-associazione-dino-buzzati\\\/\"},\"author\":{\"name\":\"redazione\",\"@id\":\"https:\\\/\\\/www.bellunopress.it\\\/#\\\/schema\\\/person\\\/79bb06722b37ece1c03d3e94beb30d73\"},\"headline\":\"Attenti al lupo: al via domani a Cesiomaggiore il primo dei tre incontri promossi da Fondazione Universit\u00e0 e Associazione Dino Buzzati\",\"datePublished\":\"2009-08-17T14:02:40+00:00\",\"dateModified\":\"2009-08-18T15:44:43+00:00\",\"mainEntityOfPage\":{\"@id\":\"https:\\\/\\\/www.bellunopress.it\\\/2009\\\/08\\\/17\\\/attenti-al-lupo-al-via-domani-a-cesiomaggiore-il-primo-dei-tre-incontri-promossi-da-fondazione-universita-e-associazione-dino-buzzati\\\/\"},\"wordCount\":264,\"publisher\":{\"@id\":\"https:\\\/\\\/www.bellunopress.it\\\/#organization\"},\"keywords\":[\"Belluno\",\"Dolomiti\",\"feltrino\"],\"articleSection\":[\"Appuntamenti, Eventi\",\"Pausa Caff\u00e8\"],\"inLanguage\":\"fr-FR\"},{\"@type\":\"WebPage\",\"@id\":\"https:\\\/\\\/www.bellunopress.it\\\/2009\\\/08\\\/17\\\/attenti-al-lupo-al-via-domani-a-cesiomaggiore-il-primo-dei-tre-incontri-promossi-da-fondazione-universita-e-associazione-dino-buzzati\\\/\",\"url\":\"https:\\\/\\\/www.bellunopress.it\\\/2009\\\/08\\\/17\\\/attenti-al-lupo-al-via-domani-a-cesiomaggiore-il-primo-dei-tre-incontri-promossi-da-fondazione-universita-e-associazione-dino-buzzati\\\/\",\"name\":\"Attenti al lupo: al via domani a Cesiomaggiore il primo dei tre incontri promossi da Fondazione Universit\u00e0 e Associazione Dino Buzzati - Bellunopress - Dolomiti\",\"isPartOf\":{\"@id\":\"https:\\\/\\\/www.bellunopress.it\\\/#website\"},\"datePublished\":\"2009-08-17T14:02:40+00:00\",\"dateModified\":\"2009-08-18T15:44:43+00:00\",\"breadcrumb\":{\"@id\":\"https:\\\/\\\/www.bellunopress.it\\\/2009\\\/08\\\/17\\\/attenti-al-lupo-al-via-domani-a-cesiomaggiore-il-primo-dei-tre-incontri-promossi-da-fondazione-universita-e-associazione-dino-buzzati\\\/#breadcrumb\"},\"inLanguage\":\"fr-FR\",\"potentialAction\":[{\"@type\":\"ReadAction\",\"target\":[\"https:\\\/\\\/www.bellunopress.it\\\/2009\\\/08\\\/17\\\/attenti-al-lupo-al-via-domani-a-cesiomaggiore-il-primo-dei-tre-incontri-promossi-da-fondazione-universita-e-associazione-dino-buzzati\\\/\"]}]},{\"@type\":\"BreadcrumbList\",\"@id\":\"https:\\\/\\\/www.bellunopress.it\\\/2009\\\/08\\\/17\\\/attenti-al-lupo-al-via-domani-a-cesiomaggiore-il-primo-dei-tre-incontri-promossi-da-fondazione-universita-e-associazione-dino-buzzati\\\/#breadcrumb\",\"itemListElement\":[{\"@type\":\"ListItem\",\"position\":1,\"name\":\"Home\",\"item\":\"https:\\\/\\\/www.bellunopress.it\\\/\"},{\"@type\":\"ListItem\",\"position\":2,\"name\":\"Attenti al lupo: al via domani a Cesiomaggiore il primo dei tre incontri promossi da Fondazione Universit\u00e0 e Associazione Dino Buzzati\"}]},{\"@type\":\"WebSite\",\"@id\":\"https:\\\/\\\/www.bellunopress.it\\\/#website\",\"url\":\"https:\\\/\\\/www.bellunopress.it\\\/\",\"name\":\"Bellunopress - Dolomiti\",\"description\":\"e-mail: redazione@bellunopress.it\",\"publisher\":{\"@id\":\"https:\\\/\\\/www.bellunopress.it\\\/#organization\"},\"potentialAction\":[{\"@type\":\"SearchAction\",\"target\":{\"@type\":\"EntryPoint\",\"urlTemplate\":\"https:\\\/\\\/www.bellunopress.it\\\/?s={search_term_string}\"},\"query-input\":{\"@type\":\"PropertyValueSpecification\",\"valueRequired\":true,\"valueName\":\"search_term_string\"}}],\"inLanguage\":\"fr-FR\"},{\"@type\":\"Organization\",\"@id\":\"https:\\\/\\\/www.bellunopress.it\\\/#organization\",\"name\":\"Bellunopress\",\"url\":\"https:\\\/\\\/www.bellunopress.it\\\/\",\"logo\":{\"@type\":\"ImageObject\",\"inLanguage\":\"fr-FR\",\"@id\":\"https:\\\/\\\/www.bellunopress.it\\\/#\\\/schema\\\/logo\\\/image\\\/\",\"url\":\"https:\\\/\\\/www.bellunopress.it\\\/wp-content\\\/uploads\\\/2011\\\/05\\\/cropped-logo-bellunopress-.jpg\",\"contentUrl\":\"https:\\\/\\\/www.bellunopress.it\\\/wp-content\\\/uploads\\\/2011\\\/05\\\/cropped-logo-bellunopress-.jpg\",\"width\":512,\"height\":512,\"caption\":\"Bellunopress\"},\"image\":{\"@id\":\"https:\\\/\\\/www.bellunopress.it\\\/#\\\/schema\\\/logo\\\/image\\\/\"},\"sameAs\":[\"https:\\\/\\\/www.facebook.com\\\/profile.php?id=100008943462799\",\"https:\\\/\\\/x.com\\\/bellunopress\",\"https:\\\/\\\/www.linkedin.com\\\/hp\\\/?dnr=JBzUWaJfMUw8vbXJJ2tVW5-I3jZKvC4wsoxE&amp;amp;amp;amp;amp;amp;trk=nav_responsive_tab_home\",\"https:\\\/\\\/www.youtube.com\\\/channel\\\/UCxL0wu1uN0_3_7hGG0306cw\"]},{\"@type\":\"Person\",\"@id\":\"https:\\\/\\\/www.bellunopress.it\\\/#\\\/schema\\\/person\\\/79bb06722b37ece1c03d3e94beb30d73\",\"name\":\"redazione\",\"image\":{\"@type\":\"ImageObject\",\"inLanguage\":\"fr-FR\",\"@id\":\"https:\\\/\\\/secure.gravatar.com\\\/avatar\\\/37d968a2e67a6fd04c169c4bdef102d0bc5d31b2546345219e348575eb80e9a0?s=96&d=mm&r=g\",\"url\":\"https:\\\/\\\/secure.gravatar.com\\\/avatar\\\/37d968a2e67a6fd04c169c4bdef102d0bc5d31b2546345219e348575eb80e9a0?s=96&d=mm&r=g\",\"contentUrl\":\"https:\\\/\\\/secure.gravatar.com\\\/avatar\\\/37d968a2e67a6fd04c169c4bdef102d0bc5d31b2546345219e348575eb80e9a0?s=96&d=mm&r=g\",\"caption\":\"redazione\"},\"sameAs\":[\"http:\\\/\\\/www.bellunopress.it\",\"https:\\\/\\\/x.com\\\/bellunopress\"],\"url\":\"https:\\\/\\\/www.bellunopress.it\\\/fr\\\/author\\\/redazione\\\/\"}]}<\/script>\n<!-- \/ Yoast SEO plugin. -->","yoast_head_json":{"title":"Attenti al lupo: al via domani a Cesiomaggiore il primo dei tre incontri promossi da Fondazione Universit\u00e0 e Associazione Dino Buzzati - Bellunopress - Dolomiti","robots":{"index":"index","follow":"follow","max-snippet":"max-snippet:-1","max-image-preview":"max-image-preview:large","max-video-preview":"max-video-preview:-1"},"canonical":"https:\/\/www.bellunopress.it\/fr\/2009\/08\/17\/attenti-al-lupo-al-via-domani-a-cesiomaggiore-il-primo-dei-tre-incontri-promossi-da-fondazione-universita-e-associazione-dino-buzzati\/","og_locale":"fr_FR","og_type":"article","og_title":"Attenti al lupo: al via domani a Cesiomaggiore il primo dei tre incontri promossi da Fondazione Universit\u00e0 e Associazione Dino Buzzati - Bellunopress - Dolomiti","og_description":"Sar\u00e0 il lupo il protagonista mercoled\u00ec 18 agosto alle 14.00 a Serravella di Cesiomaggiore del primo dei tre appuntamenti di letture e laboratori creativi creativi della Fondazione Internazionale Dino Buzzati.Promossi grazie ad un progetto sostenuto dalla Fondazione per l\u2019Universit\u00e0 e l\u2019Alta Cultura in Provincia di Belluno con il contributo della Regione Veneto, gli incontri sono [&hellip;]","og_url":"https:\/\/www.bellunopress.it\/fr\/2009\/08\/17\/attenti-al-lupo-al-via-domani-a-cesiomaggiore-il-primo-dei-tre-incontri-promossi-da-fondazione-universita-e-associazione-dino-buzzati\/","og_site_name":"Bellunopress - Dolomiti","article_publisher":"https:\/\/www.facebook.com\/profile.php?id=100008943462799","article_published_time":"2009-08-17T14:02:40+00:00","article_modified_time":"2009-08-18T15:44:43+00:00","og_image":[{"url":"http:\/\/www.bellunopress.it\/wp-content\/uploads\/2012\/07\/logo-bellunopress-250x250-2012.jpg","type":"","width":"","height":""}],"author":"redazione","twitter_card":"summary_large_image","twitter_creator":"@bellunopress","twitter_site":"@bellunopress","twitter_misc":{"\u00c9crit par":"redazione","Dur\u00e9e de lecture estim\u00e9e":"1 minute"},"schema":{"@context":"https:\/\/schema.org","@graph":[{"@type":"Article","@id":"https:\/\/www.bellunopress.it\/2009\/08\/17\/attenti-al-lupo-al-via-domani-a-cesiomaggiore-il-primo-dei-tre-incontri-promossi-da-fondazione-universita-e-associazione-dino-buzzati\/#article","isPartOf":{"@id":"https:\/\/www.bellunopress.it\/2009\/08\/17\/attenti-al-lupo-al-via-domani-a-cesiomaggiore-il-primo-dei-tre-incontri-promossi-da-fondazione-universita-e-associazione-dino-buzzati\/"},"author":{"name":"redazione","@id":"https:\/\/www.bellunopress.it\/#\/schema\/person\/79bb06722b37ece1c03d3e94beb30d73"},"headline":"Attenti al lupo: al via domani a Cesiomaggiore il primo dei tre incontri promossi da Fondazione Universit\u00e0 e Associazione Dino Buzzati","datePublished":"2009-08-17T14:02:40+00:00","dateModified":"2009-08-18T15:44:43+00:00","mainEntityOfPage":{"@id":"https:\/\/www.bellunopress.it\/2009\/08\/17\/attenti-al-lupo-al-via-domani-a-cesiomaggiore-il-primo-dei-tre-incontri-promossi-da-fondazione-universita-e-associazione-dino-buzzati\/"},"wordCount":264,"publisher":{"@id":"https:\/\/www.bellunopress.it\/#organization"},"keywords":["Belluno","Dolomiti","feltrino"],"articleSection":["Appuntamenti, Eventi","Pausa Caff\u00e8"],"inLanguage":"fr-FR"},{"@type":"WebPage","@id":"https:\/\/www.bellunopress.it\/2009\/08\/17\/attenti-al-lupo-al-via-domani-a-cesiomaggiore-il-primo-dei-tre-incontri-promossi-da-fondazione-universita-e-associazione-dino-buzzati\/","url":"https:\/\/www.bellunopress.it\/2009\/08\/17\/attenti-al-lupo-al-via-domani-a-cesiomaggiore-il-primo-dei-tre-incontri-promossi-da-fondazione-universita-e-associazione-dino-buzzati\/","name":"Attenti al lupo: al via domani a Cesiomaggiore il primo dei tre incontri promossi da Fondazione Universit\u00e0 e Associazione Dino Buzzati - Bellunopress - Dolomiti","isPartOf":{"@id":"https:\/\/www.bellunopress.it\/#website"},"datePublished":"2009-08-17T14:02:40+00:00","dateModified":"2009-08-18T15:44:43+00:00","breadcrumb":{"@id":"https:\/\/www.bellunopress.it\/2009\/08\/17\/attenti-al-lupo-al-via-domani-a-cesiomaggiore-il-primo-dei-tre-incontri-promossi-da-fondazione-universita-e-associazione-dino-buzzati\/#breadcrumb"},"inLanguage":"fr-FR","potentialAction":[{"@type":"ReadAction","target":["https:\/\/www.bellunopress.it\/2009\/08\/17\/attenti-al-lupo-al-via-domani-a-cesiomaggiore-il-primo-dei-tre-incontri-promossi-da-fondazione-universita-e-associazione-dino-buzzati\/"]}]},{"@type":"BreadcrumbList","@id":"https:\/\/www.bellunopress.it\/2009\/08\/17\/attenti-al-lupo-al-via-domani-a-cesiomaggiore-il-primo-dei-tre-incontri-promossi-da-fondazione-universita-e-associazione-dino-buzzati\/#breadcrumb","itemListElement":[{"@type":"ListItem","position":1,"name":"Home","item":"https:\/\/www.bellunopress.it\/"},{"@type":"ListItem","position":2,"name":"Attenti al lupo: al via domani a Cesiomaggiore il primo dei tre incontri promossi da Fondazione Universit\u00e0 e Associazione Dino Buzzati"}]},{"@type":"WebSite","@id":"https:\/\/www.bellunopress.it\/#website","url":"https:\/\/www.bellunopress.it\/","name":"Bellunopress - Dolomiti","description":"e-mail: redazione@bellunopress.it","publisher":{"@id":"https:\/\/www.bellunopress.it\/#organization"},"potentialAction":[{"@type":"SearchAction","target":{"@type":"EntryPoint","urlTemplate":"https:\/\/www.bellunopress.it\/?s={search_term_string}"},"query-input":{"@type":"PropertyValueSpecification","valueRequired":true,"valueName":"search_term_string"}}],"inLanguage":"fr-FR"},{"@type":"Organization","@id":"https:\/\/www.bellunopress.it\/#organization","name":"Bellunopress","url":"https:\/\/www.bellunopress.it\/","logo":{"@type":"ImageObject","inLanguage":"fr-FR","@id":"https:\/\/www.bellunopress.it\/#\/schema\/logo\/image\/","url":"https:\/\/www.bellunopress.it\/wp-content\/uploads\/2011\/05\/cropped-logo-bellunopress-.jpg","contentUrl":"https:\/\/www.bellunopress.it\/wp-content\/uploads\/2011\/05\/cropped-logo-bellunopress-.jpg","width":512,"height":512,"caption":"Bellunopress"},"image":{"@id":"https:\/\/www.bellunopress.it\/#\/schema\/logo\/image\/"},"sameAs":["https:\/\/www.facebook.com\/profile.php?id=100008943462799","https:\/\/x.com\/bellunopress","https:\/\/www.linkedin.com\/hp\/?dnr=JBzUWaJfMUw8vbXJJ2tVW5-I3jZKvC4wsoxE&amp;amp;amp;amp;amp;amp;trk=nav_responsive_tab_home","https:\/\/www.youtube.com\/channel\/UCxL0wu1uN0_3_7hGG0306cw"]},{"@type":"Person","@id":"https:\/\/www.bellunopress.it\/#\/schema\/person\/79bb06722b37ece1c03d3e94beb30d73","name":"r\u00e9daction","image":{"@type":"ImageObject","inLanguage":"fr-FR","@id":"https:\/\/secure.gravatar.com\/avatar\/37d968a2e67a6fd04c169c4bdef102d0bc5d31b2546345219e348575eb80e9a0?s=96&d=mm&r=g","url":"https:\/\/secure.gravatar.com\/avatar\/37d968a2e67a6fd04c169c4bdef102d0bc5d31b2546345219e348575eb80e9a0?s=96&d=mm&r=g","contentUrl":"https:\/\/secure.gravatar.com\/avatar\/37d968a2e67a6fd04c169c4bdef102d0bc5d31b2546345219e348575eb80e9a0?s=96&d=mm&r=g","caption":"redazione"},"sameAs":["http:\/\/www.bellunopress.it","https:\/\/x.com\/bellunopress"],"url":"https:\/\/www.bellunopress.it\/fr\/author\/redazione\/"}]}},"_links":{"self":[{"href":"https:\/\/www.bellunopress.it\/fr\/wp-json\/wp\/v2\/posts\/7064","targetHints":{"allow":["GET"]}}],"collection":[{"href":"https:\/\/www.bellunopress.it\/fr\/wp-json\/wp\/v2\/posts"}],"about":[{"href":"https:\/\/www.bellunopress.it\/fr\/wp-json\/wp\/v2\/types\/post"}],"author":[{"embeddable":true,"href":"https:\/\/www.bellunopress.it\/fr\/wp-json\/wp\/v2\/users\/2"}],"replies":[{"embeddable":true,"href":"https:\/\/www.bellunopress.it\/fr\/wp-json\/wp\/v2\/comments?post=7064"}],"version-history":[{"count":2,"href":"https:\/\/www.bellunopress.it\/fr\/wp-json\/wp\/v2\/posts\/7064\/revisions"}],"predecessor-version":[{"id":7105,"href":"https:\/\/www.bellunopress.it\/fr\/wp-json\/wp\/v2\/posts\/7064\/revisions\/7105"}],"wp:attachment":[{"href":"https:\/\/www.bellunopress.it\/fr\/wp-json\/wp\/v2\/media?parent=7064"}],"wp:term":[{"taxonomy":"category","embeddable":true,"href":"https:\/\/www.bellunopress.it\/fr\/wp-json\/wp\/v2\/categories?post=7064"},{"taxonomy":"post_tag","embeddable":true,"href":"https:\/\/www.bellunopress.it\/fr\/wp-json\/wp\/v2\/tags?post=7064"}],"curies":[{"name":"wp","href":"https:\/\/api.w.org\/{rel}","templated":true}]}}