{"id":7062,"date":"2009-08-17T11:02:37","date_gmt":"2009-08-17T10:02:37","guid":{"rendered":"http:\/\/www.bellunopress.it\/?p=7062"},"modified":"2009-08-17T11:02:37","modified_gmt":"2009-08-17T10:02:37","slug":"venerdi-gli-stadio-a-cortina-dampezzo","status":"publish","type":"post","link":"https:\/\/www.bellunopress.it\/fr\/2009\/08\/17\/venerdi-gli-stadio-a-cortina-dampezzo\/","title":{"rendered":"Venerd\u00ec gli Stadio a Cortina d&#8217;Ampezzo"},"content":{"rendered":"<p><strong>Il 21 agosto lo storico gruppo emiliano porta il suo inconfondibile pop-rock d&#8217;autore nella conca ampezzana.Una prima volta che sar\u00e0 difficile dimenticare<\/strong>. Dicono che la prima volta non si scordi mai. Di sicuro il concerto degli Stadio a Cortina d&#8217;Ampezzo non far\u00e0 eccezione. Sar\u00e0, infatti, lo Stadio Olimpico del Ghiaccio ad ospitare venerd\u00ec 21 agosto le ballate della famosa band italiana, composta da Gaetano Curreri (voce e tastiere), Giovanni Pezzoli (batteria), Andrea Fornili (chitarre) e Roberto Drovandi (basso): una tappa del \u201cnever ending\u201d che vede il complesso in giro per l\u2019Italia gi\u00e0 da marzo. Brani storici si alterneranno ai nuovi pezzi di \u201cDiluvio Universale\u201d, l&#8217;ultima fatica della formazione a cui hanno collaborato Vasco Rossi come autore della title-track; Saverio Grandi che ha prodotto e scritto gran parte del disco insieme alla voce storica della gruppo; e Fabrizio Moro che ha lavorato alla stesura e alla realizzazione di uno dei pezzi. Composto da dodici canzoni che spaziano dall\u2019amore ai temi sociali, il nuovo album si discosta in parte dai precedenti lavori discografici della band nelle sonorit\u00e0 e nell\u2019approccio ad alcuni argomenti attualissimi: la prostituzione e la discriminazione nei confronti dei \u201cdiversi\u201d, l\u2019immigrazione clandestina, la crisi della politica e dei valori della coppia. \u201cAi fan di Cortina \u2013 dichiara Curreri \u2013 un affettuoso e sincero invito a raggiungerci e a seguire il concerto\u201d. Per un indimenticabile \u201cDiluvio Universale\u201d allo Stadio ampezzano. All\u2019emozione unica di godersi un pezzo di storia della musica italiana si unisce l\u2019occasione di vedere, per la prima volta, l&#8217;Olimpico di Cortina in veste di arena musicale. Dopo l\u2019intervento del 2003, infatti, che ha \u201ccoperto\u201d lo Stadio, dal luglio del 2007 \u00e8 ripreso il lungo processo di restauro dell\u2019impianto. Un lavoro che ha voluto preservare la struttura originaria, simbolo delle Olimpiadi del 1956 in occasione delle quali fu costruita. Oggi, grazie ad una capienza di 2.500 posti a sedere, lo Stadio pu\u00f2 ospitare, oltre alle gare delle discipline del ghiaccio, anche grandi eventi e concerti.<br \/>\n21 agosto 2009 ore 21.00<br \/>\nStadio del Ghiaccio Cortina d\u2019Ampezzo, via dello Stadio 1<br \/>\nBiglietti in vendita presso Info Point Piazza Roma<br \/>\nda \u20ac 20,00 a \u20ac 50,00.<br \/>\nInfo: <a href=\"http:\/\/www.stadio.com\">www.stadio.com<\/a>, tel. 0436\/869086<\/p>","protected":false},"excerpt":{"rendered":"<p>Il 21 agosto lo storico gruppo emiliano porta il suo inconfondibile pop-rock d&#8217;autore nella conca ampezzana.Una prima volta che sar\u00e0 difficile dimenticare. Dicono che la prima volta non si scordi mai. Di sicuro il concerto degli Stadio a Cortina d&#8217;Ampezzo non far\u00e0 eccezione. Sar\u00e0, infatti, lo Stadio Olimpico del Ghiaccio ad ospitare venerd\u00ec 21 agosto [&hellip;]<\/p>\n","protected":false},"author":2,"featured_media":0,"comment_status":"closed","ping_status":"open","sticky":false,"template":"","format":"standard","meta":{"footnotes":""},"categories":[27,25],"tags":[],"class_list":["post-7062","post","type-post","status-publish","format-standard","category-appuntamenti","category-pausa-caffe"],"yoast_head":"<!-- This site is optimized with the Yoast SEO plugin v28.4 - https:\/\/yoast.com\/product\/yoast-seo-wordpress\/ -->\n<title>Venerd\u00ec gli Stadio a Cortina d&#039;Ampezzo - Bellunopress - Dolomiti<\/title>\n<meta name=\"robots\" content=\"index, follow, max-snippet:-1, max-image-preview:large, max-video-preview:-1\" \/>\n<link rel=\"canonical\" href=\"https:\/\/www.bellunopress.it\/fr\/2009\/08\/17\/venerdi-gli-stadio-a-cortina-dampezzo\/\" \/>\n<meta property=\"og:locale\" content=\"fr_FR\" \/>\n<meta property=\"og:type\" content=\"article\" \/>\n<meta property=\"og:title\" content=\"Venerd\u00ec gli Stadio a Cortina d&#039;Ampezzo - Bellunopress - Dolomiti\" \/>\n<meta property=\"og:description\" content=\"Il 21 agosto lo storico gruppo emiliano porta il suo inconfondibile pop-rock d&#8217;autore nella conca ampezzana.Una prima volta che sar\u00e0 difficile dimenticare. Dicono che la prima volta non si scordi mai. Di sicuro il concerto degli Stadio a Cortina d&#8217;Ampezzo non far\u00e0 eccezione. Sar\u00e0, infatti, lo Stadio Olimpico del Ghiaccio ad ospitare venerd\u00ec 21 agosto [&hellip;]\" \/>\n<meta property=\"og:url\" content=\"https:\/\/www.bellunopress.it\/fr\/2009\/08\/17\/venerdi-gli-stadio-a-cortina-dampezzo\/\" \/>\n<meta property=\"og:site_name\" content=\"Bellunopress - Dolomiti\" \/>\n<meta property=\"article:publisher\" content=\"https:\/\/www.facebook.com\/profile.php?id=100008943462799\" \/>\n<meta property=\"article:published_time\" content=\"2009-08-17T10:02:37+00:00\" \/>\n<meta property=\"og:image\" content=\"http:\/\/www.bellunopress.it\/wp-content\/uploads\/2012\/07\/logo-bellunopress-250x250-2012.jpg\" \/>\n<meta name=\"author\" content=\"redazione\" \/>\n<meta name=\"twitter:card\" content=\"summary_large_image\" \/>\n<meta name=\"twitter:creator\" content=\"@bellunopress\" \/>\n<meta name=\"twitter:site\" content=\"@bellunopress\" \/>\n<meta name=\"twitter:label1\" content=\"\u00c9crit par\" \/>\n\t<meta name=\"twitter:data1\" content=\"redazione\" \/>\n\t<meta name=\"twitter:label2\" content=\"Dur\u00e9e de lecture estim\u00e9e\" \/>\n\t<meta name=\"twitter:data2\" content=\"2 minutes\" \/>\n<script type=\"application\/ld+json\" class=\"yoast-schema-graph\">{\"@context\":\"https:\\\/\\\/schema.org\",\"@graph\":[{\"@type\":\"Article\",\"@id\":\"https:\\\/\\\/www.bellunopress.it\\\/2009\\\/08\\\/17\\\/venerdi-gli-stadio-a-cortina-dampezzo\\\/#article\",\"isPartOf\":{\"@id\":\"https:\\\/\\\/www.bellunopress.it\\\/2009\\\/08\\\/17\\\/venerdi-gli-stadio-a-cortina-dampezzo\\\/\"},\"author\":{\"name\":\"redazione\",\"@id\":\"https:\\\/\\\/www.bellunopress.it\\\/#\\\/schema\\\/person\\\/79bb06722b37ece1c03d3e94beb30d73\"},\"headline\":\"Venerd\u00ec gli Stadio a Cortina d&#8217;Ampezzo\",\"datePublished\":\"2009-08-17T10:02:37+00:00\",\"mainEntityOfPage\":{\"@id\":\"https:\\\/\\\/www.bellunopress.it\\\/2009\\\/08\\\/17\\\/venerdi-gli-stadio-a-cortina-dampezzo\\\/\"},\"wordCount\":362,\"publisher\":{\"@id\":\"https:\\\/\\\/www.bellunopress.it\\\/#organization\"},\"articleSection\":[\"Appuntamenti, Eventi\",\"Pausa Caff\u00e8\"],\"inLanguage\":\"fr-FR\"},{\"@type\":\"WebPage\",\"@id\":\"https:\\\/\\\/www.bellunopress.it\\\/2009\\\/08\\\/17\\\/venerdi-gli-stadio-a-cortina-dampezzo\\\/\",\"url\":\"https:\\\/\\\/www.bellunopress.it\\\/2009\\\/08\\\/17\\\/venerdi-gli-stadio-a-cortina-dampezzo\\\/\",\"name\":\"Venerd\u00ec gli Stadio a Cortina d'Ampezzo - Bellunopress - Dolomiti\",\"isPartOf\":{\"@id\":\"https:\\\/\\\/www.bellunopress.it\\\/#website\"},\"datePublished\":\"2009-08-17T10:02:37+00:00\",\"breadcrumb\":{\"@id\":\"https:\\\/\\\/www.bellunopress.it\\\/2009\\\/08\\\/17\\\/venerdi-gli-stadio-a-cortina-dampezzo\\\/#breadcrumb\"},\"inLanguage\":\"fr-FR\",\"potentialAction\":[{\"@type\":\"ReadAction\",\"target\":[\"https:\\\/\\\/www.bellunopress.it\\\/2009\\\/08\\\/17\\\/venerdi-gli-stadio-a-cortina-dampezzo\\\/\"]}]},{\"@type\":\"BreadcrumbList\",\"@id\":\"https:\\\/\\\/www.bellunopress.it\\\/2009\\\/08\\\/17\\\/venerdi-gli-stadio-a-cortina-dampezzo\\\/#breadcrumb\",\"itemListElement\":[{\"@type\":\"ListItem\",\"position\":1,\"name\":\"Home\",\"item\":\"https:\\\/\\\/www.bellunopress.it\\\/\"},{\"@type\":\"ListItem\",\"position\":2,\"name\":\"Venerd\u00ec gli Stadio a Cortina d&#8217;Ampezzo\"}]},{\"@type\":\"WebSite\",\"@id\":\"https:\\\/\\\/www.bellunopress.it\\\/#website\",\"url\":\"https:\\\/\\\/www.bellunopress.it\\\/\",\"name\":\"Bellunopress - Dolomiti\",\"description\":\"e-mail: redazione@bellunopress.it\",\"publisher\":{\"@id\":\"https:\\\/\\\/www.bellunopress.it\\\/#organization\"},\"potentialAction\":[{\"@type\":\"SearchAction\",\"target\":{\"@type\":\"EntryPoint\",\"urlTemplate\":\"https:\\\/\\\/www.bellunopress.it\\\/?s={search_term_string}\"},\"query-input\":{\"@type\":\"PropertyValueSpecification\",\"valueRequired\":true,\"valueName\":\"search_term_string\"}}],\"inLanguage\":\"fr-FR\"},{\"@type\":\"Organization\",\"@id\":\"https:\\\/\\\/www.bellunopress.it\\\/#organization\",\"name\":\"Bellunopress\",\"url\":\"https:\\\/\\\/www.bellunopress.it\\\/\",\"logo\":{\"@type\":\"ImageObject\",\"inLanguage\":\"fr-FR\",\"@id\":\"https:\\\/\\\/www.bellunopress.it\\\/#\\\/schema\\\/logo\\\/image\\\/\",\"url\":\"https:\\\/\\\/www.bellunopress.it\\\/wp-content\\\/uploads\\\/2011\\\/05\\\/cropped-logo-bellunopress-.jpg\",\"contentUrl\":\"https:\\\/\\\/www.bellunopress.it\\\/wp-content\\\/uploads\\\/2011\\\/05\\\/cropped-logo-bellunopress-.jpg\",\"width\":512,\"height\":512,\"caption\":\"Bellunopress\"},\"image\":{\"@id\":\"https:\\\/\\\/www.bellunopress.it\\\/#\\\/schema\\\/logo\\\/image\\\/\"},\"sameAs\":[\"https:\\\/\\\/www.facebook.com\\\/profile.php?id=100008943462799\",\"https:\\\/\\\/x.com\\\/bellunopress\",\"https:\\\/\\\/www.linkedin.com\\\/hp\\\/?dnr=JBzUWaJfMUw8vbXJJ2tVW5-I3jZKvC4wsoxE&amp;amp;amp;amp;amp;amp;trk=nav_responsive_tab_home\",\"https:\\\/\\\/www.youtube.com\\\/channel\\\/UCxL0wu1uN0_3_7hGG0306cw\"]},{\"@type\":\"Person\",\"@id\":\"https:\\\/\\\/www.bellunopress.it\\\/#\\\/schema\\\/person\\\/79bb06722b37ece1c03d3e94beb30d73\",\"name\":\"redazione\",\"image\":{\"@type\":\"ImageObject\",\"inLanguage\":\"fr-FR\",\"@id\":\"https:\\\/\\\/secure.gravatar.com\\\/avatar\\\/37d968a2e67a6fd04c169c4bdef102d0bc5d31b2546345219e348575eb80e9a0?s=96&d=mm&r=g\",\"url\":\"https:\\\/\\\/secure.gravatar.com\\\/avatar\\\/37d968a2e67a6fd04c169c4bdef102d0bc5d31b2546345219e348575eb80e9a0?s=96&d=mm&r=g\",\"contentUrl\":\"https:\\\/\\\/secure.gravatar.com\\\/avatar\\\/37d968a2e67a6fd04c169c4bdef102d0bc5d31b2546345219e348575eb80e9a0?s=96&d=mm&r=g\",\"caption\":\"redazione\"},\"sameAs\":[\"http:\\\/\\\/www.bellunopress.it\",\"https:\\\/\\\/x.com\\\/bellunopress\"],\"url\":\"https:\\\/\\\/www.bellunopress.it\\\/fr\\\/author\\\/redazione\\\/\"}]}<\/script>\n<!-- \/ Yoast SEO plugin. -->","yoast_head_json":{"title":"Venerd\u00ec gli Stadio a Cortina d'Ampezzo - Bellunopress - Dolomiti","robots":{"index":"index","follow":"follow","max-snippet":"max-snippet:-1","max-image-preview":"max-image-preview:large","max-video-preview":"max-video-preview:-1"},"canonical":"https:\/\/www.bellunopress.it\/fr\/2009\/08\/17\/venerdi-gli-stadio-a-cortina-dampezzo\/","og_locale":"fr_FR","og_type":"article","og_title":"Venerd\u00ec gli Stadio a Cortina d'Ampezzo - Bellunopress - Dolomiti","og_description":"Il 21 agosto lo storico gruppo emiliano porta il suo inconfondibile pop-rock d&#8217;autore nella conca ampezzana.Una prima volta che sar\u00e0 difficile dimenticare. Dicono che la prima volta non si scordi mai. Di sicuro il concerto degli Stadio a Cortina d&#8217;Ampezzo non far\u00e0 eccezione. Sar\u00e0, infatti, lo Stadio Olimpico del Ghiaccio ad ospitare venerd\u00ec 21 agosto [&hellip;]","og_url":"https:\/\/www.bellunopress.it\/fr\/2009\/08\/17\/venerdi-gli-stadio-a-cortina-dampezzo\/","og_site_name":"Bellunopress - Dolomiti","article_publisher":"https:\/\/www.facebook.com\/profile.php?id=100008943462799","article_published_time":"2009-08-17T10:02:37+00:00","og_image":[{"url":"http:\/\/www.bellunopress.it\/wp-content\/uploads\/2012\/07\/logo-bellunopress-250x250-2012.jpg","type":"","width":"","height":""}],"author":"redazione","twitter_card":"summary_large_image","twitter_creator":"@bellunopress","twitter_site":"@bellunopress","twitter_misc":{"\u00c9crit par":"redazione","Dur\u00e9e de lecture estim\u00e9e":"2 minutes"},"schema":{"@context":"https:\/\/schema.org","@graph":[{"@type":"Article","@id":"https:\/\/www.bellunopress.it\/2009\/08\/17\/venerdi-gli-stadio-a-cortina-dampezzo\/#article","isPartOf":{"@id":"https:\/\/www.bellunopress.it\/2009\/08\/17\/venerdi-gli-stadio-a-cortina-dampezzo\/"},"author":{"name":"redazione","@id":"https:\/\/www.bellunopress.it\/#\/schema\/person\/79bb06722b37ece1c03d3e94beb30d73"},"headline":"Venerd\u00ec gli Stadio a Cortina d&#8217;Ampezzo","datePublished":"2009-08-17T10:02:37+00:00","mainEntityOfPage":{"@id":"https:\/\/www.bellunopress.it\/2009\/08\/17\/venerdi-gli-stadio-a-cortina-dampezzo\/"},"wordCount":362,"publisher":{"@id":"https:\/\/www.bellunopress.it\/#organization"},"articleSection":["Appuntamenti, Eventi","Pausa Caff\u00e8"],"inLanguage":"fr-FR"},{"@type":"WebPage","@id":"https:\/\/www.bellunopress.it\/2009\/08\/17\/venerdi-gli-stadio-a-cortina-dampezzo\/","url":"https:\/\/www.bellunopress.it\/2009\/08\/17\/venerdi-gli-stadio-a-cortina-dampezzo\/","name":"Venerd\u00ec gli Stadio a Cortina d'Ampezzo - Bellunopress - Dolomiti","isPartOf":{"@id":"https:\/\/www.bellunopress.it\/#website"},"datePublished":"2009-08-17T10:02:37+00:00","breadcrumb":{"@id":"https:\/\/www.bellunopress.it\/2009\/08\/17\/venerdi-gli-stadio-a-cortina-dampezzo\/#breadcrumb"},"inLanguage":"fr-FR","potentialAction":[{"@type":"ReadAction","target":["https:\/\/www.bellunopress.it\/2009\/08\/17\/venerdi-gli-stadio-a-cortina-dampezzo\/"]}]},{"@type":"BreadcrumbList","@id":"https:\/\/www.bellunopress.it\/2009\/08\/17\/venerdi-gli-stadio-a-cortina-dampezzo\/#breadcrumb","itemListElement":[{"@type":"ListItem","position":1,"name":"Home","item":"https:\/\/www.bellunopress.it\/"},{"@type":"ListItem","position":2,"name":"Venerd\u00ec gli Stadio a Cortina d&#8217;Ampezzo"}]},{"@type":"WebSite","@id":"https:\/\/www.bellunopress.it\/#website","url":"https:\/\/www.bellunopress.it\/","name":"Bellunopress - Dolomiti","description":"e-mail: redazione@bellunopress.it","publisher":{"@id":"https:\/\/www.bellunopress.it\/#organization"},"potentialAction":[{"@type":"SearchAction","target":{"@type":"EntryPoint","urlTemplate":"https:\/\/www.bellunopress.it\/?s={search_term_string}"},"query-input":{"@type":"PropertyValueSpecification","valueRequired":true,"valueName":"search_term_string"}}],"inLanguage":"fr-FR"},{"@type":"Organization","@id":"https:\/\/www.bellunopress.it\/#organization","name":"Bellunopress","url":"https:\/\/www.bellunopress.it\/","logo":{"@type":"ImageObject","inLanguage":"fr-FR","@id":"https:\/\/www.bellunopress.it\/#\/schema\/logo\/image\/","url":"https:\/\/www.bellunopress.it\/wp-content\/uploads\/2011\/05\/cropped-logo-bellunopress-.jpg","contentUrl":"https:\/\/www.bellunopress.it\/wp-content\/uploads\/2011\/05\/cropped-logo-bellunopress-.jpg","width":512,"height":512,"caption":"Bellunopress"},"image":{"@id":"https:\/\/www.bellunopress.it\/#\/schema\/logo\/image\/"},"sameAs":["https:\/\/www.facebook.com\/profile.php?id=100008943462799","https:\/\/x.com\/bellunopress","https:\/\/www.linkedin.com\/hp\/?dnr=JBzUWaJfMUw8vbXJJ2tVW5-I3jZKvC4wsoxE&amp;amp;amp;amp;amp;amp;trk=nav_responsive_tab_home","https:\/\/www.youtube.com\/channel\/UCxL0wu1uN0_3_7hGG0306cw"]},{"@type":"Person","@id":"https:\/\/www.bellunopress.it\/#\/schema\/person\/79bb06722b37ece1c03d3e94beb30d73","name":"r\u00e9daction","image":{"@type":"ImageObject","inLanguage":"fr-FR","@id":"https:\/\/secure.gravatar.com\/avatar\/37d968a2e67a6fd04c169c4bdef102d0bc5d31b2546345219e348575eb80e9a0?s=96&d=mm&r=g","url":"https:\/\/secure.gravatar.com\/avatar\/37d968a2e67a6fd04c169c4bdef102d0bc5d31b2546345219e348575eb80e9a0?s=96&d=mm&r=g","contentUrl":"https:\/\/secure.gravatar.com\/avatar\/37d968a2e67a6fd04c169c4bdef102d0bc5d31b2546345219e348575eb80e9a0?s=96&d=mm&r=g","caption":"redazione"},"sameAs":["http:\/\/www.bellunopress.it","https:\/\/x.com\/bellunopress"],"url":"https:\/\/www.bellunopress.it\/fr\/author\/redazione\/"}]}},"_links":{"self":[{"href":"https:\/\/www.bellunopress.it\/fr\/wp-json\/wp\/v2\/posts\/7062","targetHints":{"allow":["GET"]}}],"collection":[{"href":"https:\/\/www.bellunopress.it\/fr\/wp-json\/wp\/v2\/posts"}],"about":[{"href":"https:\/\/www.bellunopress.it\/fr\/wp-json\/wp\/v2\/types\/post"}],"author":[{"embeddable":true,"href":"https:\/\/www.bellunopress.it\/fr\/wp-json\/wp\/v2\/users\/2"}],"replies":[{"embeddable":true,"href":"https:\/\/www.bellunopress.it\/fr\/wp-json\/wp\/v2\/comments?post=7062"}],"version-history":[{"count":1,"href":"https:\/\/www.bellunopress.it\/fr\/wp-json\/wp\/v2\/posts\/7062\/revisions"}],"predecessor-version":[{"id":7063,"href":"https:\/\/www.bellunopress.it\/fr\/wp-json\/wp\/v2\/posts\/7062\/revisions\/7063"}],"wp:attachment":[{"href":"https:\/\/www.bellunopress.it\/fr\/wp-json\/wp\/v2\/media?parent=7062"}],"wp:term":[{"taxonomy":"category","embeddable":true,"href":"https:\/\/www.bellunopress.it\/fr\/wp-json\/wp\/v2\/categories?post=7062"},{"taxonomy":"post_tag","embeddable":true,"href":"https:\/\/www.bellunopress.it\/fr\/wp-json\/wp\/v2\/tags?post=7062"}],"curies":[{"name":"wp","href":"https:\/\/api.w.org\/{rel}","templated":true}]}}