{"id":7058,"date":"2009-08-17T09:50:28","date_gmt":"2009-08-17T08:50:28","guid":{"rendered":"http:\/\/www.bellunopress.it\/?p=7058"},"modified":"2009-08-17T09:50:28","modified_gmt":"2009-08-17T08:50:28","slug":"una-cerniera-da-guinness-giovedi-a-cortina-d%e2%80%99ampezzo","status":"publish","type":"post","link":"https:\/\/www.bellunopress.it\/fr\/2009\/08\/17\/una-cerniera-da-guinness-giovedi-a-cortina-d%e2%80%99ampezzo\/","title":{"rendered":"Una cerniera da guinness gioved\u00ec a Cortina d\u2019Ampezzo"},"content":{"rendered":"<p><strong>Gioved\u00ec 20 agosto nel centrale Corso Italia di Cortina d&#8217;Ampezzo, verr\u00e0 installata una maxi cerniera in abete e cirmolo, lunga 300 metri e larga 60 centimetri, realizzata dall\u2019eclettico artista Mauro Lampo.\u00a0<\/strong>Abete e cirmolo, legni caratteristici delle Dolomiti: questi i materiali scelti dall\u2019eclettico artista, artigiano e scultore Mauro Lampo per realizzare una mastodontica \u201dcerniera lampo\u201d, lunga 300 metri. Da settimane ormai, ogni mattina nel cuore di Cortina d\u2019Ampezzo, in Piazza Venezia, si apre un laboratorio di arte contemporanea a cielo aperto. L\u2019artista, insieme a decine di bambini, lavora alla composizione dell\u2019opera tra gioco, passione, abilit\u00e0 manuale e divertimento. Assemblando gli oltre 600 \u2018dentini\u2019 della lampo, i bambini possono cos\u00ec toccare con mano e iniziare a conoscere quello speciale materiale che \u00e8 il legno, tipico delle nostre valli, e scoprirne colori e profumi. La Maxi Cerniera verr\u00e0 installata gioved\u00ec 20 agosto lungo Corso Italia, la via centrale di Cortina e cuore pulsante della vita cittadina. A partire dalle 14.00 inizieranno i lavori di posa; l\u2019artista non ha escluso anche la possibilit\u00e0 di qualche deviazione, magari in direzione verticale, verso il campanile. Un progetto dal grande valore scenografico, ma anche un\u2019idea carica di simbolismi e significati. \u201cHo scelto una cerniera \u2013 ci racconta Lampo \u2013 come segno e metafora di apertura della montagna verso il mondo. Il legno utilizzato, appunto il cirmolo e l\u2019abete, garantisce lo stretto legame con il territorio e le Dolomiti. Dedico l\u2019iniziativa e l\u2019evento agli Scoiattoli di Cortina, nell\u2019anno in cui si festeggia il settantesimo anniversario di un sodalizio che ha aperto la strada all\u2019esplorazione e alla conoscenza della montagna\u201d. \u201cCi tengo a ricordare con questa operazione \u2013 prosegue Mauro \u2013 anche Riccardo Cassin, amico e grande amante delle nostre montagne. Vorrei inoltre ringraziare le Guide Alpine di Cortina per l\u2019aiuto e la collaborazione\u201d. Ma Lampo pensa in grande, dopo l\u2019evento di Cortina del 20 agosto, la cerniera partir\u00e0 alla volta del mondo: in programma due nuove installazioni, una in Piazza San Marco a Venezia in autunno per poi arrivare in primavera addirittura in Central Park a New York. E per finire in bellezza, qualcuno ha gi\u00e0 ipotizzato di iscrivere il progetto al Guinness dei primati.<\/p>","protected":false},"excerpt":{"rendered":"<p>Gioved\u00ec 20 agosto nel centrale Corso Italia di Cortina d&#8217;Ampezzo, verr\u00e0 installata una maxi cerniera in abete e cirmolo, lunga 300 metri e larga 60 centimetri, realizzata dall\u2019eclettico artista Mauro Lampo.\u00a0Abete e cirmolo, legni caratteristici delle Dolomiti: questi i materiali scelti dall\u2019eclettico artista, artigiano e scultore Mauro Lampo per realizzare una mastodontica \u201dcerniera lampo\u201d, lunga [&hellip;]<\/p>\n","protected":false},"author":2,"featured_media":0,"comment_status":"closed","ping_status":"open","sticky":false,"template":"","format":"standard","meta":{"footnotes":""},"categories":[5,25],"tags":[63],"class_list":["post-7058","post","type-post","status-publish","format-standard","category-cronaca","category-pausa-caffe","tag-dolomiti"],"yoast_head":"<!-- This site is optimized with the Yoast SEO plugin v28.4 - https:\/\/yoast.com\/product\/yoast-seo-wordpress\/ -->\n<title>Una cerniera da guinness gioved\u00ec a Cortina d\u2019Ampezzo - Bellunopress - Dolomiti<\/title>\n<meta name=\"robots\" content=\"index, follow, max-snippet:-1, max-image-preview:large, max-video-preview:-1\" \/>\n<link rel=\"canonical\" href=\"https:\/\/www.bellunopress.it\/fr\/2009\/08\/17\/una-cerniera-da-guinness-giovedi-a-cortina-d\u2019ampezzo\/\" \/>\n<meta property=\"og:locale\" content=\"fr_FR\" \/>\n<meta property=\"og:type\" content=\"article\" \/>\n<meta property=\"og:title\" content=\"Una cerniera da guinness gioved\u00ec a Cortina d\u2019Ampezzo - Bellunopress - Dolomiti\" \/>\n<meta property=\"og:description\" content=\"Gioved\u00ec 20 agosto nel centrale Corso Italia di Cortina d&#8217;Ampezzo, verr\u00e0 installata una maxi cerniera in abete e cirmolo, lunga 300 metri e larga 60 centimetri, realizzata dall\u2019eclettico artista Mauro Lampo.\u00a0Abete e cirmolo, legni caratteristici delle Dolomiti: questi i materiali scelti dall\u2019eclettico artista, artigiano e scultore Mauro Lampo per realizzare una mastodontica \u201dcerniera lampo\u201d, lunga [&hellip;]\" \/>\n<meta property=\"og:url\" content=\"https:\/\/www.bellunopress.it\/fr\/2009\/08\/17\/una-cerniera-da-guinness-giovedi-a-cortina-d\u2019ampezzo\/\" \/>\n<meta property=\"og:site_name\" content=\"Bellunopress - Dolomiti\" \/>\n<meta property=\"article:publisher\" content=\"https:\/\/www.facebook.com\/profile.php?id=100008943462799\" \/>\n<meta property=\"article:published_time\" content=\"2009-08-17T08:50:28+00:00\" \/>\n<meta property=\"og:image\" content=\"http:\/\/www.bellunopress.it\/wp-content\/uploads\/2012\/07\/logo-bellunopress-250x250-2012.jpg\" \/>\n<meta name=\"author\" content=\"redazione\" \/>\n<meta name=\"twitter:card\" content=\"summary_large_image\" \/>\n<meta name=\"twitter:creator\" content=\"@bellunopress\" \/>\n<meta name=\"twitter:site\" content=\"@bellunopress\" \/>\n<meta name=\"twitter:label1\" content=\"\u00c9crit par\" \/>\n\t<meta name=\"twitter:data1\" content=\"redazione\" \/>\n\t<meta name=\"twitter:label2\" content=\"Dur\u00e9e de lecture estim\u00e9e\" \/>\n\t<meta name=\"twitter:data2\" content=\"2 minutes\" \/>\n<script type=\"application\/ld+json\" class=\"yoast-schema-graph\">{\"@context\":\"https:\\\/\\\/schema.org\",\"@graph\":[{\"@type\":\"Article\",\"@id\":\"https:\\\/\\\/www.bellunopress.it\\\/2009\\\/08\\\/17\\\/una-cerniera-da-guinness-giovedi-a-cortina-d%e2%80%99ampezzo\\\/#article\",\"isPartOf\":{\"@id\":\"https:\\\/\\\/www.bellunopress.it\\\/2009\\\/08\\\/17\\\/una-cerniera-da-guinness-giovedi-a-cortina-d%e2%80%99ampezzo\\\/\"},\"author\":{\"name\":\"redazione\",\"@id\":\"https:\\\/\\\/www.bellunopress.it\\\/#\\\/schema\\\/person\\\/79bb06722b37ece1c03d3e94beb30d73\"},\"headline\":\"Una cerniera da guinness gioved\u00ec a Cortina d\u2019Ampezzo\",\"datePublished\":\"2009-08-17T08:50:28+00:00\",\"mainEntityOfPage\":{\"@id\":\"https:\\\/\\\/www.bellunopress.it\\\/2009\\\/08\\\/17\\\/una-cerniera-da-guinness-giovedi-a-cortina-d%e2%80%99ampezzo\\\/\"},\"wordCount\":369,\"publisher\":{\"@id\":\"https:\\\/\\\/www.bellunopress.it\\\/#organization\"},\"keywords\":[\"Dolomiti\"],\"articleSection\":[\"Cronaca\\\/Politica\",\"Pausa Caff\u00e8\"],\"inLanguage\":\"fr-FR\"},{\"@type\":\"WebPage\",\"@id\":\"https:\\\/\\\/www.bellunopress.it\\\/2009\\\/08\\\/17\\\/una-cerniera-da-guinness-giovedi-a-cortina-d%e2%80%99ampezzo\\\/\",\"url\":\"https:\\\/\\\/www.bellunopress.it\\\/2009\\\/08\\\/17\\\/una-cerniera-da-guinness-giovedi-a-cortina-d%e2%80%99ampezzo\\\/\",\"name\":\"Una cerniera da guinness gioved\u00ec a Cortina d\u2019Ampezzo - Bellunopress - Dolomiti\",\"isPartOf\":{\"@id\":\"https:\\\/\\\/www.bellunopress.it\\\/#website\"},\"datePublished\":\"2009-08-17T08:50:28+00:00\",\"breadcrumb\":{\"@id\":\"https:\\\/\\\/www.bellunopress.it\\\/2009\\\/08\\\/17\\\/una-cerniera-da-guinness-giovedi-a-cortina-d%e2%80%99ampezzo\\\/#breadcrumb\"},\"inLanguage\":\"fr-FR\",\"potentialAction\":[{\"@type\":\"ReadAction\",\"target\":[\"https:\\\/\\\/www.bellunopress.it\\\/2009\\\/08\\\/17\\\/una-cerniera-da-guinness-giovedi-a-cortina-d%e2%80%99ampezzo\\\/\"]}]},{\"@type\":\"BreadcrumbList\",\"@id\":\"https:\\\/\\\/www.bellunopress.it\\\/2009\\\/08\\\/17\\\/una-cerniera-da-guinness-giovedi-a-cortina-d%e2%80%99ampezzo\\\/#breadcrumb\",\"itemListElement\":[{\"@type\":\"ListItem\",\"position\":1,\"name\":\"Home\",\"item\":\"https:\\\/\\\/www.bellunopress.it\\\/\"},{\"@type\":\"ListItem\",\"position\":2,\"name\":\"Una cerniera da guinness gioved\u00ec a Cortina d\u2019Ampezzo\"}]},{\"@type\":\"WebSite\",\"@id\":\"https:\\\/\\\/www.bellunopress.it\\\/#website\",\"url\":\"https:\\\/\\\/www.bellunopress.it\\\/\",\"name\":\"Bellunopress - Dolomiti\",\"description\":\"e-mail: redazione@bellunopress.it\",\"publisher\":{\"@id\":\"https:\\\/\\\/www.bellunopress.it\\\/#organization\"},\"potentialAction\":[{\"@type\":\"SearchAction\",\"target\":{\"@type\":\"EntryPoint\",\"urlTemplate\":\"https:\\\/\\\/www.bellunopress.it\\\/?s={search_term_string}\"},\"query-input\":{\"@type\":\"PropertyValueSpecification\",\"valueRequired\":true,\"valueName\":\"search_term_string\"}}],\"inLanguage\":\"fr-FR\"},{\"@type\":\"Organization\",\"@id\":\"https:\\\/\\\/www.bellunopress.it\\\/#organization\",\"name\":\"Bellunopress\",\"url\":\"https:\\\/\\\/www.bellunopress.it\\\/\",\"logo\":{\"@type\":\"ImageObject\",\"inLanguage\":\"fr-FR\",\"@id\":\"https:\\\/\\\/www.bellunopress.it\\\/#\\\/schema\\\/logo\\\/image\\\/\",\"url\":\"https:\\\/\\\/www.bellunopress.it\\\/wp-content\\\/uploads\\\/2011\\\/05\\\/cropped-logo-bellunopress-.jpg\",\"contentUrl\":\"https:\\\/\\\/www.bellunopress.it\\\/wp-content\\\/uploads\\\/2011\\\/05\\\/cropped-logo-bellunopress-.jpg\",\"width\":512,\"height\":512,\"caption\":\"Bellunopress\"},\"image\":{\"@id\":\"https:\\\/\\\/www.bellunopress.it\\\/#\\\/schema\\\/logo\\\/image\\\/\"},\"sameAs\":[\"https:\\\/\\\/www.facebook.com\\\/profile.php?id=100008943462799\",\"https:\\\/\\\/x.com\\\/bellunopress\",\"https:\\\/\\\/www.linkedin.com\\\/hp\\\/?dnr=JBzUWaJfMUw8vbXJJ2tVW5-I3jZKvC4wsoxE&amp;amp;amp;amp;amp;amp;trk=nav_responsive_tab_home\",\"https:\\\/\\\/www.youtube.com\\\/channel\\\/UCxL0wu1uN0_3_7hGG0306cw\"]},{\"@type\":\"Person\",\"@id\":\"https:\\\/\\\/www.bellunopress.it\\\/#\\\/schema\\\/person\\\/79bb06722b37ece1c03d3e94beb30d73\",\"name\":\"redazione\",\"image\":{\"@type\":\"ImageObject\",\"inLanguage\":\"fr-FR\",\"@id\":\"https:\\\/\\\/secure.gravatar.com\\\/avatar\\\/37d968a2e67a6fd04c169c4bdef102d0bc5d31b2546345219e348575eb80e9a0?s=96&d=mm&r=g\",\"url\":\"https:\\\/\\\/secure.gravatar.com\\\/avatar\\\/37d968a2e67a6fd04c169c4bdef102d0bc5d31b2546345219e348575eb80e9a0?s=96&d=mm&r=g\",\"contentUrl\":\"https:\\\/\\\/secure.gravatar.com\\\/avatar\\\/37d968a2e67a6fd04c169c4bdef102d0bc5d31b2546345219e348575eb80e9a0?s=96&d=mm&r=g\",\"caption\":\"redazione\"},\"sameAs\":[\"http:\\\/\\\/www.bellunopress.it\",\"https:\\\/\\\/x.com\\\/bellunopress\"],\"url\":\"https:\\\/\\\/www.bellunopress.it\\\/fr\\\/author\\\/redazione\\\/\"}]}<\/script>\n<!-- \/ Yoast SEO plugin. -->","yoast_head_json":{"title":"Una cerniera da guinness gioved\u00ec a Cortina d\u2019Ampezzo - Bellunopress - Dolomiti","robots":{"index":"index","follow":"follow","max-snippet":"max-snippet:-1","max-image-preview":"max-image-preview:large","max-video-preview":"max-video-preview:-1"},"canonical":"https:\/\/www.bellunopress.it\/fr\/2009\/08\/17\/una-cerniera-da-guinness-giovedi-a-cortina-d\u2019ampezzo\/","og_locale":"fr_FR","og_type":"article","og_title":"Una cerniera da guinness gioved\u00ec a Cortina d\u2019Ampezzo - Bellunopress - Dolomiti","og_description":"Gioved\u00ec 20 agosto nel centrale Corso Italia di Cortina d&#8217;Ampezzo, verr\u00e0 installata una maxi cerniera in abete e cirmolo, lunga 300 metri e larga 60 centimetri, realizzata dall\u2019eclettico artista Mauro Lampo.\u00a0Abete e cirmolo, legni caratteristici delle Dolomiti: questi i materiali scelti dall\u2019eclettico artista, artigiano e scultore Mauro Lampo per realizzare una mastodontica \u201dcerniera lampo\u201d, lunga [&hellip;]","og_url":"https:\/\/www.bellunopress.it\/fr\/2009\/08\/17\/una-cerniera-da-guinness-giovedi-a-cortina-d\u2019ampezzo\/","og_site_name":"Bellunopress - Dolomiti","article_publisher":"https:\/\/www.facebook.com\/profile.php?id=100008943462799","article_published_time":"2009-08-17T08:50:28+00:00","og_image":[{"url":"http:\/\/www.bellunopress.it\/wp-content\/uploads\/2012\/07\/logo-bellunopress-250x250-2012.jpg","type":"","width":"","height":""}],"author":"redazione","twitter_card":"summary_large_image","twitter_creator":"@bellunopress","twitter_site":"@bellunopress","twitter_misc":{"\u00c9crit par":"redazione","Dur\u00e9e de lecture estim\u00e9e":"2 minutes"},"schema":{"@context":"https:\/\/schema.org","@graph":[{"@type":"Article","@id":"https:\/\/www.bellunopress.it\/2009\/08\/17\/una-cerniera-da-guinness-giovedi-a-cortina-d%e2%80%99ampezzo\/#article","isPartOf":{"@id":"https:\/\/www.bellunopress.it\/2009\/08\/17\/una-cerniera-da-guinness-giovedi-a-cortina-d%e2%80%99ampezzo\/"},"author":{"name":"redazione","@id":"https:\/\/www.bellunopress.it\/#\/schema\/person\/79bb06722b37ece1c03d3e94beb30d73"},"headline":"Una cerniera da guinness gioved\u00ec a Cortina d\u2019Ampezzo","datePublished":"2009-08-17T08:50:28+00:00","mainEntityOfPage":{"@id":"https:\/\/www.bellunopress.it\/2009\/08\/17\/una-cerniera-da-guinness-giovedi-a-cortina-d%e2%80%99ampezzo\/"},"wordCount":369,"publisher":{"@id":"https:\/\/www.bellunopress.it\/#organization"},"keywords":["Dolomiti"],"articleSection":["Cronaca\/Politica","Pausa Caff\u00e8"],"inLanguage":"fr-FR"},{"@type":"WebPage","@id":"https:\/\/www.bellunopress.it\/2009\/08\/17\/una-cerniera-da-guinness-giovedi-a-cortina-d%e2%80%99ampezzo\/","url":"https:\/\/www.bellunopress.it\/2009\/08\/17\/una-cerniera-da-guinness-giovedi-a-cortina-d%e2%80%99ampezzo\/","name":"Una cerniera da guinness gioved\u00ec a Cortina d\u2019Ampezzo - Bellunopress - Dolomiti","isPartOf":{"@id":"https:\/\/www.bellunopress.it\/#website"},"datePublished":"2009-08-17T08:50:28+00:00","breadcrumb":{"@id":"https:\/\/www.bellunopress.it\/2009\/08\/17\/una-cerniera-da-guinness-giovedi-a-cortina-d%e2%80%99ampezzo\/#breadcrumb"},"inLanguage":"fr-FR","potentialAction":[{"@type":"ReadAction","target":["https:\/\/www.bellunopress.it\/2009\/08\/17\/una-cerniera-da-guinness-giovedi-a-cortina-d%e2%80%99ampezzo\/"]}]},{"@type":"BreadcrumbList","@id":"https:\/\/www.bellunopress.it\/2009\/08\/17\/una-cerniera-da-guinness-giovedi-a-cortina-d%e2%80%99ampezzo\/#breadcrumb","itemListElement":[{"@type":"ListItem","position":1,"name":"Home","item":"https:\/\/www.bellunopress.it\/"},{"@type":"ListItem","position":2,"name":"Una cerniera da guinness gioved\u00ec a Cortina d\u2019Ampezzo"}]},{"@type":"WebSite","@id":"https:\/\/www.bellunopress.it\/#website","url":"https:\/\/www.bellunopress.it\/","name":"Bellunopress - Dolomiti","description":"e-mail: redazione@bellunopress.it","publisher":{"@id":"https:\/\/www.bellunopress.it\/#organization"},"potentialAction":[{"@type":"SearchAction","target":{"@type":"EntryPoint","urlTemplate":"https:\/\/www.bellunopress.it\/?s={search_term_string}"},"query-input":{"@type":"PropertyValueSpecification","valueRequired":true,"valueName":"search_term_string"}}],"inLanguage":"fr-FR"},{"@type":"Organization","@id":"https:\/\/www.bellunopress.it\/#organization","name":"Bellunopress","url":"https:\/\/www.bellunopress.it\/","logo":{"@type":"ImageObject","inLanguage":"fr-FR","@id":"https:\/\/www.bellunopress.it\/#\/schema\/logo\/image\/","url":"https:\/\/www.bellunopress.it\/wp-content\/uploads\/2011\/05\/cropped-logo-bellunopress-.jpg","contentUrl":"https:\/\/www.bellunopress.it\/wp-content\/uploads\/2011\/05\/cropped-logo-bellunopress-.jpg","width":512,"height":512,"caption":"Bellunopress"},"image":{"@id":"https:\/\/www.bellunopress.it\/#\/schema\/logo\/image\/"},"sameAs":["https:\/\/www.facebook.com\/profile.php?id=100008943462799","https:\/\/x.com\/bellunopress","https:\/\/www.linkedin.com\/hp\/?dnr=JBzUWaJfMUw8vbXJJ2tVW5-I3jZKvC4wsoxE&amp;amp;amp;amp;amp;amp;trk=nav_responsive_tab_home","https:\/\/www.youtube.com\/channel\/UCxL0wu1uN0_3_7hGG0306cw"]},{"@type":"Person","@id":"https:\/\/www.bellunopress.it\/#\/schema\/person\/79bb06722b37ece1c03d3e94beb30d73","name":"r\u00e9daction","image":{"@type":"ImageObject","inLanguage":"fr-FR","@id":"https:\/\/secure.gravatar.com\/avatar\/37d968a2e67a6fd04c169c4bdef102d0bc5d31b2546345219e348575eb80e9a0?s=96&d=mm&r=g","url":"https:\/\/secure.gravatar.com\/avatar\/37d968a2e67a6fd04c169c4bdef102d0bc5d31b2546345219e348575eb80e9a0?s=96&d=mm&r=g","contentUrl":"https:\/\/secure.gravatar.com\/avatar\/37d968a2e67a6fd04c169c4bdef102d0bc5d31b2546345219e348575eb80e9a0?s=96&d=mm&r=g","caption":"redazione"},"sameAs":["http:\/\/www.bellunopress.it","https:\/\/x.com\/bellunopress"],"url":"https:\/\/www.bellunopress.it\/fr\/author\/redazione\/"}]}},"_links":{"self":[{"href":"https:\/\/www.bellunopress.it\/fr\/wp-json\/wp\/v2\/posts\/7058","targetHints":{"allow":["GET"]}}],"collection":[{"href":"https:\/\/www.bellunopress.it\/fr\/wp-json\/wp\/v2\/posts"}],"about":[{"href":"https:\/\/www.bellunopress.it\/fr\/wp-json\/wp\/v2\/types\/post"}],"author":[{"embeddable":true,"href":"https:\/\/www.bellunopress.it\/fr\/wp-json\/wp\/v2\/users\/2"}],"replies":[{"embeddable":true,"href":"https:\/\/www.bellunopress.it\/fr\/wp-json\/wp\/v2\/comments?post=7058"}],"version-history":[{"count":1,"href":"https:\/\/www.bellunopress.it\/fr\/wp-json\/wp\/v2\/posts\/7058\/revisions"}],"predecessor-version":[{"id":7059,"href":"https:\/\/www.bellunopress.it\/fr\/wp-json\/wp\/v2\/posts\/7058\/revisions\/7059"}],"wp:attachment":[{"href":"https:\/\/www.bellunopress.it\/fr\/wp-json\/wp\/v2\/media?parent=7058"}],"wp:term":[{"taxonomy":"category","embeddable":true,"href":"https:\/\/www.bellunopress.it\/fr\/wp-json\/wp\/v2\/categories?post=7058"},{"taxonomy":"post_tag","embeddable":true,"href":"https:\/\/www.bellunopress.it\/fr\/wp-json\/wp\/v2\/tags?post=7058"}],"curies":[{"name":"wp","href":"https:\/\/api.w.org\/{rel}","templated":true}]}}