{"id":7056,"date":"2009-08-17T07:05:54","date_gmt":"2009-08-17T06:05:54","guid":{"rendered":"http:\/\/www.bellunopress.it\/?p=7056"},"modified":"2009-08-17T07:05:54","modified_gmt":"2009-08-17T06:05:54","slug":"auronzo-incontra-questa-sera-flavio-caroli-sul-ruolo-della-luce-nell%e2%80%99arte-occidentale","status":"publish","type":"post","link":"https:\/\/www.bellunopress.it\/fr\/2009\/08\/17\/auronzo-incontra-questa-sera-flavio-caroli-sul-ruolo-della-luce-nell%e2%80%99arte-occidentale\/","title":{"rendered":"Auronzo InConTra: questa sera Flavio Caroli sul ruolo della luce nell\u2019arte occidentale"},"content":{"rendered":"<p>Uno dei maggiori esperti d\u2019arte del mondo, curatore di un capitolo del prestigiosissimo \u201cDizionario dell\u2019arte\u201d terr\u00e0 questa sera una lezione sul palco di \u201cAuronzo InConTra\u201d. Il centro dello studio, ormai da molti anni, di Flavio Caroli \u00e8 senz\u2019altro la luce e il suo ruolo nell\u2019arte occidentale. Un\u2019occasione imperdibile, che dar\u00e0 la possibilit\u00e0 anche al pubblico pi\u00f9 esigente di imparare qualcosa di magico. Lectio Magistralis di Flavio Caroli sul ruolo della luce nell\u2019arte occidentale luned\u00ec, 17 agosto 2009 ore 21.00 &#8211; Auronzo di Cadore<\/p>","protected":false},"excerpt":{"rendered":"<p>Uno dei maggiori esperti d\u2019arte del mondo, curatore di un capitolo del prestigiosissimo \u201cDizionario dell\u2019arte\u201d terr\u00e0 questa sera una lezione sul palco di \u201cAuronzo InConTra\u201d. Il centro dello studio, ormai da molti anni, di Flavio Caroli \u00e8 senz\u2019altro la luce e il suo ruolo nell\u2019arte occidentale. Un\u2019occasione imperdibile, che dar\u00e0 la possibilit\u00e0 anche al pubblico [&hellip;]<\/p>\n","protected":false},"author":2,"featured_media":0,"comment_status":"closed","ping_status":"open","sticky":false,"template":"","format":"standard","meta":{"footnotes":""},"categories":[27,25],"tags":[151],"class_list":["post-7056","post","type-post","status-publish","format-standard","category-appuntamenti","category-pausa-caffe","tag-cadore"],"yoast_head":"<!-- This site is optimized with the Yoast SEO plugin v28.4 - https:\/\/yoast.com\/product\/yoast-seo-wordpress\/ -->\n<title>Auronzo InConTra: questa sera Flavio Caroli sul ruolo della luce nell\u2019arte occidentale - Bellunopress - Dolomiti<\/title>\n<meta name=\"robots\" content=\"index, follow, max-snippet:-1, max-image-preview:large, max-video-preview:-1\" \/>\n<link rel=\"canonical\" href=\"https:\/\/www.bellunopress.it\/fr\/2009\/08\/17\/auronzo-incontra-questa-sera-flavio-caroli-sul-ruolo-della-luce-nell\u2019arte-occidentale\/\" \/>\n<meta property=\"og:locale\" content=\"fr_FR\" \/>\n<meta property=\"og:type\" content=\"article\" \/>\n<meta property=\"og:title\" content=\"Auronzo InConTra: questa sera Flavio Caroli sul ruolo della luce nell\u2019arte occidentale - Bellunopress - Dolomiti\" \/>\n<meta property=\"og:description\" content=\"Uno dei maggiori esperti d\u2019arte del mondo, curatore di un capitolo del prestigiosissimo \u201cDizionario dell\u2019arte\u201d terr\u00e0 questa sera una lezione sul palco di \u201cAuronzo InConTra\u201d. Il centro dello studio, ormai da molti anni, di Flavio Caroli \u00e8 senz\u2019altro la luce e il suo ruolo nell\u2019arte occidentale. Un\u2019occasione imperdibile, che dar\u00e0 la possibilit\u00e0 anche al pubblico [&hellip;]\" \/>\n<meta property=\"og:url\" content=\"https:\/\/www.bellunopress.it\/fr\/2009\/08\/17\/auronzo-incontra-questa-sera-flavio-caroli-sul-ruolo-della-luce-nell\u2019arte-occidentale\/\" \/>\n<meta property=\"og:site_name\" content=\"Bellunopress - Dolomiti\" \/>\n<meta property=\"article:publisher\" content=\"https:\/\/www.facebook.com\/profile.php?id=100008943462799\" \/>\n<meta property=\"article:published_time\" content=\"2009-08-17T06:05:54+00:00\" \/>\n<meta property=\"og:image\" content=\"http:\/\/www.bellunopress.it\/wp-content\/uploads\/2012\/07\/logo-bellunopress-250x250-2012.jpg\" \/>\n<meta name=\"author\" content=\"redazione\" \/>\n<meta name=\"twitter:card\" content=\"summary_large_image\" \/>\n<meta name=\"twitter:creator\" content=\"@bellunopress\" \/>\n<meta name=\"twitter:site\" content=\"@bellunopress\" \/>\n<meta name=\"twitter:label1\" content=\"\u00c9crit par\" \/>\n\t<meta name=\"twitter:data1\" content=\"redazione\" \/>\n<script type=\"application\/ld+json\" class=\"yoast-schema-graph\">{\"@context\":\"https:\\\/\\\/schema.org\",\"@graph\":[{\"@type\":\"Article\",\"@id\":\"https:\\\/\\\/www.bellunopress.it\\\/2009\\\/08\\\/17\\\/auronzo-incontra-questa-sera-flavio-caroli-sul-ruolo-della-luce-nell%e2%80%99arte-occidentale\\\/#article\",\"isPartOf\":{\"@id\":\"https:\\\/\\\/www.bellunopress.it\\\/2009\\\/08\\\/17\\\/auronzo-incontra-questa-sera-flavio-caroli-sul-ruolo-della-luce-nell%e2%80%99arte-occidentale\\\/\"},\"author\":{\"name\":\"redazione\",\"@id\":\"https:\\\/\\\/www.bellunopress.it\\\/#\\\/schema\\\/person\\\/79bb06722b37ece1c03d3e94beb30d73\"},\"headline\":\"Auronzo InConTra: questa sera Flavio Caroli sul ruolo della luce nell\u2019arte occidentale\",\"datePublished\":\"2009-08-17T06:05:54+00:00\",\"mainEntityOfPage\":{\"@id\":\"https:\\\/\\\/www.bellunopress.it\\\/2009\\\/08\\\/17\\\/auronzo-incontra-questa-sera-flavio-caroli-sul-ruolo-della-luce-nell%e2%80%99arte-occidentale\\\/\"},\"wordCount\":98,\"publisher\":{\"@id\":\"https:\\\/\\\/www.bellunopress.it\\\/#organization\"},\"keywords\":[\"Cadore\"],\"articleSection\":[\"Appuntamenti, Eventi\",\"Pausa Caff\u00e8\"],\"inLanguage\":\"fr-FR\"},{\"@type\":\"WebPage\",\"@id\":\"https:\\\/\\\/www.bellunopress.it\\\/2009\\\/08\\\/17\\\/auronzo-incontra-questa-sera-flavio-caroli-sul-ruolo-della-luce-nell%e2%80%99arte-occidentale\\\/\",\"url\":\"https:\\\/\\\/www.bellunopress.it\\\/2009\\\/08\\\/17\\\/auronzo-incontra-questa-sera-flavio-caroli-sul-ruolo-della-luce-nell%e2%80%99arte-occidentale\\\/\",\"name\":\"Auronzo InConTra: questa sera Flavio Caroli sul ruolo della luce nell\u2019arte occidentale - Bellunopress - Dolomiti\",\"isPartOf\":{\"@id\":\"https:\\\/\\\/www.bellunopress.it\\\/#website\"},\"datePublished\":\"2009-08-17T06:05:54+00:00\",\"breadcrumb\":{\"@id\":\"https:\\\/\\\/www.bellunopress.it\\\/2009\\\/08\\\/17\\\/auronzo-incontra-questa-sera-flavio-caroli-sul-ruolo-della-luce-nell%e2%80%99arte-occidentale\\\/#breadcrumb\"},\"inLanguage\":\"fr-FR\",\"potentialAction\":[{\"@type\":\"ReadAction\",\"target\":[\"https:\\\/\\\/www.bellunopress.it\\\/2009\\\/08\\\/17\\\/auronzo-incontra-questa-sera-flavio-caroli-sul-ruolo-della-luce-nell%e2%80%99arte-occidentale\\\/\"]}]},{\"@type\":\"BreadcrumbList\",\"@id\":\"https:\\\/\\\/www.bellunopress.it\\\/2009\\\/08\\\/17\\\/auronzo-incontra-questa-sera-flavio-caroli-sul-ruolo-della-luce-nell%e2%80%99arte-occidentale\\\/#breadcrumb\",\"itemListElement\":[{\"@type\":\"ListItem\",\"position\":1,\"name\":\"Home\",\"item\":\"https:\\\/\\\/www.bellunopress.it\\\/\"},{\"@type\":\"ListItem\",\"position\":2,\"name\":\"Auronzo InConTra: questa sera Flavio Caroli sul ruolo della luce nell\u2019arte occidentale\"}]},{\"@type\":\"WebSite\",\"@id\":\"https:\\\/\\\/www.bellunopress.it\\\/#website\",\"url\":\"https:\\\/\\\/www.bellunopress.it\\\/\",\"name\":\"Bellunopress - Dolomiti\",\"description\":\"e-mail: redazione@bellunopress.it\",\"publisher\":{\"@id\":\"https:\\\/\\\/www.bellunopress.it\\\/#organization\"},\"potentialAction\":[{\"@type\":\"SearchAction\",\"target\":{\"@type\":\"EntryPoint\",\"urlTemplate\":\"https:\\\/\\\/www.bellunopress.it\\\/?s={search_term_string}\"},\"query-input\":{\"@type\":\"PropertyValueSpecification\",\"valueRequired\":true,\"valueName\":\"search_term_string\"}}],\"inLanguage\":\"fr-FR\"},{\"@type\":\"Organization\",\"@id\":\"https:\\\/\\\/www.bellunopress.it\\\/#organization\",\"name\":\"Bellunopress\",\"url\":\"https:\\\/\\\/www.bellunopress.it\\\/\",\"logo\":{\"@type\":\"ImageObject\",\"inLanguage\":\"fr-FR\",\"@id\":\"https:\\\/\\\/www.bellunopress.it\\\/#\\\/schema\\\/logo\\\/image\\\/\",\"url\":\"https:\\\/\\\/www.bellunopress.it\\\/wp-content\\\/uploads\\\/2011\\\/05\\\/cropped-logo-bellunopress-.jpg\",\"contentUrl\":\"https:\\\/\\\/www.bellunopress.it\\\/wp-content\\\/uploads\\\/2011\\\/05\\\/cropped-logo-bellunopress-.jpg\",\"width\":512,\"height\":512,\"caption\":\"Bellunopress\"},\"image\":{\"@id\":\"https:\\\/\\\/www.bellunopress.it\\\/#\\\/schema\\\/logo\\\/image\\\/\"},\"sameAs\":[\"https:\\\/\\\/www.facebook.com\\\/profile.php?id=100008943462799\",\"https:\\\/\\\/x.com\\\/bellunopress\",\"https:\\\/\\\/www.linkedin.com\\\/hp\\\/?dnr=JBzUWaJfMUw8vbXJJ2tVW5-I3jZKvC4wsoxE&amp;amp;amp;amp;amp;amp;trk=nav_responsive_tab_home\",\"https:\\\/\\\/www.youtube.com\\\/channel\\\/UCxL0wu1uN0_3_7hGG0306cw\"]},{\"@type\":\"Person\",\"@id\":\"https:\\\/\\\/www.bellunopress.it\\\/#\\\/schema\\\/person\\\/79bb06722b37ece1c03d3e94beb30d73\",\"name\":\"redazione\",\"image\":{\"@type\":\"ImageObject\",\"inLanguage\":\"fr-FR\",\"@id\":\"https:\\\/\\\/secure.gravatar.com\\\/avatar\\\/37d968a2e67a6fd04c169c4bdef102d0bc5d31b2546345219e348575eb80e9a0?s=96&d=mm&r=g\",\"url\":\"https:\\\/\\\/secure.gravatar.com\\\/avatar\\\/37d968a2e67a6fd04c169c4bdef102d0bc5d31b2546345219e348575eb80e9a0?s=96&d=mm&r=g\",\"contentUrl\":\"https:\\\/\\\/secure.gravatar.com\\\/avatar\\\/37d968a2e67a6fd04c169c4bdef102d0bc5d31b2546345219e348575eb80e9a0?s=96&d=mm&r=g\",\"caption\":\"redazione\"},\"sameAs\":[\"http:\\\/\\\/www.bellunopress.it\",\"https:\\\/\\\/x.com\\\/bellunopress\"],\"url\":\"https:\\\/\\\/www.bellunopress.it\\\/fr\\\/author\\\/redazione\\\/\"}]}<\/script>\n<!-- \/ Yoast SEO plugin. -->","yoast_head_json":{"title":"Auronzo InConTra: questa sera Flavio Caroli sul ruolo della luce nell\u2019arte occidentale - Bellunopress - Dolomiti","robots":{"index":"index","follow":"follow","max-snippet":"max-snippet:-1","max-image-preview":"max-image-preview:large","max-video-preview":"max-video-preview:-1"},"canonical":"https:\/\/www.bellunopress.it\/fr\/2009\/08\/17\/auronzo-incontra-questa-sera-flavio-caroli-sul-ruolo-della-luce-nell\u2019arte-occidentale\/","og_locale":"fr_FR","og_type":"article","og_title":"Auronzo InConTra: questa sera Flavio Caroli sul ruolo della luce nell\u2019arte occidentale - Bellunopress - Dolomiti","og_description":"Uno dei maggiori esperti d\u2019arte del mondo, curatore di un capitolo del prestigiosissimo \u201cDizionario dell\u2019arte\u201d terr\u00e0 questa sera una lezione sul palco di \u201cAuronzo InConTra\u201d. Il centro dello studio, ormai da molti anni, di Flavio Caroli \u00e8 senz\u2019altro la luce e il suo ruolo nell\u2019arte occidentale. Un\u2019occasione imperdibile, che dar\u00e0 la possibilit\u00e0 anche al pubblico [&hellip;]","og_url":"https:\/\/www.bellunopress.it\/fr\/2009\/08\/17\/auronzo-incontra-questa-sera-flavio-caroli-sul-ruolo-della-luce-nell\u2019arte-occidentale\/","og_site_name":"Bellunopress - Dolomiti","article_publisher":"https:\/\/www.facebook.com\/profile.php?id=100008943462799","article_published_time":"2009-08-17T06:05:54+00:00","og_image":[{"url":"http:\/\/www.bellunopress.it\/wp-content\/uploads\/2012\/07\/logo-bellunopress-250x250-2012.jpg","type":"","width":"","height":""}],"author":"redazione","twitter_card":"summary_large_image","twitter_creator":"@bellunopress","twitter_site":"@bellunopress","twitter_misc":{"\u00c9crit par":"redazione"},"schema":{"@context":"https:\/\/schema.org","@graph":[{"@type":"Article","@id":"https:\/\/www.bellunopress.it\/2009\/08\/17\/auronzo-incontra-questa-sera-flavio-caroli-sul-ruolo-della-luce-nell%e2%80%99arte-occidentale\/#article","isPartOf":{"@id":"https:\/\/www.bellunopress.it\/2009\/08\/17\/auronzo-incontra-questa-sera-flavio-caroli-sul-ruolo-della-luce-nell%e2%80%99arte-occidentale\/"},"author":{"name":"redazione","@id":"https:\/\/www.bellunopress.it\/#\/schema\/person\/79bb06722b37ece1c03d3e94beb30d73"},"headline":"Auronzo InConTra: questa sera Flavio Caroli sul ruolo della luce nell\u2019arte occidentale","datePublished":"2009-08-17T06:05:54+00:00","mainEntityOfPage":{"@id":"https:\/\/www.bellunopress.it\/2009\/08\/17\/auronzo-incontra-questa-sera-flavio-caroli-sul-ruolo-della-luce-nell%e2%80%99arte-occidentale\/"},"wordCount":98,"publisher":{"@id":"https:\/\/www.bellunopress.it\/#organization"},"keywords":["Cadore"],"articleSection":["Appuntamenti, Eventi","Pausa Caff\u00e8"],"inLanguage":"fr-FR"},{"@type":"WebPage","@id":"https:\/\/www.bellunopress.it\/2009\/08\/17\/auronzo-incontra-questa-sera-flavio-caroli-sul-ruolo-della-luce-nell%e2%80%99arte-occidentale\/","url":"https:\/\/www.bellunopress.it\/2009\/08\/17\/auronzo-incontra-questa-sera-flavio-caroli-sul-ruolo-della-luce-nell%e2%80%99arte-occidentale\/","name":"Auronzo InConTra: questa sera Flavio Caroli sul ruolo della luce nell\u2019arte occidentale - Bellunopress - Dolomiti","isPartOf":{"@id":"https:\/\/www.bellunopress.it\/#website"},"datePublished":"2009-08-17T06:05:54+00:00","breadcrumb":{"@id":"https:\/\/www.bellunopress.it\/2009\/08\/17\/auronzo-incontra-questa-sera-flavio-caroli-sul-ruolo-della-luce-nell%e2%80%99arte-occidentale\/#breadcrumb"},"inLanguage":"fr-FR","potentialAction":[{"@type":"ReadAction","target":["https:\/\/www.bellunopress.it\/2009\/08\/17\/auronzo-incontra-questa-sera-flavio-caroli-sul-ruolo-della-luce-nell%e2%80%99arte-occidentale\/"]}]},{"@type":"BreadcrumbList","@id":"https:\/\/www.bellunopress.it\/2009\/08\/17\/auronzo-incontra-questa-sera-flavio-caroli-sul-ruolo-della-luce-nell%e2%80%99arte-occidentale\/#breadcrumb","itemListElement":[{"@type":"ListItem","position":1,"name":"Home","item":"https:\/\/www.bellunopress.it\/"},{"@type":"ListItem","position":2,"name":"Auronzo InConTra: questa sera Flavio Caroli sul ruolo della luce nell\u2019arte occidentale"}]},{"@type":"WebSite","@id":"https:\/\/www.bellunopress.it\/#website","url":"https:\/\/www.bellunopress.it\/","name":"Bellunopress - Dolomiti","description":"e-mail: redazione@bellunopress.it","publisher":{"@id":"https:\/\/www.bellunopress.it\/#organization"},"potentialAction":[{"@type":"SearchAction","target":{"@type":"EntryPoint","urlTemplate":"https:\/\/www.bellunopress.it\/?s={search_term_string}"},"query-input":{"@type":"PropertyValueSpecification","valueRequired":true,"valueName":"search_term_string"}}],"inLanguage":"fr-FR"},{"@type":"Organization","@id":"https:\/\/www.bellunopress.it\/#organization","name":"Bellunopress","url":"https:\/\/www.bellunopress.it\/","logo":{"@type":"ImageObject","inLanguage":"fr-FR","@id":"https:\/\/www.bellunopress.it\/#\/schema\/logo\/image\/","url":"https:\/\/www.bellunopress.it\/wp-content\/uploads\/2011\/05\/cropped-logo-bellunopress-.jpg","contentUrl":"https:\/\/www.bellunopress.it\/wp-content\/uploads\/2011\/05\/cropped-logo-bellunopress-.jpg","width":512,"height":512,"caption":"Bellunopress"},"image":{"@id":"https:\/\/www.bellunopress.it\/#\/schema\/logo\/image\/"},"sameAs":["https:\/\/www.facebook.com\/profile.php?id=100008943462799","https:\/\/x.com\/bellunopress","https:\/\/www.linkedin.com\/hp\/?dnr=JBzUWaJfMUw8vbXJJ2tVW5-I3jZKvC4wsoxE&amp;amp;amp;amp;amp;amp;trk=nav_responsive_tab_home","https:\/\/www.youtube.com\/channel\/UCxL0wu1uN0_3_7hGG0306cw"]},{"@type":"Person","@id":"https:\/\/www.bellunopress.it\/#\/schema\/person\/79bb06722b37ece1c03d3e94beb30d73","name":"r\u00e9daction","image":{"@type":"ImageObject","inLanguage":"fr-FR","@id":"https:\/\/secure.gravatar.com\/avatar\/37d968a2e67a6fd04c169c4bdef102d0bc5d31b2546345219e348575eb80e9a0?s=96&d=mm&r=g","url":"https:\/\/secure.gravatar.com\/avatar\/37d968a2e67a6fd04c169c4bdef102d0bc5d31b2546345219e348575eb80e9a0?s=96&d=mm&r=g","contentUrl":"https:\/\/secure.gravatar.com\/avatar\/37d968a2e67a6fd04c169c4bdef102d0bc5d31b2546345219e348575eb80e9a0?s=96&d=mm&r=g","caption":"redazione"},"sameAs":["http:\/\/www.bellunopress.it","https:\/\/x.com\/bellunopress"],"url":"https:\/\/www.bellunopress.it\/fr\/author\/redazione\/"}]}},"_links":{"self":[{"href":"https:\/\/www.bellunopress.it\/fr\/wp-json\/wp\/v2\/posts\/7056","targetHints":{"allow":["GET"]}}],"collection":[{"href":"https:\/\/www.bellunopress.it\/fr\/wp-json\/wp\/v2\/posts"}],"about":[{"href":"https:\/\/www.bellunopress.it\/fr\/wp-json\/wp\/v2\/types\/post"}],"author":[{"embeddable":true,"href":"https:\/\/www.bellunopress.it\/fr\/wp-json\/wp\/v2\/users\/2"}],"replies":[{"embeddable":true,"href":"https:\/\/www.bellunopress.it\/fr\/wp-json\/wp\/v2\/comments?post=7056"}],"version-history":[{"count":1,"href":"https:\/\/www.bellunopress.it\/fr\/wp-json\/wp\/v2\/posts\/7056\/revisions"}],"predecessor-version":[{"id":7057,"href":"https:\/\/www.bellunopress.it\/fr\/wp-json\/wp\/v2\/posts\/7056\/revisions\/7057"}],"wp:attachment":[{"href":"https:\/\/www.bellunopress.it\/fr\/wp-json\/wp\/v2\/media?parent=7056"}],"wp:term":[{"taxonomy":"category","embeddable":true,"href":"https:\/\/www.bellunopress.it\/fr\/wp-json\/wp\/v2\/categories?post=7056"},{"taxonomy":"post_tag","embeddable":true,"href":"https:\/\/www.bellunopress.it\/fr\/wp-json\/wp\/v2\/tags?post=7056"}],"curies":[{"name":"wp","href":"https:\/\/api.w.org\/{rel}","templated":true}]}}