{"id":7040,"date":"2009-08-16T13:03:24","date_gmt":"2009-08-16T12:03:24","guid":{"rendered":"http:\/\/www.bellunopress.it\/?p=7040"},"modified":"2009-08-16T13:03:24","modified_gmt":"2009-08-16T12:03:24","slug":"europa-ostacolata-dallo-statalismo","status":"publish","type":"post","link":"https:\/\/www.bellunopress.it\/fr\/2009\/08\/16\/europa-ostacolata-dallo-statalismo\/","title":{"rendered":"Europa ostacolata dallo statalismo"},"content":{"rendered":"<p>Con la parola Stato possiamo intendere il risultato di un processo storico di accentramento del potere affermatosi successivamente alla fase di dispersione nei differenti centri territoriali indipendenti tipici dell&#8217;Europa medievale. La centralit\u00e0 del potere \u00e8 giustamente continuata anche successivamente all&#8217;avvento delle moderne societ\u00e0 democratiche, radicandosi per\u00f2, per lo pi\u00f9, all&#8217;interno di una ristretta quanto difficilmente rinnovabile cerchia di politici professionisti, quindi in vendita al miglior offerente, piuttosto che redistribuirsi genuinamente e regolarmente tra la popolazione come il nuovo disegno democratico, ed in certi casi anche repubblicano, richiedeva.<br \/>\nA causar ci\u00f2 \u00e8 stata ovunque soprattutto una rimasta primitiva organizzazione della Pubblica Amministrazione, l&#8217;assegnazione a vita dei cui milioni d&#8217;importanti ruoli ha per prima generato una casta e mafia di statali e favorito poi lo stabilirsi di una casta e mafia di politici. Di fatto al momento presente, nei vari Paesi come pure a livello dell&#8217;Unione Europea, la situazione politica \u00e8 massimamente insana causa entrambe queste patologiche formazioni, queste due concrezioni vicendevolmente rafforzantisi. Esse, pur di mantenersi in auge, preferiscono troppe volte affermare le volont\u00e0 delle varie lobby e potentati piuttosto che le nuove direzioni necessarie all&#8217;evoluzione ed al buon funzionamento sociale.<br \/>\nAnalogamente a quanto \u00e8 avvenuto in passato nei singoli Paesi, \u00e8 giusto ed onorevole auspicare oggi il formarsi di un potere centrale europeo. Ci troviamo di fronte a tante e tali critiche situazioni in ambito globale che non si pu\u00f2 davvero pensare di risolverle senza un potere che sia quantomeno all&#8217;altezza di quello delle altre formazioni. Tuttavia non si faccia l&#8217;errore, che stavolta noi cittadini europei non perdoneremmo non solo in ambito continentale ma a quel punto anche locale, di continuare ad affermare anche a livello di Unione un ottocentesco statalismo fatto di eletti ed assunti a vita piuttosto che una moderna gestione collettiva, periodicamente redistribuita e rinnovata, del crescente Bene Comune Europeo.<br \/>\nUna moderna societ\u00e0, che voglia essere davvero democratica, non pu\u00f2 pi\u00f9 disporre di una partecipazione popolare limitata al solo, triste perch\u00e9 impotente, momento elettorale. Al contrario occorre che una ben pi\u00f9 operosa e lieta partecipazione si esprima innanzitutto nei milioni di ruoli della gestione di quanto appartiene ed \u00e8 di pertinenza della collettivit\u00e0. L&#8217;Unione Europea ha oggi una opportunit\u00e0 di tutto rispetto, mettendo a frutto la quale potrebbe brillare ben oltre i confini del proprio continente. Quella di esser d&#8217;esempio nel far partecipi a rotazione della sua Cosa Pubblica, della Funzione Pubblica dell&#8217;Unione, tutti quei cittadini europei che lo volessero e disponessero dei requisiti necessari.<br \/>\nCome si pu\u00f2 dar torto a coloro che oggi rinunciano al diritto e rifiutano il dovere di esercitare il proprio voto? Noi, che da tempo non votiamo, abbiamo piena ragione di tenerci lontani dai seggi perch\u00e9 \u00e8 l&#8217;unico modo di cui disponiamo, quantificato, pubblico e pacifico, per dichiararci lontani dalla presente politica e generale amministrazione dei nostri Paesi e dell&#8217;Unione. Chi desidera che una valanga di voti si riversi finalmente nei seggi al prossimo appuntamento elettorale si d\u00eca da fare con il cuore e la mente affinch\u00e9 la rotazione ci liberi per sempre dagli statali e dallo statalismo. Rimuovendo l&#8217;oscura banda degli statali, con la quale si circondano e proteggono gli accaparratori di potere, sar\u00e0 impossibile per un politico professionista e per qualunque altro puzzone ottenere pi\u00f9 spazio di quello che merita.<br \/>\nA quel punto, e non prima, sar\u00e0 vera democrazia.<br \/>\nA quel punto, e non prima, l&#8217;Europa potr\u00e0 divenire una poderosa realt\u00e0.<\/p>\n<p>Danilo D&#8217;Antonio<\/p>\n<p>Laboratorio Eudemonia<br \/>\n<a href=\"mailto:eulab@hyperlinker.com\">eulab@hyperlinker.com<\/a><\/p>","protected":false},"excerpt":{"rendered":"<p>Con la parola Stato possiamo intendere il risultato di un processo storico di accentramento del potere affermatosi successivamente alla fase di dispersione nei differenti centri territoriali indipendenti tipici dell&#8217;Europa medievale. La centralit\u00e0 del potere \u00e8 giustamente continuata anche successivamente all&#8217;avvento delle moderne societ\u00e0 democratiche, radicandosi per\u00f2, per lo pi\u00f9, all&#8217;interno di una ristretta quanto difficilmente [&hellip;]<\/p>\n","protected":false},"author":2,"featured_media":0,"comment_status":"closed","ping_status":"open","sticky":false,"template":"","format":"standard","meta":{"footnotes":""},"categories":[1],"tags":[],"class_list":["post-7040","post","type-post","status-publish","format-standard","category-leo"],"yoast_head":"<!-- This site is optimized with the Yoast SEO plugin v28.4 - https:\/\/yoast.com\/product\/yoast-seo-wordpress\/ -->\n<title>Europa ostacolata dallo statalismo - Bellunopress - Dolomiti<\/title>\n<meta name=\"robots\" content=\"index, follow, max-snippet:-1, max-image-preview:large, max-video-preview:-1\" \/>\n<link rel=\"canonical\" href=\"https:\/\/www.bellunopress.it\/fr\/2009\/08\/16\/europa-ostacolata-dallo-statalismo\/\" \/>\n<meta property=\"og:locale\" content=\"fr_FR\" \/>\n<meta property=\"og:type\" content=\"article\" \/>\n<meta property=\"og:title\" content=\"Europa ostacolata dallo statalismo - Bellunopress - Dolomiti\" \/>\n<meta property=\"og:description\" content=\"Con la parola Stato possiamo intendere il risultato di un processo storico di accentramento del potere affermatosi successivamente alla fase di dispersione nei differenti centri territoriali indipendenti tipici dell&#8217;Europa medievale. La centralit\u00e0 del potere \u00e8 giustamente continuata anche successivamente all&#8217;avvento delle moderne societ\u00e0 democratiche, radicandosi per\u00f2, per lo pi\u00f9, all&#8217;interno di una ristretta quanto difficilmente [&hellip;]\" \/>\n<meta property=\"og:url\" content=\"https:\/\/www.bellunopress.it\/fr\/2009\/08\/16\/europa-ostacolata-dallo-statalismo\/\" \/>\n<meta property=\"og:site_name\" content=\"Bellunopress - Dolomiti\" \/>\n<meta property=\"article:publisher\" content=\"https:\/\/www.facebook.com\/profile.php?id=100008943462799\" \/>\n<meta property=\"article:published_time\" content=\"2009-08-16T12:03:24+00:00\" \/>\n<meta property=\"og:image\" content=\"http:\/\/www.bellunopress.it\/wp-content\/uploads\/2012\/07\/logo-bellunopress-250x250-2012.jpg\" \/>\n<meta name=\"author\" content=\"redazione\" \/>\n<meta name=\"twitter:card\" content=\"summary_large_image\" \/>\n<meta name=\"twitter:creator\" content=\"@bellunopress\" \/>\n<meta name=\"twitter:site\" content=\"@bellunopress\" \/>\n<meta name=\"twitter:label1\" content=\"\u00c9crit par\" \/>\n\t<meta name=\"twitter:data1\" content=\"redazione\" \/>\n\t<meta name=\"twitter:label2\" content=\"Dur\u00e9e de lecture estim\u00e9e\" \/>\n\t<meta name=\"twitter:data2\" content=\"3 minutes\" \/>\n<script type=\"application\/ld+json\" class=\"yoast-schema-graph\">{\"@context\":\"https:\\\/\\\/schema.org\",\"@graph\":[{\"@type\":\"Article\",\"@id\":\"https:\\\/\\\/www.bellunopress.it\\\/2009\\\/08\\\/16\\\/europa-ostacolata-dallo-statalismo\\\/#article\",\"isPartOf\":{\"@id\":\"https:\\\/\\\/www.bellunopress.it\\\/2009\\\/08\\\/16\\\/europa-ostacolata-dallo-statalismo\\\/\"},\"author\":{\"name\":\"redazione\",\"@id\":\"https:\\\/\\\/www.bellunopress.it\\\/#\\\/schema\\\/person\\\/79bb06722b37ece1c03d3e94beb30d73\"},\"headline\":\"Europa ostacolata dallo statalismo\",\"datePublished\":\"2009-08-16T12:03:24+00:00\",\"mainEntityOfPage\":{\"@id\":\"https:\\\/\\\/www.bellunopress.it\\\/2009\\\/08\\\/16\\\/europa-ostacolata-dallo-statalismo\\\/\"},\"wordCount\":583,\"publisher\":{\"@id\":\"https:\\\/\\\/www.bellunopress.it\\\/#organization\"},\"articleSection\":[\"Lettere Opinioni\"],\"inLanguage\":\"fr-FR\"},{\"@type\":\"WebPage\",\"@id\":\"https:\\\/\\\/www.bellunopress.it\\\/2009\\\/08\\\/16\\\/europa-ostacolata-dallo-statalismo\\\/\",\"url\":\"https:\\\/\\\/www.bellunopress.it\\\/2009\\\/08\\\/16\\\/europa-ostacolata-dallo-statalismo\\\/\",\"name\":\"Europa ostacolata dallo statalismo - Bellunopress - Dolomiti\",\"isPartOf\":{\"@id\":\"https:\\\/\\\/www.bellunopress.it\\\/#website\"},\"datePublished\":\"2009-08-16T12:03:24+00:00\",\"breadcrumb\":{\"@id\":\"https:\\\/\\\/www.bellunopress.it\\\/2009\\\/08\\\/16\\\/europa-ostacolata-dallo-statalismo\\\/#breadcrumb\"},\"inLanguage\":\"fr-FR\",\"potentialAction\":[{\"@type\":\"ReadAction\",\"target\":[\"https:\\\/\\\/www.bellunopress.it\\\/2009\\\/08\\\/16\\\/europa-ostacolata-dallo-statalismo\\\/\"]}]},{\"@type\":\"BreadcrumbList\",\"@id\":\"https:\\\/\\\/www.bellunopress.it\\\/2009\\\/08\\\/16\\\/europa-ostacolata-dallo-statalismo\\\/#breadcrumb\",\"itemListElement\":[{\"@type\":\"ListItem\",\"position\":1,\"name\":\"Home\",\"item\":\"https:\\\/\\\/www.bellunopress.it\\\/\"},{\"@type\":\"ListItem\",\"position\":2,\"name\":\"Europa ostacolata dallo statalismo\"}]},{\"@type\":\"WebSite\",\"@id\":\"https:\\\/\\\/www.bellunopress.it\\\/#website\",\"url\":\"https:\\\/\\\/www.bellunopress.it\\\/\",\"name\":\"Bellunopress - Dolomiti\",\"description\":\"e-mail: redazione@bellunopress.it\",\"publisher\":{\"@id\":\"https:\\\/\\\/www.bellunopress.it\\\/#organization\"},\"potentialAction\":[{\"@type\":\"SearchAction\",\"target\":{\"@type\":\"EntryPoint\",\"urlTemplate\":\"https:\\\/\\\/www.bellunopress.it\\\/?s={search_term_string}\"},\"query-input\":{\"@type\":\"PropertyValueSpecification\",\"valueRequired\":true,\"valueName\":\"search_term_string\"}}],\"inLanguage\":\"fr-FR\"},{\"@type\":\"Organization\",\"@id\":\"https:\\\/\\\/www.bellunopress.it\\\/#organization\",\"name\":\"Bellunopress\",\"url\":\"https:\\\/\\\/www.bellunopress.it\\\/\",\"logo\":{\"@type\":\"ImageObject\",\"inLanguage\":\"fr-FR\",\"@id\":\"https:\\\/\\\/www.bellunopress.it\\\/#\\\/schema\\\/logo\\\/image\\\/\",\"url\":\"https:\\\/\\\/www.bellunopress.it\\\/wp-content\\\/uploads\\\/2011\\\/05\\\/cropped-logo-bellunopress-.jpg\",\"contentUrl\":\"https:\\\/\\\/www.bellunopress.it\\\/wp-content\\\/uploads\\\/2011\\\/05\\\/cropped-logo-bellunopress-.jpg\",\"width\":512,\"height\":512,\"caption\":\"Bellunopress\"},\"image\":{\"@id\":\"https:\\\/\\\/www.bellunopress.it\\\/#\\\/schema\\\/logo\\\/image\\\/\"},\"sameAs\":[\"https:\\\/\\\/www.facebook.com\\\/profile.php?id=100008943462799\",\"https:\\\/\\\/x.com\\\/bellunopress\",\"https:\\\/\\\/www.linkedin.com\\\/hp\\\/?dnr=JBzUWaJfMUw8vbXJJ2tVW5-I3jZKvC4wsoxE&amp;amp;amp;amp;amp;amp;trk=nav_responsive_tab_home\",\"https:\\\/\\\/www.youtube.com\\\/channel\\\/UCxL0wu1uN0_3_7hGG0306cw\"]},{\"@type\":\"Person\",\"@id\":\"https:\\\/\\\/www.bellunopress.it\\\/#\\\/schema\\\/person\\\/79bb06722b37ece1c03d3e94beb30d73\",\"name\":\"redazione\",\"image\":{\"@type\":\"ImageObject\",\"inLanguage\":\"fr-FR\",\"@id\":\"https:\\\/\\\/secure.gravatar.com\\\/avatar\\\/37d968a2e67a6fd04c169c4bdef102d0bc5d31b2546345219e348575eb80e9a0?s=96&d=mm&r=g\",\"url\":\"https:\\\/\\\/secure.gravatar.com\\\/avatar\\\/37d968a2e67a6fd04c169c4bdef102d0bc5d31b2546345219e348575eb80e9a0?s=96&d=mm&r=g\",\"contentUrl\":\"https:\\\/\\\/secure.gravatar.com\\\/avatar\\\/37d968a2e67a6fd04c169c4bdef102d0bc5d31b2546345219e348575eb80e9a0?s=96&d=mm&r=g\",\"caption\":\"redazione\"},\"sameAs\":[\"http:\\\/\\\/www.bellunopress.it\",\"https:\\\/\\\/x.com\\\/bellunopress\"],\"url\":\"https:\\\/\\\/www.bellunopress.it\\\/fr\\\/author\\\/redazione\\\/\"}]}<\/script>\n<!-- \/ Yoast SEO plugin. -->","yoast_head_json":{"title":"Europa ostacolata dallo statalismo - Bellunopress - Dolomiti","robots":{"index":"index","follow":"follow","max-snippet":"max-snippet:-1","max-image-preview":"max-image-preview:large","max-video-preview":"max-video-preview:-1"},"canonical":"https:\/\/www.bellunopress.it\/fr\/2009\/08\/16\/europa-ostacolata-dallo-statalismo\/","og_locale":"fr_FR","og_type":"article","og_title":"Europa ostacolata dallo statalismo - Bellunopress - Dolomiti","og_description":"Con la parola Stato possiamo intendere il risultato di un processo storico di accentramento del potere affermatosi successivamente alla fase di dispersione nei differenti centri territoriali indipendenti tipici dell&#8217;Europa medievale. La centralit\u00e0 del potere \u00e8 giustamente continuata anche successivamente all&#8217;avvento delle moderne societ\u00e0 democratiche, radicandosi per\u00f2, per lo pi\u00f9, all&#8217;interno di una ristretta quanto difficilmente [&hellip;]","og_url":"https:\/\/www.bellunopress.it\/fr\/2009\/08\/16\/europa-ostacolata-dallo-statalismo\/","og_site_name":"Bellunopress - Dolomiti","article_publisher":"https:\/\/www.facebook.com\/profile.php?id=100008943462799","article_published_time":"2009-08-16T12:03:24+00:00","og_image":[{"url":"http:\/\/www.bellunopress.it\/wp-content\/uploads\/2012\/07\/logo-bellunopress-250x250-2012.jpg","type":"","width":"","height":""}],"author":"redazione","twitter_card":"summary_large_image","twitter_creator":"@bellunopress","twitter_site":"@bellunopress","twitter_misc":{"\u00c9crit par":"redazione","Dur\u00e9e de lecture estim\u00e9e":"3 minutes"},"schema":{"@context":"https:\/\/schema.org","@graph":[{"@type":"Article","@id":"https:\/\/www.bellunopress.it\/2009\/08\/16\/europa-ostacolata-dallo-statalismo\/#article","isPartOf":{"@id":"https:\/\/www.bellunopress.it\/2009\/08\/16\/europa-ostacolata-dallo-statalismo\/"},"author":{"name":"redazione","@id":"https:\/\/www.bellunopress.it\/#\/schema\/person\/79bb06722b37ece1c03d3e94beb30d73"},"headline":"Europa ostacolata dallo statalismo","datePublished":"2009-08-16T12:03:24+00:00","mainEntityOfPage":{"@id":"https:\/\/www.bellunopress.it\/2009\/08\/16\/europa-ostacolata-dallo-statalismo\/"},"wordCount":583,"publisher":{"@id":"https:\/\/www.bellunopress.it\/#organization"},"articleSection":["Lettere Opinioni"],"inLanguage":"fr-FR"},{"@type":"WebPage","@id":"https:\/\/www.bellunopress.it\/2009\/08\/16\/europa-ostacolata-dallo-statalismo\/","url":"https:\/\/www.bellunopress.it\/2009\/08\/16\/europa-ostacolata-dallo-statalismo\/","name":"Europa ostacolata dallo statalismo - Bellunopress - Dolomiti","isPartOf":{"@id":"https:\/\/www.bellunopress.it\/#website"},"datePublished":"2009-08-16T12:03:24+00:00","breadcrumb":{"@id":"https:\/\/www.bellunopress.it\/2009\/08\/16\/europa-ostacolata-dallo-statalismo\/#breadcrumb"},"inLanguage":"fr-FR","potentialAction":[{"@type":"ReadAction","target":["https:\/\/www.bellunopress.it\/2009\/08\/16\/europa-ostacolata-dallo-statalismo\/"]}]},{"@type":"BreadcrumbList","@id":"https:\/\/www.bellunopress.it\/2009\/08\/16\/europa-ostacolata-dallo-statalismo\/#breadcrumb","itemListElement":[{"@type":"ListItem","position":1,"name":"Home","item":"https:\/\/www.bellunopress.it\/"},{"@type":"ListItem","position":2,"name":"Europa ostacolata dallo statalismo"}]},{"@type":"WebSite","@id":"https:\/\/www.bellunopress.it\/#website","url":"https:\/\/www.bellunopress.it\/","name":"Bellunopress - Dolomiti","description":"e-mail: redazione@bellunopress.it","publisher":{"@id":"https:\/\/www.bellunopress.it\/#organization"},"potentialAction":[{"@type":"SearchAction","target":{"@type":"EntryPoint","urlTemplate":"https:\/\/www.bellunopress.it\/?s={search_term_string}"},"query-input":{"@type":"PropertyValueSpecification","valueRequired":true,"valueName":"search_term_string"}}],"inLanguage":"fr-FR"},{"@type":"Organization","@id":"https:\/\/www.bellunopress.it\/#organization","name":"Bellunopress","url":"https:\/\/www.bellunopress.it\/","logo":{"@type":"ImageObject","inLanguage":"fr-FR","@id":"https:\/\/www.bellunopress.it\/#\/schema\/logo\/image\/","url":"https:\/\/www.bellunopress.it\/wp-content\/uploads\/2011\/05\/cropped-logo-bellunopress-.jpg","contentUrl":"https:\/\/www.bellunopress.it\/wp-content\/uploads\/2011\/05\/cropped-logo-bellunopress-.jpg","width":512,"height":512,"caption":"Bellunopress"},"image":{"@id":"https:\/\/www.bellunopress.it\/#\/schema\/logo\/image\/"},"sameAs":["https:\/\/www.facebook.com\/profile.php?id=100008943462799","https:\/\/x.com\/bellunopress","https:\/\/www.linkedin.com\/hp\/?dnr=JBzUWaJfMUw8vbXJJ2tVW5-I3jZKvC4wsoxE&amp;amp;amp;amp;amp;amp;trk=nav_responsive_tab_home","https:\/\/www.youtube.com\/channel\/UCxL0wu1uN0_3_7hGG0306cw"]},{"@type":"Person","@id":"https:\/\/www.bellunopress.it\/#\/schema\/person\/79bb06722b37ece1c03d3e94beb30d73","name":"r\u00e9daction","image":{"@type":"ImageObject","inLanguage":"fr-FR","@id":"https:\/\/secure.gravatar.com\/avatar\/37d968a2e67a6fd04c169c4bdef102d0bc5d31b2546345219e348575eb80e9a0?s=96&d=mm&r=g","url":"https:\/\/secure.gravatar.com\/avatar\/37d968a2e67a6fd04c169c4bdef102d0bc5d31b2546345219e348575eb80e9a0?s=96&d=mm&r=g","contentUrl":"https:\/\/secure.gravatar.com\/avatar\/37d968a2e67a6fd04c169c4bdef102d0bc5d31b2546345219e348575eb80e9a0?s=96&d=mm&r=g","caption":"redazione"},"sameAs":["http:\/\/www.bellunopress.it","https:\/\/x.com\/bellunopress"],"url":"https:\/\/www.bellunopress.it\/fr\/author\/redazione\/"}]}},"_links":{"self":[{"href":"https:\/\/www.bellunopress.it\/fr\/wp-json\/wp\/v2\/posts\/7040","targetHints":{"allow":["GET"]}}],"collection":[{"href":"https:\/\/www.bellunopress.it\/fr\/wp-json\/wp\/v2\/posts"}],"about":[{"href":"https:\/\/www.bellunopress.it\/fr\/wp-json\/wp\/v2\/types\/post"}],"author":[{"embeddable":true,"href":"https:\/\/www.bellunopress.it\/fr\/wp-json\/wp\/v2\/users\/2"}],"replies":[{"embeddable":true,"href":"https:\/\/www.bellunopress.it\/fr\/wp-json\/wp\/v2\/comments?post=7040"}],"version-history":[{"count":1,"href":"https:\/\/www.bellunopress.it\/fr\/wp-json\/wp\/v2\/posts\/7040\/revisions"}],"predecessor-version":[{"id":7041,"href":"https:\/\/www.bellunopress.it\/fr\/wp-json\/wp\/v2\/posts\/7040\/revisions\/7041"}],"wp:attachment":[{"href":"https:\/\/www.bellunopress.it\/fr\/wp-json\/wp\/v2\/media?parent=7040"}],"wp:term":[{"taxonomy":"category","embeddable":true,"href":"https:\/\/www.bellunopress.it\/fr\/wp-json\/wp\/v2\/categories?post=7040"},{"taxonomy":"post_tag","embeddable":true,"href":"https:\/\/www.bellunopress.it\/fr\/wp-json\/wp\/v2\/tags?post=7040"}],"curies":[{"name":"wp","href":"https:\/\/api.w.org\/{rel}","templated":true}]}}