{"id":704,"date":"2009-02-16T20:57:06","date_gmt":"2009-02-16T19:57:06","guid":{"rendered":"http:\/\/www.bellunopress.it\/?p=704"},"modified":"2009-02-16T21:00:29","modified_gmt":"2009-02-16T20:00:29","slug":"sui-costi-dei-rifiuti-interviene-lassessore-colle","status":"publish","type":"post","link":"https:\/\/www.bellunopress.it\/fr\/2009\/02\/16\/sui-costi-dei-rifiuti-interviene-lassessore-colle\/","title":{"rendered":"Sui costi dei rifiuti interviene l&#8217;assessore Colle"},"content":{"rendered":"<p><a href=\"http:\/\/www.bellunopress.it\/wp-content\/uploads\/2009\/02\/leonardo-colle-lega9.jpg\"><img loading=\"lazy\" decoding=\"async\" class=\"alignleft size-medium wp-image-702\" title=\"leonardo-colle-lega9\" src=\"http:\/\/www.bellunopress.it\/wp-content\/uploads\/2009\/02\/leonardo-colle-lega9.jpg\" alt=\"\" width=\"181\" height=\"256\" \/><\/a>Lo smaltimento dei rifiuti \u00e8 una delle spine pi\u00f9 dolorose conficcate sul fianco delle amministrazioni comunali. La vecchia giunta De Col, tanto per fare un esempio, che per prima attu\u00f2 la raccolta differenziata a Belluno, venne bocciata dall&#8217;elettorato su questo tema. Oggi sono i costi dello smaltimento dei rifiuti sostenuti dai cittadini bellunesi ad essere finiti sotto la lente d&#8217;ingrandimento della stampa locale. Ebbene, sull&#8217;argomento \u00e8 intervenuto Leonardo Colle, assessore alle politiche ambientali del Comune di Belluno, che ha voluto fornire alcune precisazioni in merito alla pubblicazione di un dossier del 2005, secondo cui la spesa del Comune di Belluno per lo smaltimento dei rifiuti \u00e8 superiore del 50% rispetto agli altri comuni della Provincia. E che scelte pi\u00f9 oculate dell\u2019Amministrazione &#8211; sempre secondo questo dossier &#8211;\u00a0 dovrebbero consentire un risparmio di 1,5 milioni di euro all\u2019anno, su un bilancio complessivo di circa 4,6 milioni di euro. &#8220;Innanzitutto \u00e8 necessario evidenziare come il confronto con\u00a0 i costi degli altri comuni della Provincia sia assai poco significativo &#8211; ha detto Colle &#8211;\u00a0 il confronto, va fatto con realt\u00e0 simili e cio\u00e8 con comuni che hanno gli stessi abitanti e servizi di un capoluogo. Infatti, l\u2019attivit\u00e0 di una societ\u00e0 di raccolta dei rifiuti va dimensionata in funzione delle esigenze del proprio territorio; rispetto ad altri comuni della provincia, Belluno ha molteplici servizi collettivi a valenza extra-comunale quali l\u2019ospedale, le scuole superiori, gli uffici statali periferici e degli altri enti territoriali, i centri commerciali, le aree industriali ed artigianali, i locali di ristorazione, che inducono una presenza notevole di utenti esterni che vanno ad aggiungersi a quelli residenti. Il nostro comune ha anche una notevole presenza turistica per diversi mesi all\u2019anno, da servire anche per la raccolta rifiuti fra i 1.000 e i 1.300 m. slm. Il costo pro-capite non andrebbe calcolato quindi sul numero di residenti ma su quello degli \u201cabitanti equivalenti\u201d, che tiene conto cio\u00e8 dei fattori di produzione di maggiori quantitativi di rifiuti proveniente dall\u2019esterno. Un capoluogo di\u00a0 provincia con realt\u00e0 simili alla nostra \u00e8 la citt\u00e0 di Rovigo, ancorch\u00e9 favorita dalla morfologia e dal decisamente minore peso dei costi di spazzamento e trattamento del ghiaino che viene sparso sulle strade nel periodo invernale. Orbene a Rovigo, una famiglia composta da 3 persone in un appartamento di 100 metri quadrati\u00a0 spende il 18% in pi\u00f9 rispetto alla stessa a Belluno. Un esame dei bilanci della ex Multibel fa capire cosa \u00e8 successo in questi anni, a partire dal 2005, quando la tassa si chiamava ancora Tarsu ed era applicata dal Comune, al 2008 quando invece la Multibel ha avviato dal 2006 la tariffa TIA. Innanzitutto si pu\u00f2 affermare che i costi complessivi del servizio non hanno finora superato quanto addebitato alle utenze nel 2005, a fronte di un aumento generalizzato dei costi di tutte le componenti comuni quali carburanti, contratti di lavoro, contratti di servizi esterni, costi di trattamento e smaltimento presso l\u2019impianto del Maserot. Nel contempo la societ\u00e0 si \u00e8 dovuta organizzare per realizzare gli obiettivi dell\u2019Amministrazione per una raccolta differenziata sempre pi\u00f9 spinta, investendo in mezzi e personale per far fronte ad un servizio al cittadino sempre pi\u00f9 adeguato. La raccolta differenziata ha consentito di\u00a0 ridurre i costi di smaltimento del rifiuto secco e di aumentare i proventi per il recupero della carta, del cartone ed indirettamente quelli per gli altri\u00a0 rifiuti riciclabili. In buona sostanza, si pu\u00f2 affermare che in 4 anni \u00e8 stato possibile mantenere quantomeno invariata la tariffa al cittadino nonostante gli aumenti del costo della vita (anzi con degli sconti praticati nel 2006 e 2007), riorganizzare il servizio con la necessaria dotazione di risorse umane e mezzi; ci\u00f2 \u00e8 stato possibile grazie ai i risparmi dovuti alla raccolta differenziata e con il responsabile comportamento della maggior parte dei cittadini. Se cos\u00ec non fosse stato, e cio\u00e8 si fosse continuato con gli stessi risultati di raccolta differenziata ottenuti fino al 2005, i costi si sarebbero dilatati ben oltre il tasso dell\u2019inflazione, senza alcun beneficio per l\u2019utente&#8221;.<\/p>","protected":false},"excerpt":{"rendered":"<p>Lo smaltimento dei rifiuti \u00e8 una delle spine pi\u00f9 dolorose conficcate sul fianco delle amministrazioni comunali. La vecchia giunta De Col, tanto per fare un esempio, che per prima attu\u00f2 la raccolta differenziata a Belluno, venne bocciata dall&#8217;elettorato su questo tema. Oggi sono i costi dello smaltimento dei rifiuti sostenuti dai cittadini bellunesi ad essere [&hellip;]<\/p>\n","protected":false},"author":2,"featured_media":0,"comment_status":"closed","ping_status":"open","sticky":false,"template":"","format":"standard","meta":{"footnotes":""},"categories":[1],"tags":[139],"class_list":["post-704","post","type-post","status-publish","format-standard","category-leo","tag-belluno"],"yoast_head":"<!-- This site is optimized with the Yoast SEO plugin v28.4 - https:\/\/yoast.com\/product\/yoast-seo-wordpress\/ -->\n<title>Sui costi dei rifiuti interviene l&#039;assessore Colle - Bellunopress - Dolomiti<\/title>\n<meta name=\"robots\" content=\"index, follow, max-snippet:-1, max-image-preview:large, max-video-preview:-1\" \/>\n<link rel=\"canonical\" href=\"https:\/\/www.bellunopress.it\/fr\/2009\/02\/16\/sui-costi-dei-rifiuti-interviene-lassessore-colle\/\" \/>\n<meta property=\"og:locale\" content=\"fr_FR\" \/>\n<meta property=\"og:type\" content=\"article\" \/>\n<meta property=\"og:title\" content=\"Sui costi dei rifiuti interviene l&#039;assessore Colle - Bellunopress - Dolomiti\" \/>\n<meta property=\"og:description\" content=\"Lo smaltimento dei rifiuti \u00e8 una delle spine pi\u00f9 dolorose conficcate sul fianco delle amministrazioni comunali. La vecchia giunta De Col, tanto per fare un esempio, che per prima attu\u00f2 la raccolta differenziata a Belluno, venne bocciata dall&#8217;elettorato su questo tema. Oggi sono i costi dello smaltimento dei rifiuti sostenuti dai cittadini bellunesi ad essere [&hellip;]\" \/>\n<meta property=\"og:url\" content=\"https:\/\/www.bellunopress.it\/fr\/2009\/02\/16\/sui-costi-dei-rifiuti-interviene-lassessore-colle\/\" \/>\n<meta property=\"og:site_name\" content=\"Bellunopress - Dolomiti\" \/>\n<meta property=\"article:publisher\" content=\"https:\/\/www.facebook.com\/profile.php?id=100008943462799\" \/>\n<meta property=\"article:published_time\" content=\"2009-02-16T19:57:06+00:00\" \/>\n<meta property=\"article:modified_time\" content=\"2009-02-16T20:00:29+00:00\" \/>\n<meta property=\"og:image\" content=\"http:\/\/www.bellunopress.it\/wp-content\/uploads\/2009\/02\/leonardo-colle-lega9.jpg\" \/>\n<meta name=\"author\" content=\"redazione\" \/>\n<meta name=\"twitter:card\" content=\"summary_large_image\" \/>\n<meta name=\"twitter:creator\" content=\"@bellunopress\" \/>\n<meta name=\"twitter:site\" content=\"@bellunopress\" \/>\n<meta name=\"twitter:label1\" content=\"Written by\" \/>\n\t<meta name=\"twitter:data1\" content=\"redazione\" \/>\n\t<meta name=\"twitter:label2\" content=\"Est. reading time\" \/>\n\t<meta name=\"twitter:data2\" content=\"3 minutes\" \/>\n<script type=\"application\/ld+json\" class=\"yoast-schema-graph\">{\"@context\":\"https:\\\/\\\/schema.org\",\"@graph\":[{\"@type\":\"Article\",\"@id\":\"https:\\\/\\\/www.bellunopress.it\\\/2009\\\/02\\\/16\\\/sui-costi-dei-rifiuti-interviene-lassessore-colle\\\/#article\",\"isPartOf\":{\"@id\":\"https:\\\/\\\/www.bellunopress.it\\\/2009\\\/02\\\/16\\\/sui-costi-dei-rifiuti-interviene-lassessore-colle\\\/\"},\"author\":{\"name\":\"redazione\",\"@id\":\"https:\\\/\\\/www.bellunopress.it\\\/#\\\/schema\\\/person\\\/79bb06722b37ece1c03d3e94beb30d73\"},\"headline\":\"Sui costi dei rifiuti interviene l&#8217;assessore Colle\",\"datePublished\":\"2009-02-16T19:57:06+00:00\",\"dateModified\":\"2009-02-16T20:00:29+00:00\",\"mainEntityOfPage\":{\"@id\":\"https:\\\/\\\/www.bellunopress.it\\\/2009\\\/02\\\/16\\\/sui-costi-dei-rifiuti-interviene-lassessore-colle\\\/\"},\"wordCount\":656,\"publisher\":{\"@id\":\"https:\\\/\\\/www.bellunopress.it\\\/#organization\"},\"image\":{\"@id\":\"https:\\\/\\\/www.bellunopress.it\\\/2009\\\/02\\\/16\\\/sui-costi-dei-rifiuti-interviene-lassessore-colle\\\/#primaryimage\"},\"thumbnailUrl\":\"http:\\\/\\\/www.bellunopress.it\\\/wp-content\\\/uploads\\\/2009\\\/02\\\/leonardo-colle-lega9.jpg\",\"keywords\":[\"Belluno\"],\"articleSection\":[\"Lettere Opinioni\"],\"inLanguage\":\"fr-FR\"},{\"@type\":\"WebPage\",\"@id\":\"https:\\\/\\\/www.bellunopress.it\\\/2009\\\/02\\\/16\\\/sui-costi-dei-rifiuti-interviene-lassessore-colle\\\/\",\"url\":\"https:\\\/\\\/www.bellunopress.it\\\/2009\\\/02\\\/16\\\/sui-costi-dei-rifiuti-interviene-lassessore-colle\\\/\",\"name\":\"Sui costi dei rifiuti interviene l'assessore Colle - Bellunopress - Dolomiti\",\"isPartOf\":{\"@id\":\"https:\\\/\\\/www.bellunopress.it\\\/#website\"},\"primaryImageOfPage\":{\"@id\":\"https:\\\/\\\/www.bellunopress.it\\\/2009\\\/02\\\/16\\\/sui-costi-dei-rifiuti-interviene-lassessore-colle\\\/#primaryimage\"},\"image\":{\"@id\":\"https:\\\/\\\/www.bellunopress.it\\\/2009\\\/02\\\/16\\\/sui-costi-dei-rifiuti-interviene-lassessore-colle\\\/#primaryimage\"},\"thumbnailUrl\":\"http:\\\/\\\/www.bellunopress.it\\\/wp-content\\\/uploads\\\/2009\\\/02\\\/leonardo-colle-lega9.jpg\",\"datePublished\":\"2009-02-16T19:57:06+00:00\",\"dateModified\":\"2009-02-16T20:00:29+00:00\",\"breadcrumb\":{\"@id\":\"https:\\\/\\\/www.bellunopress.it\\\/2009\\\/02\\\/16\\\/sui-costi-dei-rifiuti-interviene-lassessore-colle\\\/#breadcrumb\"},\"inLanguage\":\"fr-FR\",\"potentialAction\":[{\"@type\":\"ReadAction\",\"target\":[\"https:\\\/\\\/www.bellunopress.it\\\/2009\\\/02\\\/16\\\/sui-costi-dei-rifiuti-interviene-lassessore-colle\\\/\"]}]},{\"@type\":\"ImageObject\",\"inLanguage\":\"fr-FR\",\"@id\":\"https:\\\/\\\/www.bellunopress.it\\\/2009\\\/02\\\/16\\\/sui-costi-dei-rifiuti-interviene-lassessore-colle\\\/#primaryimage\",\"url\":\"http:\\\/\\\/www.bellunopress.it\\\/wp-content\\\/uploads\\\/2009\\\/02\\\/leonardo-colle-lega9.jpg\",\"contentUrl\":\"http:\\\/\\\/www.bellunopress.it\\\/wp-content\\\/uploads\\\/2009\\\/02\\\/leonardo-colle-lega9.jpg\"},{\"@type\":\"BreadcrumbList\",\"@id\":\"https:\\\/\\\/www.bellunopress.it\\\/2009\\\/02\\\/16\\\/sui-costi-dei-rifiuti-interviene-lassessore-colle\\\/#breadcrumb\",\"itemListElement\":[{\"@type\":\"ListItem\",\"position\":1,\"name\":\"Home\",\"item\":\"https:\\\/\\\/www.bellunopress.it\\\/\"},{\"@type\":\"ListItem\",\"position\":2,\"name\":\"Sui costi dei rifiuti interviene l&#8217;assessore Colle\"}]},{\"@type\":\"WebSite\",\"@id\":\"https:\\\/\\\/www.bellunopress.it\\\/#website\",\"url\":\"https:\\\/\\\/www.bellunopress.it\\\/\",\"name\":\"Bellunopress - Dolomiti\",\"description\":\"e-mail: redazione@bellunopress.it\",\"publisher\":{\"@id\":\"https:\\\/\\\/www.bellunopress.it\\\/#organization\"},\"potentialAction\":[{\"@type\":\"SearchAction\",\"target\":{\"@type\":\"EntryPoint\",\"urlTemplate\":\"https:\\\/\\\/www.bellunopress.it\\\/?s={search_term_string}\"},\"query-input\":{\"@type\":\"PropertyValueSpecification\",\"valueRequired\":true,\"valueName\":\"search_term_string\"}}],\"inLanguage\":\"fr-FR\"},{\"@type\":\"Organization\",\"@id\":\"https:\\\/\\\/www.bellunopress.it\\\/#organization\",\"name\":\"Bellunopress\",\"url\":\"https:\\\/\\\/www.bellunopress.it\\\/\",\"logo\":{\"@type\":\"ImageObject\",\"inLanguage\":\"fr-FR\",\"@id\":\"https:\\\/\\\/www.bellunopress.it\\\/#\\\/schema\\\/logo\\\/image\\\/\",\"url\":\"https:\\\/\\\/www.bellunopress.it\\\/wp-content\\\/uploads\\\/2011\\\/05\\\/cropped-logo-bellunopress-.jpg\",\"contentUrl\":\"https:\\\/\\\/www.bellunopress.it\\\/wp-content\\\/uploads\\\/2011\\\/05\\\/cropped-logo-bellunopress-.jpg\",\"width\":512,\"height\":512,\"caption\":\"Bellunopress\"},\"image\":{\"@id\":\"https:\\\/\\\/www.bellunopress.it\\\/#\\\/schema\\\/logo\\\/image\\\/\"},\"sameAs\":[\"https:\\\/\\\/www.facebook.com\\\/profile.php?id=100008943462799\",\"https:\\\/\\\/x.com\\\/bellunopress\",\"https:\\\/\\\/www.linkedin.com\\\/hp\\\/?dnr=JBzUWaJfMUw8vbXJJ2tVW5-I3jZKvC4wsoxE&amp;amp;amp;amp;amp;amp;trk=nav_responsive_tab_home\",\"https:\\\/\\\/www.youtube.com\\\/channel\\\/UCxL0wu1uN0_3_7hGG0306cw\"]},{\"@type\":\"Person\",\"@id\":\"https:\\\/\\\/www.bellunopress.it\\\/#\\\/schema\\\/person\\\/79bb06722b37ece1c03d3e94beb30d73\",\"name\":\"redazione\",\"image\":{\"@type\":\"ImageObject\",\"inLanguage\":\"fr-FR\",\"@id\":\"https:\\\/\\\/secure.gravatar.com\\\/avatar\\\/37d968a2e67a6fd04c169c4bdef102d0bc5d31b2546345219e348575eb80e9a0?s=96&d=mm&r=g\",\"url\":\"https:\\\/\\\/secure.gravatar.com\\\/avatar\\\/37d968a2e67a6fd04c169c4bdef102d0bc5d31b2546345219e348575eb80e9a0?s=96&d=mm&r=g\",\"contentUrl\":\"https:\\\/\\\/secure.gravatar.com\\\/avatar\\\/37d968a2e67a6fd04c169c4bdef102d0bc5d31b2546345219e348575eb80e9a0?s=96&d=mm&r=g\",\"caption\":\"redazione\"},\"sameAs\":[\"http:\\\/\\\/www.bellunopress.it\",\"https:\\\/\\\/x.com\\\/bellunopress\"],\"url\":\"https:\\\/\\\/www.bellunopress.it\\\/fr\\\/author\\\/redazione\\\/\"}]}<\/script>\n<!-- \/ Yoast SEO plugin. -->","yoast_head_json":{"title":"Sui costi dei rifiuti interviene l'assessore Colle - Bellunopress - Dolomiti","robots":{"index":"index","follow":"follow","max-snippet":"max-snippet:-1","max-image-preview":"max-image-preview:large","max-video-preview":"max-video-preview:-1"},"canonical":"https:\/\/www.bellunopress.it\/fr\/2009\/02\/16\/sui-costi-dei-rifiuti-interviene-lassessore-colle\/","og_locale":"fr_FR","og_type":"article","og_title":"Sui costi dei rifiuti interviene l'assessore Colle - Bellunopress - Dolomiti","og_description":"Lo smaltimento dei rifiuti \u00e8 una delle spine pi\u00f9 dolorose conficcate sul fianco delle amministrazioni comunali. La vecchia giunta De Col, tanto per fare un esempio, che per prima attu\u00f2 la raccolta differenziata a Belluno, venne bocciata dall&#8217;elettorato su questo tema. Oggi sono i costi dello smaltimento dei rifiuti sostenuti dai cittadini bellunesi ad essere [&hellip;]","og_url":"https:\/\/www.bellunopress.it\/fr\/2009\/02\/16\/sui-costi-dei-rifiuti-interviene-lassessore-colle\/","og_site_name":"Bellunopress - Dolomiti","article_publisher":"https:\/\/www.facebook.com\/profile.php?id=100008943462799","article_published_time":"2009-02-16T19:57:06+00:00","article_modified_time":"2009-02-16T20:00:29+00:00","og_image":[{"url":"http:\/\/www.bellunopress.it\/wp-content\/uploads\/2009\/02\/leonardo-colle-lega9.jpg","type":"","width":"","height":""}],"author":"redazione","twitter_card":"summary_large_image","twitter_creator":"@bellunopress","twitter_site":"@bellunopress","twitter_misc":{"Written by":"redazione","Est. reading time":"3 minutes"},"schema":{"@context":"https:\/\/schema.org","@graph":[{"@type":"Article","@id":"https:\/\/www.bellunopress.it\/2009\/02\/16\/sui-costi-dei-rifiuti-interviene-lassessore-colle\/#article","isPartOf":{"@id":"https:\/\/www.bellunopress.it\/2009\/02\/16\/sui-costi-dei-rifiuti-interviene-lassessore-colle\/"},"author":{"name":"redazione","@id":"https:\/\/www.bellunopress.it\/#\/schema\/person\/79bb06722b37ece1c03d3e94beb30d73"},"headline":"Sui costi dei rifiuti interviene l&#8217;assessore Colle","datePublished":"2009-02-16T19:57:06+00:00","dateModified":"2009-02-16T20:00:29+00:00","mainEntityOfPage":{"@id":"https:\/\/www.bellunopress.it\/2009\/02\/16\/sui-costi-dei-rifiuti-interviene-lassessore-colle\/"},"wordCount":656,"publisher":{"@id":"https:\/\/www.bellunopress.it\/#organization"},"image":{"@id":"https:\/\/www.bellunopress.it\/2009\/02\/16\/sui-costi-dei-rifiuti-interviene-lassessore-colle\/#primaryimage"},"thumbnailUrl":"http:\/\/www.bellunopress.it\/wp-content\/uploads\/2009\/02\/leonardo-colle-lega9.jpg","keywords":["Belluno"],"articleSection":["Lettere Opinioni"],"inLanguage":"fr-FR"},{"@type":"WebPage","@id":"https:\/\/www.bellunopress.it\/2009\/02\/16\/sui-costi-dei-rifiuti-interviene-lassessore-colle\/","url":"https:\/\/www.bellunopress.it\/2009\/02\/16\/sui-costi-dei-rifiuti-interviene-lassessore-colle\/","name":"Sui costi dei rifiuti interviene l'assessore Colle - Bellunopress - Dolomiti","isPartOf":{"@id":"https:\/\/www.bellunopress.it\/#website"},"primaryImageOfPage":{"@id":"https:\/\/www.bellunopress.it\/2009\/02\/16\/sui-costi-dei-rifiuti-interviene-lassessore-colle\/#primaryimage"},"image":{"@id":"https:\/\/www.bellunopress.it\/2009\/02\/16\/sui-costi-dei-rifiuti-interviene-lassessore-colle\/#primaryimage"},"thumbnailUrl":"http:\/\/www.bellunopress.it\/wp-content\/uploads\/2009\/02\/leonardo-colle-lega9.jpg","datePublished":"2009-02-16T19:57:06+00:00","dateModified":"2009-02-16T20:00:29+00:00","breadcrumb":{"@id":"https:\/\/www.bellunopress.it\/2009\/02\/16\/sui-costi-dei-rifiuti-interviene-lassessore-colle\/#breadcrumb"},"inLanguage":"fr-FR","potentialAction":[{"@type":"ReadAction","target":["https:\/\/www.bellunopress.it\/2009\/02\/16\/sui-costi-dei-rifiuti-interviene-lassessore-colle\/"]}]},{"@type":"ImageObject","inLanguage":"fr-FR","@id":"https:\/\/www.bellunopress.it\/2009\/02\/16\/sui-costi-dei-rifiuti-interviene-lassessore-colle\/#primaryimage","url":"http:\/\/www.bellunopress.it\/wp-content\/uploads\/2009\/02\/leonardo-colle-lega9.jpg","contentUrl":"http:\/\/www.bellunopress.it\/wp-content\/uploads\/2009\/02\/leonardo-colle-lega9.jpg"},{"@type":"BreadcrumbList","@id":"https:\/\/www.bellunopress.it\/2009\/02\/16\/sui-costi-dei-rifiuti-interviene-lassessore-colle\/#breadcrumb","itemListElement":[{"@type":"ListItem","position":1,"name":"Home","item":"https:\/\/www.bellunopress.it\/"},{"@type":"ListItem","position":2,"name":"Sui costi dei rifiuti interviene l&#8217;assessore Colle"}]},{"@type":"WebSite","@id":"https:\/\/www.bellunopress.it\/#website","url":"https:\/\/www.bellunopress.it\/","name":"Bellunopress - Dolomiti","description":"e-mail: redazione@bellunopress.it","publisher":{"@id":"https:\/\/www.bellunopress.it\/#organization"},"potentialAction":[{"@type":"SearchAction","target":{"@type":"EntryPoint","urlTemplate":"https:\/\/www.bellunopress.it\/?s={search_term_string}"},"query-input":{"@type":"PropertyValueSpecification","valueRequired":true,"valueName":"search_term_string"}}],"inLanguage":"fr-FR"},{"@type":"Organization","@id":"https:\/\/www.bellunopress.it\/#organization","name":"Bellunopress","url":"https:\/\/www.bellunopress.it\/","logo":{"@type":"ImageObject","inLanguage":"fr-FR","@id":"https:\/\/www.bellunopress.it\/#\/schema\/logo\/image\/","url":"https:\/\/www.bellunopress.it\/wp-content\/uploads\/2011\/05\/cropped-logo-bellunopress-.jpg","contentUrl":"https:\/\/www.bellunopress.it\/wp-content\/uploads\/2011\/05\/cropped-logo-bellunopress-.jpg","width":512,"height":512,"caption":"Bellunopress"},"image":{"@id":"https:\/\/www.bellunopress.it\/#\/schema\/logo\/image\/"},"sameAs":["https:\/\/www.facebook.com\/profile.php?id=100008943462799","https:\/\/x.com\/bellunopress","https:\/\/www.linkedin.com\/hp\/?dnr=JBzUWaJfMUw8vbXJJ2tVW5-I3jZKvC4wsoxE&amp;amp;amp;amp;amp;amp;trk=nav_responsive_tab_home","https:\/\/www.youtube.com\/channel\/UCxL0wu1uN0_3_7hGG0306cw"]},{"@type":"Person","@id":"https:\/\/www.bellunopress.it\/#\/schema\/person\/79bb06722b37ece1c03d3e94beb30d73","name":"r\u00e9daction","image":{"@type":"ImageObject","inLanguage":"fr-FR","@id":"https:\/\/secure.gravatar.com\/avatar\/37d968a2e67a6fd04c169c4bdef102d0bc5d31b2546345219e348575eb80e9a0?s=96&d=mm&r=g","url":"https:\/\/secure.gravatar.com\/avatar\/37d968a2e67a6fd04c169c4bdef102d0bc5d31b2546345219e348575eb80e9a0?s=96&d=mm&r=g","contentUrl":"https:\/\/secure.gravatar.com\/avatar\/37d968a2e67a6fd04c169c4bdef102d0bc5d31b2546345219e348575eb80e9a0?s=96&d=mm&r=g","caption":"redazione"},"sameAs":["http:\/\/www.bellunopress.it","https:\/\/x.com\/bellunopress"],"url":"https:\/\/www.bellunopress.it\/fr\/author\/redazione\/"}]}},"_links":{"self":[{"href":"https:\/\/www.bellunopress.it\/fr\/wp-json\/wp\/v2\/posts\/704","targetHints":{"allow":["GET"]}}],"collection":[{"href":"https:\/\/www.bellunopress.it\/fr\/wp-json\/wp\/v2\/posts"}],"about":[{"href":"https:\/\/www.bellunopress.it\/fr\/wp-json\/wp\/v2\/types\/post"}],"author":[{"embeddable":true,"href":"https:\/\/www.bellunopress.it\/fr\/wp-json\/wp\/v2\/users\/2"}],"replies":[{"embeddable":true,"href":"https:\/\/www.bellunopress.it\/fr\/wp-json\/wp\/v2\/comments?post=704"}],"version-history":[{"count":2,"href":"https:\/\/www.bellunopress.it\/fr\/wp-json\/wp\/v2\/posts\/704\/revisions"}],"predecessor-version":[{"id":706,"href":"https:\/\/www.bellunopress.it\/fr\/wp-json\/wp\/v2\/posts\/704\/revisions\/706"}],"wp:attachment":[{"href":"https:\/\/www.bellunopress.it\/fr\/wp-json\/wp\/v2\/media?parent=704"}],"wp:term":[{"taxonomy":"category","embeddable":true,"href":"https:\/\/www.bellunopress.it\/fr\/wp-json\/wp\/v2\/categories?post=704"},{"taxonomy":"post_tag","embeddable":true,"href":"https:\/\/www.bellunopress.it\/fr\/wp-json\/wp\/v2\/tags?post=704"}],"curies":[{"name":"wp","href":"https:\/\/api.w.org\/{rel}","templated":true}]}}