{"id":7037,"date":"2009-08-16T06:24:06","date_gmt":"2009-08-16T05:24:06","guid":{"rendered":"http:\/\/www.bellunopress.it\/?p=7037"},"modified":"2009-08-16T06:24:06","modified_gmt":"2009-08-16T05:24:06","slug":"ferragosto-a-melere-tra-sport-cucina-e-un-tuffo-nellautentico-rock-anni-70","status":"publish","type":"post","link":"https:\/\/www.bellunopress.it\/fr\/2009\/08\/16\/ferragosto-a-melere-tra-sport-cucina-e-un-tuffo-nellautentico-rock-anni-70\/","title":{"rendered":"Ferragosto a Melere, tra sport, cucina e un tuffo nell&#8217;autentico rock anni &#8217;70"},"content":{"rendered":"<p><a href=\"http:\/\/www.bellunopress.it\/wp-content\/uploads\/2009\/08\/melere-palco.jpg\"><img loading=\"lazy\" decoding=\"async\" class=\"alignleft size-medium wp-image-7038\" title=\"melere-palco\" src=\"http:\/\/www.bellunopress.it\/wp-content\/uploads\/2009\/08\/melere-palco.jpg\" alt=\"\" width=\"270\" height=\"202\" \/><\/a>Si \u00e8 conclusa ieri, Ferragosto, con un grande successo di pubblico, la oramai storica Festa di Melere (Trichiana). Al mattino c&#8217;era la\u00a0 &#8220;Ciclopedonata delle Ombre&#8221;, una gara ciclo-crossistica-goliardo-folcloristica, con arrivo in Melere per il pranzo. Con la fila alle casse per la ricca offerta culinaria. C&#8217;era la specialit\u00e0 dei gnocchi prodotti con la patata di Cesiomaggiore (DE.C.O.) conditi con puina, sugo di pomodoro o rag\u00f9. E il piatto del giorno, polenta di mais sponcio e capriolo. Nel pomeriggio, la prima edizione del Melere Rock festival, un tuffo negli anni &#8217;70 e &#8217;80 con i pezzi dei Deep Purple interpretati dalle band Deaf By Choise, Polenta violenta, Acoustic blend duo e i Target. &#8220;Quando l\u2019ultima notte suoner\u00e0 l\u2019ultima nota\u2026noi ci saremo!&#8221; recita lo slogan coniato quest&#8217;anno. Promessa mantenuta.<\/p>","protected":false},"excerpt":{"rendered":"<p>Si \u00e8 conclusa ieri, Ferragosto, con un grande successo di pubblico, la oramai storica Festa di Melere (Trichiana). Al mattino c&#8217;era la\u00a0 &#8220;Ciclopedonata delle Ombre&#8221;, una gara ciclo-crossistica-goliardo-folcloristica, con arrivo in Melere per il pranzo. Con la fila alle casse per la ricca offerta culinaria. C&#8217;era la specialit\u00e0 dei gnocchi prodotti con la patata di [&hellip;]<\/p>\n","protected":false},"author":2,"featured_media":0,"comment_status":"closed","ping_status":"open","sticky":false,"template":"","format":"standard","meta":{"footnotes":""},"categories":[3],"tags":[139],"class_list":["post-7037","post","type-post","status-publish","format-standard","category-arte-cultura-spettacoli-scienza-archivi","tag-belluno"],"yoast_head":"<!-- This site is optimized with the Yoast SEO plugin v28.4 - https:\/\/yoast.com\/product\/yoast-seo-wordpress\/ -->\n<title>Ferragosto a Melere, tra sport, cucina e un tuffo nell&#039;autentico rock anni &#039;70  - Bellunopress - Dolomiti<\/title>\n<meta name=\"robots\" content=\"index, follow, max-snippet:-1, max-image-preview:large, max-video-preview:-1\" \/>\n<link rel=\"canonical\" href=\"https:\/\/www.bellunopress.it\/fr\/2009\/08\/16\/ferragosto-a-melere-tra-sport-cucina-e-un-tuffo-nellautentico-rock-anni-70\/\" \/>\n<meta property=\"og:locale\" content=\"fr_FR\" \/>\n<meta property=\"og:type\" content=\"article\" \/>\n<meta property=\"og:title\" content=\"Ferragosto a Melere, tra sport, cucina e un tuffo nell&#039;autentico rock anni &#039;70  - Bellunopress - Dolomiti\" \/>\n<meta property=\"og:description\" content=\"Si \u00e8 conclusa ieri, Ferragosto, con un grande successo di pubblico, la oramai storica Festa di Melere (Trichiana). Al mattino c&#8217;era la\u00a0 &#8220;Ciclopedonata delle Ombre&#8221;, una gara ciclo-crossistica-goliardo-folcloristica, con arrivo in Melere per il pranzo. Con la fila alle casse per la ricca offerta culinaria. C&#8217;era la specialit\u00e0 dei gnocchi prodotti con la patata di [&hellip;]\" \/>\n<meta property=\"og:url\" content=\"https:\/\/www.bellunopress.it\/fr\/2009\/08\/16\/ferragosto-a-melere-tra-sport-cucina-e-un-tuffo-nellautentico-rock-anni-70\/\" \/>\n<meta property=\"og:site_name\" content=\"Bellunopress - Dolomiti\" \/>\n<meta property=\"article:publisher\" content=\"https:\/\/www.facebook.com\/profile.php?id=100008943462799\" \/>\n<meta property=\"article:published_time\" content=\"2009-08-16T05:24:06+00:00\" \/>\n<meta property=\"og:image\" content=\"http:\/\/www.bellunopress.it\/wp-content\/uploads\/2009\/08\/melere-palco.jpg\" \/>\n<meta name=\"author\" content=\"redazione\" \/>\n<meta name=\"twitter:card\" content=\"summary_large_image\" \/>\n<meta name=\"twitter:creator\" content=\"@bellunopress\" \/>\n<meta name=\"twitter:site\" content=\"@bellunopress\" \/>\n<meta name=\"twitter:label1\" content=\"\u00c9crit par\" \/>\n\t<meta name=\"twitter:data1\" content=\"redazione\" \/>\n\t<meta name=\"twitter:label2\" content=\"Dur\u00e9e de lecture estim\u00e9e\" \/>\n\t<meta name=\"twitter:data2\" content=\"1 minute\" \/>\n<script type=\"application\/ld+json\" class=\"yoast-schema-graph\">{\"@context\":\"https:\\\/\\\/schema.org\",\"@graph\":[{\"@type\":\"Article\",\"@id\":\"https:\\\/\\\/www.bellunopress.it\\\/2009\\\/08\\\/16\\\/ferragosto-a-melere-tra-sport-cucina-e-un-tuffo-nellautentico-rock-anni-70\\\/#article\",\"isPartOf\":{\"@id\":\"https:\\\/\\\/www.bellunopress.it\\\/2009\\\/08\\\/16\\\/ferragosto-a-melere-tra-sport-cucina-e-un-tuffo-nellautentico-rock-anni-70\\\/\"},\"author\":{\"name\":\"redazione\",\"@id\":\"https:\\\/\\\/www.bellunopress.it\\\/#\\\/schema\\\/person\\\/79bb06722b37ece1c03d3e94beb30d73\"},\"headline\":\"Ferragosto a Melere, tra sport, cucina e un tuffo nell&#8217;autentico rock anni &#8217;70\",\"datePublished\":\"2009-08-16T05:24:06+00:00\",\"mainEntityOfPage\":{\"@id\":\"https:\\\/\\\/www.bellunopress.it\\\/2009\\\/08\\\/16\\\/ferragosto-a-melere-tra-sport-cucina-e-un-tuffo-nellautentico-rock-anni-70\\\/\"},\"wordCount\":145,\"publisher\":{\"@id\":\"https:\\\/\\\/www.bellunopress.it\\\/#organization\"},\"image\":{\"@id\":\"https:\\\/\\\/www.bellunopress.it\\\/2009\\\/08\\\/16\\\/ferragosto-a-melere-tra-sport-cucina-e-un-tuffo-nellautentico-rock-anni-70\\\/#primaryimage\"},\"thumbnailUrl\":\"http:\\\/\\\/www.bellunopress.it\\\/wp-content\\\/uploads\\\/2009\\\/08\\\/melere-palco.jpg\",\"keywords\":[\"Belluno\"],\"articleSection\":[\"Arte, Cultura, Spettacoli, Scienza\"],\"inLanguage\":\"fr-FR\"},{\"@type\":\"WebPage\",\"@id\":\"https:\\\/\\\/www.bellunopress.it\\\/2009\\\/08\\\/16\\\/ferragosto-a-melere-tra-sport-cucina-e-un-tuffo-nellautentico-rock-anni-70\\\/\",\"url\":\"https:\\\/\\\/www.bellunopress.it\\\/2009\\\/08\\\/16\\\/ferragosto-a-melere-tra-sport-cucina-e-un-tuffo-nellautentico-rock-anni-70\\\/\",\"name\":\"Ferragosto a Melere, tra sport, cucina e un tuffo nell'autentico rock anni '70 - Bellunopress - Dolomiti\",\"isPartOf\":{\"@id\":\"https:\\\/\\\/www.bellunopress.it\\\/#website\"},\"primaryImageOfPage\":{\"@id\":\"https:\\\/\\\/www.bellunopress.it\\\/2009\\\/08\\\/16\\\/ferragosto-a-melere-tra-sport-cucina-e-un-tuffo-nellautentico-rock-anni-70\\\/#primaryimage\"},\"image\":{\"@id\":\"https:\\\/\\\/www.bellunopress.it\\\/2009\\\/08\\\/16\\\/ferragosto-a-melere-tra-sport-cucina-e-un-tuffo-nellautentico-rock-anni-70\\\/#primaryimage\"},\"thumbnailUrl\":\"http:\\\/\\\/www.bellunopress.it\\\/wp-content\\\/uploads\\\/2009\\\/08\\\/melere-palco.jpg\",\"datePublished\":\"2009-08-16T05:24:06+00:00\",\"breadcrumb\":{\"@id\":\"https:\\\/\\\/www.bellunopress.it\\\/2009\\\/08\\\/16\\\/ferragosto-a-melere-tra-sport-cucina-e-un-tuffo-nellautentico-rock-anni-70\\\/#breadcrumb\"},\"inLanguage\":\"fr-FR\",\"potentialAction\":[{\"@type\":\"ReadAction\",\"target\":[\"https:\\\/\\\/www.bellunopress.it\\\/2009\\\/08\\\/16\\\/ferragosto-a-melere-tra-sport-cucina-e-un-tuffo-nellautentico-rock-anni-70\\\/\"]}]},{\"@type\":\"ImageObject\",\"inLanguage\":\"fr-FR\",\"@id\":\"https:\\\/\\\/www.bellunopress.it\\\/2009\\\/08\\\/16\\\/ferragosto-a-melere-tra-sport-cucina-e-un-tuffo-nellautentico-rock-anni-70\\\/#primaryimage\",\"url\":\"http:\\\/\\\/www.bellunopress.it\\\/wp-content\\\/uploads\\\/2009\\\/08\\\/melere-palco.jpg\",\"contentUrl\":\"http:\\\/\\\/www.bellunopress.it\\\/wp-content\\\/uploads\\\/2009\\\/08\\\/melere-palco.jpg\"},{\"@type\":\"BreadcrumbList\",\"@id\":\"https:\\\/\\\/www.bellunopress.it\\\/2009\\\/08\\\/16\\\/ferragosto-a-melere-tra-sport-cucina-e-un-tuffo-nellautentico-rock-anni-70\\\/#breadcrumb\",\"itemListElement\":[{\"@type\":\"ListItem\",\"position\":1,\"name\":\"Home\",\"item\":\"https:\\\/\\\/www.bellunopress.it\\\/\"},{\"@type\":\"ListItem\",\"position\":2,\"name\":\"Ferragosto a Melere, tra sport, cucina e un tuffo nell&#8217;autentico rock anni &#8217;70\"}]},{\"@type\":\"WebSite\",\"@id\":\"https:\\\/\\\/www.bellunopress.it\\\/#website\",\"url\":\"https:\\\/\\\/www.bellunopress.it\\\/\",\"name\":\"Bellunopress - Dolomiti\",\"description\":\"e-mail: redazione@bellunopress.it\",\"publisher\":{\"@id\":\"https:\\\/\\\/www.bellunopress.it\\\/#organization\"},\"potentialAction\":[{\"@type\":\"SearchAction\",\"target\":{\"@type\":\"EntryPoint\",\"urlTemplate\":\"https:\\\/\\\/www.bellunopress.it\\\/?s={search_term_string}\"},\"query-input\":{\"@type\":\"PropertyValueSpecification\",\"valueRequired\":true,\"valueName\":\"search_term_string\"}}],\"inLanguage\":\"fr-FR\"},{\"@type\":\"Organization\",\"@id\":\"https:\\\/\\\/www.bellunopress.it\\\/#organization\",\"name\":\"Bellunopress\",\"url\":\"https:\\\/\\\/www.bellunopress.it\\\/\",\"logo\":{\"@type\":\"ImageObject\",\"inLanguage\":\"fr-FR\",\"@id\":\"https:\\\/\\\/www.bellunopress.it\\\/#\\\/schema\\\/logo\\\/image\\\/\",\"url\":\"https:\\\/\\\/www.bellunopress.it\\\/wp-content\\\/uploads\\\/2011\\\/05\\\/cropped-logo-bellunopress-.jpg\",\"contentUrl\":\"https:\\\/\\\/www.bellunopress.it\\\/wp-content\\\/uploads\\\/2011\\\/05\\\/cropped-logo-bellunopress-.jpg\",\"width\":512,\"height\":512,\"caption\":\"Bellunopress\"},\"image\":{\"@id\":\"https:\\\/\\\/www.bellunopress.it\\\/#\\\/schema\\\/logo\\\/image\\\/\"},\"sameAs\":[\"https:\\\/\\\/www.facebook.com\\\/profile.php?id=100008943462799\",\"https:\\\/\\\/x.com\\\/bellunopress\",\"https:\\\/\\\/www.linkedin.com\\\/hp\\\/?dnr=JBzUWaJfMUw8vbXJJ2tVW5-I3jZKvC4wsoxE&amp;amp;amp;amp;amp;amp;trk=nav_responsive_tab_home\",\"https:\\\/\\\/www.youtube.com\\\/channel\\\/UCxL0wu1uN0_3_7hGG0306cw\"]},{\"@type\":\"Person\",\"@id\":\"https:\\\/\\\/www.bellunopress.it\\\/#\\\/schema\\\/person\\\/79bb06722b37ece1c03d3e94beb30d73\",\"name\":\"redazione\",\"image\":{\"@type\":\"ImageObject\",\"inLanguage\":\"fr-FR\",\"@id\":\"https:\\\/\\\/secure.gravatar.com\\\/avatar\\\/37d968a2e67a6fd04c169c4bdef102d0bc5d31b2546345219e348575eb80e9a0?s=96&d=mm&r=g\",\"url\":\"https:\\\/\\\/secure.gravatar.com\\\/avatar\\\/37d968a2e67a6fd04c169c4bdef102d0bc5d31b2546345219e348575eb80e9a0?s=96&d=mm&r=g\",\"contentUrl\":\"https:\\\/\\\/secure.gravatar.com\\\/avatar\\\/37d968a2e67a6fd04c169c4bdef102d0bc5d31b2546345219e348575eb80e9a0?s=96&d=mm&r=g\",\"caption\":\"redazione\"},\"sameAs\":[\"http:\\\/\\\/www.bellunopress.it\",\"https:\\\/\\\/x.com\\\/bellunopress\"],\"url\":\"https:\\\/\\\/www.bellunopress.it\\\/fr\\\/author\\\/redazione\\\/\"}]}<\/script>\n<!-- \/ Yoast SEO plugin. -->","yoast_head_json":{"title":"Ferragosto a Melere, tra sport, cucina e un tuffo nell'autentico rock anni '70  - Bellunopress - Dolomiti","robots":{"index":"index","follow":"follow","max-snippet":"max-snippet:-1","max-image-preview":"max-image-preview:large","max-video-preview":"max-video-preview:-1"},"canonical":"https:\/\/www.bellunopress.it\/fr\/2009\/08\/16\/ferragosto-a-melere-tra-sport-cucina-e-un-tuffo-nellautentico-rock-anni-70\/","og_locale":"fr_FR","og_type":"article","og_title":"Ferragosto a Melere, tra sport, cucina e un tuffo nell'autentico rock anni '70  - Bellunopress - Dolomiti","og_description":"Si \u00e8 conclusa ieri, Ferragosto, con un grande successo di pubblico, la oramai storica Festa di Melere (Trichiana). Al mattino c&#8217;era la\u00a0 &#8220;Ciclopedonata delle Ombre&#8221;, una gara ciclo-crossistica-goliardo-folcloristica, con arrivo in Melere per il pranzo. Con la fila alle casse per la ricca offerta culinaria. C&#8217;era la specialit\u00e0 dei gnocchi prodotti con la patata di [&hellip;]","og_url":"https:\/\/www.bellunopress.it\/fr\/2009\/08\/16\/ferragosto-a-melere-tra-sport-cucina-e-un-tuffo-nellautentico-rock-anni-70\/","og_site_name":"Bellunopress - Dolomiti","article_publisher":"https:\/\/www.facebook.com\/profile.php?id=100008943462799","article_published_time":"2009-08-16T05:24:06+00:00","og_image":[{"url":"http:\/\/www.bellunopress.it\/wp-content\/uploads\/2009\/08\/melere-palco.jpg","type":"","width":"","height":""}],"author":"redazione","twitter_card":"summary_large_image","twitter_creator":"@bellunopress","twitter_site":"@bellunopress","twitter_misc":{"\u00c9crit par":"redazione","Dur\u00e9e de lecture estim\u00e9e":"1 minute"},"schema":{"@context":"https:\/\/schema.org","@graph":[{"@type":"Article","@id":"https:\/\/www.bellunopress.it\/2009\/08\/16\/ferragosto-a-melere-tra-sport-cucina-e-un-tuffo-nellautentico-rock-anni-70\/#article","isPartOf":{"@id":"https:\/\/www.bellunopress.it\/2009\/08\/16\/ferragosto-a-melere-tra-sport-cucina-e-un-tuffo-nellautentico-rock-anni-70\/"},"author":{"name":"redazione","@id":"https:\/\/www.bellunopress.it\/#\/schema\/person\/79bb06722b37ece1c03d3e94beb30d73"},"headline":"Ferragosto a Melere, tra sport, cucina e un tuffo nell&#8217;autentico rock anni &#8217;70","datePublished":"2009-08-16T05:24:06+00:00","mainEntityOfPage":{"@id":"https:\/\/www.bellunopress.it\/2009\/08\/16\/ferragosto-a-melere-tra-sport-cucina-e-un-tuffo-nellautentico-rock-anni-70\/"},"wordCount":145,"publisher":{"@id":"https:\/\/www.bellunopress.it\/#organization"},"image":{"@id":"https:\/\/www.bellunopress.it\/2009\/08\/16\/ferragosto-a-melere-tra-sport-cucina-e-un-tuffo-nellautentico-rock-anni-70\/#primaryimage"},"thumbnailUrl":"http:\/\/www.bellunopress.it\/wp-content\/uploads\/2009\/08\/melere-palco.jpg","keywords":["Belluno"],"articleSection":["Arte, Cultura, Spettacoli, Scienza"],"inLanguage":"fr-FR"},{"@type":"WebPage","@id":"https:\/\/www.bellunopress.it\/2009\/08\/16\/ferragosto-a-melere-tra-sport-cucina-e-un-tuffo-nellautentico-rock-anni-70\/","url":"https:\/\/www.bellunopress.it\/2009\/08\/16\/ferragosto-a-melere-tra-sport-cucina-e-un-tuffo-nellautentico-rock-anni-70\/","name":"Ferragosto a Melere, tra sport, cucina e un tuffo nell'autentico rock anni '70 - Bellunopress - Dolomiti","isPartOf":{"@id":"https:\/\/www.bellunopress.it\/#website"},"primaryImageOfPage":{"@id":"https:\/\/www.bellunopress.it\/2009\/08\/16\/ferragosto-a-melere-tra-sport-cucina-e-un-tuffo-nellautentico-rock-anni-70\/#primaryimage"},"image":{"@id":"https:\/\/www.bellunopress.it\/2009\/08\/16\/ferragosto-a-melere-tra-sport-cucina-e-un-tuffo-nellautentico-rock-anni-70\/#primaryimage"},"thumbnailUrl":"http:\/\/www.bellunopress.it\/wp-content\/uploads\/2009\/08\/melere-palco.jpg","datePublished":"2009-08-16T05:24:06+00:00","breadcrumb":{"@id":"https:\/\/www.bellunopress.it\/2009\/08\/16\/ferragosto-a-melere-tra-sport-cucina-e-un-tuffo-nellautentico-rock-anni-70\/#breadcrumb"},"inLanguage":"fr-FR","potentialAction":[{"@type":"ReadAction","target":["https:\/\/www.bellunopress.it\/2009\/08\/16\/ferragosto-a-melere-tra-sport-cucina-e-un-tuffo-nellautentico-rock-anni-70\/"]}]},{"@type":"ImageObject","inLanguage":"fr-FR","@id":"https:\/\/www.bellunopress.it\/2009\/08\/16\/ferragosto-a-melere-tra-sport-cucina-e-un-tuffo-nellautentico-rock-anni-70\/#primaryimage","url":"http:\/\/www.bellunopress.it\/wp-content\/uploads\/2009\/08\/melere-palco.jpg","contentUrl":"http:\/\/www.bellunopress.it\/wp-content\/uploads\/2009\/08\/melere-palco.jpg"},{"@type":"BreadcrumbList","@id":"https:\/\/www.bellunopress.it\/2009\/08\/16\/ferragosto-a-melere-tra-sport-cucina-e-un-tuffo-nellautentico-rock-anni-70\/#breadcrumb","itemListElement":[{"@type":"ListItem","position":1,"name":"Home","item":"https:\/\/www.bellunopress.it\/"},{"@type":"ListItem","position":2,"name":"Ferragosto a Melere, tra sport, cucina e un tuffo nell&#8217;autentico rock anni &#8217;70"}]},{"@type":"WebSite","@id":"https:\/\/www.bellunopress.it\/#website","url":"https:\/\/www.bellunopress.it\/","name":"Bellunopress - Dolomiti","description":"e-mail: redazione@bellunopress.it","publisher":{"@id":"https:\/\/www.bellunopress.it\/#organization"},"potentialAction":[{"@type":"SearchAction","target":{"@type":"EntryPoint","urlTemplate":"https:\/\/www.bellunopress.it\/?s={search_term_string}"},"query-input":{"@type":"PropertyValueSpecification","valueRequired":true,"valueName":"search_term_string"}}],"inLanguage":"fr-FR"},{"@type":"Organization","@id":"https:\/\/www.bellunopress.it\/#organization","name":"Bellunopress","url":"https:\/\/www.bellunopress.it\/","logo":{"@type":"ImageObject","inLanguage":"fr-FR","@id":"https:\/\/www.bellunopress.it\/#\/schema\/logo\/image\/","url":"https:\/\/www.bellunopress.it\/wp-content\/uploads\/2011\/05\/cropped-logo-bellunopress-.jpg","contentUrl":"https:\/\/www.bellunopress.it\/wp-content\/uploads\/2011\/05\/cropped-logo-bellunopress-.jpg","width":512,"height":512,"caption":"Bellunopress"},"image":{"@id":"https:\/\/www.bellunopress.it\/#\/schema\/logo\/image\/"},"sameAs":["https:\/\/www.facebook.com\/profile.php?id=100008943462799","https:\/\/x.com\/bellunopress","https:\/\/www.linkedin.com\/hp\/?dnr=JBzUWaJfMUw8vbXJJ2tVW5-I3jZKvC4wsoxE&amp;amp;amp;amp;amp;amp;trk=nav_responsive_tab_home","https:\/\/www.youtube.com\/channel\/UCxL0wu1uN0_3_7hGG0306cw"]},{"@type":"Person","@id":"https:\/\/www.bellunopress.it\/#\/schema\/person\/79bb06722b37ece1c03d3e94beb30d73","name":"r\u00e9daction","image":{"@type":"ImageObject","inLanguage":"fr-FR","@id":"https:\/\/secure.gravatar.com\/avatar\/37d968a2e67a6fd04c169c4bdef102d0bc5d31b2546345219e348575eb80e9a0?s=96&d=mm&r=g","url":"https:\/\/secure.gravatar.com\/avatar\/37d968a2e67a6fd04c169c4bdef102d0bc5d31b2546345219e348575eb80e9a0?s=96&d=mm&r=g","contentUrl":"https:\/\/secure.gravatar.com\/avatar\/37d968a2e67a6fd04c169c4bdef102d0bc5d31b2546345219e348575eb80e9a0?s=96&d=mm&r=g","caption":"redazione"},"sameAs":["http:\/\/www.bellunopress.it","https:\/\/x.com\/bellunopress"],"url":"https:\/\/www.bellunopress.it\/fr\/author\/redazione\/"}]}},"_links":{"self":[{"href":"https:\/\/www.bellunopress.it\/fr\/wp-json\/wp\/v2\/posts\/7037","targetHints":{"allow":["GET"]}}],"collection":[{"href":"https:\/\/www.bellunopress.it\/fr\/wp-json\/wp\/v2\/posts"}],"about":[{"href":"https:\/\/www.bellunopress.it\/fr\/wp-json\/wp\/v2\/types\/post"}],"author":[{"embeddable":true,"href":"https:\/\/www.bellunopress.it\/fr\/wp-json\/wp\/v2\/users\/2"}],"replies":[{"embeddable":true,"href":"https:\/\/www.bellunopress.it\/fr\/wp-json\/wp\/v2\/comments?post=7037"}],"version-history":[{"count":1,"href":"https:\/\/www.bellunopress.it\/fr\/wp-json\/wp\/v2\/posts\/7037\/revisions"}],"predecessor-version":[{"id":7039,"href":"https:\/\/www.bellunopress.it\/fr\/wp-json\/wp\/v2\/posts\/7037\/revisions\/7039"}],"wp:attachment":[{"href":"https:\/\/www.bellunopress.it\/fr\/wp-json\/wp\/v2\/media?parent=7037"}],"wp:term":[{"taxonomy":"category","embeddable":true,"href":"https:\/\/www.bellunopress.it\/fr\/wp-json\/wp\/v2\/categories?post=7037"},{"taxonomy":"post_tag","embeddable":true,"href":"https:\/\/www.bellunopress.it\/fr\/wp-json\/wp\/v2\/tags?post=7037"}],"curies":[{"name":"wp","href":"https:\/\/api.w.org\/{rel}","templated":true}]}}