{"id":70289,"date":"2015-07-23T18:07:08","date_gmt":"2015-07-23T16:07:08","guid":{"rendered":"http:\/\/www.bellunopress.it\/?p=70289"},"modified":"2015-07-23T18:07:08","modified_gmt":"2015-07-23T16:07:08","slug":"consumi-idrici-bim-gsp-invita-a-limitare-i-consumi","status":"publish","type":"post","link":"https:\/\/www.bellunopress.it\/fr\/2015\/07\/23\/consumi-idrici-bim-gsp-invita-a-limitare-i-consumi\/","title":{"rendered":"Consumi idrici: Bim Gsp invita a limitare i consumi"},"content":{"rendered":"<p><a href=\"http:\/\/www.bellunopress.it\/wp-content\/uploads\/2015\/07\/annaffiare-giardino-acqua.jpg\"><img loading=\"lazy\" decoding=\"async\" class=\"alignleft size-full wp-image-70290\" src=\"http:\/\/www.bellunopress.it\/wp-content\/uploads\/2015\/07\/annaffiare-giardino-acqua.jpg\" alt=\"annaffiare giardino acqua\" width=\"180\" height=\"172\" \/><\/a>Belluno, 23 luglio 2015 \u2013 \u00a0Bim Gsp, gestore del servizio idrico, invita l\u2019utenza bellunese a limitare i prelievi da acquedotto ai soli scopi igienico-alimentari. \u2018\u2018Il naturale aumento di consumi dovuti al caldo estivo e una maggior presenza turistica in provincia \u2013 spiega la societ\u00e0 \u2013 fanno s\u00ec che le sorgenti di montagna in questo periodo possano avere dei cali di portata. Ad oggi registriamo situazioni di criticit\u00e0 a Belluno (Tisoi, Giazzoi, Cavarzano), Ponte nelle Alpi, Limana, Trichiana, Mel, Lentiai, San Gregorio, Santa Giustina, Cesiomaggiore, in tutto l\u2019Alpago, Feltre, Pedavena, Lamon e a Santo Stefano di Cadore. Per questo abbiamo richiesto in via preventiva alle amministrazioni interessate la chiusura, ove possibile, delle fontane pubbliche e l\u2019emissione di ordinanze che vietino gli usi secondari\u2019. L\u2019invito ad un maggior risparmio idrico \u00e8 in ogni caso esteso a tutti.<\/p>","protected":false},"excerpt":{"rendered":"<p>Belluno, 23 luglio 2015 \u2013 \u00a0Bim Gsp, gestore del servizio idrico, invita l\u2019utenza bellunese a limitare i prelievi da acquedotto ai soli scopi igienico-alimentari. \u2018\u2018Il naturale aumento di consumi dovuti al caldo estivo e una maggior presenza turistica in provincia \u2013 spiega la societ\u00e0 \u2013 fanno s\u00ec che le sorgenti di montagna in questo periodo [&hellip;]<\/p>\n","protected":false},"author":2,"featured_media":0,"comment_status":"closed","ping_status":"open","sticky":false,"template":"","format":"standard","meta":{"footnotes":""},"categories":[38,26,8],"tags":[],"class_list":["post-70289","post","type-post","status-publish","format-standard","category-natura-ambiente","category-prima-pagina","category-societa-istituzioni"],"yoast_head":"<!-- This site is optimized with the Yoast SEO plugin v28.4 - https:\/\/yoast.com\/product\/yoast-seo-wordpress\/ -->\n<title>Consumi idrici: Bim Gsp invita a limitare i consumi - Bellunopress - Dolomiti<\/title>\n<meta name=\"robots\" content=\"index, follow, max-snippet:-1, max-image-preview:large, max-video-preview:-1\" \/>\n<link rel=\"canonical\" href=\"https:\/\/www.bellunopress.it\/fr\/2015\/07\/23\/consumi-idrici-bim-gsp-invita-a-limitare-i-consumi\/\" \/>\n<meta property=\"og:locale\" content=\"fr_FR\" \/>\n<meta property=\"og:type\" content=\"article\" \/>\n<meta property=\"og:title\" content=\"Consumi idrici: Bim Gsp invita a limitare i consumi - Bellunopress - Dolomiti\" \/>\n<meta property=\"og:description\" content=\"Belluno, 23 luglio 2015 \u2013 \u00a0Bim Gsp, gestore del servizio idrico, invita l\u2019utenza bellunese a limitare i prelievi da acquedotto ai soli scopi igienico-alimentari. \u2018\u2018Il naturale aumento di consumi dovuti al caldo estivo e una maggior presenza turistica in provincia \u2013 spiega la societ\u00e0 \u2013 fanno s\u00ec che le sorgenti di montagna in questo periodo [&hellip;]\" \/>\n<meta property=\"og:url\" content=\"https:\/\/www.bellunopress.it\/fr\/2015\/07\/23\/consumi-idrici-bim-gsp-invita-a-limitare-i-consumi\/\" \/>\n<meta property=\"og:site_name\" content=\"Bellunopress - Dolomiti\" \/>\n<meta property=\"article:publisher\" content=\"https:\/\/www.facebook.com\/profile.php?id=100008943462799\" \/>\n<meta property=\"article:published_time\" content=\"2015-07-23T16:07:08+00:00\" \/>\n<meta property=\"og:image\" content=\"http:\/\/www.bellunopress.it\/wp-content\/uploads\/2015\/07\/annaffiare-giardino-acqua.jpg\" \/>\n<meta name=\"author\" content=\"redazione\" \/>\n<meta name=\"twitter:card\" content=\"summary_large_image\" \/>\n<meta name=\"twitter:creator\" content=\"@bellunopress\" \/>\n<meta name=\"twitter:site\" content=\"@bellunopress\" \/>\n<meta name=\"twitter:label1\" content=\"\u00c9crit par\" \/>\n\t<meta name=\"twitter:data1\" content=\"redazione\" \/>\n\t<meta name=\"twitter:label2\" content=\"Dur\u00e9e de lecture estim\u00e9e\" \/>\n\t<meta name=\"twitter:data2\" content=\"1 minute\" \/>\n<script type=\"application\/ld+json\" class=\"yoast-schema-graph\">{\"@context\":\"https:\\\/\\\/schema.org\",\"@graph\":[{\"@type\":\"Article\",\"@id\":\"https:\\\/\\\/www.bellunopress.it\\\/2015\\\/07\\\/23\\\/consumi-idrici-bim-gsp-invita-a-limitare-i-consumi\\\/#article\",\"isPartOf\":{\"@id\":\"https:\\\/\\\/www.bellunopress.it\\\/2015\\\/07\\\/23\\\/consumi-idrici-bim-gsp-invita-a-limitare-i-consumi\\\/\"},\"author\":{\"name\":\"redazione\",\"@id\":\"https:\\\/\\\/www.bellunopress.it\\\/#\\\/schema\\\/person\\\/79bb06722b37ece1c03d3e94beb30d73\"},\"headline\":\"Consumi idrici: Bim Gsp invita a limitare i consumi\",\"datePublished\":\"2015-07-23T16:07:08+00:00\",\"mainEntityOfPage\":{\"@id\":\"https:\\\/\\\/www.bellunopress.it\\\/2015\\\/07\\\/23\\\/consumi-idrici-bim-gsp-invita-a-limitare-i-consumi\\\/\"},\"wordCount\":142,\"publisher\":{\"@id\":\"https:\\\/\\\/www.bellunopress.it\\\/#organization\"},\"image\":{\"@id\":\"https:\\\/\\\/www.bellunopress.it\\\/2015\\\/07\\\/23\\\/consumi-idrici-bim-gsp-invita-a-limitare-i-consumi\\\/#primaryimage\"},\"thumbnailUrl\":\"http:\\\/\\\/www.bellunopress.it\\\/wp-content\\\/uploads\\\/2015\\\/07\\\/annaffiare-giardino-acqua.jpg\",\"articleSection\":[\"Meteo, natura, ambiente, animali\",\"Prima Pagina\",\"Societ\u00e0, Associazioni, Istituzioni\"],\"inLanguage\":\"fr-FR\"},{\"@type\":\"WebPage\",\"@id\":\"https:\\\/\\\/www.bellunopress.it\\\/2015\\\/07\\\/23\\\/consumi-idrici-bim-gsp-invita-a-limitare-i-consumi\\\/\",\"url\":\"https:\\\/\\\/www.bellunopress.it\\\/2015\\\/07\\\/23\\\/consumi-idrici-bim-gsp-invita-a-limitare-i-consumi\\\/\",\"name\":\"Consumi idrici: Bim Gsp invita a limitare i consumi - Bellunopress - Dolomiti\",\"isPartOf\":{\"@id\":\"https:\\\/\\\/www.bellunopress.it\\\/#website\"},\"primaryImageOfPage\":{\"@id\":\"https:\\\/\\\/www.bellunopress.it\\\/2015\\\/07\\\/23\\\/consumi-idrici-bim-gsp-invita-a-limitare-i-consumi\\\/#primaryimage\"},\"image\":{\"@id\":\"https:\\\/\\\/www.bellunopress.it\\\/2015\\\/07\\\/23\\\/consumi-idrici-bim-gsp-invita-a-limitare-i-consumi\\\/#primaryimage\"},\"thumbnailUrl\":\"http:\\\/\\\/www.bellunopress.it\\\/wp-content\\\/uploads\\\/2015\\\/07\\\/annaffiare-giardino-acqua.jpg\",\"datePublished\":\"2015-07-23T16:07:08+00:00\",\"breadcrumb\":{\"@id\":\"https:\\\/\\\/www.bellunopress.it\\\/2015\\\/07\\\/23\\\/consumi-idrici-bim-gsp-invita-a-limitare-i-consumi\\\/#breadcrumb\"},\"inLanguage\":\"fr-FR\",\"potentialAction\":[{\"@type\":\"ReadAction\",\"target\":[\"https:\\\/\\\/www.bellunopress.it\\\/2015\\\/07\\\/23\\\/consumi-idrici-bim-gsp-invita-a-limitare-i-consumi\\\/\"]}]},{\"@type\":\"ImageObject\",\"inLanguage\":\"fr-FR\",\"@id\":\"https:\\\/\\\/www.bellunopress.it\\\/2015\\\/07\\\/23\\\/consumi-idrici-bim-gsp-invita-a-limitare-i-consumi\\\/#primaryimage\",\"url\":\"http:\\\/\\\/www.bellunopress.it\\\/wp-content\\\/uploads\\\/2015\\\/07\\\/annaffiare-giardino-acqua.jpg\",\"contentUrl\":\"http:\\\/\\\/www.bellunopress.it\\\/wp-content\\\/uploads\\\/2015\\\/07\\\/annaffiare-giardino-acqua.jpg\"},{\"@type\":\"BreadcrumbList\",\"@id\":\"https:\\\/\\\/www.bellunopress.it\\\/2015\\\/07\\\/23\\\/consumi-idrici-bim-gsp-invita-a-limitare-i-consumi\\\/#breadcrumb\",\"itemListElement\":[{\"@type\":\"ListItem\",\"position\":1,\"name\":\"Home\",\"item\":\"https:\\\/\\\/www.bellunopress.it\\\/\"},{\"@type\":\"ListItem\",\"position\":2,\"name\":\"Consumi idrici: Bim Gsp invita a limitare i consumi\"}]},{\"@type\":\"WebSite\",\"@id\":\"https:\\\/\\\/www.bellunopress.it\\\/#website\",\"url\":\"https:\\\/\\\/www.bellunopress.it\\\/\",\"name\":\"Bellunopress - Dolomiti\",\"description\":\"e-mail: redazione@bellunopress.it\",\"publisher\":{\"@id\":\"https:\\\/\\\/www.bellunopress.it\\\/#organization\"},\"potentialAction\":[{\"@type\":\"SearchAction\",\"target\":{\"@type\":\"EntryPoint\",\"urlTemplate\":\"https:\\\/\\\/www.bellunopress.it\\\/?s={search_term_string}\"},\"query-input\":{\"@type\":\"PropertyValueSpecification\",\"valueRequired\":true,\"valueName\":\"search_term_string\"}}],\"inLanguage\":\"fr-FR\"},{\"@type\":\"Organization\",\"@id\":\"https:\\\/\\\/www.bellunopress.it\\\/#organization\",\"name\":\"Bellunopress\",\"url\":\"https:\\\/\\\/www.bellunopress.it\\\/\",\"logo\":{\"@type\":\"ImageObject\",\"inLanguage\":\"fr-FR\",\"@id\":\"https:\\\/\\\/www.bellunopress.it\\\/#\\\/schema\\\/logo\\\/image\\\/\",\"url\":\"https:\\\/\\\/www.bellunopress.it\\\/wp-content\\\/uploads\\\/2011\\\/05\\\/cropped-logo-bellunopress-.jpg\",\"contentUrl\":\"https:\\\/\\\/www.bellunopress.it\\\/wp-content\\\/uploads\\\/2011\\\/05\\\/cropped-logo-bellunopress-.jpg\",\"width\":512,\"height\":512,\"caption\":\"Bellunopress\"},\"image\":{\"@id\":\"https:\\\/\\\/www.bellunopress.it\\\/#\\\/schema\\\/logo\\\/image\\\/\"},\"sameAs\":[\"https:\\\/\\\/www.facebook.com\\\/profile.php?id=100008943462799\",\"https:\\\/\\\/x.com\\\/bellunopress\",\"https:\\\/\\\/www.linkedin.com\\\/hp\\\/?dnr=JBzUWaJfMUw8vbXJJ2tVW5-I3jZKvC4wsoxE&amp;amp;amp;amp;amp;amp;trk=nav_responsive_tab_home\",\"https:\\\/\\\/www.youtube.com\\\/channel\\\/UCxL0wu1uN0_3_7hGG0306cw\"]},{\"@type\":\"Person\",\"@id\":\"https:\\\/\\\/www.bellunopress.it\\\/#\\\/schema\\\/person\\\/79bb06722b37ece1c03d3e94beb30d73\",\"name\":\"redazione\",\"image\":{\"@type\":\"ImageObject\",\"inLanguage\":\"fr-FR\",\"@id\":\"https:\\\/\\\/secure.gravatar.com\\\/avatar\\\/37d968a2e67a6fd04c169c4bdef102d0bc5d31b2546345219e348575eb80e9a0?s=96&d=mm&r=g\",\"url\":\"https:\\\/\\\/secure.gravatar.com\\\/avatar\\\/37d968a2e67a6fd04c169c4bdef102d0bc5d31b2546345219e348575eb80e9a0?s=96&d=mm&r=g\",\"contentUrl\":\"https:\\\/\\\/secure.gravatar.com\\\/avatar\\\/37d968a2e67a6fd04c169c4bdef102d0bc5d31b2546345219e348575eb80e9a0?s=96&d=mm&r=g\",\"caption\":\"redazione\"},\"sameAs\":[\"http:\\\/\\\/www.bellunopress.it\",\"https:\\\/\\\/x.com\\\/bellunopress\"],\"url\":\"https:\\\/\\\/www.bellunopress.it\\\/fr\\\/author\\\/redazione\\\/\"}]}<\/script>\n<!-- \/ Yoast SEO plugin. -->","yoast_head_json":{"title":"Consumi idrici: Bim Gsp invita a limitare i consumi - Bellunopress - Dolomiti","robots":{"index":"index","follow":"follow","max-snippet":"max-snippet:-1","max-image-preview":"max-image-preview:large","max-video-preview":"max-video-preview:-1"},"canonical":"https:\/\/www.bellunopress.it\/fr\/2015\/07\/23\/consumi-idrici-bim-gsp-invita-a-limitare-i-consumi\/","og_locale":"fr_FR","og_type":"article","og_title":"Consumi idrici: Bim Gsp invita a limitare i consumi - Bellunopress - Dolomiti","og_description":"Belluno, 23 luglio 2015 \u2013 \u00a0Bim Gsp, gestore del servizio idrico, invita l\u2019utenza bellunese a limitare i prelievi da acquedotto ai soli scopi igienico-alimentari. \u2018\u2018Il naturale aumento di consumi dovuti al caldo estivo e una maggior presenza turistica in provincia \u2013 spiega la societ\u00e0 \u2013 fanno s\u00ec che le sorgenti di montagna in questo periodo [&hellip;]","og_url":"https:\/\/www.bellunopress.it\/fr\/2015\/07\/23\/consumi-idrici-bim-gsp-invita-a-limitare-i-consumi\/","og_site_name":"Bellunopress - Dolomiti","article_publisher":"https:\/\/www.facebook.com\/profile.php?id=100008943462799","article_published_time":"2015-07-23T16:07:08+00:00","og_image":[{"url":"http:\/\/www.bellunopress.it\/wp-content\/uploads\/2015\/07\/annaffiare-giardino-acqua.jpg","type":"","width":"","height":""}],"author":"redazione","twitter_card":"summary_large_image","twitter_creator":"@bellunopress","twitter_site":"@bellunopress","twitter_misc":{"\u00c9crit par":"redazione","Dur\u00e9e de lecture estim\u00e9e":"1 minute"},"schema":{"@context":"https:\/\/schema.org","@graph":[{"@type":"Article","@id":"https:\/\/www.bellunopress.it\/2015\/07\/23\/consumi-idrici-bim-gsp-invita-a-limitare-i-consumi\/#article","isPartOf":{"@id":"https:\/\/www.bellunopress.it\/2015\/07\/23\/consumi-idrici-bim-gsp-invita-a-limitare-i-consumi\/"},"author":{"name":"redazione","@id":"https:\/\/www.bellunopress.it\/#\/schema\/person\/79bb06722b37ece1c03d3e94beb30d73"},"headline":"Consumi idrici: Bim Gsp invita a limitare i consumi","datePublished":"2015-07-23T16:07:08+00:00","mainEntityOfPage":{"@id":"https:\/\/www.bellunopress.it\/2015\/07\/23\/consumi-idrici-bim-gsp-invita-a-limitare-i-consumi\/"},"wordCount":142,"publisher":{"@id":"https:\/\/www.bellunopress.it\/#organization"},"image":{"@id":"https:\/\/www.bellunopress.it\/2015\/07\/23\/consumi-idrici-bim-gsp-invita-a-limitare-i-consumi\/#primaryimage"},"thumbnailUrl":"http:\/\/www.bellunopress.it\/wp-content\/uploads\/2015\/07\/annaffiare-giardino-acqua.jpg","articleSection":["Meteo, natura, ambiente, animali","Prima Pagina","Societ\u00e0, Associazioni, Istituzioni"],"inLanguage":"fr-FR"},{"@type":"WebPage","@id":"https:\/\/www.bellunopress.it\/2015\/07\/23\/consumi-idrici-bim-gsp-invita-a-limitare-i-consumi\/","url":"https:\/\/www.bellunopress.it\/2015\/07\/23\/consumi-idrici-bim-gsp-invita-a-limitare-i-consumi\/","name":"Consumi idrici: Bim Gsp invita a limitare i consumi - Bellunopress - Dolomiti","isPartOf":{"@id":"https:\/\/www.bellunopress.it\/#website"},"primaryImageOfPage":{"@id":"https:\/\/www.bellunopress.it\/2015\/07\/23\/consumi-idrici-bim-gsp-invita-a-limitare-i-consumi\/#primaryimage"},"image":{"@id":"https:\/\/www.bellunopress.it\/2015\/07\/23\/consumi-idrici-bim-gsp-invita-a-limitare-i-consumi\/#primaryimage"},"thumbnailUrl":"http:\/\/www.bellunopress.it\/wp-content\/uploads\/2015\/07\/annaffiare-giardino-acqua.jpg","datePublished":"2015-07-23T16:07:08+00:00","breadcrumb":{"@id":"https:\/\/www.bellunopress.it\/2015\/07\/23\/consumi-idrici-bim-gsp-invita-a-limitare-i-consumi\/#breadcrumb"},"inLanguage":"fr-FR","potentialAction":[{"@type":"ReadAction","target":["https:\/\/www.bellunopress.it\/2015\/07\/23\/consumi-idrici-bim-gsp-invita-a-limitare-i-consumi\/"]}]},{"@type":"ImageObject","inLanguage":"fr-FR","@id":"https:\/\/www.bellunopress.it\/2015\/07\/23\/consumi-idrici-bim-gsp-invita-a-limitare-i-consumi\/#primaryimage","url":"http:\/\/www.bellunopress.it\/wp-content\/uploads\/2015\/07\/annaffiare-giardino-acqua.jpg","contentUrl":"http:\/\/www.bellunopress.it\/wp-content\/uploads\/2015\/07\/annaffiare-giardino-acqua.jpg"},{"@type":"BreadcrumbList","@id":"https:\/\/www.bellunopress.it\/2015\/07\/23\/consumi-idrici-bim-gsp-invita-a-limitare-i-consumi\/#breadcrumb","itemListElement":[{"@type":"ListItem","position":1,"name":"Home","item":"https:\/\/www.bellunopress.it\/"},{"@type":"ListItem","position":2,"name":"Consumi idrici: Bim Gsp invita a limitare i consumi"}]},{"@type":"WebSite","@id":"https:\/\/www.bellunopress.it\/#website","url":"https:\/\/www.bellunopress.it\/","name":"Bellunopress - Dolomiti","description":"e-mail: redazione@bellunopress.it","publisher":{"@id":"https:\/\/www.bellunopress.it\/#organization"},"potentialAction":[{"@type":"SearchAction","target":{"@type":"EntryPoint","urlTemplate":"https:\/\/www.bellunopress.it\/?s={search_term_string}"},"query-input":{"@type":"PropertyValueSpecification","valueRequired":true,"valueName":"search_term_string"}}],"inLanguage":"fr-FR"},{"@type":"Organization","@id":"https:\/\/www.bellunopress.it\/#organization","name":"Bellunopress","url":"https:\/\/www.bellunopress.it\/","logo":{"@type":"ImageObject","inLanguage":"fr-FR","@id":"https:\/\/www.bellunopress.it\/#\/schema\/logo\/image\/","url":"https:\/\/www.bellunopress.it\/wp-content\/uploads\/2011\/05\/cropped-logo-bellunopress-.jpg","contentUrl":"https:\/\/www.bellunopress.it\/wp-content\/uploads\/2011\/05\/cropped-logo-bellunopress-.jpg","width":512,"height":512,"caption":"Bellunopress"},"image":{"@id":"https:\/\/www.bellunopress.it\/#\/schema\/logo\/image\/"},"sameAs":["https:\/\/www.facebook.com\/profile.php?id=100008943462799","https:\/\/x.com\/bellunopress","https:\/\/www.linkedin.com\/hp\/?dnr=JBzUWaJfMUw8vbXJJ2tVW5-I3jZKvC4wsoxE&amp;amp;amp;amp;amp;amp;trk=nav_responsive_tab_home","https:\/\/www.youtube.com\/channel\/UCxL0wu1uN0_3_7hGG0306cw"]},{"@type":"Person","@id":"https:\/\/www.bellunopress.it\/#\/schema\/person\/79bb06722b37ece1c03d3e94beb30d73","name":"r\u00e9daction","image":{"@type":"ImageObject","inLanguage":"fr-FR","@id":"https:\/\/secure.gravatar.com\/avatar\/37d968a2e67a6fd04c169c4bdef102d0bc5d31b2546345219e348575eb80e9a0?s=96&d=mm&r=g","url":"https:\/\/secure.gravatar.com\/avatar\/37d968a2e67a6fd04c169c4bdef102d0bc5d31b2546345219e348575eb80e9a0?s=96&d=mm&r=g","contentUrl":"https:\/\/secure.gravatar.com\/avatar\/37d968a2e67a6fd04c169c4bdef102d0bc5d31b2546345219e348575eb80e9a0?s=96&d=mm&r=g","caption":"redazione"},"sameAs":["http:\/\/www.bellunopress.it","https:\/\/x.com\/bellunopress"],"url":"https:\/\/www.bellunopress.it\/fr\/author\/redazione\/"}]}},"_links":{"self":[{"href":"https:\/\/www.bellunopress.it\/fr\/wp-json\/wp\/v2\/posts\/70289","targetHints":{"allow":["GET"]}}],"collection":[{"href":"https:\/\/www.bellunopress.it\/fr\/wp-json\/wp\/v2\/posts"}],"about":[{"href":"https:\/\/www.bellunopress.it\/fr\/wp-json\/wp\/v2\/types\/post"}],"author":[{"embeddable":true,"href":"https:\/\/www.bellunopress.it\/fr\/wp-json\/wp\/v2\/users\/2"}],"replies":[{"embeddable":true,"href":"https:\/\/www.bellunopress.it\/fr\/wp-json\/wp\/v2\/comments?post=70289"}],"version-history":[{"count":1,"href":"https:\/\/www.bellunopress.it\/fr\/wp-json\/wp\/v2\/posts\/70289\/revisions"}],"predecessor-version":[{"id":70291,"href":"https:\/\/www.bellunopress.it\/fr\/wp-json\/wp\/v2\/posts\/70289\/revisions\/70291"}],"wp:attachment":[{"href":"https:\/\/www.bellunopress.it\/fr\/wp-json\/wp\/v2\/media?parent=70289"}],"wp:term":[{"taxonomy":"category","embeddable":true,"href":"https:\/\/www.bellunopress.it\/fr\/wp-json\/wp\/v2\/categories?post=70289"},{"taxonomy":"post_tag","embeddable":true,"href":"https:\/\/www.bellunopress.it\/fr\/wp-json\/wp\/v2\/tags?post=70289"}],"curies":[{"name":"wp","href":"https:\/\/api.w.org\/{rel}","templated":true}]}}