{"id":70287,"date":"2015-07-23T17:58:47","date_gmt":"2015-07-23T15:58:47","guid":{"rendered":"http:\/\/www.bellunopress.it\/?p=70287"},"modified":"2015-07-23T17:59:24","modified_gmt":"2015-07-23T15:59:24","slug":"elettrodotto-roger-de-menech-il-problema-e-la-pianificazione-dei-corridoi-energetici","status":"publish","type":"post","link":"https:\/\/www.bellunopress.it\/fr\/2015\/07\/23\/elettrodotto-roger-de-menech-il-problema-e-la-pianificazione-dei-corridoi-energetici\/","title":{"rendered":"Elettrodotto. Roger De Menech: &#8220;il problema \u00e8 la pianificazione dei corridoi energetici"},"content":{"rendered":"<figure id=\"attachment_46179\" aria-describedby=\"caption-attachment-46179\" style=\"width: 193px\" class=\"wp-caption alignleft\"><a href=\"http:\/\/www.bellunopress.it\/wp-content\/uploads\/2013\/01\/roger-de-menech-1.jpg\"><img loading=\"lazy\" decoding=\"async\" class=\"size-full wp-image-46179\" src=\"http:\/\/www.bellunopress.it\/wp-content\/uploads\/2013\/01\/roger-de-menech-1.jpg\" alt=\"Roger De Menech, deputato Pd\" width=\"193\" height=\"290\" \/><\/a><figcaption id=\"caption-attachment-46179\" class=\"wp-caption-text\">Roger De Menech, deputato Pd<\/figcaption><\/figure>\n<p>&#8220;Purtroppo, o per fortuna, il problema dell\u2019attraversamento degli elettrodotti non si risolve con un\u2019intervista, soprattutto da parte di chi ha ruolo tecnico e non politico.\u00a0Se i sindaci in tale questione vengono lasciati soli, stiamo certi che fra venti anni saremo ancora qui a discuterne.<\/p>\n<p>Lo dico da ex sindaco &#8211; afferma l&#8217;onorevole Roger De Menech &#8211; e non \u00e8 un atto di accusa nei confronti di nessuno.<\/p>\n<p>Il problema \u00e8 il seguente: i sindaci sono obbligati a tutelare la salute dei propri cittadini. Ecco perch\u00e9, da vice e da sindaco di Ponte feci un progetto per lo spostamento delle linee elettriche di Polpet. Tutte sarebbero state interrate tranne una che, come richiesto da Terna, doveva essere spostata sotto il monte Serva per raggiungere Belluno. E qui cominciano i problemi.<\/p>\n<p>Il punto sono i corridoi infrastrutturali, strumenti di pianificazione, essenziali per poter fare le opere, dalle strade alle ferrovie alle reti energetiche. Devono essere inseriti nei piani regolatori di ogni singolo comune. In realt\u00e0 la pianificazione la fanno solo i Comuni dove si evidenziano i problemi, e la mancanza di collegamento con i comuni vicini impedisce la realizzazione di qualsiasi progetto. Non \u00e8 un caso che a Ponte nelle Alpi il corridoio per il trasporto di energia elettrica lo abbiamo previsto e a Belluno no. Infatti, dal 2009 i cittadini di Ponte nelle Alpi attendono il rispetto dell\u2019accordo sottoscritto con Terna per l\u2019interramento delle linee.<\/p>\n<p>Il mio impegno rimane per portare le migliori soluzioni per il territorio. La pianificazione deve rimanere ai comuni, su questo siamo tutti d\u2019accordo, come siamo tutti favorevoli a eventuali migliorie di progetto. Ma non possiamo lasciare soli i Comuni senza l\u2019ausilio della Regione e di un ente di area vasta, come la Provincia. &#8211; conclude il parlamentare bellunese &#8211; \u00a0Altrimenti non ne verremo fuori mai e rischiamo di alimentare solo il populismo o le velleit\u00e0 di chi vuole utilizzare la stampa per promuovere la propria visibilit\u00e0&#8221;.<\/p>\n<p>&nbsp;<\/p>","protected":false},"excerpt":{"rendered":"<p>&#8220;Purtroppo, o per fortuna, il problema dell\u2019attraversamento degli elettrodotti non si risolve con un\u2019intervista, soprattutto da parte di chi ha ruolo tecnico e non politico.\u00a0Se i sindaci in tale questione vengono lasciati soli, stiamo certi che fra venti anni saremo ancora qui a discuterne. Lo dico da ex sindaco &#8211; afferma l&#8217;onorevole Roger De Menech [&hellip;]<\/p>\n","protected":false},"author":2,"featured_media":0,"comment_status":"closed","ping_status":"open","sticky":false,"template":"","format":"standard","meta":{"footnotes":""},"categories":[1],"tags":[],"class_list":["post-70287","post","type-post","status-publish","format-standard","category-leo"],"yoast_head":"<!-- This site is optimized with the Yoast SEO plugin v28.4 - https:\/\/yoast.com\/product\/yoast-seo-wordpress\/ -->\n<title>Elettrodotto. Roger De Menech: &quot;il problema \u00e8 la pianificazione dei corridoi energetici - Bellunopress - Dolomiti<\/title>\n<meta name=\"robots\" content=\"index, follow, max-snippet:-1, max-image-preview:large, max-video-preview:-1\" \/>\n<link rel=\"canonical\" href=\"https:\/\/www.bellunopress.it\/fr\/2015\/07\/23\/elettrodotto-roger-de-menech-il-problema-e-la-pianificazione-dei-corridoi-energetici\/\" \/>\n<meta property=\"og:locale\" content=\"fr_FR\" \/>\n<meta property=\"og:type\" content=\"article\" \/>\n<meta property=\"og:title\" content=\"Elettrodotto. Roger De Menech: &quot;il problema \u00e8 la pianificazione dei corridoi energetici - Bellunopress - Dolomiti\" \/>\n<meta property=\"og:description\" content=\"&#8220;Purtroppo, o per fortuna, il problema dell\u2019attraversamento degli elettrodotti non si risolve con un\u2019intervista, soprattutto da parte di chi ha ruolo tecnico e non politico.\u00a0Se i sindaci in tale questione vengono lasciati soli, stiamo certi che fra venti anni saremo ancora qui a discuterne. Lo dico da ex sindaco &#8211; afferma l&#8217;onorevole Roger De Menech [&hellip;]\" \/>\n<meta property=\"og:url\" content=\"https:\/\/www.bellunopress.it\/fr\/2015\/07\/23\/elettrodotto-roger-de-menech-il-problema-e-la-pianificazione-dei-corridoi-energetici\/\" \/>\n<meta property=\"og:site_name\" content=\"Bellunopress - Dolomiti\" \/>\n<meta property=\"article:publisher\" content=\"https:\/\/www.facebook.com\/profile.php?id=100008943462799\" \/>\n<meta property=\"article:published_time\" content=\"2015-07-23T15:58:47+00:00\" \/>\n<meta property=\"article:modified_time\" content=\"2015-07-23T15:59:24+00:00\" \/>\n<meta property=\"og:image\" content=\"http:\/\/www.bellunopress.it\/wp-content\/uploads\/2013\/01\/roger-de-menech-1.jpg\" \/>\n<meta name=\"author\" content=\"redazione\" \/>\n<meta name=\"twitter:card\" content=\"summary_large_image\" \/>\n<meta name=\"twitter:creator\" content=\"@bellunopress\" \/>\n<meta name=\"twitter:site\" content=\"@bellunopress\" \/>\n<meta name=\"twitter:label1\" content=\"\u00c9crit par\" \/>\n\t<meta name=\"twitter:data1\" content=\"redazione\" \/>\n\t<meta name=\"twitter:label2\" content=\"Dur\u00e9e de lecture estim\u00e9e\" \/>\n\t<meta name=\"twitter:data2\" content=\"2 minutes\" \/>\n<script type=\"application\/ld+json\" class=\"yoast-schema-graph\">{\"@context\":\"https:\\\/\\\/schema.org\",\"@graph\":[{\"@type\":\"Article\",\"@id\":\"https:\\\/\\\/www.bellunopress.it\\\/2015\\\/07\\\/23\\\/elettrodotto-roger-de-menech-il-problema-e-la-pianificazione-dei-corridoi-energetici\\\/#article\",\"isPartOf\":{\"@id\":\"https:\\\/\\\/www.bellunopress.it\\\/2015\\\/07\\\/23\\\/elettrodotto-roger-de-menech-il-problema-e-la-pianificazione-dei-corridoi-energetici\\\/\"},\"author\":{\"name\":\"redazione\",\"@id\":\"https:\\\/\\\/www.bellunopress.it\\\/#\\\/schema\\\/person\\\/79bb06722b37ece1c03d3e94beb30d73\"},\"headline\":\"Elettrodotto. Roger De Menech: &#8220;il problema \u00e8 la pianificazione dei corridoi energetici\",\"datePublished\":\"2015-07-23T15:58:47+00:00\",\"dateModified\":\"2015-07-23T15:59:24+00:00\",\"mainEntityOfPage\":{\"@id\":\"https:\\\/\\\/www.bellunopress.it\\\/2015\\\/07\\\/23\\\/elettrodotto-roger-de-menech-il-problema-e-la-pianificazione-dei-corridoi-energetici\\\/\"},\"wordCount\":348,\"publisher\":{\"@id\":\"https:\\\/\\\/www.bellunopress.it\\\/#organization\"},\"image\":{\"@id\":\"https:\\\/\\\/www.bellunopress.it\\\/2015\\\/07\\\/23\\\/elettrodotto-roger-de-menech-il-problema-e-la-pianificazione-dei-corridoi-energetici\\\/#primaryimage\"},\"thumbnailUrl\":\"http:\\\/\\\/www.bellunopress.it\\\/wp-content\\\/uploads\\\/2013\\\/01\\\/roger-de-menech-1.jpg\",\"articleSection\":[\"Lettere Opinioni\"],\"inLanguage\":\"fr-FR\"},{\"@type\":\"WebPage\",\"@id\":\"https:\\\/\\\/www.bellunopress.it\\\/2015\\\/07\\\/23\\\/elettrodotto-roger-de-menech-il-problema-e-la-pianificazione-dei-corridoi-energetici\\\/\",\"url\":\"https:\\\/\\\/www.bellunopress.it\\\/2015\\\/07\\\/23\\\/elettrodotto-roger-de-menech-il-problema-e-la-pianificazione-dei-corridoi-energetici\\\/\",\"name\":\"Elettrodotto. Roger De Menech: \\\"il problema \u00e8 la pianificazione dei corridoi energetici - Bellunopress - Dolomiti\",\"isPartOf\":{\"@id\":\"https:\\\/\\\/www.bellunopress.it\\\/#website\"},\"primaryImageOfPage\":{\"@id\":\"https:\\\/\\\/www.bellunopress.it\\\/2015\\\/07\\\/23\\\/elettrodotto-roger-de-menech-il-problema-e-la-pianificazione-dei-corridoi-energetici\\\/#primaryimage\"},\"image\":{\"@id\":\"https:\\\/\\\/www.bellunopress.it\\\/2015\\\/07\\\/23\\\/elettrodotto-roger-de-menech-il-problema-e-la-pianificazione-dei-corridoi-energetici\\\/#primaryimage\"},\"thumbnailUrl\":\"http:\\\/\\\/www.bellunopress.it\\\/wp-content\\\/uploads\\\/2013\\\/01\\\/roger-de-menech-1.jpg\",\"datePublished\":\"2015-07-23T15:58:47+00:00\",\"dateModified\":\"2015-07-23T15:59:24+00:00\",\"breadcrumb\":{\"@id\":\"https:\\\/\\\/www.bellunopress.it\\\/2015\\\/07\\\/23\\\/elettrodotto-roger-de-menech-il-problema-e-la-pianificazione-dei-corridoi-energetici\\\/#breadcrumb\"},\"inLanguage\":\"fr-FR\",\"potentialAction\":[{\"@type\":\"ReadAction\",\"target\":[\"https:\\\/\\\/www.bellunopress.it\\\/2015\\\/07\\\/23\\\/elettrodotto-roger-de-menech-il-problema-e-la-pianificazione-dei-corridoi-energetici\\\/\"]}]},{\"@type\":\"ImageObject\",\"inLanguage\":\"fr-FR\",\"@id\":\"https:\\\/\\\/www.bellunopress.it\\\/2015\\\/07\\\/23\\\/elettrodotto-roger-de-menech-il-problema-e-la-pianificazione-dei-corridoi-energetici\\\/#primaryimage\",\"url\":\"http:\\\/\\\/www.bellunopress.it\\\/wp-content\\\/uploads\\\/2013\\\/01\\\/roger-de-menech-1.jpg\",\"contentUrl\":\"http:\\\/\\\/www.bellunopress.it\\\/wp-content\\\/uploads\\\/2013\\\/01\\\/roger-de-menech-1.jpg\"},{\"@type\":\"BreadcrumbList\",\"@id\":\"https:\\\/\\\/www.bellunopress.it\\\/2015\\\/07\\\/23\\\/elettrodotto-roger-de-menech-il-problema-e-la-pianificazione-dei-corridoi-energetici\\\/#breadcrumb\",\"itemListElement\":[{\"@type\":\"ListItem\",\"position\":1,\"name\":\"Home\",\"item\":\"https:\\\/\\\/www.bellunopress.it\\\/\"},{\"@type\":\"ListItem\",\"position\":2,\"name\":\"Elettrodotto. Roger De Menech: &#8220;il problema \u00e8 la pianificazione dei corridoi energetici\"}]},{\"@type\":\"WebSite\",\"@id\":\"https:\\\/\\\/www.bellunopress.it\\\/#website\",\"url\":\"https:\\\/\\\/www.bellunopress.it\\\/\",\"name\":\"Bellunopress - Dolomiti\",\"description\":\"e-mail: redazione@bellunopress.it\",\"publisher\":{\"@id\":\"https:\\\/\\\/www.bellunopress.it\\\/#organization\"},\"potentialAction\":[{\"@type\":\"SearchAction\",\"target\":{\"@type\":\"EntryPoint\",\"urlTemplate\":\"https:\\\/\\\/www.bellunopress.it\\\/?s={search_term_string}\"},\"query-input\":{\"@type\":\"PropertyValueSpecification\",\"valueRequired\":true,\"valueName\":\"search_term_string\"}}],\"inLanguage\":\"fr-FR\"},{\"@type\":\"Organization\",\"@id\":\"https:\\\/\\\/www.bellunopress.it\\\/#organization\",\"name\":\"Bellunopress\",\"url\":\"https:\\\/\\\/www.bellunopress.it\\\/\",\"logo\":{\"@type\":\"ImageObject\",\"inLanguage\":\"fr-FR\",\"@id\":\"https:\\\/\\\/www.bellunopress.it\\\/#\\\/schema\\\/logo\\\/image\\\/\",\"url\":\"https:\\\/\\\/www.bellunopress.it\\\/wp-content\\\/uploads\\\/2011\\\/05\\\/cropped-logo-bellunopress-.jpg\",\"contentUrl\":\"https:\\\/\\\/www.bellunopress.it\\\/wp-content\\\/uploads\\\/2011\\\/05\\\/cropped-logo-bellunopress-.jpg\",\"width\":512,\"height\":512,\"caption\":\"Bellunopress\"},\"image\":{\"@id\":\"https:\\\/\\\/www.bellunopress.it\\\/#\\\/schema\\\/logo\\\/image\\\/\"},\"sameAs\":[\"https:\\\/\\\/www.facebook.com\\\/profile.php?id=100008943462799\",\"https:\\\/\\\/x.com\\\/bellunopress\",\"https:\\\/\\\/www.linkedin.com\\\/hp\\\/?dnr=JBzUWaJfMUw8vbXJJ2tVW5-I3jZKvC4wsoxE&amp;amp;amp;amp;amp;amp;trk=nav_responsive_tab_home\",\"https:\\\/\\\/www.youtube.com\\\/channel\\\/UCxL0wu1uN0_3_7hGG0306cw\"]},{\"@type\":\"Person\",\"@id\":\"https:\\\/\\\/www.bellunopress.it\\\/#\\\/schema\\\/person\\\/79bb06722b37ece1c03d3e94beb30d73\",\"name\":\"redazione\",\"image\":{\"@type\":\"ImageObject\",\"inLanguage\":\"fr-FR\",\"@id\":\"https:\\\/\\\/secure.gravatar.com\\\/avatar\\\/37d968a2e67a6fd04c169c4bdef102d0bc5d31b2546345219e348575eb80e9a0?s=96&d=mm&r=g\",\"url\":\"https:\\\/\\\/secure.gravatar.com\\\/avatar\\\/37d968a2e67a6fd04c169c4bdef102d0bc5d31b2546345219e348575eb80e9a0?s=96&d=mm&r=g\",\"contentUrl\":\"https:\\\/\\\/secure.gravatar.com\\\/avatar\\\/37d968a2e67a6fd04c169c4bdef102d0bc5d31b2546345219e348575eb80e9a0?s=96&d=mm&r=g\",\"caption\":\"redazione\"},\"sameAs\":[\"http:\\\/\\\/www.bellunopress.it\",\"https:\\\/\\\/x.com\\\/bellunopress\"],\"url\":\"https:\\\/\\\/www.bellunopress.it\\\/fr\\\/author\\\/redazione\\\/\"}]}<\/script>\n<!-- \/ Yoast SEO plugin. -->","yoast_head_json":{"title":"Elettrodotto. Roger De Menech: \"il problema \u00e8 la pianificazione dei corridoi energetici - Bellunopress - Dolomiti","robots":{"index":"index","follow":"follow","max-snippet":"max-snippet:-1","max-image-preview":"max-image-preview:large","max-video-preview":"max-video-preview:-1"},"canonical":"https:\/\/www.bellunopress.it\/fr\/2015\/07\/23\/elettrodotto-roger-de-menech-il-problema-e-la-pianificazione-dei-corridoi-energetici\/","og_locale":"fr_FR","og_type":"article","og_title":"Elettrodotto. Roger De Menech: \"il problema \u00e8 la pianificazione dei corridoi energetici - Bellunopress - Dolomiti","og_description":"&#8220;Purtroppo, o per fortuna, il problema dell\u2019attraversamento degli elettrodotti non si risolve con un\u2019intervista, soprattutto da parte di chi ha ruolo tecnico e non politico.\u00a0Se i sindaci in tale questione vengono lasciati soli, stiamo certi che fra venti anni saremo ancora qui a discuterne. Lo dico da ex sindaco &#8211; afferma l&#8217;onorevole Roger De Menech [&hellip;]","og_url":"https:\/\/www.bellunopress.it\/fr\/2015\/07\/23\/elettrodotto-roger-de-menech-il-problema-e-la-pianificazione-dei-corridoi-energetici\/","og_site_name":"Bellunopress - Dolomiti","article_publisher":"https:\/\/www.facebook.com\/profile.php?id=100008943462799","article_published_time":"2015-07-23T15:58:47+00:00","article_modified_time":"2015-07-23T15:59:24+00:00","og_image":[{"url":"http:\/\/www.bellunopress.it\/wp-content\/uploads\/2013\/01\/roger-de-menech-1.jpg","type":"","width":"","height":""}],"author":"redazione","twitter_card":"summary_large_image","twitter_creator":"@bellunopress","twitter_site":"@bellunopress","twitter_misc":{"\u00c9crit par":"redazione","Dur\u00e9e de lecture estim\u00e9e":"2 minutes"},"schema":{"@context":"https:\/\/schema.org","@graph":[{"@type":"Article","@id":"https:\/\/www.bellunopress.it\/2015\/07\/23\/elettrodotto-roger-de-menech-il-problema-e-la-pianificazione-dei-corridoi-energetici\/#article","isPartOf":{"@id":"https:\/\/www.bellunopress.it\/2015\/07\/23\/elettrodotto-roger-de-menech-il-problema-e-la-pianificazione-dei-corridoi-energetici\/"},"author":{"name":"redazione","@id":"https:\/\/www.bellunopress.it\/#\/schema\/person\/79bb06722b37ece1c03d3e94beb30d73"},"headline":"Elettrodotto. Roger De Menech: &#8220;il problema \u00e8 la pianificazione dei corridoi energetici","datePublished":"2015-07-23T15:58:47+00:00","dateModified":"2015-07-23T15:59:24+00:00","mainEntityOfPage":{"@id":"https:\/\/www.bellunopress.it\/2015\/07\/23\/elettrodotto-roger-de-menech-il-problema-e-la-pianificazione-dei-corridoi-energetici\/"},"wordCount":348,"publisher":{"@id":"https:\/\/www.bellunopress.it\/#organization"},"image":{"@id":"https:\/\/www.bellunopress.it\/2015\/07\/23\/elettrodotto-roger-de-menech-il-problema-e-la-pianificazione-dei-corridoi-energetici\/#primaryimage"},"thumbnailUrl":"http:\/\/www.bellunopress.it\/wp-content\/uploads\/2013\/01\/roger-de-menech-1.jpg","articleSection":["Lettere Opinioni"],"inLanguage":"fr-FR"},{"@type":"WebPage","@id":"https:\/\/www.bellunopress.it\/2015\/07\/23\/elettrodotto-roger-de-menech-il-problema-e-la-pianificazione-dei-corridoi-energetici\/","url":"https:\/\/www.bellunopress.it\/2015\/07\/23\/elettrodotto-roger-de-menech-il-problema-e-la-pianificazione-dei-corridoi-energetici\/","name":"Elettrodotto. Roger De Menech: \"il problema \u00e8 la pianificazione dei corridoi energetici - Bellunopress - Dolomiti","isPartOf":{"@id":"https:\/\/www.bellunopress.it\/#website"},"primaryImageOfPage":{"@id":"https:\/\/www.bellunopress.it\/2015\/07\/23\/elettrodotto-roger-de-menech-il-problema-e-la-pianificazione-dei-corridoi-energetici\/#primaryimage"},"image":{"@id":"https:\/\/www.bellunopress.it\/2015\/07\/23\/elettrodotto-roger-de-menech-il-problema-e-la-pianificazione-dei-corridoi-energetici\/#primaryimage"},"thumbnailUrl":"http:\/\/www.bellunopress.it\/wp-content\/uploads\/2013\/01\/roger-de-menech-1.jpg","datePublished":"2015-07-23T15:58:47+00:00","dateModified":"2015-07-23T15:59:24+00:00","breadcrumb":{"@id":"https:\/\/www.bellunopress.it\/2015\/07\/23\/elettrodotto-roger-de-menech-il-problema-e-la-pianificazione-dei-corridoi-energetici\/#breadcrumb"},"inLanguage":"fr-FR","potentialAction":[{"@type":"ReadAction","target":["https:\/\/www.bellunopress.it\/2015\/07\/23\/elettrodotto-roger-de-menech-il-problema-e-la-pianificazione-dei-corridoi-energetici\/"]}]},{"@type":"ImageObject","inLanguage":"fr-FR","@id":"https:\/\/www.bellunopress.it\/2015\/07\/23\/elettrodotto-roger-de-menech-il-problema-e-la-pianificazione-dei-corridoi-energetici\/#primaryimage","url":"http:\/\/www.bellunopress.it\/wp-content\/uploads\/2013\/01\/roger-de-menech-1.jpg","contentUrl":"http:\/\/www.bellunopress.it\/wp-content\/uploads\/2013\/01\/roger-de-menech-1.jpg"},{"@type":"BreadcrumbList","@id":"https:\/\/www.bellunopress.it\/2015\/07\/23\/elettrodotto-roger-de-menech-il-problema-e-la-pianificazione-dei-corridoi-energetici\/#breadcrumb","itemListElement":[{"@type":"ListItem","position":1,"name":"Home","item":"https:\/\/www.bellunopress.it\/"},{"@type":"ListItem","position":2,"name":"Elettrodotto. Roger De Menech: &#8220;il problema \u00e8 la pianificazione dei corridoi energetici"}]},{"@type":"WebSite","@id":"https:\/\/www.bellunopress.it\/#website","url":"https:\/\/www.bellunopress.it\/","name":"Bellunopress - Dolomiti","description":"e-mail: redazione@bellunopress.it","publisher":{"@id":"https:\/\/www.bellunopress.it\/#organization"},"potentialAction":[{"@type":"SearchAction","target":{"@type":"EntryPoint","urlTemplate":"https:\/\/www.bellunopress.it\/?s={search_term_string}"},"query-input":{"@type":"PropertyValueSpecification","valueRequired":true,"valueName":"search_term_string"}}],"inLanguage":"fr-FR"},{"@type":"Organization","@id":"https:\/\/www.bellunopress.it\/#organization","name":"Bellunopress","url":"https:\/\/www.bellunopress.it\/","logo":{"@type":"ImageObject","inLanguage":"fr-FR","@id":"https:\/\/www.bellunopress.it\/#\/schema\/logo\/image\/","url":"https:\/\/www.bellunopress.it\/wp-content\/uploads\/2011\/05\/cropped-logo-bellunopress-.jpg","contentUrl":"https:\/\/www.bellunopress.it\/wp-content\/uploads\/2011\/05\/cropped-logo-bellunopress-.jpg","width":512,"height":512,"caption":"Bellunopress"},"image":{"@id":"https:\/\/www.bellunopress.it\/#\/schema\/logo\/image\/"},"sameAs":["https:\/\/www.facebook.com\/profile.php?id=100008943462799","https:\/\/x.com\/bellunopress","https:\/\/www.linkedin.com\/hp\/?dnr=JBzUWaJfMUw8vbXJJ2tVW5-I3jZKvC4wsoxE&amp;amp;amp;amp;amp;amp;trk=nav_responsive_tab_home","https:\/\/www.youtube.com\/channel\/UCxL0wu1uN0_3_7hGG0306cw"]},{"@type":"Person","@id":"https:\/\/www.bellunopress.it\/#\/schema\/person\/79bb06722b37ece1c03d3e94beb30d73","name":"r\u00e9daction","image":{"@type":"ImageObject","inLanguage":"fr-FR","@id":"https:\/\/secure.gravatar.com\/avatar\/37d968a2e67a6fd04c169c4bdef102d0bc5d31b2546345219e348575eb80e9a0?s=96&d=mm&r=g","url":"https:\/\/secure.gravatar.com\/avatar\/37d968a2e67a6fd04c169c4bdef102d0bc5d31b2546345219e348575eb80e9a0?s=96&d=mm&r=g","contentUrl":"https:\/\/secure.gravatar.com\/avatar\/37d968a2e67a6fd04c169c4bdef102d0bc5d31b2546345219e348575eb80e9a0?s=96&d=mm&r=g","caption":"redazione"},"sameAs":["http:\/\/www.bellunopress.it","https:\/\/x.com\/bellunopress"],"url":"https:\/\/www.bellunopress.it\/fr\/author\/redazione\/"}]}},"_links":{"self":[{"href":"https:\/\/www.bellunopress.it\/fr\/wp-json\/wp\/v2\/posts\/70287","targetHints":{"allow":["GET"]}}],"collection":[{"href":"https:\/\/www.bellunopress.it\/fr\/wp-json\/wp\/v2\/posts"}],"about":[{"href":"https:\/\/www.bellunopress.it\/fr\/wp-json\/wp\/v2\/types\/post"}],"author":[{"embeddable":true,"href":"https:\/\/www.bellunopress.it\/fr\/wp-json\/wp\/v2\/users\/2"}],"replies":[{"embeddable":true,"href":"https:\/\/www.bellunopress.it\/fr\/wp-json\/wp\/v2\/comments?post=70287"}],"version-history":[{"count":1,"href":"https:\/\/www.bellunopress.it\/fr\/wp-json\/wp\/v2\/posts\/70287\/revisions"}],"predecessor-version":[{"id":70288,"href":"https:\/\/www.bellunopress.it\/fr\/wp-json\/wp\/v2\/posts\/70287\/revisions\/70288"}],"wp:attachment":[{"href":"https:\/\/www.bellunopress.it\/fr\/wp-json\/wp\/v2\/media?parent=70287"}],"wp:term":[{"taxonomy":"category","embeddable":true,"href":"https:\/\/www.bellunopress.it\/fr\/wp-json\/wp\/v2\/categories?post=70287"},{"taxonomy":"post_tag","embeddable":true,"href":"https:\/\/www.bellunopress.it\/fr\/wp-json\/wp\/v2\/tags?post=70287"}],"curies":[{"name":"wp","href":"https:\/\/api.w.org\/{rel}","templated":true}]}}