{"id":70284,"date":"2015-07-23T17:51:51","date_gmt":"2015-07-23T15:51:51","guid":{"rendered":"http:\/\/www.bellunopress.it\/?p=70284"},"modified":"2015-07-23T17:51:51","modified_gmt":"2015-07-23T15:51:51","slug":"regolamentazione-dei-prodotti-fitosanitari-linvito-del-ctg-a-sottoscrivere-la-petizione","status":"publish","type":"post","link":"https:\/\/www.bellunopress.it\/fr\/2015\/07\/23\/regolamentazione-dei-prodotti-fitosanitari-linvito-del-ctg-a-sottoscrivere-la-petizione\/","title":{"rendered":"Regolamentazione dei prodotti fitosanitari: l&#8217;invito del Ctg a sottoscrivere la petizione"},"content":{"rendered":"<p><a href=\"http:\/\/www.bellunopress.it\/wp-content\/uploads\/2015\/07\/pesticidi_elicottero.jpg\"><img loading=\"lazy\" decoding=\"async\" class=\"alignleft size-full wp-image-70285\" src=\"http:\/\/www.bellunopress.it\/wp-content\/uploads\/2015\/07\/pesticidi_elicottero.jpg\" alt=\"pesticidi_elicottero\" width=\"291\" height=\"214\" \/><\/a>&#8220;E\u2019 in atto, soprattutto da parte dei trevisani, la colonizzazione del territorio meridionale del Bellunese finalizzata alle coltivazioni intensive dei vitigni del prosecco, incentivate da consistenti contributi pubblici&#8221;.<\/p>\n<p>Lo sottolinea in una nota il vicepresidente del Ctg Centro Turistico Giovanile di Belluno Anacleto Boranga.<br \/>\n&#8220;La cosa non sarebbe di per s\u00e8 grave &#8211; prosegue Boranga, guida naturalistica\u00a0e ambientale e operatore naturalistico e culturale del Cai &#8211; \u00a0se, per questo tipo di produzione, non si ricorresse a trattamenti inquinanti con seri problemi per la salute dei cittadini e per la biodiversit\u00e0 ambientale.<\/p>\n<figure id=\"attachment_34170\" aria-describedby=\"caption-attachment-34170\" style=\"width: 133px\" class=\"wp-caption alignleft\"><a href=\"http:\/\/www.bellunopress.it\/wp-content\/uploads\/2012\/01\/anacleto-boranga-foto-di-Francesco-Sovilla.jpg\"><img loading=\"lazy\" decoding=\"async\" class=\"size-full wp-image-34170\" src=\"http:\/\/www.bellunopress.it\/wp-content\/uploads\/2012\/01\/anacleto-boranga-foto-di-Francesco-Sovilla.jpg\" alt=\"Anacleto Boranga\" width=\"133\" height=\"140\" \/><\/a><figcaption id=\"caption-attachment-34170\" class=\"wp-caption-text\">Anacleto Boranga<\/figcaption><\/figure>\n<p>Tra i pesticidi usati c\u2019\u00e8 il glifosato che l\u2019Organizzazione Mondiale della Sanit\u00e0 ha certificato come probabile cancerogeno, ma che la multinazionale Monsanto (gi\u00e0 produttrice del DDT) continua a proporre agli agricoltori, trascurando il principio della precauzione.<br \/>\nNel Trevigiano, durante il periodo delle irrorazioni, viene consigliato di non tenere aperte le finestre e di non far giocare i bambini all\u2019aperto e si sono gi\u00e0 verificati diversi casi preoccupanti di carattere sanitario e di inquinamento della falde acquifere.<br \/>\nLa nostra provincia, ancora poco contaminata avrebbe i requisiti per una coltivazione di prodotti genuini e di qualit\u00e0, come quelli promossi dal Parco Nazionale Dolomiti Bellunesi. Per questo, diverse Associazioni e Comitati, sotto l\u2019egida del Movimento Terra Bellunese, si sono attivati per spingere i Comuni ad adottare una regolamentazione dell\u2019utilizzo dei prodotti fitosanitari, che vieti l\u2019uso dei pesticidi pi\u00f9 tossici e consenta produzioni meno invasive, considerando non solo il conseguimento del profitto, ma anche la sostenibilit\u00e0 sanitaria ed ambientale,.<br \/>\nOltre una ventina sono i Sodalizi che hanno aderito alla proposta di regolamentazione e stanno raccogliendo le firme per darne forza.<br \/>\nTra questi anche il CTG di Belluno &#8211; conclude Anacleto Boranga &#8211; che invita i propri soci e i cittadini ad aderire alla mobilitazione sottoscrivendo la petizione presso la propria sede oppure sul sito <a href=\"http:\/\/www.change.org\/liberi-dai-veleni\">www.change.org\/liberi-dai-veleni<\/a>.<\/p>","protected":false},"excerpt":{"rendered":"<p>&#8220;E\u2019 in atto, soprattutto da parte dei trevisani, la colonizzazione del territorio meridionale del Bellunese finalizzata alle coltivazioni intensive dei vitigni del prosecco, incentivate da consistenti contributi pubblici&#8221;. Lo sottolinea in una nota il vicepresidente del Ctg Centro Turistico Giovanile di Belluno Anacleto Boranga. &#8220;La cosa non sarebbe di per s\u00e8 grave &#8211; prosegue Boranga, [&hellip;]<\/p>\n","protected":false},"author":2,"featured_media":0,"comment_status":"closed","ping_status":"open","sticky":false,"template":"","format":"standard","meta":{"footnotes":""},"categories":[38,26],"tags":[],"class_list":["post-70284","post","type-post","status-publish","format-standard","category-natura-ambiente","category-prima-pagina"],"yoast_head":"<!-- This site is optimized with the Yoast SEO plugin v28.4 - https:\/\/yoast.com\/product\/yoast-seo-wordpress\/ -->\n<title>Regolamentazione dei prodotti fitosanitari: l&#039;invito del Ctg a sottoscrivere la petizione - Bellunopress - Dolomiti<\/title>\n<meta name=\"robots\" content=\"index, follow, max-snippet:-1, max-image-preview:large, max-video-preview:-1\" \/>\n<link rel=\"canonical\" href=\"https:\/\/www.bellunopress.it\/fr\/2015\/07\/23\/regolamentazione-dei-prodotti-fitosanitari-linvito-del-ctg-a-sottoscrivere-la-petizione\/\" \/>\n<meta property=\"og:locale\" content=\"fr_FR\" \/>\n<meta property=\"og:type\" content=\"article\" \/>\n<meta property=\"og:title\" content=\"Regolamentazione dei prodotti fitosanitari: l&#039;invito del Ctg a sottoscrivere la petizione - Bellunopress - Dolomiti\" \/>\n<meta property=\"og:description\" content=\"&#8220;E\u2019 in atto, soprattutto da parte dei trevisani, la colonizzazione del territorio meridionale del Bellunese finalizzata alle coltivazioni intensive dei vitigni del prosecco, incentivate da consistenti contributi pubblici&#8221;. Lo sottolinea in una nota il vicepresidente del Ctg Centro Turistico Giovanile di Belluno Anacleto Boranga. &#8220;La cosa non sarebbe di per s\u00e8 grave &#8211; prosegue Boranga, [&hellip;]\" \/>\n<meta property=\"og:url\" content=\"https:\/\/www.bellunopress.it\/fr\/2015\/07\/23\/regolamentazione-dei-prodotti-fitosanitari-linvito-del-ctg-a-sottoscrivere-la-petizione\/\" \/>\n<meta property=\"og:site_name\" content=\"Bellunopress - Dolomiti\" \/>\n<meta property=\"article:publisher\" content=\"https:\/\/www.facebook.com\/profile.php?id=100008943462799\" \/>\n<meta property=\"article:published_time\" content=\"2015-07-23T15:51:51+00:00\" \/>\n<meta property=\"og:image\" content=\"http:\/\/www.bellunopress.it\/wp-content\/uploads\/2015\/07\/pesticidi_elicottero.jpg\" \/>\n<meta name=\"author\" content=\"redazione\" \/>\n<meta name=\"twitter:card\" content=\"summary_large_image\" \/>\n<meta name=\"twitter:creator\" content=\"@bellunopress\" \/>\n<meta name=\"twitter:site\" content=\"@bellunopress\" \/>\n<meta name=\"twitter:label1\" content=\"\u00c9crit par\" \/>\n\t<meta name=\"twitter:data1\" content=\"redazione\" \/>\n\t<meta name=\"twitter:label2\" content=\"Dur\u00e9e de lecture estim\u00e9e\" \/>\n\t<meta name=\"twitter:data2\" content=\"2 minutes\" \/>\n<script type=\"application\/ld+json\" class=\"yoast-schema-graph\">{\"@context\":\"https:\\\/\\\/schema.org\",\"@graph\":[{\"@type\":\"Article\",\"@id\":\"https:\\\/\\\/www.bellunopress.it\\\/2015\\\/07\\\/23\\\/regolamentazione-dei-prodotti-fitosanitari-linvito-del-ctg-a-sottoscrivere-la-petizione\\\/#article\",\"isPartOf\":{\"@id\":\"https:\\\/\\\/www.bellunopress.it\\\/2015\\\/07\\\/23\\\/regolamentazione-dei-prodotti-fitosanitari-linvito-del-ctg-a-sottoscrivere-la-petizione\\\/\"},\"author\":{\"name\":\"redazione\",\"@id\":\"https:\\\/\\\/www.bellunopress.it\\\/#\\\/schema\\\/person\\\/79bb06722b37ece1c03d3e94beb30d73\"},\"headline\":\"Regolamentazione dei prodotti fitosanitari: l&#8217;invito del Ctg a sottoscrivere la petizione\",\"datePublished\":\"2015-07-23T15:51:51+00:00\",\"mainEntityOfPage\":{\"@id\":\"https:\\\/\\\/www.bellunopress.it\\\/2015\\\/07\\\/23\\\/regolamentazione-dei-prodotti-fitosanitari-linvito-del-ctg-a-sottoscrivere-la-petizione\\\/\"},\"wordCount\":332,\"publisher\":{\"@id\":\"https:\\\/\\\/www.bellunopress.it\\\/#organization\"},\"image\":{\"@id\":\"https:\\\/\\\/www.bellunopress.it\\\/2015\\\/07\\\/23\\\/regolamentazione-dei-prodotti-fitosanitari-linvito-del-ctg-a-sottoscrivere-la-petizione\\\/#primaryimage\"},\"thumbnailUrl\":\"http:\\\/\\\/www.bellunopress.it\\\/wp-content\\\/uploads\\\/2015\\\/07\\\/pesticidi_elicottero.jpg\",\"articleSection\":[\"Meteo, natura, ambiente, animali\",\"Prima Pagina\"],\"inLanguage\":\"fr-FR\"},{\"@type\":\"WebPage\",\"@id\":\"https:\\\/\\\/www.bellunopress.it\\\/2015\\\/07\\\/23\\\/regolamentazione-dei-prodotti-fitosanitari-linvito-del-ctg-a-sottoscrivere-la-petizione\\\/\",\"url\":\"https:\\\/\\\/www.bellunopress.it\\\/2015\\\/07\\\/23\\\/regolamentazione-dei-prodotti-fitosanitari-linvito-del-ctg-a-sottoscrivere-la-petizione\\\/\",\"name\":\"Regolamentazione dei prodotti fitosanitari: l'invito del Ctg a sottoscrivere la petizione - Bellunopress - Dolomiti\",\"isPartOf\":{\"@id\":\"https:\\\/\\\/www.bellunopress.it\\\/#website\"},\"primaryImageOfPage\":{\"@id\":\"https:\\\/\\\/www.bellunopress.it\\\/2015\\\/07\\\/23\\\/regolamentazione-dei-prodotti-fitosanitari-linvito-del-ctg-a-sottoscrivere-la-petizione\\\/#primaryimage\"},\"image\":{\"@id\":\"https:\\\/\\\/www.bellunopress.it\\\/2015\\\/07\\\/23\\\/regolamentazione-dei-prodotti-fitosanitari-linvito-del-ctg-a-sottoscrivere-la-petizione\\\/#primaryimage\"},\"thumbnailUrl\":\"http:\\\/\\\/www.bellunopress.it\\\/wp-content\\\/uploads\\\/2015\\\/07\\\/pesticidi_elicottero.jpg\",\"datePublished\":\"2015-07-23T15:51:51+00:00\",\"breadcrumb\":{\"@id\":\"https:\\\/\\\/www.bellunopress.it\\\/2015\\\/07\\\/23\\\/regolamentazione-dei-prodotti-fitosanitari-linvito-del-ctg-a-sottoscrivere-la-petizione\\\/#breadcrumb\"},\"inLanguage\":\"fr-FR\",\"potentialAction\":[{\"@type\":\"ReadAction\",\"target\":[\"https:\\\/\\\/www.bellunopress.it\\\/2015\\\/07\\\/23\\\/regolamentazione-dei-prodotti-fitosanitari-linvito-del-ctg-a-sottoscrivere-la-petizione\\\/\"]}]},{\"@type\":\"ImageObject\",\"inLanguage\":\"fr-FR\",\"@id\":\"https:\\\/\\\/www.bellunopress.it\\\/2015\\\/07\\\/23\\\/regolamentazione-dei-prodotti-fitosanitari-linvito-del-ctg-a-sottoscrivere-la-petizione\\\/#primaryimage\",\"url\":\"http:\\\/\\\/www.bellunopress.it\\\/wp-content\\\/uploads\\\/2015\\\/07\\\/pesticidi_elicottero.jpg\",\"contentUrl\":\"http:\\\/\\\/www.bellunopress.it\\\/wp-content\\\/uploads\\\/2015\\\/07\\\/pesticidi_elicottero.jpg\"},{\"@type\":\"BreadcrumbList\",\"@id\":\"https:\\\/\\\/www.bellunopress.it\\\/2015\\\/07\\\/23\\\/regolamentazione-dei-prodotti-fitosanitari-linvito-del-ctg-a-sottoscrivere-la-petizione\\\/#breadcrumb\",\"itemListElement\":[{\"@type\":\"ListItem\",\"position\":1,\"name\":\"Home\",\"item\":\"https:\\\/\\\/www.bellunopress.it\\\/\"},{\"@type\":\"ListItem\",\"position\":2,\"name\":\"Regolamentazione dei prodotti fitosanitari: l&#8217;invito del Ctg a sottoscrivere la petizione\"}]},{\"@type\":\"WebSite\",\"@id\":\"https:\\\/\\\/www.bellunopress.it\\\/#website\",\"url\":\"https:\\\/\\\/www.bellunopress.it\\\/\",\"name\":\"Bellunopress - Dolomiti\",\"description\":\"e-mail: redazione@bellunopress.it\",\"publisher\":{\"@id\":\"https:\\\/\\\/www.bellunopress.it\\\/#organization\"},\"potentialAction\":[{\"@type\":\"SearchAction\",\"target\":{\"@type\":\"EntryPoint\",\"urlTemplate\":\"https:\\\/\\\/www.bellunopress.it\\\/?s={search_term_string}\"},\"query-input\":{\"@type\":\"PropertyValueSpecification\",\"valueRequired\":true,\"valueName\":\"search_term_string\"}}],\"inLanguage\":\"fr-FR\"},{\"@type\":\"Organization\",\"@id\":\"https:\\\/\\\/www.bellunopress.it\\\/#organization\",\"name\":\"Bellunopress\",\"url\":\"https:\\\/\\\/www.bellunopress.it\\\/\",\"logo\":{\"@type\":\"ImageObject\",\"inLanguage\":\"fr-FR\",\"@id\":\"https:\\\/\\\/www.bellunopress.it\\\/#\\\/schema\\\/logo\\\/image\\\/\",\"url\":\"https:\\\/\\\/www.bellunopress.it\\\/wp-content\\\/uploads\\\/2011\\\/05\\\/cropped-logo-bellunopress-.jpg\",\"contentUrl\":\"https:\\\/\\\/www.bellunopress.it\\\/wp-content\\\/uploads\\\/2011\\\/05\\\/cropped-logo-bellunopress-.jpg\",\"width\":512,\"height\":512,\"caption\":\"Bellunopress\"},\"image\":{\"@id\":\"https:\\\/\\\/www.bellunopress.it\\\/#\\\/schema\\\/logo\\\/image\\\/\"},\"sameAs\":[\"https:\\\/\\\/www.facebook.com\\\/profile.php?id=100008943462799\",\"https:\\\/\\\/x.com\\\/bellunopress\",\"https:\\\/\\\/www.linkedin.com\\\/hp\\\/?dnr=JBzUWaJfMUw8vbXJJ2tVW5-I3jZKvC4wsoxE&amp;amp;amp;amp;amp;amp;trk=nav_responsive_tab_home\",\"https:\\\/\\\/www.youtube.com\\\/channel\\\/UCxL0wu1uN0_3_7hGG0306cw\"]},{\"@type\":\"Person\",\"@id\":\"https:\\\/\\\/www.bellunopress.it\\\/#\\\/schema\\\/person\\\/79bb06722b37ece1c03d3e94beb30d73\",\"name\":\"redazione\",\"image\":{\"@type\":\"ImageObject\",\"inLanguage\":\"fr-FR\",\"@id\":\"https:\\\/\\\/secure.gravatar.com\\\/avatar\\\/37d968a2e67a6fd04c169c4bdef102d0bc5d31b2546345219e348575eb80e9a0?s=96&d=mm&r=g\",\"url\":\"https:\\\/\\\/secure.gravatar.com\\\/avatar\\\/37d968a2e67a6fd04c169c4bdef102d0bc5d31b2546345219e348575eb80e9a0?s=96&d=mm&r=g\",\"contentUrl\":\"https:\\\/\\\/secure.gravatar.com\\\/avatar\\\/37d968a2e67a6fd04c169c4bdef102d0bc5d31b2546345219e348575eb80e9a0?s=96&d=mm&r=g\",\"caption\":\"redazione\"},\"sameAs\":[\"http:\\\/\\\/www.bellunopress.it\",\"https:\\\/\\\/x.com\\\/bellunopress\"],\"url\":\"https:\\\/\\\/www.bellunopress.it\\\/fr\\\/author\\\/redazione\\\/\"}]}<\/script>\n<!-- \/ Yoast SEO plugin. -->","yoast_head_json":{"title":"Regolamentazione dei prodotti fitosanitari: l'invito del Ctg a sottoscrivere la petizione - Bellunopress - Dolomiti","robots":{"index":"index","follow":"follow","max-snippet":"max-snippet:-1","max-image-preview":"max-image-preview:large","max-video-preview":"max-video-preview:-1"},"canonical":"https:\/\/www.bellunopress.it\/fr\/2015\/07\/23\/regolamentazione-dei-prodotti-fitosanitari-linvito-del-ctg-a-sottoscrivere-la-petizione\/","og_locale":"fr_FR","og_type":"article","og_title":"Regolamentazione dei prodotti fitosanitari: l'invito del Ctg a sottoscrivere la petizione - Bellunopress - Dolomiti","og_description":"&#8220;E\u2019 in atto, soprattutto da parte dei trevisani, la colonizzazione del territorio meridionale del Bellunese finalizzata alle coltivazioni intensive dei vitigni del prosecco, incentivate da consistenti contributi pubblici&#8221;. Lo sottolinea in una nota il vicepresidente del Ctg Centro Turistico Giovanile di Belluno Anacleto Boranga. &#8220;La cosa non sarebbe di per s\u00e8 grave &#8211; prosegue Boranga, [&hellip;]","og_url":"https:\/\/www.bellunopress.it\/fr\/2015\/07\/23\/regolamentazione-dei-prodotti-fitosanitari-linvito-del-ctg-a-sottoscrivere-la-petizione\/","og_site_name":"Bellunopress - Dolomiti","article_publisher":"https:\/\/www.facebook.com\/profile.php?id=100008943462799","article_published_time":"2015-07-23T15:51:51+00:00","og_image":[{"url":"http:\/\/www.bellunopress.it\/wp-content\/uploads\/2015\/07\/pesticidi_elicottero.jpg","type":"","width":"","height":""}],"author":"redazione","twitter_card":"summary_large_image","twitter_creator":"@bellunopress","twitter_site":"@bellunopress","twitter_misc":{"\u00c9crit par":"redazione","Dur\u00e9e de lecture estim\u00e9e":"2 minutes"},"schema":{"@context":"https:\/\/schema.org","@graph":[{"@type":"Article","@id":"https:\/\/www.bellunopress.it\/2015\/07\/23\/regolamentazione-dei-prodotti-fitosanitari-linvito-del-ctg-a-sottoscrivere-la-petizione\/#article","isPartOf":{"@id":"https:\/\/www.bellunopress.it\/2015\/07\/23\/regolamentazione-dei-prodotti-fitosanitari-linvito-del-ctg-a-sottoscrivere-la-petizione\/"},"author":{"name":"redazione","@id":"https:\/\/www.bellunopress.it\/#\/schema\/person\/79bb06722b37ece1c03d3e94beb30d73"},"headline":"Regolamentazione dei prodotti fitosanitari: l&#8217;invito del Ctg a sottoscrivere la petizione","datePublished":"2015-07-23T15:51:51+00:00","mainEntityOfPage":{"@id":"https:\/\/www.bellunopress.it\/2015\/07\/23\/regolamentazione-dei-prodotti-fitosanitari-linvito-del-ctg-a-sottoscrivere-la-petizione\/"},"wordCount":332,"publisher":{"@id":"https:\/\/www.bellunopress.it\/#organization"},"image":{"@id":"https:\/\/www.bellunopress.it\/2015\/07\/23\/regolamentazione-dei-prodotti-fitosanitari-linvito-del-ctg-a-sottoscrivere-la-petizione\/#primaryimage"},"thumbnailUrl":"http:\/\/www.bellunopress.it\/wp-content\/uploads\/2015\/07\/pesticidi_elicottero.jpg","articleSection":["Meteo, natura, ambiente, animali","Prima Pagina"],"inLanguage":"fr-FR"},{"@type":"WebPage","@id":"https:\/\/www.bellunopress.it\/2015\/07\/23\/regolamentazione-dei-prodotti-fitosanitari-linvito-del-ctg-a-sottoscrivere-la-petizione\/","url":"https:\/\/www.bellunopress.it\/2015\/07\/23\/regolamentazione-dei-prodotti-fitosanitari-linvito-del-ctg-a-sottoscrivere-la-petizione\/","name":"Regolamentazione dei prodotti fitosanitari: l'invito del Ctg a sottoscrivere la petizione - Bellunopress - Dolomiti","isPartOf":{"@id":"https:\/\/www.bellunopress.it\/#website"},"primaryImageOfPage":{"@id":"https:\/\/www.bellunopress.it\/2015\/07\/23\/regolamentazione-dei-prodotti-fitosanitari-linvito-del-ctg-a-sottoscrivere-la-petizione\/#primaryimage"},"image":{"@id":"https:\/\/www.bellunopress.it\/2015\/07\/23\/regolamentazione-dei-prodotti-fitosanitari-linvito-del-ctg-a-sottoscrivere-la-petizione\/#primaryimage"},"thumbnailUrl":"http:\/\/www.bellunopress.it\/wp-content\/uploads\/2015\/07\/pesticidi_elicottero.jpg","datePublished":"2015-07-23T15:51:51+00:00","breadcrumb":{"@id":"https:\/\/www.bellunopress.it\/2015\/07\/23\/regolamentazione-dei-prodotti-fitosanitari-linvito-del-ctg-a-sottoscrivere-la-petizione\/#breadcrumb"},"inLanguage":"fr-FR","potentialAction":[{"@type":"ReadAction","target":["https:\/\/www.bellunopress.it\/2015\/07\/23\/regolamentazione-dei-prodotti-fitosanitari-linvito-del-ctg-a-sottoscrivere-la-petizione\/"]}]},{"@type":"ImageObject","inLanguage":"fr-FR","@id":"https:\/\/www.bellunopress.it\/2015\/07\/23\/regolamentazione-dei-prodotti-fitosanitari-linvito-del-ctg-a-sottoscrivere-la-petizione\/#primaryimage","url":"http:\/\/www.bellunopress.it\/wp-content\/uploads\/2015\/07\/pesticidi_elicottero.jpg","contentUrl":"http:\/\/www.bellunopress.it\/wp-content\/uploads\/2015\/07\/pesticidi_elicottero.jpg"},{"@type":"BreadcrumbList","@id":"https:\/\/www.bellunopress.it\/2015\/07\/23\/regolamentazione-dei-prodotti-fitosanitari-linvito-del-ctg-a-sottoscrivere-la-petizione\/#breadcrumb","itemListElement":[{"@type":"ListItem","position":1,"name":"Home","item":"https:\/\/www.bellunopress.it\/"},{"@type":"ListItem","position":2,"name":"Regolamentazione dei prodotti fitosanitari: l&#8217;invito del Ctg a sottoscrivere la petizione"}]},{"@type":"WebSite","@id":"https:\/\/www.bellunopress.it\/#website","url":"https:\/\/www.bellunopress.it\/","name":"Bellunopress - Dolomiti","description":"e-mail: redazione@bellunopress.it","publisher":{"@id":"https:\/\/www.bellunopress.it\/#organization"},"potentialAction":[{"@type":"SearchAction","target":{"@type":"EntryPoint","urlTemplate":"https:\/\/www.bellunopress.it\/?s={search_term_string}"},"query-input":{"@type":"PropertyValueSpecification","valueRequired":true,"valueName":"search_term_string"}}],"inLanguage":"fr-FR"},{"@type":"Organization","@id":"https:\/\/www.bellunopress.it\/#organization","name":"Bellunopress","url":"https:\/\/www.bellunopress.it\/","logo":{"@type":"ImageObject","inLanguage":"fr-FR","@id":"https:\/\/www.bellunopress.it\/#\/schema\/logo\/image\/","url":"https:\/\/www.bellunopress.it\/wp-content\/uploads\/2011\/05\/cropped-logo-bellunopress-.jpg","contentUrl":"https:\/\/www.bellunopress.it\/wp-content\/uploads\/2011\/05\/cropped-logo-bellunopress-.jpg","width":512,"height":512,"caption":"Bellunopress"},"image":{"@id":"https:\/\/www.bellunopress.it\/#\/schema\/logo\/image\/"},"sameAs":["https:\/\/www.facebook.com\/profile.php?id=100008943462799","https:\/\/x.com\/bellunopress","https:\/\/www.linkedin.com\/hp\/?dnr=JBzUWaJfMUw8vbXJJ2tVW5-I3jZKvC4wsoxE&amp;amp;amp;amp;amp;amp;trk=nav_responsive_tab_home","https:\/\/www.youtube.com\/channel\/UCxL0wu1uN0_3_7hGG0306cw"]},{"@type":"Person","@id":"https:\/\/www.bellunopress.it\/#\/schema\/person\/79bb06722b37ece1c03d3e94beb30d73","name":"r\u00e9daction","image":{"@type":"ImageObject","inLanguage":"fr-FR","@id":"https:\/\/secure.gravatar.com\/avatar\/37d968a2e67a6fd04c169c4bdef102d0bc5d31b2546345219e348575eb80e9a0?s=96&d=mm&r=g","url":"https:\/\/secure.gravatar.com\/avatar\/37d968a2e67a6fd04c169c4bdef102d0bc5d31b2546345219e348575eb80e9a0?s=96&d=mm&r=g","contentUrl":"https:\/\/secure.gravatar.com\/avatar\/37d968a2e67a6fd04c169c4bdef102d0bc5d31b2546345219e348575eb80e9a0?s=96&d=mm&r=g","caption":"redazione"},"sameAs":["http:\/\/www.bellunopress.it","https:\/\/x.com\/bellunopress"],"url":"https:\/\/www.bellunopress.it\/fr\/author\/redazione\/"}]}},"_links":{"self":[{"href":"https:\/\/www.bellunopress.it\/fr\/wp-json\/wp\/v2\/posts\/70284","targetHints":{"allow":["GET"]}}],"collection":[{"href":"https:\/\/www.bellunopress.it\/fr\/wp-json\/wp\/v2\/posts"}],"about":[{"href":"https:\/\/www.bellunopress.it\/fr\/wp-json\/wp\/v2\/types\/post"}],"author":[{"embeddable":true,"href":"https:\/\/www.bellunopress.it\/fr\/wp-json\/wp\/v2\/users\/2"}],"replies":[{"embeddable":true,"href":"https:\/\/www.bellunopress.it\/fr\/wp-json\/wp\/v2\/comments?post=70284"}],"version-history":[{"count":1,"href":"https:\/\/www.bellunopress.it\/fr\/wp-json\/wp\/v2\/posts\/70284\/revisions"}],"predecessor-version":[{"id":70286,"href":"https:\/\/www.bellunopress.it\/fr\/wp-json\/wp\/v2\/posts\/70284\/revisions\/70286"}],"wp:attachment":[{"href":"https:\/\/www.bellunopress.it\/fr\/wp-json\/wp\/v2\/media?parent=70284"}],"wp:term":[{"taxonomy":"category","embeddable":true,"href":"https:\/\/www.bellunopress.it\/fr\/wp-json\/wp\/v2\/categories?post=70284"},{"taxonomy":"post_tag","embeddable":true,"href":"https:\/\/www.bellunopress.it\/fr\/wp-json\/wp\/v2\/tags?post=70284"}],"curies":[{"name":"wp","href":"https:\/\/api.w.org\/{rel}","templated":true}]}}