{"id":7028,"date":"2009-08-15T07:06:22","date_gmt":"2009-08-15T06:06:22","guid":{"rendered":"http:\/\/www.bellunopress.it\/?p=7028"},"modified":"2009-08-15T07:06:22","modified_gmt":"2009-08-15T06:06:22","slug":"lucchetta-avvio-durissimo-ma-puntiamo-a-crescere","status":"publish","type":"post","link":"https:\/\/www.bellunopress.it\/fr\/2009\/08\/15\/lucchetta-avvio-durissimo-ma-puntiamo-a-crescere\/","title":{"rendered":"Lucchetta: &#8220;Avvio durissimo, ma puntiamo a crescere&#8221;"},"content":{"rendered":"<p>Ancora Bergamo al debutto, ma stavolta in casa. Alle 18 del 18 ottobre la Zoppas Industries Conegliano inizier\u00e0 la sua seconda avventura nel campionato di A1, nell&#8217;olimpo del volley rosa un po&#8217; pi\u00f9 elitario del solito, con 12 squadre ai nastri di partenza (due in meno dell&#8217;annata sportiva passata) di cui 10 candidate ai playoff scudetto. Come nel 2008, sar\u00e0 ancora la pi\u00f9 blasonata di tutte, la Foppapedretti Bergamo rossoblu ma sempre tinta d&#8217;azzurro, a &#8220;battezzare&#8221; le pantere coneglianesi. Il teatro sar\u00e0 la Zoppas Arena, quest&#8217;anno unico palasport veneto nella massima serie femminile. Poi due traferte lombarde, contro Busto Arsizio e Villa Cortese,\u00a0 Jesi tra mura amiche, Perugia e Pesaro campione. &#8220;Inizio a dir poco difficile &#8211; sentenzia il presidente gialloblu Giovanni Lucchetta, che pronostica il bottino di 4 punti nei primi 6 turni. Pessimista o ottimista? &#8220;La logica oggi ci dice questo &#8211; commenta Lucchetta &#8211; ma alla fine sar\u00e0 sempre il campo a decidere. Non potrei dirmi certo deluso da un avvio con soli 4 punti conquistati contro avversarie di quel calibro&#8221;. E lo dice a mercato non ancora fermo (c&#8217;\u00e8 ancora un mese di tempo per definire la rosa), ma non solo. Lo dice nonostante ritenga che &#8220;la squadra di questa stagione ha le potenzialit\u00e0 per essere pi\u00f9 forte della precedente&#8221;.<br \/>\nLa Zoppas cresce, dunque, anche senza agitare il mercato. Le motivazioni di Lucchetta: &#8220;L&#8217;esperienza e il lavoro fisico possono dare i primi frutti gi\u00e0 da questa stagione. Per esempio \u00e8 ragionevole aspettarsi molto di pi\u00f9 da Jovana Brakocevic, che non ha fatto complessivamente un buon campionato. Sarah Pavan l&#8217;abbiamo vista al 60% delle sue potenzialit\u00e0 e sarebbe una stella in qualsiasi squadra. Per Manzano, che viene da una buonissima stagione, prevedo ancora un importante miglioramento, mentre spero che le grandi motivazioni di Rachele Sagiuliano si traducano in rendimento tecnico. Carla Rossetto, oltre a confermarsi una delle migliori in ricezione, migliorer\u00e0 anche la sua qualit\u00e0 difensiva. Per Cisky Marcon \u00e8 importante mantenere lo standard di rendimento, sfruttando anche l&#8217;esperienza fatta in nazionale&#8221;. Il ritorno al modulo &#8220;tradizionale&#8221; con due centrali di ruolo e un opposto, a rigor di logica richiederebbe un ulteriore innesto, ma Lucchetta precisa: &#8220;Se non dovessero esserci novit\u00e0 per quel ruolo, potrebbe giocare Stefania Positello, comunque non inferiore nel rendimento rispetto a Valentina Serena nei fondamentali del centrale&#8221;. &#8220;Cercheremo di completare la rosa &#8211; continua Lucchetta &#8211; ma, anche se non dovessimo riuscirci, penso che il sestetto potrebbe dare di pi\u00f9 rispetto alla passata stagione&#8221;. Pi\u00f9 che ai nomi la Spes punta alle motivazioni: &#8220;Quello che temo \u00e8 che venga &#8220;umanamente dissipato&#8221; quel tesoro di motivazione e concentrazione che misero in campo le atlete debuttando in A1 per dimostrare che la nostra era una squadra all&#8217;altezza della categoria. Lavoreremo anche su questo, per ripartire non solo fisicamente e tecnicamente pronti, ma anche con la carica di entusiasmo che contraddistingue noi e il nostro pubblico&#8221;. E il lavoro in palestra riprender\u00e0 presto. Le atlete sono convocate per marted\u00ec 18 agosto alle 17.30 alla Zoppas Arena. Il confermato coach argentino Mario Martinez e il suo staff avranno a disposizione tutte le giocatrici tranne Brakocevic, che ha recuperato dopo i problemi alla spalla e il cui rientro dagli impegni internazionali \u00e8 previsto per inizio ottobre. Come di consueto, gli allenamenti saranno aperti e il calendario sar\u00e0 aggiornato nella pagina &#8220;agenda&#8221; del sito web <a href=\"http:\/\/www.spesvolley.it\">www.spesvolley.it<\/a>.<\/p>","protected":false},"excerpt":{"rendered":"<p>Ancora Bergamo al debutto, ma stavolta in casa. Alle 18 del 18 ottobre la Zoppas Industries Conegliano inizier\u00e0 la sua seconda avventura nel campionato di A1, nell&#8217;olimpo del volley rosa un po&#8217; pi\u00f9 elitario del solito, con 12 squadre ai nastri di partenza (due in meno dell&#8217;annata sportiva passata) di cui 10 candidate ai playoff [&hellip;]<\/p>\n","protected":false},"author":2,"featured_media":0,"comment_status":"closed","ping_status":"open","sticky":false,"template":"","format":"standard","meta":{"footnotes":""},"categories":[4],"tags":[],"class_list":["post-7028","post","type-post","status-publish","format-standard","category-sport"],"yoast_head":"<!-- This site is optimized with the Yoast SEO plugin v28.4 - https:\/\/yoast.com\/product\/yoast-seo-wordpress\/ -->\n<title>Lucchetta: &quot;Avvio durissimo, ma puntiamo a crescere&quot; - Bellunopress - Dolomiti<\/title>\n<meta name=\"robots\" content=\"index, follow, max-snippet:-1, max-image-preview:large, max-video-preview:-1\" \/>\n<link rel=\"canonical\" href=\"https:\/\/www.bellunopress.it\/fr\/2009\/08\/15\/lucchetta-avvio-durissimo-ma-puntiamo-a-crescere\/\" \/>\n<meta property=\"og:locale\" content=\"fr_FR\" \/>\n<meta property=\"og:type\" content=\"article\" \/>\n<meta property=\"og:title\" content=\"Lucchetta: &quot;Avvio durissimo, ma puntiamo a crescere&quot; - Bellunopress - Dolomiti\" \/>\n<meta property=\"og:description\" content=\"Ancora Bergamo al debutto, ma stavolta in casa. Alle 18 del 18 ottobre la Zoppas Industries Conegliano inizier\u00e0 la sua seconda avventura nel campionato di A1, nell&#8217;olimpo del volley rosa un po&#8217; pi\u00f9 elitario del solito, con 12 squadre ai nastri di partenza (due in meno dell&#8217;annata sportiva passata) di cui 10 candidate ai playoff [&hellip;]\" \/>\n<meta property=\"og:url\" content=\"https:\/\/www.bellunopress.it\/fr\/2009\/08\/15\/lucchetta-avvio-durissimo-ma-puntiamo-a-crescere\/\" \/>\n<meta property=\"og:site_name\" content=\"Bellunopress - Dolomiti\" \/>\n<meta property=\"article:publisher\" content=\"https:\/\/www.facebook.com\/profile.php?id=100008943462799\" \/>\n<meta property=\"article:published_time\" content=\"2009-08-15T06:06:22+00:00\" \/>\n<meta property=\"og:image\" content=\"http:\/\/www.bellunopress.it\/wp-content\/uploads\/2012\/07\/logo-bellunopress-250x250-2012.jpg\" \/>\n<meta name=\"author\" content=\"redazione\" \/>\n<meta name=\"twitter:card\" content=\"summary_large_image\" \/>\n<meta name=\"twitter:creator\" content=\"@bellunopress\" \/>\n<meta name=\"twitter:site\" content=\"@bellunopress\" \/>\n<meta name=\"twitter:label1\" content=\"\u00c9crit par\" \/>\n\t<meta name=\"twitter:data1\" content=\"redazione\" \/>\n\t<meta name=\"twitter:label2\" content=\"Dur\u00e9e de lecture estim\u00e9e\" \/>\n\t<meta name=\"twitter:data2\" content=\"3 minutes\" \/>\n<script type=\"application\/ld+json\" class=\"yoast-schema-graph\">{\"@context\":\"https:\\\/\\\/schema.org\",\"@graph\":[{\"@type\":\"Article\",\"@id\":\"https:\\\/\\\/www.bellunopress.it\\\/2009\\\/08\\\/15\\\/lucchetta-avvio-durissimo-ma-puntiamo-a-crescere\\\/#article\",\"isPartOf\":{\"@id\":\"https:\\\/\\\/www.bellunopress.it\\\/2009\\\/08\\\/15\\\/lucchetta-avvio-durissimo-ma-puntiamo-a-crescere\\\/\"},\"author\":{\"name\":\"redazione\",\"@id\":\"https:\\\/\\\/www.bellunopress.it\\\/#\\\/schema\\\/person\\\/79bb06722b37ece1c03d3e94beb30d73\"},\"headline\":\"Lucchetta: &#8220;Avvio durissimo, ma puntiamo a crescere&#8221;\",\"datePublished\":\"2009-08-15T06:06:22+00:00\",\"mainEntityOfPage\":{\"@id\":\"https:\\\/\\\/www.bellunopress.it\\\/2009\\\/08\\\/15\\\/lucchetta-avvio-durissimo-ma-puntiamo-a-crescere\\\/\"},\"wordCount\":559,\"publisher\":{\"@id\":\"https:\\\/\\\/www.bellunopress.it\\\/#organization\"},\"articleSection\":[\"Sport, tempo libero\"],\"inLanguage\":\"fr-FR\"},{\"@type\":\"WebPage\",\"@id\":\"https:\\\/\\\/www.bellunopress.it\\\/2009\\\/08\\\/15\\\/lucchetta-avvio-durissimo-ma-puntiamo-a-crescere\\\/\",\"url\":\"https:\\\/\\\/www.bellunopress.it\\\/2009\\\/08\\\/15\\\/lucchetta-avvio-durissimo-ma-puntiamo-a-crescere\\\/\",\"name\":\"Lucchetta: \\\"Avvio durissimo, ma puntiamo a crescere\\\" - Bellunopress - Dolomiti\",\"isPartOf\":{\"@id\":\"https:\\\/\\\/www.bellunopress.it\\\/#website\"},\"datePublished\":\"2009-08-15T06:06:22+00:00\",\"breadcrumb\":{\"@id\":\"https:\\\/\\\/www.bellunopress.it\\\/2009\\\/08\\\/15\\\/lucchetta-avvio-durissimo-ma-puntiamo-a-crescere\\\/#breadcrumb\"},\"inLanguage\":\"fr-FR\",\"potentialAction\":[{\"@type\":\"ReadAction\",\"target\":[\"https:\\\/\\\/www.bellunopress.it\\\/2009\\\/08\\\/15\\\/lucchetta-avvio-durissimo-ma-puntiamo-a-crescere\\\/\"]}]},{\"@type\":\"BreadcrumbList\",\"@id\":\"https:\\\/\\\/www.bellunopress.it\\\/2009\\\/08\\\/15\\\/lucchetta-avvio-durissimo-ma-puntiamo-a-crescere\\\/#breadcrumb\",\"itemListElement\":[{\"@type\":\"ListItem\",\"position\":1,\"name\":\"Home\",\"item\":\"https:\\\/\\\/www.bellunopress.it\\\/\"},{\"@type\":\"ListItem\",\"position\":2,\"name\":\"Lucchetta: &#8220;Avvio durissimo, ma puntiamo a crescere&#8221;\"}]},{\"@type\":\"WebSite\",\"@id\":\"https:\\\/\\\/www.bellunopress.it\\\/#website\",\"url\":\"https:\\\/\\\/www.bellunopress.it\\\/\",\"name\":\"Bellunopress - Dolomiti\",\"description\":\"e-mail: redazione@bellunopress.it\",\"publisher\":{\"@id\":\"https:\\\/\\\/www.bellunopress.it\\\/#organization\"},\"potentialAction\":[{\"@type\":\"SearchAction\",\"target\":{\"@type\":\"EntryPoint\",\"urlTemplate\":\"https:\\\/\\\/www.bellunopress.it\\\/?s={search_term_string}\"},\"query-input\":{\"@type\":\"PropertyValueSpecification\",\"valueRequired\":true,\"valueName\":\"search_term_string\"}}],\"inLanguage\":\"fr-FR\"},{\"@type\":\"Organization\",\"@id\":\"https:\\\/\\\/www.bellunopress.it\\\/#organization\",\"name\":\"Bellunopress\",\"url\":\"https:\\\/\\\/www.bellunopress.it\\\/\",\"logo\":{\"@type\":\"ImageObject\",\"inLanguage\":\"fr-FR\",\"@id\":\"https:\\\/\\\/www.bellunopress.it\\\/#\\\/schema\\\/logo\\\/image\\\/\",\"url\":\"https:\\\/\\\/www.bellunopress.it\\\/wp-content\\\/uploads\\\/2011\\\/05\\\/cropped-logo-bellunopress-.jpg\",\"contentUrl\":\"https:\\\/\\\/www.bellunopress.it\\\/wp-content\\\/uploads\\\/2011\\\/05\\\/cropped-logo-bellunopress-.jpg\",\"width\":512,\"height\":512,\"caption\":\"Bellunopress\"},\"image\":{\"@id\":\"https:\\\/\\\/www.bellunopress.it\\\/#\\\/schema\\\/logo\\\/image\\\/\"},\"sameAs\":[\"https:\\\/\\\/www.facebook.com\\\/profile.php?id=100008943462799\",\"https:\\\/\\\/x.com\\\/bellunopress\",\"https:\\\/\\\/www.linkedin.com\\\/hp\\\/?dnr=JBzUWaJfMUw8vbXJJ2tVW5-I3jZKvC4wsoxE&amp;amp;amp;amp;amp;amp;trk=nav_responsive_tab_home\",\"https:\\\/\\\/www.youtube.com\\\/channel\\\/UCxL0wu1uN0_3_7hGG0306cw\"]},{\"@type\":\"Person\",\"@id\":\"https:\\\/\\\/www.bellunopress.it\\\/#\\\/schema\\\/person\\\/79bb06722b37ece1c03d3e94beb30d73\",\"name\":\"redazione\",\"image\":{\"@type\":\"ImageObject\",\"inLanguage\":\"fr-FR\",\"@id\":\"https:\\\/\\\/secure.gravatar.com\\\/avatar\\\/37d968a2e67a6fd04c169c4bdef102d0bc5d31b2546345219e348575eb80e9a0?s=96&d=mm&r=g\",\"url\":\"https:\\\/\\\/secure.gravatar.com\\\/avatar\\\/37d968a2e67a6fd04c169c4bdef102d0bc5d31b2546345219e348575eb80e9a0?s=96&d=mm&r=g\",\"contentUrl\":\"https:\\\/\\\/secure.gravatar.com\\\/avatar\\\/37d968a2e67a6fd04c169c4bdef102d0bc5d31b2546345219e348575eb80e9a0?s=96&d=mm&r=g\",\"caption\":\"redazione\"},\"sameAs\":[\"http:\\\/\\\/www.bellunopress.it\",\"https:\\\/\\\/x.com\\\/bellunopress\"],\"url\":\"https:\\\/\\\/www.bellunopress.it\\\/fr\\\/author\\\/redazione\\\/\"}]}<\/script>\n<!-- \/ Yoast SEO plugin. -->","yoast_head_json":{"title":"Lucchetta: \"Avvio durissimo, ma puntiamo a crescere\" - Bellunopress - Dolomiti","robots":{"index":"index","follow":"follow","max-snippet":"max-snippet:-1","max-image-preview":"max-image-preview:large","max-video-preview":"max-video-preview:-1"},"canonical":"https:\/\/www.bellunopress.it\/fr\/2009\/08\/15\/lucchetta-avvio-durissimo-ma-puntiamo-a-crescere\/","og_locale":"fr_FR","og_type":"article","og_title":"Lucchetta: \"Avvio durissimo, ma puntiamo a crescere\" - Bellunopress - Dolomiti","og_description":"Ancora Bergamo al debutto, ma stavolta in casa. Alle 18 del 18 ottobre la Zoppas Industries Conegliano inizier\u00e0 la sua seconda avventura nel campionato di A1, nell&#8217;olimpo del volley rosa un po&#8217; pi\u00f9 elitario del solito, con 12 squadre ai nastri di partenza (due in meno dell&#8217;annata sportiva passata) di cui 10 candidate ai playoff [&hellip;]","og_url":"https:\/\/www.bellunopress.it\/fr\/2009\/08\/15\/lucchetta-avvio-durissimo-ma-puntiamo-a-crescere\/","og_site_name":"Bellunopress - Dolomiti","article_publisher":"https:\/\/www.facebook.com\/profile.php?id=100008943462799","article_published_time":"2009-08-15T06:06:22+00:00","og_image":[{"url":"http:\/\/www.bellunopress.it\/wp-content\/uploads\/2012\/07\/logo-bellunopress-250x250-2012.jpg","type":"","width":"","height":""}],"author":"redazione","twitter_card":"summary_large_image","twitter_creator":"@bellunopress","twitter_site":"@bellunopress","twitter_misc":{"\u00c9crit par":"redazione","Dur\u00e9e de lecture estim\u00e9e":"3 minutes"},"schema":{"@context":"https:\/\/schema.org","@graph":[{"@type":"Article","@id":"https:\/\/www.bellunopress.it\/2009\/08\/15\/lucchetta-avvio-durissimo-ma-puntiamo-a-crescere\/#article","isPartOf":{"@id":"https:\/\/www.bellunopress.it\/2009\/08\/15\/lucchetta-avvio-durissimo-ma-puntiamo-a-crescere\/"},"author":{"name":"redazione","@id":"https:\/\/www.bellunopress.it\/#\/schema\/person\/79bb06722b37ece1c03d3e94beb30d73"},"headline":"Lucchetta: &#8220;Avvio durissimo, ma puntiamo a crescere&#8221;","datePublished":"2009-08-15T06:06:22+00:00","mainEntityOfPage":{"@id":"https:\/\/www.bellunopress.it\/2009\/08\/15\/lucchetta-avvio-durissimo-ma-puntiamo-a-crescere\/"},"wordCount":559,"publisher":{"@id":"https:\/\/www.bellunopress.it\/#organization"},"articleSection":["Sport, tempo libero"],"inLanguage":"fr-FR"},{"@type":"WebPage","@id":"https:\/\/www.bellunopress.it\/2009\/08\/15\/lucchetta-avvio-durissimo-ma-puntiamo-a-crescere\/","url":"https:\/\/www.bellunopress.it\/2009\/08\/15\/lucchetta-avvio-durissimo-ma-puntiamo-a-crescere\/","name":"Lucchetta: \"Avvio durissimo, ma puntiamo a crescere\" - Bellunopress - Dolomiti","isPartOf":{"@id":"https:\/\/www.bellunopress.it\/#website"},"datePublished":"2009-08-15T06:06:22+00:00","breadcrumb":{"@id":"https:\/\/www.bellunopress.it\/2009\/08\/15\/lucchetta-avvio-durissimo-ma-puntiamo-a-crescere\/#breadcrumb"},"inLanguage":"fr-FR","potentialAction":[{"@type":"ReadAction","target":["https:\/\/www.bellunopress.it\/2009\/08\/15\/lucchetta-avvio-durissimo-ma-puntiamo-a-crescere\/"]}]},{"@type":"BreadcrumbList","@id":"https:\/\/www.bellunopress.it\/2009\/08\/15\/lucchetta-avvio-durissimo-ma-puntiamo-a-crescere\/#breadcrumb","itemListElement":[{"@type":"ListItem","position":1,"name":"Home","item":"https:\/\/www.bellunopress.it\/"},{"@type":"ListItem","position":2,"name":"Lucchetta: &#8220;Avvio durissimo, ma puntiamo a crescere&#8221;"}]},{"@type":"WebSite","@id":"https:\/\/www.bellunopress.it\/#website","url":"https:\/\/www.bellunopress.it\/","name":"Bellunopress - Dolomiti","description":"e-mail: redazione@bellunopress.it","publisher":{"@id":"https:\/\/www.bellunopress.it\/#organization"},"potentialAction":[{"@type":"SearchAction","target":{"@type":"EntryPoint","urlTemplate":"https:\/\/www.bellunopress.it\/?s={search_term_string}"},"query-input":{"@type":"PropertyValueSpecification","valueRequired":true,"valueName":"search_term_string"}}],"inLanguage":"fr-FR"},{"@type":"Organization","@id":"https:\/\/www.bellunopress.it\/#organization","name":"Bellunopress","url":"https:\/\/www.bellunopress.it\/","logo":{"@type":"ImageObject","inLanguage":"fr-FR","@id":"https:\/\/www.bellunopress.it\/#\/schema\/logo\/image\/","url":"https:\/\/www.bellunopress.it\/wp-content\/uploads\/2011\/05\/cropped-logo-bellunopress-.jpg","contentUrl":"https:\/\/www.bellunopress.it\/wp-content\/uploads\/2011\/05\/cropped-logo-bellunopress-.jpg","width":512,"height":512,"caption":"Bellunopress"},"image":{"@id":"https:\/\/www.bellunopress.it\/#\/schema\/logo\/image\/"},"sameAs":["https:\/\/www.facebook.com\/profile.php?id=100008943462799","https:\/\/x.com\/bellunopress","https:\/\/www.linkedin.com\/hp\/?dnr=JBzUWaJfMUw8vbXJJ2tVW5-I3jZKvC4wsoxE&amp;amp;amp;amp;amp;amp;trk=nav_responsive_tab_home","https:\/\/www.youtube.com\/channel\/UCxL0wu1uN0_3_7hGG0306cw"]},{"@type":"Person","@id":"https:\/\/www.bellunopress.it\/#\/schema\/person\/79bb06722b37ece1c03d3e94beb30d73","name":"r\u00e9daction","image":{"@type":"ImageObject","inLanguage":"fr-FR","@id":"https:\/\/secure.gravatar.com\/avatar\/37d968a2e67a6fd04c169c4bdef102d0bc5d31b2546345219e348575eb80e9a0?s=96&d=mm&r=g","url":"https:\/\/secure.gravatar.com\/avatar\/37d968a2e67a6fd04c169c4bdef102d0bc5d31b2546345219e348575eb80e9a0?s=96&d=mm&r=g","contentUrl":"https:\/\/secure.gravatar.com\/avatar\/37d968a2e67a6fd04c169c4bdef102d0bc5d31b2546345219e348575eb80e9a0?s=96&d=mm&r=g","caption":"redazione"},"sameAs":["http:\/\/www.bellunopress.it","https:\/\/x.com\/bellunopress"],"url":"https:\/\/www.bellunopress.it\/fr\/author\/redazione\/"}]}},"_links":{"self":[{"href":"https:\/\/www.bellunopress.it\/fr\/wp-json\/wp\/v2\/posts\/7028","targetHints":{"allow":["GET"]}}],"collection":[{"href":"https:\/\/www.bellunopress.it\/fr\/wp-json\/wp\/v2\/posts"}],"about":[{"href":"https:\/\/www.bellunopress.it\/fr\/wp-json\/wp\/v2\/types\/post"}],"author":[{"embeddable":true,"href":"https:\/\/www.bellunopress.it\/fr\/wp-json\/wp\/v2\/users\/2"}],"replies":[{"embeddable":true,"href":"https:\/\/www.bellunopress.it\/fr\/wp-json\/wp\/v2\/comments?post=7028"}],"version-history":[{"count":1,"href":"https:\/\/www.bellunopress.it\/fr\/wp-json\/wp\/v2\/posts\/7028\/revisions"}],"predecessor-version":[{"id":7029,"href":"https:\/\/www.bellunopress.it\/fr\/wp-json\/wp\/v2\/posts\/7028\/revisions\/7029"}],"wp:attachment":[{"href":"https:\/\/www.bellunopress.it\/fr\/wp-json\/wp\/v2\/media?parent=7028"}],"wp:term":[{"taxonomy":"category","embeddable":true,"href":"https:\/\/www.bellunopress.it\/fr\/wp-json\/wp\/v2\/categories?post=7028"},{"taxonomy":"post_tag","embeddable":true,"href":"https:\/\/www.bellunopress.it\/fr\/wp-json\/wp\/v2\/tags?post=7028"}],"curies":[{"name":"wp","href":"https:\/\/api.w.org\/{rel}","templated":true}]}}